{"id":1007,"date":"2013-04-02T20:47:18","date_gmt":"2013-04-02T20:47:18","guid":{"rendered":"http:\/\/www.encontraitaquaquecetuba.com.br\/noticias\/?p=1007"},"modified":"2013-08-14T04:51:01","modified_gmt":"2013-08-14T04:51:01","slug":"guarda-civil-e-baleado-e-menor-apreendido-apos-perseguicao-em-itaquaquecetuba","status":"publish","type":"post","link":"https:\/\/www.encontraitaquaquecetuba.com.br\/sobre\/guarda-civil-e-baleado-e-menor-apreendido-apos-perseguicao-em-itaquaquecetuba\/","title":{"rendered":"Guarda civil \u00e9 baleado e menor apreendido ap\u00f3s persegui\u00e7\u00e3o em Itaquaquecetuba"},"content":{"rendered":"<div class=\"80eb2665678f8e3864bb9a528523815b\" data-index=\"1\" style=\"float: none; margin:5px 0 5px 0; text-align:center;\">\n<!-- PUB 73 - Responsivo Horizontal -->\r\n<ins class=\"adsbygoogle\"\r\n     style=\"display:block\"\r\n     data-ad-client=\"ca-pub-7321736592693252\"\r\n     data-ad-slot=\"3087950420\"\r\n     data-ad-format=\"auto\"\r\n     data-full-width-responsive=\"true\"><\/ins>\r\n<script>\r\n     (adsbygoogle = window.adsbygoogle || []).push({});\r\n<\/script>\n<\/div>\n<div id=\"article_content\">\n<p>Um GCM (Guarda Civil Municipal) foi baleado e um menor de idade foi detido em flagrante ap\u00f3s um roubo seguido de persegui\u00e7\u00e3o que ocorreu por volta das 16h do \u00faltimo s\u00e1bado (30) na Estrada do Mandi, em frente \u00e0 Escola Municipal Charles Henry, em Itaquaquecetuba, regi\u00e3o metropolitana de S\u00e3o Paulo.<\/p>\n<p>Policiais informaram que dois homens estavam em uma moto, amea\u00e7aram e anunciaram assalto a um senhor que estava em outra moto. Os bandidos conseguiram fugir com o ve\u00edculo da v\u00edtima.<\/p>\n<p>A v\u00edtima acenou para GCM que passava no local, e a guarda foi em dire\u00e7\u00e3o aos dois bandidos que, ap\u00f3s o roubo estavam cada um em uma moto. Os GCMs deram voz de parada aos criminosos, mas eles n\u00e3o obedeceram.<\/p>\n<p>Segundo os GCMs, o menor de idade sacou a arma e deu dois tiros contra a guarda. Em seguida, o menor de idade perdeu o controle, caiu da moto e foi detido. O guarda civil Albuquerque foi atingido e encaminhado ao pronto-socorro do Hospital Santa Marcelina de Itaquaquecetuba.<\/p>\n<p>O outro homem, que teria participado do roubo, conseguiu fugir com a moto da v\u00edtima. Foi apreendida uma arma e cinco muni\u00e7\u00f5es, sendo duas deflagradas. O caso foi apresentado na Delegacia na cidade de Itaquaquecetuba.<\/p>\n<p><em>Fonte: R7<\/em><\/p>\n<\/div>\n\n<div style=\"font-size: 0px; height: 0px; line-height: 0px; margin: 0; padding: 0; clear: both;\"><\/div>","protected":false},"excerpt":{"rendered":"<p>Um GCM (Guarda Civil Municipal) foi baleado e um menor de idade foi detido em flagrante ap\u00f3s um roubo seguido de persegui\u00e7\u00e3o que ocorreu por volta das 16h do \u00faltimo s\u00e1bado (30) na Estrada do Mandi, em frente \u00e0 Escola Municipal Charles Henry, em Itaquaquecetuba, regi\u00e3o metropolitana de S\u00e3o Paulo. Policiais informaram que dois homens estavam em uma moto, amea\u00e7aram e anunciaram assalto a um senhor que estava em outra moto. Os bandidos conseguiram fugir com o ve\u00edculo da v\u00edtima. A v\u00edtima acenou para GCM que passava no local, e a guarda foi em dire\u00e7\u00e3o aos dois bandidos que, ap\u00f3s <\/p>\n","protected":false},"author":1,"featured_media":0,"comment_status":"open","ping_status":"open","sticky":false,"template":"","format":"standard","meta":[],"categories":[6],"tags":[],"yoast_head":"<!-- This site is optimized with the Yoast SEO plugin v19.6.1 - https:\/\/yoast.com\/wordpress\/plugins\/seo\/ -->\n<title>Guarda civil \u00e9 baleado e menor apreendido ap\u00f3s persegui\u00e7\u00e3o em Itaquaquecetuba - Encontra Itaquaquecetuba<\/title>\n<meta name=\"robots\" content=\"index, follow, max-snippet:-1, max-image-preview:large, max-video-preview:-1\" \/>\n<link rel=\"canonical\" href=\"https:\/\/www.encontraitaquaquecetuba.com.br\/sobre\/guarda-civil-e-baleado-e-menor-apreendido-apos-perseguicao-em-itaquaquecetuba\/\" \/>\n<meta property=\"og:locale\" content=\"pt_BR\" \/>\n<meta property=\"og:type\" content=\"article\" \/>\n<meta property=\"og:title\" content=\"Guarda civil \u00e9 baleado e menor apreendido ap\u00f3s persegui\u00e7\u00e3o em Itaquaquecetuba - Encontra Itaquaquecetuba\" \/>\n<meta property=\"og:description\" content=\"Um GCM (Guarda Civil Municipal) foi baleado e um menor de idade foi detido em flagrante ap\u00f3s um roubo seguido de persegui\u00e7\u00e3o que ocorreu por volta das 16h do \u00faltimo s\u00e1bado (30) na Estrada do Mandi, em frente \u00e0 Escola Municipal Charles Henry, em Itaquaquecetuba, regi\u00e3o metropolitana de S\u00e3o Paulo. Policiais informaram que dois homens estavam em uma moto, amea\u00e7aram e anunciaram assalto a um senhor que estava em outra moto. Os bandidos conseguiram fugir com o ve\u00edculo da v\u00edtima. A v\u00edtima acenou para GCM que passava no local, e a guarda foi em dire\u00e7\u00e3o aos dois bandidos que, ap\u00f3s\" \/>\n<meta property=\"og:url\" content=\"https:\/\/www.encontraitaquaquecetuba.com.br\/sobre\/guarda-civil-e-baleado-e-menor-apreendido-apos-perseguicao-em-itaquaquecetuba\/\" \/>\n<meta property=\"og:site_name\" content=\"Encontra Itaquaquecetuba\" \/>\n<meta property=\"article:published_time\" content=\"2013-04-02T20:47:18+00:00\" \/>\n<meta property=\"article:modified_time\" content=\"2013-08-14T04:51:01+00:00\" \/>\n<meta name=\"author\" content=\"Encontra Itaquaquecetuba\" \/>\n<meta name=\"twitter:card\" content=\"summary_large_image\" \/>\n<meta name=\"twitter:label1\" content=\"Escrito por\" \/>\n\t<meta name=\"twitter:data1\" content=\"Encontra Itaquaquecetuba\" \/>\n\t<meta name=\"twitter:label2\" content=\"Est. tempo de leitura\" \/>\n\t<meta name=\"twitter:data2\" content=\"1 minuto\" \/>\n<script type=\"application\/ld+json\" class=\"yoast-schema-graph\">{\"@context\":\"https:\/\/schema.org\",\"@graph\":[{\"@type\":\"WebPage\",\"@id\":\"https:\/\/www.encontraitaquaquecetuba.com.br\/sobre\/guarda-civil-e-baleado-e-menor-apreendido-apos-perseguicao-em-itaquaquecetuba\/\",\"url\":\"https:\/\/www.encontraitaquaquecetuba.com.br\/sobre\/guarda-civil-e-baleado-e-menor-apreendido-apos-perseguicao-em-itaquaquecetuba\/\",\"name\":\"Guarda civil \u00e9 baleado e menor apreendido ap\u00f3s persegui\u00e7\u00e3o em Itaquaquecetuba - Encontra Itaquaquecetuba\",\"isPartOf\":{\"@id\":\"https:\/\/www.encontraitaquaquecetuba.com.br\/sobre\/#website\"},\"datePublished\":\"2013-04-02T20:47:18+00:00\",\"dateModified\":\"2013-08-14T04:51:01+00:00\",\"author\":{\"@id\":\"https:\/\/www.encontraitaquaquecetuba.com.br\/sobre\/#\/schema\/person\/a8a866dc746e447abf8ca22b02eae6ea\"},\"breadcrumb\":{\"@id\":\"https:\/\/www.encontraitaquaquecetuba.com.br\/sobre\/guarda-civil-e-baleado-e-menor-apreendido-apos-perseguicao-em-itaquaquecetuba\/#breadcrumb\"},\"inLanguage\":\"pt-BR\",\"potentialAction\":[{\"@type\":\"ReadAction\",\"target\":[\"https:\/\/www.encontraitaquaquecetuba.com.br\/sobre\/guarda-civil-e-baleado-e-menor-apreendido-apos-perseguicao-em-itaquaquecetuba\/\"]}]},{\"@type\":\"BreadcrumbList\",\"@id\":\"https:\/\/www.encontraitaquaquecetuba.com.br\/sobre\/guarda-civil-e-baleado-e-menor-apreendido-apos-perseguicao-em-itaquaquecetuba\/#breadcrumb\",\"itemListElement\":[{\"@type\":\"ListItem\",\"position\":1,\"name\":\"In\u00edcio\",\"item\":\"https:\/\/www.encontraitaquaquecetuba.com.br\/sobre\/\"},{\"@type\":\"ListItem\",\"position\":2,\"name\":\"Guarda civil \u00e9 baleado e menor apreendido ap\u00f3s persegui\u00e7\u00e3o em Itaquaquecetuba\"}]},{\"@type\":\"WebSite\",\"@id\":\"https:\/\/www.encontraitaquaquecetuba.com.br\/sobre\/#website\",\"url\":\"https:\/\/www.encontraitaquaquecetuba.com.br\/sobre\/\",\"name\":\"Encontra Itaquaquecetuba\",\"description\":\"Not\u00edcias, eventos, informa\u00e7\u00f5es e dicas na cidade de Itaquaquecetuba e regi\u00e3o\",\"potentialAction\":[{\"@type\":\"SearchAction\",\"target\":{\"@type\":\"EntryPoint\",\"urlTemplate\":\"https:\/\/www.encontraitaquaquecetuba.com.br\/sobre\/?s={search_term_string}\"},\"query-input\":\"required name=search_term_string\"}],\"inLanguage\":\"pt-BR\"},{\"@type\":\"Person\",\"@id\":\"https:\/\/www.encontraitaquaquecetuba.com.br\/sobre\/#\/schema\/person\/a8a866dc746e447abf8ca22b02eae6ea\",\"name\":\"Encontra Itaquaquecetuba\",\"image\":{\"@type\":\"ImageObject\",\"inLanguage\":\"pt-BR\",\"@id\":\"https:\/\/www.encontraitaquaquecetuba.com.br\/sobre\/#\/schema\/person\/image\/\",\"url\":\"https:\/\/secure.gravatar.com\/avatar\/f007732be0d27cbf8a336929fe922478?s=96&d=mm&r=g\",\"contentUrl\":\"https:\/\/secure.gravatar.com\/avatar\/f007732be0d27cbf8a336929fe922478?s=96&d=mm&r=g\",\"caption\":\"Encontra Itaquaquecetuba\"},\"sameAs\":[\"http:\/\/www.encontraitaquaquecetuba.com.br\"],\"url\":\"https:\/\/www.encontraitaquaquecetuba.com.br\/sobre\/author\/eitaquaquecetuba\/\"}]}<\/script>\n<!-- \/ Yoast SEO plugin. -->","yoast_head_json":{"title":"Guarda civil \u00e9 baleado e menor apreendido ap\u00f3s persegui\u00e7\u00e3o em Itaquaquecetuba - Encontra Itaquaquecetuba","robots":{"index":"index","follow":"follow","max-snippet":"max-snippet:-1","max-image-preview":"max-image-preview:large","max-video-preview":"max-video-preview:-1"},"canonical":"https:\/\/www.encontraitaquaquecetuba.com.br\/sobre\/guarda-civil-e-baleado-e-menor-apreendido-apos-perseguicao-em-itaquaquecetuba\/","og_locale":"pt_BR","og_type":"article","og_title":"Guarda civil \u00e9 baleado e menor apreendido ap\u00f3s persegui\u00e7\u00e3o em Itaquaquecetuba - Encontra Itaquaquecetuba","og_description":"Um GCM (Guarda Civil Municipal) foi baleado e um menor de idade foi detido em flagrante ap\u00f3s um roubo seguido de persegui\u00e7\u00e3o que ocorreu por volta das 16h do \u00faltimo s\u00e1bado (30) na Estrada do Mandi, em frente \u00e0 Escola Municipal Charles Henry, em Itaquaquecetuba, regi\u00e3o metropolitana de S\u00e3o Paulo. Policiais informaram que dois homens estavam em uma moto, amea\u00e7aram e anunciaram assalto a um senhor que estava em outra moto. Os bandidos conseguiram fugir com o ve\u00edculo da v\u00edtima. A v\u00edtima acenou para GCM que passava no local, e a guarda foi em dire\u00e7\u00e3o aos dois bandidos que, ap\u00f3s","og_url":"https:\/\/www.encontraitaquaquecetuba.com.br\/sobre\/guarda-civil-e-baleado-e-menor-apreendido-apos-perseguicao-em-itaquaquecetuba\/","og_site_name":"Encontra Itaquaquecetuba","article_published_time":"2013-04-02T20:47:18+00:00","article_modified_time":"2013-08-14T04:51:01+00:00","author":"Encontra Itaquaquecetuba","twitter_card":"summary_large_image","twitter_misc":{"Escrito por":"Encontra Itaquaquecetuba","Est. tempo de leitura":"1 minuto"},"schema":{"@context":"https:\/\/schema.org","@graph":[{"@type":"WebPage","@id":"https:\/\/www.encontraitaquaquecetuba.com.br\/sobre\/guarda-civil-e-baleado-e-menor-apreendido-apos-perseguicao-em-itaquaquecetuba\/","url":"https:\/\/www.encontraitaquaquecetuba.com.br\/sobre\/guarda-civil-e-baleado-e-menor-apreendido-apos-perseguicao-em-itaquaquecetuba\/","name":"Guarda civil \u00e9 baleado e menor apreendido ap\u00f3s persegui\u00e7\u00e3o em Itaquaquecetuba - Encontra Itaquaquecetuba","isPartOf":{"@id":"https:\/\/www.encontraitaquaquecetuba.com.br\/sobre\/#website"},"datePublished":"2013-04-02T20:47:18+00:00","dateModified":"2013-08-14T04:51:01+00:00","author":{"@id":"https:\/\/www.encontraitaquaquecetuba.com.br\/sobre\/#\/schema\/person\/a8a866dc746e447abf8ca22b02eae6ea"},"breadcrumb":{"@id":"https:\/\/www.encontraitaquaquecetuba.com.br\/sobre\/guarda-civil-e-baleado-e-menor-apreendido-apos-perseguicao-em-itaquaquecetuba\/#breadcrumb"},"inLanguage":"pt-BR","potentialAction":[{"@type":"ReadAction","target":["https:\/\/www.encontraitaquaquecetuba.com.br\/sobre\/guarda-civil-e-baleado-e-menor-apreendido-apos-perseguicao-em-itaquaquecetuba\/"]}]},{"@type":"BreadcrumbList","@id":"https:\/\/www.encontraitaquaquecetuba.com.br\/sobre\/guarda-civil-e-baleado-e-menor-apreendido-apos-perseguicao-em-itaquaquecetuba\/#breadcrumb","itemListElement":[{"@type":"ListItem","position":1,"name":"In\u00edcio","item":"https:\/\/www.encontraitaquaquecetuba.com.br\/sobre\/"},{"@type":"ListItem","position":2,"name":"Guarda civil \u00e9 baleado e menor apreendido ap\u00f3s persegui\u00e7\u00e3o em Itaquaquecetuba"}]},{"@type":"WebSite","@id":"https:\/\/www.encontraitaquaquecetuba.com.br\/sobre\/#website","url":"https:\/\/www.encontraitaquaquecetuba.com.br\/sobre\/","name":"Encontra Itaquaquecetuba","description":"Not\u00edcias, eventos, informa\u00e7\u00f5es e dicas na cidade de Itaquaquecetuba e regi\u00e3o","potentialAction":[{"@type":"SearchAction","target":{"@type":"EntryPoint","urlTemplate":"https:\/\/www.encontraitaquaquecetuba.com.br\/sobre\/?s={search_term_string}"},"query-input":"required name=search_term_string"}],"inLanguage":"pt-BR"},{"@type":"Person","@id":"https:\/\/www.encontraitaquaquecetuba.com.br\/sobre\/#\/schema\/person\/a8a866dc746e447abf8ca22b02eae6ea","name":"Encontra Itaquaquecetuba","image":{"@type":"ImageObject","inLanguage":"pt-BR","@id":"https:\/\/www.encontraitaquaquecetuba.com.br\/sobre\/#\/schema\/person\/image\/","url":"https:\/\/secure.gravatar.com\/avatar\/f007732be0d27cbf8a336929fe922478?s=96&d=mm&r=g","contentUrl":"https:\/\/secure.gravatar.com\/avatar\/f007732be0d27cbf8a336929fe922478?s=96&d=mm&r=g","caption":"Encontra Itaquaquecetuba"},"sameAs":["http:\/\/www.encontraitaquaquecetuba.com.br"],"url":"https:\/\/www.encontraitaquaquecetuba.com.br\/sobre\/author\/eitaquaquecetuba\/"}]}},"_links":{"self":[{"href":"https:\/\/www.encontraitaquaquecetuba.com.br\/sobre\/wp-json\/wp\/v2\/posts\/1007"}],"collection":[{"href":"https:\/\/www.encontraitaquaquecetuba.com.br\/sobre\/wp-json\/wp\/v2\/posts"}],"about":[{"href":"https:\/\/www.encontraitaquaquecetuba.com.br\/sobre\/wp-json\/wp\/v2\/types\/post"}],"author":[{"embeddable":true,"href":"https:\/\/www.encontraitaquaquecetuba.com.br\/sobre\/wp-json\/wp\/v2\/users\/1"}],"replies":[{"embeddable":true,"href":"https:\/\/www.encontraitaquaquecetuba.com.br\/sobre\/wp-json\/wp\/v2\/comments?post=1007"}],"version-history":[{"count":0,"href":"https:\/\/www.encontraitaquaquecetuba.com.br\/sobre\/wp-json\/wp\/v2\/posts\/1007\/revisions"}],"wp:attachment":[{"href":"https:\/\/www.encontraitaquaquecetuba.com.br\/sobre\/wp-json\/wp\/v2\/media?parent=1007"}],"wp:term":[{"taxonomy":"category","embeddable":true,"href":"https:\/\/www.encontraitaquaquecetuba.com.br\/sobre\/wp-json\/wp\/v2\/categories?post=1007"},{"taxonomy":"post_tag","embeddable":true,"href":"https:\/\/www.encontraitaquaquecetuba.com.br\/sobre\/wp-json\/wp\/v2\/tags?post=1007"}],"curies":[{"name":"wp","href":"https:\/\/api.w.org\/{rel}","templated":true}]}}