{"id":1009,"date":"2013-04-02T20:49:52","date_gmt":"2013-04-02T20:49:52","guid":{"rendered":"http:\/\/www.encontraitaquaquecetuba.com.br\/noticias\/?p=1009"},"modified":"2013-08-14T04:51:07","modified_gmt":"2013-08-14T04:51:07","slug":"prorrogado-prazo-para-o-programa-em-dia-com-itaqua","status":"publish","type":"post","link":"https:\/\/www.encontraitaquaquecetuba.com.br\/sobre\/prorrogado-prazo-para-o-programa-em-dia-com-itaqua\/","title":{"rendered":"Prorrogado prazo para o programa Em Dia Com Itaqu\u00e1"},"content":{"rendered":"<div class=\"80eb2665678f8e3864bb9a528523815b\" data-index=\"1\" style=\"float: none; margin:5px 0 5px 0; text-align:center;\">\n<!-- PUB 73 - Responsivo Horizontal -->\r\n<ins class=\"adsbygoogle\"\r\n     style=\"display:block\"\r\n     data-ad-client=\"ca-pub-7321736592693252\"\r\n     data-ad-slot=\"3087950420\"\r\n     data-ad-format=\"auto\"\r\n     data-full-width-responsive=\"true\"><\/ins>\r\n<script>\r\n     (adsbygoogle = window.adsbygoogle || []).push({});\r\n<\/script>\n<\/div>\n<p>A prefeitura de Itaquaquecetuba prorrogou o prazo para regulariza\u00e7\u00e3o dos tributos de pessoa f\u00edsica e jur\u00eddica contra\u00eddos at\u00e9 31\/12\/2012 inscritos ou n\u00e3o em d\u00edvida ativa, por meio do Programa \u201cEm Dia Com Itaqu\u00e1\u201d.<\/p>\n<p>O prazo foi prorrogado para at\u00e9 o dia 30 de abril, com 100% de desconto sobre\u00a0 multas e juros\u00a0 para quem quitar a d\u00edvida em cota \u00fanica ou parcelada em at\u00e9 seis vezes com o vencimento da primeira parcela para o dia 30 de abril de 2013.<\/p>\n<p>Podem aderir ao Programa \u201cEm Dia Com Itaqu\u00e1\u201d pessoas f\u00edsicas e jur\u00eddicas com d\u00e9bitos at\u00e9 31 de dezembro de 2012. Os contribuintes que adotarem ao programa nos termos da lei devem procurar a Divis\u00e3o de Controle da D\u00edvida Ativa, no pr\u00e9dio da Prefeitura de Itaquaquecetuba munidos dos seguintes documentos:<\/p>\n<p>Para pessoa jur\u00eddica confiss\u00e3o irrevog\u00e1vel dos d\u00e9bitos no Programa \u201cEm Dia Com Itaqu\u00e1\u201d, al\u00e9m da c\u00f3pia do contrato social ou declara\u00e7\u00e3o de empres\u00e1rio individual, c\u00f3pia do RG e do CPF do s\u00f3cio administrador, signat\u00e1rio do pedido;<\/p>\n<p>J\u00e1 para o contribuinte (pessoa f\u00edsica) \u00e9 preciso apresentar confiss\u00e3o irrevog\u00e1vel dos d\u00e9bitos no Programa \u201cEm Dia Com Itaqu\u00e1\u201d, c\u00f3pia do RG, do CPF e comprovante de endere\u00e7o atualizado.<\/p>\n<p>Vale ressaltar que a parcela m\u00ednima para pessoa f\u00edsica \u00e9 de R$30 e para pessoa jur\u00eddica \u00e9 de R$100.<\/p>\n<p>O contribuinte deve ficar atento \u00e0 inadimpl\u00eancia por tr\u00eas meses consecutivos, ou qualquer outra irregularidade constatada pela Secretaria Municipal da Receita, pois ser\u00e1 exclu\u00eddo do Programa \u201cEm Dia Com Itaqu\u00e1\u201d.<\/p>\n<p>O atendimento ser\u00e1 das 8h00 \u00e0s 17h30 na Divis\u00e3o de Controle da D\u00edvida Ativa, no pr\u00e9dio da prefeitura Itaquaquecetuba, rua Jo\u00e3o Fernandes Silva, n\u00ba 283, Vila Virg\u00ednia.<\/p>\n<p>De acordo com o prefeito de Itaquaquecetuba, Mamoru Nakashima, o dinheiro arrecadado ser\u00e1 utilizado em benef\u00edcio da popula\u00e7\u00e3o, por meio de investimentos na Sa\u00fade, Educa\u00e7\u00e3o, Desenvolvimento, Esporte e Lazer na cidade de Itaquaquecetuba entre outras \u00e1reas. \u201cPelos incentivos que a Prefeitura est\u00e1 oferecendo, essa \u00e9 uma chance \u00fanica para pessoas f\u00edsicas e jur\u00eddicas quitarem suas d\u00edvidas com descontos nos juros e multas\u201d acrescentou o prefeito.<\/p>\n<p><em>Fonte: Prefeitura Itaquaquecetuba<\/em><\/p>\n\n<div style=\"font-size: 0px; height: 0px; line-height: 0px; margin: 0; padding: 0; clear: both;\"><\/div>","protected":false},"excerpt":{"rendered":"<p>A prefeitura de Itaquaquecetuba prorrogou o prazo para regulariza\u00e7\u00e3o dos tributos de pessoa f\u00edsica e jur\u00eddica contra\u00eddos at\u00e9 31\/12\/2012 inscritos ou n\u00e3o em d\u00edvida ativa, por meio do Programa \u201cEm Dia Com Itaqu\u00e1\u201d. O prazo foi prorrogado para at\u00e9 o dia 30 de abril, com 100% de desconto sobre\u00a0 multas e juros\u00a0 para quem quitar a d\u00edvida em cota \u00fanica ou parcelada em at\u00e9 seis vezes com o vencimento da primeira parcela para o dia 30 de abril de 2013. Podem aderir ao Programa \u201cEm Dia Com Itaqu\u00e1\u201d pessoas f\u00edsicas e jur\u00eddicas com d\u00e9bitos at\u00e9 31 de dezembro de 2012. <\/p>\n","protected":false},"author":1,"featured_media":0,"comment_status":"open","ping_status":"open","sticky":false,"template":"","format":"standard","meta":[],"categories":[6],"tags":[],"yoast_head":"<!-- This site is optimized with the Yoast SEO plugin v19.6.1 - https:\/\/yoast.com\/wordpress\/plugins\/seo\/ -->\n<title>Prorrogado prazo para o programa Em Dia Com Itaqu\u00e1 - Encontra Itaquaquecetuba<\/title>\n<meta name=\"robots\" content=\"index, follow, max-snippet:-1, max-image-preview:large, max-video-preview:-1\" \/>\n<link rel=\"canonical\" href=\"https:\/\/www.encontraitaquaquecetuba.com.br\/sobre\/prorrogado-prazo-para-o-programa-em-dia-com-itaqua\/\" \/>\n<meta property=\"og:locale\" content=\"pt_BR\" \/>\n<meta property=\"og:type\" content=\"article\" \/>\n<meta property=\"og:title\" content=\"Prorrogado prazo para o programa Em Dia Com Itaqu\u00e1 - Encontra Itaquaquecetuba\" \/>\n<meta property=\"og:description\" content=\"A prefeitura de Itaquaquecetuba prorrogou o prazo para regulariza\u00e7\u00e3o dos tributos de pessoa f\u00edsica e jur\u00eddica contra\u00eddos at\u00e9 31\/12\/2012 inscritos ou n\u00e3o em d\u00edvida ativa, por meio do Programa \u201cEm Dia Com Itaqu\u00e1\u201d. O prazo foi prorrogado para at\u00e9 o dia 30 de abril, com 100% de desconto sobre\u00a0 multas e juros\u00a0 para quem quitar a d\u00edvida em cota \u00fanica ou parcelada em at\u00e9 seis vezes com o vencimento da primeira parcela para o dia 30 de abril de 2013. Podem aderir ao Programa \u201cEm Dia Com Itaqu\u00e1\u201d pessoas f\u00edsicas e jur\u00eddicas com d\u00e9bitos at\u00e9 31 de dezembro de 2012.\" \/>\n<meta property=\"og:url\" content=\"https:\/\/www.encontraitaquaquecetuba.com.br\/sobre\/prorrogado-prazo-para-o-programa-em-dia-com-itaqua\/\" \/>\n<meta property=\"og:site_name\" content=\"Encontra Itaquaquecetuba\" \/>\n<meta property=\"article:published_time\" content=\"2013-04-02T20:49:52+00:00\" \/>\n<meta property=\"article:modified_time\" content=\"2013-08-14T04:51:07+00:00\" \/>\n<meta name=\"author\" content=\"Encontra Itaquaquecetuba\" \/>\n<meta name=\"twitter:card\" content=\"summary_large_image\" \/>\n<meta name=\"twitter:label1\" content=\"Escrito por\" \/>\n\t<meta name=\"twitter:data1\" content=\"Encontra Itaquaquecetuba\" \/>\n\t<meta name=\"twitter:label2\" content=\"Est. tempo de leitura\" \/>\n\t<meta name=\"twitter:data2\" content=\"2 minutos\" \/>\n<script type=\"application\/ld+json\" class=\"yoast-schema-graph\">{\"@context\":\"https:\/\/schema.org\",\"@graph\":[{\"@type\":\"WebPage\",\"@id\":\"https:\/\/www.encontraitaquaquecetuba.com.br\/sobre\/prorrogado-prazo-para-o-programa-em-dia-com-itaqua\/\",\"url\":\"https:\/\/www.encontraitaquaquecetuba.com.br\/sobre\/prorrogado-prazo-para-o-programa-em-dia-com-itaqua\/\",\"name\":\"Prorrogado prazo para o programa Em Dia Com Itaqu\u00e1 - Encontra Itaquaquecetuba\",\"isPartOf\":{\"@id\":\"https:\/\/www.encontraitaquaquecetuba.com.br\/sobre\/#website\"},\"datePublished\":\"2013-04-02T20:49:52+00:00\",\"dateModified\":\"2013-08-14T04:51:07+00:00\",\"author\":{\"@id\":\"https:\/\/www.encontraitaquaquecetuba.com.br\/sobre\/#\/schema\/person\/a8a866dc746e447abf8ca22b02eae6ea\"},\"breadcrumb\":{\"@id\":\"https:\/\/www.encontraitaquaquecetuba.com.br\/sobre\/prorrogado-prazo-para-o-programa-em-dia-com-itaqua\/#breadcrumb\"},\"inLanguage\":\"pt-BR\",\"potentialAction\":[{\"@type\":\"ReadAction\",\"target\":[\"https:\/\/www.encontraitaquaquecetuba.com.br\/sobre\/prorrogado-prazo-para-o-programa-em-dia-com-itaqua\/\"]}]},{\"@type\":\"BreadcrumbList\",\"@id\":\"https:\/\/www.encontraitaquaquecetuba.com.br\/sobre\/prorrogado-prazo-para-o-programa-em-dia-com-itaqua\/#breadcrumb\",\"itemListElement\":[{\"@type\":\"ListItem\",\"position\":1,\"name\":\"In\u00edcio\",\"item\":\"https:\/\/www.encontraitaquaquecetuba.com.br\/sobre\/\"},{\"@type\":\"ListItem\",\"position\":2,\"name\":\"Prorrogado prazo para o programa Em Dia Com Itaqu\u00e1\"}]},{\"@type\":\"WebSite\",\"@id\":\"https:\/\/www.encontraitaquaquecetuba.com.br\/sobre\/#website\",\"url\":\"https:\/\/www.encontraitaquaquecetuba.com.br\/sobre\/\",\"name\":\"Encontra Itaquaquecetuba\",\"description\":\"Not\u00edcias, eventos, informa\u00e7\u00f5es e dicas na cidade de Itaquaquecetuba e regi\u00e3o\",\"potentialAction\":[{\"@type\":\"SearchAction\",\"target\":{\"@type\":\"EntryPoint\",\"urlTemplate\":\"https:\/\/www.encontraitaquaquecetuba.com.br\/sobre\/?s={search_term_string}\"},\"query-input\":\"required name=search_term_string\"}],\"inLanguage\":\"pt-BR\"},{\"@type\":\"Person\",\"@id\":\"https:\/\/www.encontraitaquaquecetuba.com.br\/sobre\/#\/schema\/person\/a8a866dc746e447abf8ca22b02eae6ea\",\"name\":\"Encontra Itaquaquecetuba\",\"image\":{\"@type\":\"ImageObject\",\"inLanguage\":\"pt-BR\",\"@id\":\"https:\/\/www.encontraitaquaquecetuba.com.br\/sobre\/#\/schema\/person\/image\/\",\"url\":\"https:\/\/secure.gravatar.com\/avatar\/f007732be0d27cbf8a336929fe922478?s=96&d=mm&r=g\",\"contentUrl\":\"https:\/\/secure.gravatar.com\/avatar\/f007732be0d27cbf8a336929fe922478?s=96&d=mm&r=g\",\"caption\":\"Encontra Itaquaquecetuba\"},\"sameAs\":[\"http:\/\/www.encontraitaquaquecetuba.com.br\"],\"url\":\"https:\/\/www.encontraitaquaquecetuba.com.br\/sobre\/author\/eitaquaquecetuba\/\"}]}<\/script>\n<!-- \/ Yoast SEO plugin. -->","yoast_head_json":{"title":"Prorrogado prazo para o programa Em Dia Com Itaqu\u00e1 - Encontra Itaquaquecetuba","robots":{"index":"index","follow":"follow","max-snippet":"max-snippet:-1","max-image-preview":"max-image-preview:large","max-video-preview":"max-video-preview:-1"},"canonical":"https:\/\/www.encontraitaquaquecetuba.com.br\/sobre\/prorrogado-prazo-para-o-programa-em-dia-com-itaqua\/","og_locale":"pt_BR","og_type":"article","og_title":"Prorrogado prazo para o programa Em Dia Com Itaqu\u00e1 - Encontra Itaquaquecetuba","og_description":"A prefeitura de Itaquaquecetuba prorrogou o prazo para regulariza\u00e7\u00e3o dos tributos de pessoa f\u00edsica e jur\u00eddica contra\u00eddos at\u00e9 31\/12\/2012 inscritos ou n\u00e3o em d\u00edvida ativa, por meio do Programa \u201cEm Dia Com Itaqu\u00e1\u201d. O prazo foi prorrogado para at\u00e9 o dia 30 de abril, com 100% de desconto sobre\u00a0 multas e juros\u00a0 para quem quitar a d\u00edvida em cota \u00fanica ou parcelada em at\u00e9 seis vezes com o vencimento da primeira parcela para o dia 30 de abril de 2013. Podem aderir ao Programa \u201cEm Dia Com Itaqu\u00e1\u201d pessoas f\u00edsicas e jur\u00eddicas com d\u00e9bitos at\u00e9 31 de dezembro de 2012.","og_url":"https:\/\/www.encontraitaquaquecetuba.com.br\/sobre\/prorrogado-prazo-para-o-programa-em-dia-com-itaqua\/","og_site_name":"Encontra Itaquaquecetuba","article_published_time":"2013-04-02T20:49:52+00:00","article_modified_time":"2013-08-14T04:51:07+00:00","author":"Encontra Itaquaquecetuba","twitter_card":"summary_large_image","twitter_misc":{"Escrito por":"Encontra Itaquaquecetuba","Est. tempo de leitura":"2 minutos"},"schema":{"@context":"https:\/\/schema.org","@graph":[{"@type":"WebPage","@id":"https:\/\/www.encontraitaquaquecetuba.com.br\/sobre\/prorrogado-prazo-para-o-programa-em-dia-com-itaqua\/","url":"https:\/\/www.encontraitaquaquecetuba.com.br\/sobre\/prorrogado-prazo-para-o-programa-em-dia-com-itaqua\/","name":"Prorrogado prazo para o programa Em Dia Com Itaqu\u00e1 - Encontra Itaquaquecetuba","isPartOf":{"@id":"https:\/\/www.encontraitaquaquecetuba.com.br\/sobre\/#website"},"datePublished":"2013-04-02T20:49:52+00:00","dateModified":"2013-08-14T04:51:07+00:00","author":{"@id":"https:\/\/www.encontraitaquaquecetuba.com.br\/sobre\/#\/schema\/person\/a8a866dc746e447abf8ca22b02eae6ea"},"breadcrumb":{"@id":"https:\/\/www.encontraitaquaquecetuba.com.br\/sobre\/prorrogado-prazo-para-o-programa-em-dia-com-itaqua\/#breadcrumb"},"inLanguage":"pt-BR","potentialAction":[{"@type":"ReadAction","target":["https:\/\/www.encontraitaquaquecetuba.com.br\/sobre\/prorrogado-prazo-para-o-programa-em-dia-com-itaqua\/"]}]},{"@type":"BreadcrumbList","@id":"https:\/\/www.encontraitaquaquecetuba.com.br\/sobre\/prorrogado-prazo-para-o-programa-em-dia-com-itaqua\/#breadcrumb","itemListElement":[{"@type":"ListItem","position":1,"name":"In\u00edcio","item":"https:\/\/www.encontraitaquaquecetuba.com.br\/sobre\/"},{"@type":"ListItem","position":2,"name":"Prorrogado prazo para o programa Em Dia Com Itaqu\u00e1"}]},{"@type":"WebSite","@id":"https:\/\/www.encontraitaquaquecetuba.com.br\/sobre\/#website","url":"https:\/\/www.encontraitaquaquecetuba.com.br\/sobre\/","name":"Encontra Itaquaquecetuba","description":"Not\u00edcias, eventos, informa\u00e7\u00f5es e dicas na cidade de Itaquaquecetuba e regi\u00e3o","potentialAction":[{"@type":"SearchAction","target":{"@type":"EntryPoint","urlTemplate":"https:\/\/www.encontraitaquaquecetuba.com.br\/sobre\/?s={search_term_string}"},"query-input":"required name=search_term_string"}],"inLanguage":"pt-BR"},{"@type":"Person","@id":"https:\/\/www.encontraitaquaquecetuba.com.br\/sobre\/#\/schema\/person\/a8a866dc746e447abf8ca22b02eae6ea","name":"Encontra Itaquaquecetuba","image":{"@type":"ImageObject","inLanguage":"pt-BR","@id":"https:\/\/www.encontraitaquaquecetuba.com.br\/sobre\/#\/schema\/person\/image\/","url":"https:\/\/secure.gravatar.com\/avatar\/f007732be0d27cbf8a336929fe922478?s=96&d=mm&r=g","contentUrl":"https:\/\/secure.gravatar.com\/avatar\/f007732be0d27cbf8a336929fe922478?s=96&d=mm&r=g","caption":"Encontra Itaquaquecetuba"},"sameAs":["http:\/\/www.encontraitaquaquecetuba.com.br"],"url":"https:\/\/www.encontraitaquaquecetuba.com.br\/sobre\/author\/eitaquaquecetuba\/"}]}},"_links":{"self":[{"href":"https:\/\/www.encontraitaquaquecetuba.com.br\/sobre\/wp-json\/wp\/v2\/posts\/1009"}],"collection":[{"href":"https:\/\/www.encontraitaquaquecetuba.com.br\/sobre\/wp-json\/wp\/v2\/posts"}],"about":[{"href":"https:\/\/www.encontraitaquaquecetuba.com.br\/sobre\/wp-json\/wp\/v2\/types\/post"}],"author":[{"embeddable":true,"href":"https:\/\/www.encontraitaquaquecetuba.com.br\/sobre\/wp-json\/wp\/v2\/users\/1"}],"replies":[{"embeddable":true,"href":"https:\/\/www.encontraitaquaquecetuba.com.br\/sobre\/wp-json\/wp\/v2\/comments?post=1009"}],"version-history":[{"count":0,"href":"https:\/\/www.encontraitaquaquecetuba.com.br\/sobre\/wp-json\/wp\/v2\/posts\/1009\/revisions"}],"wp:attachment":[{"href":"https:\/\/www.encontraitaquaquecetuba.com.br\/sobre\/wp-json\/wp\/v2\/media?parent=1009"}],"wp:term":[{"taxonomy":"category","embeddable":true,"href":"https:\/\/www.encontraitaquaquecetuba.com.br\/sobre\/wp-json\/wp\/v2\/categories?post=1009"},{"taxonomy":"post_tag","embeddable":true,"href":"https:\/\/www.encontraitaquaquecetuba.com.br\/sobre\/wp-json\/wp\/v2\/tags?post=1009"}],"curies":[{"name":"wp","href":"https:\/\/api.w.org\/{rel}","templated":true}]}}