{"id":1055,"date":"2013-05-08T14:02:08","date_gmt":"2013-05-08T14:02:08","guid":{"rendered":"http:\/\/www.encontraitaquaquecetuba.com.br\/noticias\/?p=1055"},"modified":"2013-08-14T04:51:02","modified_gmt":"2013-08-14T04:51:02","slug":"itaquaquecetuba-time-do-emprego-realiza-ciclo-de-32-palestras-para-estudantes","status":"publish","type":"post","link":"https:\/\/www.encontraitaquaquecetuba.com.br\/sobre\/itaquaquecetuba-time-do-emprego-realiza-ciclo-de-32-palestras-para-estudantes\/","title":{"rendered":"Itaquaquecetuba: Time do Emprego realiza ciclo de 32 palestras para estudantes"},"content":{"rendered":"<div class=\"80eb2665678f8e3864bb9a528523815b\" data-index=\"1\" style=\"float: none; margin:5px 0 5px 0; text-align:center;\">\n<!-- PUB 73 - Responsivo Horizontal -->\r\n<ins class=\"adsbygoogle\"\r\n     style=\"display:block\"\r\n     data-ad-client=\"ca-pub-7321736592693252\"\r\n     data-ad-slot=\"3087950420\"\r\n     data-ad-format=\"auto\"\r\n     data-full-width-responsive=\"true\"><\/ins>\r\n<script>\r\n     (adsbygoogle = window.adsbygoogle || []).push({});\r\n<\/script>\n<\/div>\n<p>O programa \u201cTime do Emprego\u201d cumpre um ciclo de 32 palestras, na Escola Estadual Homero Fernando Milano, em Itaquaquaquecetuba.<br \/>\nO cronograma, a ser cumprido at\u00e9 o pr\u00f3ximo dia 05 de junho, beneficiar\u00e1 cerca de 1200 estudantes do 1\u00ba, 2\u00ba e 3\u00ba ano do Ensino M\u00e9dio.<br \/>\nNestas ocasi\u00f5es, os facilitadores Ednilson Rodrigues e Maria de Lourdes Souza apresentar\u00e3o orienta\u00e7\u00f5es constantes na palestra intitulada\u201cO Mercado de Trabalho e suas Tend\u00eancias\u201d.<\/p>\n<p>Al\u00e9m de transmitir informa\u00e7\u00f5es b\u00e1sicas, por\u00e9m, primordiais ao cidad\u00e3o que deseja ser (re)inclu\u00eddo no mercado de trabalho; o objetivo dos encontros \u00e9 identificar demanda de jovens em potencial, interessados em aderir ao \u201cTime do Emprego\u201d que \u00e9 desenvolvido pelo governo estadual (Secretaria Estadual de Emprego e Rela\u00e7\u00f5es do Trabalho \u2013 SERT), em parceria com a <a title=\"prefeitura de Itaquaquecetuba\" href=\"http:\/\/www.encontraitaquaquecetuba.com.br\/itaquaquecetuba\/prefeitura-itaquaquecetuba.shtml\" target=\"_blank\">prefeitura de Itaquaquecetuba<\/a> (Secretaria Municipal de Ind\u00fastria e Com\u00e9rcio &#8211; SMIC).<\/p>\n<p>O referido programa objetiva orientar e preparar o trabalhador na busca por um emprego compat\u00edvel com seus interesses, habilidades e qualifica\u00e7\u00e3o profissional. \u201cO diferencial do Time do Emprego \u00e9 a ajuda m\u00fatua existente entre os participantes, a troca de experi\u00eancias e a procura conjunta por uma oportunidade\u201d, destaca o secret\u00e1rio de Estado do Emprego, Carlos Ortiz, em determinada ocasi\u00e3o.<\/p>\n<p>A capacita\u00e7\u00e3o consiste na realiza\u00e7\u00e3o de encontros peri\u00f3dicos semanais onde s\u00e3o transmitidas no\u00e7\u00f5es sobre t\u00e9cnicas de direcionamento ao trabalho, aperfei\u00e7oamento de aptid\u00f5es, dicas de montagem de curr\u00edculo, procura de emprego, comportamento em entrevistas, entre outros assuntos.<\/p>\n<p>Al\u00e9m disso, os participantes s\u00e3o incentivados a conhecerem a si mesmos, assim como, suas compet\u00eancias e habilidades para que tenham sucesso na busca por uma coloca\u00e7\u00e3o no mercado de trabalho. O material did\u00e1tico (composto por mochila, apostilas, caderno etc) \u00e9 oferecido gratuitamente pelo governo do estado.<\/p>\n<p>Para fazer parte do \u201cTime do Emprego\u201d \u00e9 necess\u00e1rio ter idade igual ou superior a 16 anos, estar desempregado ou \u00e0 procura do primeiro emprego na cidade Itaquaquecetuba.<\/p>\n<p>Para o prefeito Mamoru Nakashima, capacita\u00e7\u00f5es desta natureza s\u00e3o de extrema import\u00e2ncia para os trabalhadores que buscam por uma (melhor)coloca\u00e7\u00e3o: \u201c&#8230; tendo em vista o mercado competitivo, uma boa apar\u00eancia aliada \u00e0 forma adequada de express\u00e3o verbal e apresenta\u00e7\u00e3o de um bom curr\u00edculo representam diferenciais consider\u00e1veis em qualquer processo seletivo&#8230;\u201d.<\/p>\n<p><em>Fonte: Prefeitura Itaquaquecetuba<\/em><\/p>\n\n<div style=\"font-size: 0px; height: 0px; line-height: 0px; margin: 0; padding: 0; clear: both;\"><\/div>","protected":false},"excerpt":{"rendered":"<p>O programa \u201cTime do Emprego\u201d cumpre um ciclo de 32 palestras, na Escola Estadual Homero Fernando Milano, em Itaquaquaquecetuba. O cronograma, a ser cumprido at\u00e9 o pr\u00f3ximo dia 05 de junho, beneficiar\u00e1 cerca de 1200 estudantes do 1\u00ba, 2\u00ba e 3\u00ba ano do Ensino M\u00e9dio. Nestas ocasi\u00f5es, os facilitadores Ednilson Rodrigues e Maria de Lourdes Souza apresentar\u00e3o orienta\u00e7\u00f5es constantes na palestra intitulada\u201cO Mercado de Trabalho e suas Tend\u00eancias\u201d. Al\u00e9m de transmitir informa\u00e7\u00f5es b\u00e1sicas, por\u00e9m, primordiais ao cidad\u00e3o que deseja ser (re)inclu\u00eddo no mercado de trabalho; o objetivo dos encontros \u00e9 identificar demanda de jovens em potencial, interessados em aderir ao <\/p>\n","protected":false},"author":1,"featured_media":0,"comment_status":"open","ping_status":"open","sticky":false,"template":"","format":"standard","meta":[],"categories":[6],"tags":[],"yoast_head":"<!-- This site is optimized with the Yoast SEO plugin v19.6.1 - https:\/\/yoast.com\/wordpress\/plugins\/seo\/ -->\n<title>Itaquaquecetuba: Time do Emprego realiza ciclo de 32 palestras para estudantes - Encontra Itaquaquecetuba<\/title>\n<meta name=\"robots\" content=\"index, follow, max-snippet:-1, max-image-preview:large, max-video-preview:-1\" \/>\n<link rel=\"canonical\" href=\"https:\/\/www.encontraitaquaquecetuba.com.br\/sobre\/itaquaquecetuba-time-do-emprego-realiza-ciclo-de-32-palestras-para-estudantes\/\" \/>\n<meta property=\"og:locale\" content=\"pt_BR\" \/>\n<meta property=\"og:type\" content=\"article\" \/>\n<meta property=\"og:title\" content=\"Itaquaquecetuba: Time do Emprego realiza ciclo de 32 palestras para estudantes - Encontra Itaquaquecetuba\" \/>\n<meta property=\"og:description\" content=\"O programa \u201cTime do Emprego\u201d cumpre um ciclo de 32 palestras, na Escola Estadual Homero Fernando Milano, em Itaquaquaquecetuba. O cronograma, a ser cumprido at\u00e9 o pr\u00f3ximo dia 05 de junho, beneficiar\u00e1 cerca de 1200 estudantes do 1\u00ba, 2\u00ba e 3\u00ba ano do Ensino M\u00e9dio. Nestas ocasi\u00f5es, os facilitadores Ednilson Rodrigues e Maria de Lourdes Souza apresentar\u00e3o orienta\u00e7\u00f5es constantes na palestra intitulada\u201cO Mercado de Trabalho e suas Tend\u00eancias\u201d. Al\u00e9m de transmitir informa\u00e7\u00f5es b\u00e1sicas, por\u00e9m, primordiais ao cidad\u00e3o que deseja ser (re)inclu\u00eddo no mercado de trabalho; o objetivo dos encontros \u00e9 identificar demanda de jovens em potencial, interessados em aderir ao\" \/>\n<meta property=\"og:url\" content=\"https:\/\/www.encontraitaquaquecetuba.com.br\/sobre\/itaquaquecetuba-time-do-emprego-realiza-ciclo-de-32-palestras-para-estudantes\/\" \/>\n<meta property=\"og:site_name\" content=\"Encontra Itaquaquecetuba\" \/>\n<meta property=\"article:published_time\" content=\"2013-05-08T14:02:08+00:00\" \/>\n<meta property=\"article:modified_time\" content=\"2013-08-14T04:51:02+00:00\" \/>\n<meta name=\"author\" content=\"Encontra Itaquaquecetuba\" \/>\n<meta name=\"twitter:card\" content=\"summary_large_image\" \/>\n<meta name=\"twitter:label1\" content=\"Escrito por\" \/>\n\t<meta name=\"twitter:data1\" content=\"Encontra Itaquaquecetuba\" \/>\n\t<meta name=\"twitter:label2\" content=\"Est. tempo de leitura\" \/>\n\t<meta name=\"twitter:data2\" content=\"2 minutos\" \/>\n<script type=\"application\/ld+json\" class=\"yoast-schema-graph\">{\"@context\":\"https:\/\/schema.org\",\"@graph\":[{\"@type\":\"WebPage\",\"@id\":\"https:\/\/www.encontraitaquaquecetuba.com.br\/sobre\/itaquaquecetuba-time-do-emprego-realiza-ciclo-de-32-palestras-para-estudantes\/\",\"url\":\"https:\/\/www.encontraitaquaquecetuba.com.br\/sobre\/itaquaquecetuba-time-do-emprego-realiza-ciclo-de-32-palestras-para-estudantes\/\",\"name\":\"Itaquaquecetuba: Time do Emprego realiza ciclo de 32 palestras para estudantes - Encontra Itaquaquecetuba\",\"isPartOf\":{\"@id\":\"https:\/\/www.encontraitaquaquecetuba.com.br\/sobre\/#website\"},\"datePublished\":\"2013-05-08T14:02:08+00:00\",\"dateModified\":\"2013-08-14T04:51:02+00:00\",\"author\":{\"@id\":\"https:\/\/www.encontraitaquaquecetuba.com.br\/sobre\/#\/schema\/person\/a8a866dc746e447abf8ca22b02eae6ea\"},\"breadcrumb\":{\"@id\":\"https:\/\/www.encontraitaquaquecetuba.com.br\/sobre\/itaquaquecetuba-time-do-emprego-realiza-ciclo-de-32-palestras-para-estudantes\/#breadcrumb\"},\"inLanguage\":\"pt-BR\",\"potentialAction\":[{\"@type\":\"ReadAction\",\"target\":[\"https:\/\/www.encontraitaquaquecetuba.com.br\/sobre\/itaquaquecetuba-time-do-emprego-realiza-ciclo-de-32-palestras-para-estudantes\/\"]}]},{\"@type\":\"BreadcrumbList\",\"@id\":\"https:\/\/www.encontraitaquaquecetuba.com.br\/sobre\/itaquaquecetuba-time-do-emprego-realiza-ciclo-de-32-palestras-para-estudantes\/#breadcrumb\",\"itemListElement\":[{\"@type\":\"ListItem\",\"position\":1,\"name\":\"In\u00edcio\",\"item\":\"https:\/\/www.encontraitaquaquecetuba.com.br\/sobre\/\"},{\"@type\":\"ListItem\",\"position\":2,\"name\":\"Itaquaquecetuba: Time do Emprego realiza ciclo de 32 palestras para estudantes\"}]},{\"@type\":\"WebSite\",\"@id\":\"https:\/\/www.encontraitaquaquecetuba.com.br\/sobre\/#website\",\"url\":\"https:\/\/www.encontraitaquaquecetuba.com.br\/sobre\/\",\"name\":\"Encontra Itaquaquecetuba\",\"description\":\"Not\u00edcias, eventos, informa\u00e7\u00f5es e dicas na cidade de Itaquaquecetuba e regi\u00e3o\",\"potentialAction\":[{\"@type\":\"SearchAction\",\"target\":{\"@type\":\"EntryPoint\",\"urlTemplate\":\"https:\/\/www.encontraitaquaquecetuba.com.br\/sobre\/?s={search_term_string}\"},\"query-input\":\"required name=search_term_string\"}],\"inLanguage\":\"pt-BR\"},{\"@type\":\"Person\",\"@id\":\"https:\/\/www.encontraitaquaquecetuba.com.br\/sobre\/#\/schema\/person\/a8a866dc746e447abf8ca22b02eae6ea\",\"name\":\"Encontra Itaquaquecetuba\",\"image\":{\"@type\":\"ImageObject\",\"inLanguage\":\"pt-BR\",\"@id\":\"https:\/\/www.encontraitaquaquecetuba.com.br\/sobre\/#\/schema\/person\/image\/\",\"url\":\"https:\/\/secure.gravatar.com\/avatar\/f007732be0d27cbf8a336929fe922478?s=96&d=mm&r=g\",\"contentUrl\":\"https:\/\/secure.gravatar.com\/avatar\/f007732be0d27cbf8a336929fe922478?s=96&d=mm&r=g\",\"caption\":\"Encontra Itaquaquecetuba\"},\"sameAs\":[\"http:\/\/www.encontraitaquaquecetuba.com.br\"],\"url\":\"https:\/\/www.encontraitaquaquecetuba.com.br\/sobre\/author\/eitaquaquecetuba\/\"}]}<\/script>\n<!-- \/ Yoast SEO plugin. -->","yoast_head_json":{"title":"Itaquaquecetuba: Time do Emprego realiza ciclo de 32 palestras para estudantes - Encontra Itaquaquecetuba","robots":{"index":"index","follow":"follow","max-snippet":"max-snippet:-1","max-image-preview":"max-image-preview:large","max-video-preview":"max-video-preview:-1"},"canonical":"https:\/\/www.encontraitaquaquecetuba.com.br\/sobre\/itaquaquecetuba-time-do-emprego-realiza-ciclo-de-32-palestras-para-estudantes\/","og_locale":"pt_BR","og_type":"article","og_title":"Itaquaquecetuba: Time do Emprego realiza ciclo de 32 palestras para estudantes - Encontra Itaquaquecetuba","og_description":"O programa \u201cTime do Emprego\u201d cumpre um ciclo de 32 palestras, na Escola Estadual Homero Fernando Milano, em Itaquaquaquecetuba. O cronograma, a ser cumprido at\u00e9 o pr\u00f3ximo dia 05 de junho, beneficiar\u00e1 cerca de 1200 estudantes do 1\u00ba, 2\u00ba e 3\u00ba ano do Ensino M\u00e9dio. Nestas ocasi\u00f5es, os facilitadores Ednilson Rodrigues e Maria de Lourdes Souza apresentar\u00e3o orienta\u00e7\u00f5es constantes na palestra intitulada\u201cO Mercado de Trabalho e suas Tend\u00eancias\u201d. Al\u00e9m de transmitir informa\u00e7\u00f5es b\u00e1sicas, por\u00e9m, primordiais ao cidad\u00e3o que deseja ser (re)inclu\u00eddo no mercado de trabalho; o objetivo dos encontros \u00e9 identificar demanda de jovens em potencial, interessados em aderir ao","og_url":"https:\/\/www.encontraitaquaquecetuba.com.br\/sobre\/itaquaquecetuba-time-do-emprego-realiza-ciclo-de-32-palestras-para-estudantes\/","og_site_name":"Encontra Itaquaquecetuba","article_published_time":"2013-05-08T14:02:08+00:00","article_modified_time":"2013-08-14T04:51:02+00:00","author":"Encontra Itaquaquecetuba","twitter_card":"summary_large_image","twitter_misc":{"Escrito por":"Encontra Itaquaquecetuba","Est. tempo de leitura":"2 minutos"},"schema":{"@context":"https:\/\/schema.org","@graph":[{"@type":"WebPage","@id":"https:\/\/www.encontraitaquaquecetuba.com.br\/sobre\/itaquaquecetuba-time-do-emprego-realiza-ciclo-de-32-palestras-para-estudantes\/","url":"https:\/\/www.encontraitaquaquecetuba.com.br\/sobre\/itaquaquecetuba-time-do-emprego-realiza-ciclo-de-32-palestras-para-estudantes\/","name":"Itaquaquecetuba: Time do Emprego realiza ciclo de 32 palestras para estudantes - Encontra Itaquaquecetuba","isPartOf":{"@id":"https:\/\/www.encontraitaquaquecetuba.com.br\/sobre\/#website"},"datePublished":"2013-05-08T14:02:08+00:00","dateModified":"2013-08-14T04:51:02+00:00","author":{"@id":"https:\/\/www.encontraitaquaquecetuba.com.br\/sobre\/#\/schema\/person\/a8a866dc746e447abf8ca22b02eae6ea"},"breadcrumb":{"@id":"https:\/\/www.encontraitaquaquecetuba.com.br\/sobre\/itaquaquecetuba-time-do-emprego-realiza-ciclo-de-32-palestras-para-estudantes\/#breadcrumb"},"inLanguage":"pt-BR","potentialAction":[{"@type":"ReadAction","target":["https:\/\/www.encontraitaquaquecetuba.com.br\/sobre\/itaquaquecetuba-time-do-emprego-realiza-ciclo-de-32-palestras-para-estudantes\/"]}]},{"@type":"BreadcrumbList","@id":"https:\/\/www.encontraitaquaquecetuba.com.br\/sobre\/itaquaquecetuba-time-do-emprego-realiza-ciclo-de-32-palestras-para-estudantes\/#breadcrumb","itemListElement":[{"@type":"ListItem","position":1,"name":"In\u00edcio","item":"https:\/\/www.encontraitaquaquecetuba.com.br\/sobre\/"},{"@type":"ListItem","position":2,"name":"Itaquaquecetuba: Time do Emprego realiza ciclo de 32 palestras para estudantes"}]},{"@type":"WebSite","@id":"https:\/\/www.encontraitaquaquecetuba.com.br\/sobre\/#website","url":"https:\/\/www.encontraitaquaquecetuba.com.br\/sobre\/","name":"Encontra Itaquaquecetuba","description":"Not\u00edcias, eventos, informa\u00e7\u00f5es e dicas na cidade de Itaquaquecetuba e regi\u00e3o","potentialAction":[{"@type":"SearchAction","target":{"@type":"EntryPoint","urlTemplate":"https:\/\/www.encontraitaquaquecetuba.com.br\/sobre\/?s={search_term_string}"},"query-input":"required name=search_term_string"}],"inLanguage":"pt-BR"},{"@type":"Person","@id":"https:\/\/www.encontraitaquaquecetuba.com.br\/sobre\/#\/schema\/person\/a8a866dc746e447abf8ca22b02eae6ea","name":"Encontra Itaquaquecetuba","image":{"@type":"ImageObject","inLanguage":"pt-BR","@id":"https:\/\/www.encontraitaquaquecetuba.com.br\/sobre\/#\/schema\/person\/image\/","url":"https:\/\/secure.gravatar.com\/avatar\/f007732be0d27cbf8a336929fe922478?s=96&d=mm&r=g","contentUrl":"https:\/\/secure.gravatar.com\/avatar\/f007732be0d27cbf8a336929fe922478?s=96&d=mm&r=g","caption":"Encontra Itaquaquecetuba"},"sameAs":["http:\/\/www.encontraitaquaquecetuba.com.br"],"url":"https:\/\/www.encontraitaquaquecetuba.com.br\/sobre\/author\/eitaquaquecetuba\/"}]}},"_links":{"self":[{"href":"https:\/\/www.encontraitaquaquecetuba.com.br\/sobre\/wp-json\/wp\/v2\/posts\/1055"}],"collection":[{"href":"https:\/\/www.encontraitaquaquecetuba.com.br\/sobre\/wp-json\/wp\/v2\/posts"}],"about":[{"href":"https:\/\/www.encontraitaquaquecetuba.com.br\/sobre\/wp-json\/wp\/v2\/types\/post"}],"author":[{"embeddable":true,"href":"https:\/\/www.encontraitaquaquecetuba.com.br\/sobre\/wp-json\/wp\/v2\/users\/1"}],"replies":[{"embeddable":true,"href":"https:\/\/www.encontraitaquaquecetuba.com.br\/sobre\/wp-json\/wp\/v2\/comments?post=1055"}],"version-history":[{"count":0,"href":"https:\/\/www.encontraitaquaquecetuba.com.br\/sobre\/wp-json\/wp\/v2\/posts\/1055\/revisions"}],"wp:attachment":[{"href":"https:\/\/www.encontraitaquaquecetuba.com.br\/sobre\/wp-json\/wp\/v2\/media?parent=1055"}],"wp:term":[{"taxonomy":"category","embeddable":true,"href":"https:\/\/www.encontraitaquaquecetuba.com.br\/sobre\/wp-json\/wp\/v2\/categories?post=1055"},{"taxonomy":"post_tag","embeddable":true,"href":"https:\/\/www.encontraitaquaquecetuba.com.br\/sobre\/wp-json\/wp\/v2\/tags?post=1055"}],"curies":[{"name":"wp","href":"https:\/\/api.w.org\/{rel}","templated":true}]}}