{"id":106,"date":"2011-08-09T17:31:58","date_gmt":"2011-08-09T17:31:58","guid":{"rendered":"http:\/\/www.encontraitaquaquecetuba.com.br\/noticias\/?p=106"},"modified":"2021-09-13T15:21:55","modified_gmt":"2021-09-13T15:21:55","slug":"xvi-festival-de-musica-sertaneja-premia-artistas-em-itaquaquecetuba","status":"publish","type":"post","link":"https:\/\/www.encontraitaquaquecetuba.com.br\/sobre\/xvi-festival-de-musica-sertaneja-premia-artistas-em-itaquaquecetuba\/","title":{"rendered":"\u201cXVI Festival de M\u00fasica Sertaneja\u201d premia artistas em Itaquaquecetuba"},"content":{"rendered":"<div class=\"80eb2665678f8e3864bb9a528523815b\" data-index=\"1\" style=\"float: none; margin:5px 0 5px 0; text-align:center;\">\n<!-- PUB 73 - Responsivo Horizontal -->\r\n<ins class=\"adsbygoogle\"\r\n     style=\"display:block\"\r\n     data-ad-client=\"ca-pub-7321736592693252\"\r\n     data-ad-slot=\"3087950420\"\r\n     data-ad-format=\"auto\"\r\n     data-full-width-responsive=\"true\"><\/ins>\r\n<script>\r\n     (adsbygoogle = window.adsbygoogle || []).push({});\r\n<\/script>\n<\/div>\n<p>Foi realizado no \u00faltimo domingo (7), em Itaquaquecetuba, o \u201cXVI Festival de M\u00fasica Sertaneja\u201d.\u00a0O evento contou com as presen\u00e7as de diversas personalidades e consider\u00e1vel p\u00fablico.<\/p>\n<p>Segundo o secret\u00e1rio, Jandir Jorge Souto, o encontro teve por objetivo a divulga\u00e7\u00e3o e a socializa\u00e7\u00e3o de produ\u00e7\u00f5es musicais do g\u00eanero, funcionando tamb\u00e9m como fator de congrega\u00e7\u00e3o dos admiradores de m\u00fasica sertaneja.<\/p>\n<p>Apresentaram-se cantores solo, duplas e trios sertanejos, por vezes acompanhados de viol\u00e3o, viola, acordeon e\/ ou percuss\u00e3o.<\/p>\n<p>Os 35 concorrentes foram avaliados por uma comiss\u00e3o especializada, cujos jurados foram: Lindomar Ferreira (empres\u00e1rio, cantor e compositor, h\u00e1 mais de 30 anos parceiro em sucessos com as Duplas Gino e Geno e Silveira e Silveirinha); Jos\u00e9 Barbosa &#8211; Maestro Marinho (possui grava\u00e7\u00f5es com Zeze di Camargo e Luciano, Teodoro e Sampaio, Milion\u00e1rio e Z\u00e9 rico e Leo Canhoto e Robertinho); Vital Hon\u00f3rio (compositor de sucesso, possui grava\u00e7\u00f5es com Chit\u00e3ozinho e Xoror\u00f3) e L\u00e9o Canhoto (cantor e compositor).<\/p>\n<p>\u201cConjunto\u201d, \u201cM\u00fasica\u201d, \u201cLetra\u201d e \u201cInterpreta\u00e7\u00e3o\u201d foram os crit\u00e9rios avaliados.<\/p>\n<p>Confira a classifica\u00e7\u00e3o geral:<\/p>\n<p>1\u00ba Lugar: PARANA E PIAZINHO-MG: 146 pontos<br \/>\n2\u00ba lugar: RAUL MALAQUIAS \u2013PO\u00c1: 144 pontos<br \/>\n3\u00ba Lugar: BANDA NOVO ESTILO \u2013ITAQUAQUECETUBA: 141 pontos<\/p>\n<p>Aos vencedores, foram oferecidos trof\u00e9us e pr\u00eamios em esp\u00e9cie, sendo R$ 1.000,00 reais (3\u00ba colocado), R$ 1.250,00 reais (2\u00ba colocado) e R$ 1.500,00 reais (1\u00ba colocado).<\/p>\n<p>Embora tenha ocorrido empate t\u00e9cnico entre 04 participantes, os jurados decidiram ofertar o trof\u00e9u especial de \u201cMelhor Int\u00e9rprete\u201d \u00e0 cantora Celine Paz.<\/p>\n<p>Al\u00e9m de promover o resgate da chamada \u201cm\u00fasica de raiz\u201d, a valoriza\u00e7\u00e3o da cultura e das tradi\u00e7\u00f5es do campo, por meio do referido festival, o poder executivo municipal, na pessoa do prefeito Armando Tavares Filho, o Armando da Farm\u00e1cia p\u00f4de ofertar momentos agrad\u00e1veis de entretenimento e lazer em fam\u00edlia aos mun\u00edcipes.<\/p>\n<p>Vale lembrar que o evento foi devidamente apresentado por Maria Ana Rosa (a Nena Mar).<\/p>\n<p>Aos inscritos no \u201cXVI Festival de M\u00fasica Sertaneja de Itaquaquecetuba\u201d o executivo agradece a participa\u00e7\u00e3o e o empenho de todos os que estiveram direta ou indiretamente envolvidos para o sucesso do evento.<\/p>\n<p><em>Fonte: Prefeitura de Itaquaquecetuba<\/em><\/p>\n\n<div style=\"font-size: 0px; height: 0px; line-height: 0px; margin: 0; padding: 0; clear: both;\"><\/div>","protected":false},"excerpt":{"rendered":"<p>Foi realizado no \u00faltimo domingo (7), em Itaquaquecetuba, o \u201cXVI Festival de M\u00fasica Sertaneja\u201d.\u00a0O evento contou com as presen\u00e7as de diversas personalidades e consider\u00e1vel p\u00fablico. Segundo o secret\u00e1rio, Jandir Jorge Souto, o encontro teve por objetivo a divulga\u00e7\u00e3o e a socializa\u00e7\u00e3o de produ\u00e7\u00f5es musicais do g\u00eanero, funcionando tamb\u00e9m como fator de congrega\u00e7\u00e3o dos admiradores de m\u00fasica sertaneja. Apresentaram-se cantores solo, duplas e trios sertanejos, por vezes acompanhados de viol\u00e3o, viola, acordeon e\/ ou percuss\u00e3o. Os 35 concorrentes foram avaliados por uma comiss\u00e3o especializada, cujos jurados foram: Lindomar Ferreira (empres\u00e1rio, cantor e compositor, h\u00e1 mais de 30 anos parceiro em sucessos <\/p>\n","protected":false},"author":1,"featured_media":0,"comment_status":"open","ping_status":"open","sticky":false,"template":"","format":"standard","meta":[],"categories":[6],"tags":[14],"yoast_head":"<!-- This site is optimized with the Yoast SEO plugin v19.6.1 - https:\/\/yoast.com\/wordpress\/plugins\/seo\/ -->\n<title>\u201cXVI Festival de M\u00fasica Sertaneja\u201d premia artistas em Itaquaquecetuba - Encontra Itaquaquecetuba<\/title>\n<meta name=\"robots\" content=\"index, follow, max-snippet:-1, max-image-preview:large, max-video-preview:-1\" \/>\n<link rel=\"canonical\" href=\"https:\/\/www.encontraitaquaquecetuba.com.br\/sobre\/xvi-festival-de-musica-sertaneja-premia-artistas-em-itaquaquecetuba\/\" \/>\n<meta property=\"og:locale\" content=\"pt_BR\" \/>\n<meta property=\"og:type\" content=\"article\" \/>\n<meta property=\"og:title\" content=\"\u201cXVI Festival de M\u00fasica Sertaneja\u201d premia artistas em Itaquaquecetuba - Encontra Itaquaquecetuba\" \/>\n<meta property=\"og:description\" content=\"Foi realizado no \u00faltimo domingo (7), em Itaquaquecetuba, o \u201cXVI Festival de M\u00fasica Sertaneja\u201d.\u00a0O evento contou com as presen\u00e7as de diversas personalidades e consider\u00e1vel p\u00fablico. Segundo o secret\u00e1rio, Jandir Jorge Souto, o encontro teve por objetivo a divulga\u00e7\u00e3o e a socializa\u00e7\u00e3o de produ\u00e7\u00f5es musicais do g\u00eanero, funcionando tamb\u00e9m como fator de congrega\u00e7\u00e3o dos admiradores de m\u00fasica sertaneja. Apresentaram-se cantores solo, duplas e trios sertanejos, por vezes acompanhados de viol\u00e3o, viola, acordeon e\/ ou percuss\u00e3o. Os 35 concorrentes foram avaliados por uma comiss\u00e3o especializada, cujos jurados foram: Lindomar Ferreira (empres\u00e1rio, cantor e compositor, h\u00e1 mais de 30 anos parceiro em sucessos\" \/>\n<meta property=\"og:url\" content=\"https:\/\/www.encontraitaquaquecetuba.com.br\/sobre\/xvi-festival-de-musica-sertaneja-premia-artistas-em-itaquaquecetuba\/\" \/>\n<meta property=\"og:site_name\" content=\"Encontra Itaquaquecetuba\" \/>\n<meta property=\"article:published_time\" content=\"2011-08-09T17:31:58+00:00\" \/>\n<meta property=\"article:modified_time\" content=\"2021-09-13T15:21:55+00:00\" \/>\n<meta name=\"author\" content=\"Encontra Itaquaquecetuba\" \/>\n<meta name=\"twitter:card\" content=\"summary_large_image\" \/>\n<meta name=\"twitter:label1\" content=\"Escrito por\" \/>\n\t<meta name=\"twitter:data1\" content=\"Encontra Itaquaquecetuba\" \/>\n\t<meta name=\"twitter:label2\" content=\"Est. tempo de leitura\" \/>\n\t<meta name=\"twitter:data2\" content=\"2 minutos\" \/>\n<script type=\"application\/ld+json\" class=\"yoast-schema-graph\">{\"@context\":\"https:\/\/schema.org\",\"@graph\":[{\"@type\":\"WebPage\",\"@id\":\"https:\/\/www.encontraitaquaquecetuba.com.br\/sobre\/xvi-festival-de-musica-sertaneja-premia-artistas-em-itaquaquecetuba\/\",\"url\":\"https:\/\/www.encontraitaquaquecetuba.com.br\/sobre\/xvi-festival-de-musica-sertaneja-premia-artistas-em-itaquaquecetuba\/\",\"name\":\"\u201cXVI Festival de M\u00fasica Sertaneja\u201d premia artistas em Itaquaquecetuba - Encontra Itaquaquecetuba\",\"isPartOf\":{\"@id\":\"https:\/\/www.encontraitaquaquecetuba.com.br\/sobre\/#website\"},\"datePublished\":\"2011-08-09T17:31:58+00:00\",\"dateModified\":\"2021-09-13T15:21:55+00:00\",\"author\":{\"@id\":\"https:\/\/www.encontraitaquaquecetuba.com.br\/sobre\/#\/schema\/person\/a8a866dc746e447abf8ca22b02eae6ea\"},\"breadcrumb\":{\"@id\":\"https:\/\/www.encontraitaquaquecetuba.com.br\/sobre\/xvi-festival-de-musica-sertaneja-premia-artistas-em-itaquaquecetuba\/#breadcrumb\"},\"inLanguage\":\"pt-BR\",\"potentialAction\":[{\"@type\":\"ReadAction\",\"target\":[\"https:\/\/www.encontraitaquaquecetuba.com.br\/sobre\/xvi-festival-de-musica-sertaneja-premia-artistas-em-itaquaquecetuba\/\"]}]},{\"@type\":\"BreadcrumbList\",\"@id\":\"https:\/\/www.encontraitaquaquecetuba.com.br\/sobre\/xvi-festival-de-musica-sertaneja-premia-artistas-em-itaquaquecetuba\/#breadcrumb\",\"itemListElement\":[{\"@type\":\"ListItem\",\"position\":1,\"name\":\"In\u00edcio\",\"item\":\"https:\/\/www.encontraitaquaquecetuba.com.br\/sobre\/\"},{\"@type\":\"ListItem\",\"position\":2,\"name\":\"\u201cXVI Festival de M\u00fasica Sertaneja\u201d premia artistas em Itaquaquecetuba\"}]},{\"@type\":\"WebSite\",\"@id\":\"https:\/\/www.encontraitaquaquecetuba.com.br\/sobre\/#website\",\"url\":\"https:\/\/www.encontraitaquaquecetuba.com.br\/sobre\/\",\"name\":\"Encontra Itaquaquecetuba\",\"description\":\"Not\u00edcias, eventos, informa\u00e7\u00f5es e dicas na cidade de Itaquaquecetuba e regi\u00e3o\",\"potentialAction\":[{\"@type\":\"SearchAction\",\"target\":{\"@type\":\"EntryPoint\",\"urlTemplate\":\"https:\/\/www.encontraitaquaquecetuba.com.br\/sobre\/?s={search_term_string}\"},\"query-input\":\"required name=search_term_string\"}],\"inLanguage\":\"pt-BR\"},{\"@type\":\"Person\",\"@id\":\"https:\/\/www.encontraitaquaquecetuba.com.br\/sobre\/#\/schema\/person\/a8a866dc746e447abf8ca22b02eae6ea\",\"name\":\"Encontra Itaquaquecetuba\",\"image\":{\"@type\":\"ImageObject\",\"inLanguage\":\"pt-BR\",\"@id\":\"https:\/\/www.encontraitaquaquecetuba.com.br\/sobre\/#\/schema\/person\/image\/\",\"url\":\"https:\/\/secure.gravatar.com\/avatar\/f007732be0d27cbf8a336929fe922478?s=96&d=mm&r=g\",\"contentUrl\":\"https:\/\/secure.gravatar.com\/avatar\/f007732be0d27cbf8a336929fe922478?s=96&d=mm&r=g\",\"caption\":\"Encontra Itaquaquecetuba\"},\"sameAs\":[\"http:\/\/www.encontraitaquaquecetuba.com.br\"],\"url\":\"https:\/\/www.encontraitaquaquecetuba.com.br\/sobre\/author\/eitaquaquecetuba\/\"}]}<\/script>\n<!-- \/ Yoast SEO plugin. -->","yoast_head_json":{"title":"\u201cXVI Festival de M\u00fasica Sertaneja\u201d premia artistas em Itaquaquecetuba - Encontra Itaquaquecetuba","robots":{"index":"index","follow":"follow","max-snippet":"max-snippet:-1","max-image-preview":"max-image-preview:large","max-video-preview":"max-video-preview:-1"},"canonical":"https:\/\/www.encontraitaquaquecetuba.com.br\/sobre\/xvi-festival-de-musica-sertaneja-premia-artistas-em-itaquaquecetuba\/","og_locale":"pt_BR","og_type":"article","og_title":"\u201cXVI Festival de M\u00fasica Sertaneja\u201d premia artistas em Itaquaquecetuba - Encontra Itaquaquecetuba","og_description":"Foi realizado no \u00faltimo domingo (7), em Itaquaquecetuba, o \u201cXVI Festival de M\u00fasica Sertaneja\u201d.\u00a0O evento contou com as presen\u00e7as de diversas personalidades e consider\u00e1vel p\u00fablico. Segundo o secret\u00e1rio, Jandir Jorge Souto, o encontro teve por objetivo a divulga\u00e7\u00e3o e a socializa\u00e7\u00e3o de produ\u00e7\u00f5es musicais do g\u00eanero, funcionando tamb\u00e9m como fator de congrega\u00e7\u00e3o dos admiradores de m\u00fasica sertaneja. Apresentaram-se cantores solo, duplas e trios sertanejos, por vezes acompanhados de viol\u00e3o, viola, acordeon e\/ ou percuss\u00e3o. Os 35 concorrentes foram avaliados por uma comiss\u00e3o especializada, cujos jurados foram: Lindomar Ferreira (empres\u00e1rio, cantor e compositor, h\u00e1 mais de 30 anos parceiro em sucessos","og_url":"https:\/\/www.encontraitaquaquecetuba.com.br\/sobre\/xvi-festival-de-musica-sertaneja-premia-artistas-em-itaquaquecetuba\/","og_site_name":"Encontra Itaquaquecetuba","article_published_time":"2011-08-09T17:31:58+00:00","article_modified_time":"2021-09-13T15:21:55+00:00","author":"Encontra Itaquaquecetuba","twitter_card":"summary_large_image","twitter_misc":{"Escrito por":"Encontra Itaquaquecetuba","Est. tempo de leitura":"2 minutos"},"schema":{"@context":"https:\/\/schema.org","@graph":[{"@type":"WebPage","@id":"https:\/\/www.encontraitaquaquecetuba.com.br\/sobre\/xvi-festival-de-musica-sertaneja-premia-artistas-em-itaquaquecetuba\/","url":"https:\/\/www.encontraitaquaquecetuba.com.br\/sobre\/xvi-festival-de-musica-sertaneja-premia-artistas-em-itaquaquecetuba\/","name":"\u201cXVI Festival de M\u00fasica Sertaneja\u201d premia artistas em Itaquaquecetuba - Encontra Itaquaquecetuba","isPartOf":{"@id":"https:\/\/www.encontraitaquaquecetuba.com.br\/sobre\/#website"},"datePublished":"2011-08-09T17:31:58+00:00","dateModified":"2021-09-13T15:21:55+00:00","author":{"@id":"https:\/\/www.encontraitaquaquecetuba.com.br\/sobre\/#\/schema\/person\/a8a866dc746e447abf8ca22b02eae6ea"},"breadcrumb":{"@id":"https:\/\/www.encontraitaquaquecetuba.com.br\/sobre\/xvi-festival-de-musica-sertaneja-premia-artistas-em-itaquaquecetuba\/#breadcrumb"},"inLanguage":"pt-BR","potentialAction":[{"@type":"ReadAction","target":["https:\/\/www.encontraitaquaquecetuba.com.br\/sobre\/xvi-festival-de-musica-sertaneja-premia-artistas-em-itaquaquecetuba\/"]}]},{"@type":"BreadcrumbList","@id":"https:\/\/www.encontraitaquaquecetuba.com.br\/sobre\/xvi-festival-de-musica-sertaneja-premia-artistas-em-itaquaquecetuba\/#breadcrumb","itemListElement":[{"@type":"ListItem","position":1,"name":"In\u00edcio","item":"https:\/\/www.encontraitaquaquecetuba.com.br\/sobre\/"},{"@type":"ListItem","position":2,"name":"\u201cXVI Festival de M\u00fasica Sertaneja\u201d premia artistas em Itaquaquecetuba"}]},{"@type":"WebSite","@id":"https:\/\/www.encontraitaquaquecetuba.com.br\/sobre\/#website","url":"https:\/\/www.encontraitaquaquecetuba.com.br\/sobre\/","name":"Encontra Itaquaquecetuba","description":"Not\u00edcias, eventos, informa\u00e7\u00f5es e dicas na cidade de Itaquaquecetuba e regi\u00e3o","potentialAction":[{"@type":"SearchAction","target":{"@type":"EntryPoint","urlTemplate":"https:\/\/www.encontraitaquaquecetuba.com.br\/sobre\/?s={search_term_string}"},"query-input":"required name=search_term_string"}],"inLanguage":"pt-BR"},{"@type":"Person","@id":"https:\/\/www.encontraitaquaquecetuba.com.br\/sobre\/#\/schema\/person\/a8a866dc746e447abf8ca22b02eae6ea","name":"Encontra Itaquaquecetuba","image":{"@type":"ImageObject","inLanguage":"pt-BR","@id":"https:\/\/www.encontraitaquaquecetuba.com.br\/sobre\/#\/schema\/person\/image\/","url":"https:\/\/secure.gravatar.com\/avatar\/f007732be0d27cbf8a336929fe922478?s=96&d=mm&r=g","contentUrl":"https:\/\/secure.gravatar.com\/avatar\/f007732be0d27cbf8a336929fe922478?s=96&d=mm&r=g","caption":"Encontra Itaquaquecetuba"},"sameAs":["http:\/\/www.encontraitaquaquecetuba.com.br"],"url":"https:\/\/www.encontraitaquaquecetuba.com.br\/sobre\/author\/eitaquaquecetuba\/"}]}},"_links":{"self":[{"href":"https:\/\/www.encontraitaquaquecetuba.com.br\/sobre\/wp-json\/wp\/v2\/posts\/106"}],"collection":[{"href":"https:\/\/www.encontraitaquaquecetuba.com.br\/sobre\/wp-json\/wp\/v2\/posts"}],"about":[{"href":"https:\/\/www.encontraitaquaquecetuba.com.br\/sobre\/wp-json\/wp\/v2\/types\/post"}],"author":[{"embeddable":true,"href":"https:\/\/www.encontraitaquaquecetuba.com.br\/sobre\/wp-json\/wp\/v2\/users\/1"}],"replies":[{"embeddable":true,"href":"https:\/\/www.encontraitaquaquecetuba.com.br\/sobre\/wp-json\/wp\/v2\/comments?post=106"}],"version-history":[{"count":0,"href":"https:\/\/www.encontraitaquaquecetuba.com.br\/sobre\/wp-json\/wp\/v2\/posts\/106\/revisions"}],"wp:attachment":[{"href":"https:\/\/www.encontraitaquaquecetuba.com.br\/sobre\/wp-json\/wp\/v2\/media?parent=106"}],"wp:term":[{"taxonomy":"category","embeddable":true,"href":"https:\/\/www.encontraitaquaquecetuba.com.br\/sobre\/wp-json\/wp\/v2\/categories?post=106"},{"taxonomy":"post_tag","embeddable":true,"href":"https:\/\/www.encontraitaquaquecetuba.com.br\/sobre\/wp-json\/wp\/v2\/tags?post=106"}],"curies":[{"name":"wp","href":"https:\/\/api.w.org\/{rel}","templated":true}]}}