{"id":1070,"date":"2013-05-20T17:07:12","date_gmt":"2013-05-20T17:07:12","guid":{"rendered":"http:\/\/www.encontraitaquaquecetuba.com.br\/noticias\/?p=1070"},"modified":"2013-08-14T04:51:07","modified_gmt":"2013-08-14T04:51:07","slug":"greve-aumenta-demanda-em-hospitais-de-itaquaquecetuba-e-poa","status":"publish","type":"post","link":"https:\/\/www.encontraitaquaquecetuba.com.br\/sobre\/greve-aumenta-demanda-em-hospitais-de-itaquaquecetuba-e-poa\/","title":{"rendered":"Greve aumenta demanda em hospitais de Itaquaquecetuba e Po\u00e1"},"content":{"rendered":"<div class=\"80eb2665678f8e3864bb9a528523815b\" data-index=\"1\" style=\"float: none; margin:5px 0 5px 0; text-align:center;\">\n<!-- PUB 73 - Responsivo Horizontal -->\r\n<ins class=\"adsbygoogle\"\r\n     style=\"display:block\"\r\n     data-ad-client=\"ca-pub-7321736592693252\"\r\n     data-ad-slot=\"3087950420\"\r\n     data-ad-format=\"auto\"\r\n     data-full-width-responsive=\"true\"><\/ins>\r\n<script>\r\n     (adsbygoogle = window.adsbygoogle || []).push({});\r\n<\/script>\n<\/div>\n<p>A greve no Hospital Regional de Ferraz de Vasconcelos que j\u00e1 dura 15 dias tem afetado o movimento nos hospitais municipais de Itaquaquecetuba e Po\u00e1. Os ambulat\u00f3rios come\u00e7aram a receber um grande movimento de pacientes vindos de cidades vizinhas. Uma situa\u00e7\u00e3o parecida com o que tem ocorrido nos postos de sa\u00fade de Ferraz de Vasconcelos, que tamb\u00e9m est\u00e3o lotados.<\/p>\n<p>As filas s\u00e3o maiores na \u00e1rea de consult\u00f3rios. A m\u00e9dia de atendimentos no hospital na cidade de Itaquaquecectuba era 800 por dia. Este n\u00famero agora subiu para mil. Segundo os pacientes, o problema nem \u00e9 a falta de m\u00e9dico, mas sim a grande quantidade de pessoas. Por causa disso, as consultas demoram. &#8220;Tem muita gente e n\u00f3s demoramos demais para passar com o m\u00e9dico&#8221;, disse a dona de casa Nicilene de Moraes.<\/p>\n<p>Por enquanto, cada plant\u00e3o tem seis m\u00e9dicos. A estrutura foi montada para atender a popula\u00e7\u00e3o da cidade, mas por causa da greve nos hospitais estaduais, esse aumento no atendimento pode comprometer o servi\u00e7o, segundo a <a title=\"Prefeitura de Itaquaquecetuba\" href=\"http:\/\/www.encontraitaquaquecetuba.com.br\/itaquaquecetuba\/prefeitura-itaquaquecetuba.shtml\" target=\"_blank\">Prefeitura de Itaquaquecetuba<\/a>. O diretor da Secretaria de Sa\u00fade de Itaquaquecetuba, Glauco Spina, informou que o munic\u00edpio j\u00e1 est\u00e1 na capacidade m\u00e1xima. &#8220;A capacidade nossa j\u00e1 estava ao m\u00e1ximo antes da greve e agora \u00e9 equacionar para tentar atender todos&#8221;, diz.<\/p>\n<p>Na cidade de Po\u00e1, no Hospital Guido Guida, que \u00e9 administrado pelo munic\u00edpio, pacientes ficam esperando do lado de fora. Muita dessas pessoas v\u00eam de outras cidades, onde os funcion\u00e1rios dos hospitais est\u00e3o em greve.<\/p>\n<p>A recepcionista Elen Cristina Pereira tentou atendimento em outros munic\u00edpios antes de ir para Po\u00e1. &#8220;T\u00e1 muito cheio, muita crian\u00e7a. As enfermeiras falam para a gente procurar outro hospital que atenda mais r\u00e1pido&#8221;. Durante a manh\u00e3 desta quinta-feira (16), apenas dois m\u00e9dicos faziam o atendimento. E mesmo quem conseguiu preencher a ficha foi informado que n\u00e3o era garantida a consulta. &#8220;Est\u00e3o dizendo que \u00e9 s\u00f3 com urg\u00eancia. Eu n\u00e3o sei se vou conseguir, s\u00f3 t\u00f4 esperando&#8221;, disse a vendedora Gic\u00e9lia Aparecida Pereira.<\/p>\n<p>O governo do Estado j\u00e1 est\u00e1 tomando algumas provid\u00eancias para tentar conter a greve. Nesta quinta-feira, a Secretaria Estadual da Sa\u00fade anunciou que cortou o cart\u00e3o de ponto dos funcion\u00e1rios do hospital de Ferraz de Vasconcelos que est\u00e3o parados. Eles estariam prejudicando o atendimento a popula\u00e7\u00e3o. Isso deve refletir em um desconto de 50% na folha de pagamento.<\/p>\n<p>De acordo com o Sindicato dos Servidores da Sa\u00fade, na regi\u00e3o, mesmo com essa decis\u00e3o do governo do Estado, a paralisa\u00e7\u00e3o deve continuar.<\/p>\n<p><em>Fonte: G1<\/em><\/p>\n\n<div style=\"font-size: 0px; height: 0px; line-height: 0px; margin: 0; padding: 0; clear: both;\"><\/div>","protected":false},"excerpt":{"rendered":"<p>A greve no Hospital Regional de Ferraz de Vasconcelos que j\u00e1 dura 15 dias tem afetado o movimento nos hospitais municipais de Itaquaquecetuba e Po\u00e1. Os ambulat\u00f3rios come\u00e7aram a receber um grande movimento de pacientes vindos de cidades vizinhas. Uma situa\u00e7\u00e3o parecida com o que tem ocorrido nos postos de sa\u00fade de Ferraz de Vasconcelos, que tamb\u00e9m est\u00e3o lotados. As filas s\u00e3o maiores na \u00e1rea de consult\u00f3rios. A m\u00e9dia de atendimentos no hospital na cidade de Itaquaquecectuba era 800 por dia. Este n\u00famero agora subiu para mil. Segundo os pacientes, o problema nem \u00e9 a falta de m\u00e9dico, mas sim <\/p>\n","protected":false},"author":1,"featured_media":0,"comment_status":"open","ping_status":"open","sticky":false,"template":"","format":"standard","meta":[],"categories":[6],"tags":[],"yoast_head":"<!-- This site is optimized with the Yoast SEO plugin v19.6.1 - https:\/\/yoast.com\/wordpress\/plugins\/seo\/ -->\n<title>Greve aumenta demanda em hospitais de Itaquaquecetuba e Po\u00e1 - Encontra Itaquaquecetuba<\/title>\n<meta name=\"robots\" content=\"index, follow, max-snippet:-1, max-image-preview:large, max-video-preview:-1\" \/>\n<link rel=\"canonical\" href=\"https:\/\/www.encontraitaquaquecetuba.com.br\/sobre\/greve-aumenta-demanda-em-hospitais-de-itaquaquecetuba-e-poa\/\" \/>\n<meta property=\"og:locale\" content=\"pt_BR\" \/>\n<meta property=\"og:type\" content=\"article\" \/>\n<meta property=\"og:title\" content=\"Greve aumenta demanda em hospitais de Itaquaquecetuba e Po\u00e1 - Encontra Itaquaquecetuba\" \/>\n<meta property=\"og:description\" content=\"A greve no Hospital Regional de Ferraz de Vasconcelos que j\u00e1 dura 15 dias tem afetado o movimento nos hospitais municipais de Itaquaquecetuba e Po\u00e1. Os ambulat\u00f3rios come\u00e7aram a receber um grande movimento de pacientes vindos de cidades vizinhas. Uma situa\u00e7\u00e3o parecida com o que tem ocorrido nos postos de sa\u00fade de Ferraz de Vasconcelos, que tamb\u00e9m est\u00e3o lotados. As filas s\u00e3o maiores na \u00e1rea de consult\u00f3rios. A m\u00e9dia de atendimentos no hospital na cidade de Itaquaquecectuba era 800 por dia. Este n\u00famero agora subiu para mil. Segundo os pacientes, o problema nem \u00e9 a falta de m\u00e9dico, mas sim\" \/>\n<meta property=\"og:url\" content=\"https:\/\/www.encontraitaquaquecetuba.com.br\/sobre\/greve-aumenta-demanda-em-hospitais-de-itaquaquecetuba-e-poa\/\" \/>\n<meta property=\"og:site_name\" content=\"Encontra Itaquaquecetuba\" \/>\n<meta property=\"article:published_time\" content=\"2013-05-20T17:07:12+00:00\" \/>\n<meta property=\"article:modified_time\" content=\"2013-08-14T04:51:07+00:00\" \/>\n<meta name=\"author\" content=\"Encontra Itaquaquecetuba\" \/>\n<meta name=\"twitter:card\" content=\"summary_large_image\" \/>\n<meta name=\"twitter:label1\" content=\"Escrito por\" \/>\n\t<meta name=\"twitter:data1\" content=\"Encontra Itaquaquecetuba\" \/>\n\t<meta name=\"twitter:label2\" content=\"Est. tempo de leitura\" \/>\n\t<meta name=\"twitter:data2\" content=\"2 minutos\" \/>\n<script type=\"application\/ld+json\" class=\"yoast-schema-graph\">{\"@context\":\"https:\/\/schema.org\",\"@graph\":[{\"@type\":\"WebPage\",\"@id\":\"https:\/\/www.encontraitaquaquecetuba.com.br\/sobre\/greve-aumenta-demanda-em-hospitais-de-itaquaquecetuba-e-poa\/\",\"url\":\"https:\/\/www.encontraitaquaquecetuba.com.br\/sobre\/greve-aumenta-demanda-em-hospitais-de-itaquaquecetuba-e-poa\/\",\"name\":\"Greve aumenta demanda em hospitais de Itaquaquecetuba e Po\u00e1 - Encontra Itaquaquecetuba\",\"isPartOf\":{\"@id\":\"https:\/\/www.encontraitaquaquecetuba.com.br\/sobre\/#website\"},\"datePublished\":\"2013-05-20T17:07:12+00:00\",\"dateModified\":\"2013-08-14T04:51:07+00:00\",\"author\":{\"@id\":\"https:\/\/www.encontraitaquaquecetuba.com.br\/sobre\/#\/schema\/person\/a8a866dc746e447abf8ca22b02eae6ea\"},\"breadcrumb\":{\"@id\":\"https:\/\/www.encontraitaquaquecetuba.com.br\/sobre\/greve-aumenta-demanda-em-hospitais-de-itaquaquecetuba-e-poa\/#breadcrumb\"},\"inLanguage\":\"pt-BR\",\"potentialAction\":[{\"@type\":\"ReadAction\",\"target\":[\"https:\/\/www.encontraitaquaquecetuba.com.br\/sobre\/greve-aumenta-demanda-em-hospitais-de-itaquaquecetuba-e-poa\/\"]}]},{\"@type\":\"BreadcrumbList\",\"@id\":\"https:\/\/www.encontraitaquaquecetuba.com.br\/sobre\/greve-aumenta-demanda-em-hospitais-de-itaquaquecetuba-e-poa\/#breadcrumb\",\"itemListElement\":[{\"@type\":\"ListItem\",\"position\":1,\"name\":\"In\u00edcio\",\"item\":\"https:\/\/www.encontraitaquaquecetuba.com.br\/sobre\/\"},{\"@type\":\"ListItem\",\"position\":2,\"name\":\"Greve aumenta demanda em hospitais de Itaquaquecetuba e Po\u00e1\"}]},{\"@type\":\"WebSite\",\"@id\":\"https:\/\/www.encontraitaquaquecetuba.com.br\/sobre\/#website\",\"url\":\"https:\/\/www.encontraitaquaquecetuba.com.br\/sobre\/\",\"name\":\"Encontra Itaquaquecetuba\",\"description\":\"Not\u00edcias, eventos, informa\u00e7\u00f5es e dicas na cidade de Itaquaquecetuba e regi\u00e3o\",\"potentialAction\":[{\"@type\":\"SearchAction\",\"target\":{\"@type\":\"EntryPoint\",\"urlTemplate\":\"https:\/\/www.encontraitaquaquecetuba.com.br\/sobre\/?s={search_term_string}\"},\"query-input\":\"required name=search_term_string\"}],\"inLanguage\":\"pt-BR\"},{\"@type\":\"Person\",\"@id\":\"https:\/\/www.encontraitaquaquecetuba.com.br\/sobre\/#\/schema\/person\/a8a866dc746e447abf8ca22b02eae6ea\",\"name\":\"Encontra Itaquaquecetuba\",\"image\":{\"@type\":\"ImageObject\",\"inLanguage\":\"pt-BR\",\"@id\":\"https:\/\/www.encontraitaquaquecetuba.com.br\/sobre\/#\/schema\/person\/image\/\",\"url\":\"https:\/\/secure.gravatar.com\/avatar\/f007732be0d27cbf8a336929fe922478?s=96&d=mm&r=g\",\"contentUrl\":\"https:\/\/secure.gravatar.com\/avatar\/f007732be0d27cbf8a336929fe922478?s=96&d=mm&r=g\",\"caption\":\"Encontra Itaquaquecetuba\"},\"sameAs\":[\"http:\/\/www.encontraitaquaquecetuba.com.br\"],\"url\":\"https:\/\/www.encontraitaquaquecetuba.com.br\/sobre\/author\/eitaquaquecetuba\/\"}]}<\/script>\n<!-- \/ Yoast SEO plugin. -->","yoast_head_json":{"title":"Greve aumenta demanda em hospitais de Itaquaquecetuba e Po\u00e1 - Encontra Itaquaquecetuba","robots":{"index":"index","follow":"follow","max-snippet":"max-snippet:-1","max-image-preview":"max-image-preview:large","max-video-preview":"max-video-preview:-1"},"canonical":"https:\/\/www.encontraitaquaquecetuba.com.br\/sobre\/greve-aumenta-demanda-em-hospitais-de-itaquaquecetuba-e-poa\/","og_locale":"pt_BR","og_type":"article","og_title":"Greve aumenta demanda em hospitais de Itaquaquecetuba e Po\u00e1 - Encontra Itaquaquecetuba","og_description":"A greve no Hospital Regional de Ferraz de Vasconcelos que j\u00e1 dura 15 dias tem afetado o movimento nos hospitais municipais de Itaquaquecetuba e Po\u00e1. Os ambulat\u00f3rios come\u00e7aram a receber um grande movimento de pacientes vindos de cidades vizinhas. Uma situa\u00e7\u00e3o parecida com o que tem ocorrido nos postos de sa\u00fade de Ferraz de Vasconcelos, que tamb\u00e9m est\u00e3o lotados. As filas s\u00e3o maiores na \u00e1rea de consult\u00f3rios. A m\u00e9dia de atendimentos no hospital na cidade de Itaquaquecectuba era 800 por dia. Este n\u00famero agora subiu para mil. Segundo os pacientes, o problema nem \u00e9 a falta de m\u00e9dico, mas sim","og_url":"https:\/\/www.encontraitaquaquecetuba.com.br\/sobre\/greve-aumenta-demanda-em-hospitais-de-itaquaquecetuba-e-poa\/","og_site_name":"Encontra Itaquaquecetuba","article_published_time":"2013-05-20T17:07:12+00:00","article_modified_time":"2013-08-14T04:51:07+00:00","author":"Encontra Itaquaquecetuba","twitter_card":"summary_large_image","twitter_misc":{"Escrito por":"Encontra Itaquaquecetuba","Est. tempo de leitura":"2 minutos"},"schema":{"@context":"https:\/\/schema.org","@graph":[{"@type":"WebPage","@id":"https:\/\/www.encontraitaquaquecetuba.com.br\/sobre\/greve-aumenta-demanda-em-hospitais-de-itaquaquecetuba-e-poa\/","url":"https:\/\/www.encontraitaquaquecetuba.com.br\/sobre\/greve-aumenta-demanda-em-hospitais-de-itaquaquecetuba-e-poa\/","name":"Greve aumenta demanda em hospitais de Itaquaquecetuba e Po\u00e1 - Encontra Itaquaquecetuba","isPartOf":{"@id":"https:\/\/www.encontraitaquaquecetuba.com.br\/sobre\/#website"},"datePublished":"2013-05-20T17:07:12+00:00","dateModified":"2013-08-14T04:51:07+00:00","author":{"@id":"https:\/\/www.encontraitaquaquecetuba.com.br\/sobre\/#\/schema\/person\/a8a866dc746e447abf8ca22b02eae6ea"},"breadcrumb":{"@id":"https:\/\/www.encontraitaquaquecetuba.com.br\/sobre\/greve-aumenta-demanda-em-hospitais-de-itaquaquecetuba-e-poa\/#breadcrumb"},"inLanguage":"pt-BR","potentialAction":[{"@type":"ReadAction","target":["https:\/\/www.encontraitaquaquecetuba.com.br\/sobre\/greve-aumenta-demanda-em-hospitais-de-itaquaquecetuba-e-poa\/"]}]},{"@type":"BreadcrumbList","@id":"https:\/\/www.encontraitaquaquecetuba.com.br\/sobre\/greve-aumenta-demanda-em-hospitais-de-itaquaquecetuba-e-poa\/#breadcrumb","itemListElement":[{"@type":"ListItem","position":1,"name":"In\u00edcio","item":"https:\/\/www.encontraitaquaquecetuba.com.br\/sobre\/"},{"@type":"ListItem","position":2,"name":"Greve aumenta demanda em hospitais de Itaquaquecetuba e Po\u00e1"}]},{"@type":"WebSite","@id":"https:\/\/www.encontraitaquaquecetuba.com.br\/sobre\/#website","url":"https:\/\/www.encontraitaquaquecetuba.com.br\/sobre\/","name":"Encontra Itaquaquecetuba","description":"Not\u00edcias, eventos, informa\u00e7\u00f5es e dicas na cidade de Itaquaquecetuba e regi\u00e3o","potentialAction":[{"@type":"SearchAction","target":{"@type":"EntryPoint","urlTemplate":"https:\/\/www.encontraitaquaquecetuba.com.br\/sobre\/?s={search_term_string}"},"query-input":"required name=search_term_string"}],"inLanguage":"pt-BR"},{"@type":"Person","@id":"https:\/\/www.encontraitaquaquecetuba.com.br\/sobre\/#\/schema\/person\/a8a866dc746e447abf8ca22b02eae6ea","name":"Encontra Itaquaquecetuba","image":{"@type":"ImageObject","inLanguage":"pt-BR","@id":"https:\/\/www.encontraitaquaquecetuba.com.br\/sobre\/#\/schema\/person\/image\/","url":"https:\/\/secure.gravatar.com\/avatar\/f007732be0d27cbf8a336929fe922478?s=96&d=mm&r=g","contentUrl":"https:\/\/secure.gravatar.com\/avatar\/f007732be0d27cbf8a336929fe922478?s=96&d=mm&r=g","caption":"Encontra Itaquaquecetuba"},"sameAs":["http:\/\/www.encontraitaquaquecetuba.com.br"],"url":"https:\/\/www.encontraitaquaquecetuba.com.br\/sobre\/author\/eitaquaquecetuba\/"}]}},"_links":{"self":[{"href":"https:\/\/www.encontraitaquaquecetuba.com.br\/sobre\/wp-json\/wp\/v2\/posts\/1070"}],"collection":[{"href":"https:\/\/www.encontraitaquaquecetuba.com.br\/sobre\/wp-json\/wp\/v2\/posts"}],"about":[{"href":"https:\/\/www.encontraitaquaquecetuba.com.br\/sobre\/wp-json\/wp\/v2\/types\/post"}],"author":[{"embeddable":true,"href":"https:\/\/www.encontraitaquaquecetuba.com.br\/sobre\/wp-json\/wp\/v2\/users\/1"}],"replies":[{"embeddable":true,"href":"https:\/\/www.encontraitaquaquecetuba.com.br\/sobre\/wp-json\/wp\/v2\/comments?post=1070"}],"version-history":[{"count":0,"href":"https:\/\/www.encontraitaquaquecetuba.com.br\/sobre\/wp-json\/wp\/v2\/posts\/1070\/revisions"}],"wp:attachment":[{"href":"https:\/\/www.encontraitaquaquecetuba.com.br\/sobre\/wp-json\/wp\/v2\/media?parent=1070"}],"wp:term":[{"taxonomy":"category","embeddable":true,"href":"https:\/\/www.encontraitaquaquecetuba.com.br\/sobre\/wp-json\/wp\/v2\/categories?post=1070"},{"taxonomy":"post_tag","embeddable":true,"href":"https:\/\/www.encontraitaquaquecetuba.com.br\/sobre\/wp-json\/wp\/v2\/tags?post=1070"}],"curies":[{"name":"wp","href":"https:\/\/api.w.org\/{rel}","templated":true}]}}