{"id":1084,"date":"2013-06-04T18:26:54","date_gmt":"2013-06-04T18:26:54","guid":{"rendered":"http:\/\/www.encontraitaquaquecetuba.com.br\/noticias\/?p=1084"},"modified":"2013-08-14T04:51:06","modified_gmt":"2013-08-14T04:51:06","slug":"funcionarios-da-sabesp-em-itaquaquecetuba-estao-em-greve","status":"publish","type":"post","link":"https:\/\/www.encontraitaquaquecetuba.com.br\/sobre\/funcionarios-da-sabesp-em-itaquaquecetuba-estao-em-greve\/","title":{"rendered":"Funcion\u00e1rios da Sabesp em Itaquaquecetuba est\u00e3o em greve"},"content":{"rendered":"<div class=\"80eb2665678f8e3864bb9a528523815b\" data-index=\"1\" style=\"float: none; margin:5px 0 5px 0; text-align:center;\">\n<!-- PUB 73 - Responsivo Horizontal -->\r\n<ins class=\"adsbygoogle\"\r\n     style=\"display:block\"\r\n     data-ad-client=\"ca-pub-7321736592693252\"\r\n     data-ad-slot=\"3087950420\"\r\n     data-ad-format=\"auto\"\r\n     data-full-width-responsive=\"true\"><\/ins>\r\n<script>\r\n     (adsbygoogle = window.adsbygoogle || []).push({});\r\n<\/script>\n<\/div>\n<p>Os funcion\u00e1rios da Companhia de Saneamento B\u00e1sico do Estado de S\u00e3o Paulo (Sabesp) est\u00e3o em greve.<\/p>\n<p>Segundo o Sindicato dos Trabalhadores em Saneamento e Meio Ambiente de S\u00e3o Paulo (Sintaema), a mobiliza\u00e7\u00e3o no Alto Tiet\u00ea come\u00e7ou nesta ter\u00e7a-feira (4).<\/p>\n<p>O diretor regional do Sintaema, Jorge Lu\u00eds Aguiar, informou que a paralisa\u00e7\u00e3o atinge todo o Estado. Inclusive todo o setor leste da Sabesp que \u00e9 o respons\u00e1vel por atender as cidades do Alto Tiet\u00ea. O sindicato diz que a greve atinge 95% de todos os trabalhadores da companhia. A Sabesp confirmou a greve, mas n\u00e3o deu informa\u00e7\u00f5es sobre o percentual de ades\u00e3o.<\/p>\n<p>A companhia informou tamb\u00e9m que todos os servi\u00e7os essenciais de abastecimento de \u00e1gua e tratamento de esgoto ser\u00e3o mantidos. A popula\u00e7\u00e3o pode ser afetada pela paralisa\u00e7\u00e3o nos servi\u00e7os de atendimento ao p\u00fablico, como liga\u00e7\u00e3o de \u00e1gua, corre\u00e7\u00e3o do valor da fatura e notifica\u00e7\u00e3o do corte do servi\u00e7o.<\/p>\n<p>Uma das motiva\u00e7\u00f5es da greve \u00e9 o reajuste salarial. \u201cQueremos aumento real, retorno do adicional por tempo de servi\u00e7o e o fim do sal\u00e1rio regional. A empresa, apesar de praticar a mesma tarifa no Estado todo, paga 20% menos para os trabalhadores do interior, alegando que o custo de vida \u00e9 menor nessa regi\u00e3o. E isso n\u00e3o \u00e9 verdade\u201d, disse Aguiar.<\/p>\n<p>O servi\u00e7o na cidade de Itaquaquecetuba est\u00e1 suspenso at\u00e9 o fim da greve.<\/p>\n<p><em>Fonte: G1<\/em><\/p>\n\n<div style=\"font-size: 0px; height: 0px; line-height: 0px; margin: 0; padding: 0; clear: both;\"><\/div>","protected":false},"excerpt":{"rendered":"<p>Os funcion\u00e1rios da Companhia de Saneamento B\u00e1sico do Estado de S\u00e3o Paulo (Sabesp) est\u00e3o em greve. Segundo o Sindicato dos Trabalhadores em Saneamento e Meio Ambiente de S\u00e3o Paulo (Sintaema), a mobiliza\u00e7\u00e3o no Alto Tiet\u00ea come\u00e7ou nesta ter\u00e7a-feira (4). O diretor regional do Sintaema, Jorge Lu\u00eds Aguiar, informou que a paralisa\u00e7\u00e3o atinge todo o Estado. Inclusive todo o setor leste da Sabesp que \u00e9 o respons\u00e1vel por atender as cidades do Alto Tiet\u00ea. O sindicato diz que a greve atinge 95% de todos os trabalhadores da companhia. A Sabesp confirmou a greve, mas n\u00e3o deu informa\u00e7\u00f5es sobre o percentual de <\/p>\n","protected":false},"author":1,"featured_media":0,"comment_status":"open","ping_status":"open","sticky":false,"template":"","format":"standard","meta":[],"categories":[6],"tags":[],"yoast_head":"<!-- This site is optimized with the Yoast SEO plugin v19.6.1 - https:\/\/yoast.com\/wordpress\/plugins\/seo\/ -->\n<title>Funcion\u00e1rios da Sabesp em Itaquaquecetuba est\u00e3o em greve - Encontra Itaquaquecetuba<\/title>\n<meta name=\"robots\" content=\"index, follow, max-snippet:-1, max-image-preview:large, max-video-preview:-1\" \/>\n<link rel=\"canonical\" href=\"https:\/\/www.encontraitaquaquecetuba.com.br\/sobre\/funcionarios-da-sabesp-em-itaquaquecetuba-estao-em-greve\/\" \/>\n<meta property=\"og:locale\" content=\"pt_BR\" \/>\n<meta property=\"og:type\" content=\"article\" \/>\n<meta property=\"og:title\" content=\"Funcion\u00e1rios da Sabesp em Itaquaquecetuba est\u00e3o em greve - Encontra Itaquaquecetuba\" \/>\n<meta property=\"og:description\" content=\"Os funcion\u00e1rios da Companhia de Saneamento B\u00e1sico do Estado de S\u00e3o Paulo (Sabesp) est\u00e3o em greve. Segundo o Sindicato dos Trabalhadores em Saneamento e Meio Ambiente de S\u00e3o Paulo (Sintaema), a mobiliza\u00e7\u00e3o no Alto Tiet\u00ea come\u00e7ou nesta ter\u00e7a-feira (4). O diretor regional do Sintaema, Jorge Lu\u00eds Aguiar, informou que a paralisa\u00e7\u00e3o atinge todo o Estado. Inclusive todo o setor leste da Sabesp que \u00e9 o respons\u00e1vel por atender as cidades do Alto Tiet\u00ea. O sindicato diz que a greve atinge 95% de todos os trabalhadores da companhia. A Sabesp confirmou a greve, mas n\u00e3o deu informa\u00e7\u00f5es sobre o percentual de\" \/>\n<meta property=\"og:url\" content=\"https:\/\/www.encontraitaquaquecetuba.com.br\/sobre\/funcionarios-da-sabesp-em-itaquaquecetuba-estao-em-greve\/\" \/>\n<meta property=\"og:site_name\" content=\"Encontra Itaquaquecetuba\" \/>\n<meta property=\"article:published_time\" content=\"2013-06-04T18:26:54+00:00\" \/>\n<meta property=\"article:modified_time\" content=\"2013-08-14T04:51:06+00:00\" \/>\n<meta name=\"author\" content=\"Encontra Itaquaquecetuba\" \/>\n<meta name=\"twitter:card\" content=\"summary_large_image\" \/>\n<meta name=\"twitter:label1\" content=\"Escrito por\" \/>\n\t<meta name=\"twitter:data1\" content=\"Encontra Itaquaquecetuba\" \/>\n\t<meta name=\"twitter:label2\" content=\"Est. tempo de leitura\" \/>\n\t<meta name=\"twitter:data2\" content=\"1 minuto\" \/>\n<script type=\"application\/ld+json\" class=\"yoast-schema-graph\">{\"@context\":\"https:\/\/schema.org\",\"@graph\":[{\"@type\":\"WebPage\",\"@id\":\"https:\/\/www.encontraitaquaquecetuba.com.br\/sobre\/funcionarios-da-sabesp-em-itaquaquecetuba-estao-em-greve\/\",\"url\":\"https:\/\/www.encontraitaquaquecetuba.com.br\/sobre\/funcionarios-da-sabesp-em-itaquaquecetuba-estao-em-greve\/\",\"name\":\"Funcion\u00e1rios da Sabesp em Itaquaquecetuba est\u00e3o em greve - Encontra Itaquaquecetuba\",\"isPartOf\":{\"@id\":\"https:\/\/www.encontraitaquaquecetuba.com.br\/sobre\/#website\"},\"datePublished\":\"2013-06-04T18:26:54+00:00\",\"dateModified\":\"2013-08-14T04:51:06+00:00\",\"author\":{\"@id\":\"https:\/\/www.encontraitaquaquecetuba.com.br\/sobre\/#\/schema\/person\/a8a866dc746e447abf8ca22b02eae6ea\"},\"breadcrumb\":{\"@id\":\"https:\/\/www.encontraitaquaquecetuba.com.br\/sobre\/funcionarios-da-sabesp-em-itaquaquecetuba-estao-em-greve\/#breadcrumb\"},\"inLanguage\":\"pt-BR\",\"potentialAction\":[{\"@type\":\"ReadAction\",\"target\":[\"https:\/\/www.encontraitaquaquecetuba.com.br\/sobre\/funcionarios-da-sabesp-em-itaquaquecetuba-estao-em-greve\/\"]}]},{\"@type\":\"BreadcrumbList\",\"@id\":\"https:\/\/www.encontraitaquaquecetuba.com.br\/sobre\/funcionarios-da-sabesp-em-itaquaquecetuba-estao-em-greve\/#breadcrumb\",\"itemListElement\":[{\"@type\":\"ListItem\",\"position\":1,\"name\":\"In\u00edcio\",\"item\":\"https:\/\/www.encontraitaquaquecetuba.com.br\/sobre\/\"},{\"@type\":\"ListItem\",\"position\":2,\"name\":\"Funcion\u00e1rios da Sabesp em Itaquaquecetuba est\u00e3o em greve\"}]},{\"@type\":\"WebSite\",\"@id\":\"https:\/\/www.encontraitaquaquecetuba.com.br\/sobre\/#website\",\"url\":\"https:\/\/www.encontraitaquaquecetuba.com.br\/sobre\/\",\"name\":\"Encontra Itaquaquecetuba\",\"description\":\"Not\u00edcias, eventos, informa\u00e7\u00f5es e dicas na cidade de Itaquaquecetuba e regi\u00e3o\",\"potentialAction\":[{\"@type\":\"SearchAction\",\"target\":{\"@type\":\"EntryPoint\",\"urlTemplate\":\"https:\/\/www.encontraitaquaquecetuba.com.br\/sobre\/?s={search_term_string}\"},\"query-input\":\"required name=search_term_string\"}],\"inLanguage\":\"pt-BR\"},{\"@type\":\"Person\",\"@id\":\"https:\/\/www.encontraitaquaquecetuba.com.br\/sobre\/#\/schema\/person\/a8a866dc746e447abf8ca22b02eae6ea\",\"name\":\"Encontra Itaquaquecetuba\",\"image\":{\"@type\":\"ImageObject\",\"inLanguage\":\"pt-BR\",\"@id\":\"https:\/\/www.encontraitaquaquecetuba.com.br\/sobre\/#\/schema\/person\/image\/\",\"url\":\"https:\/\/secure.gravatar.com\/avatar\/f007732be0d27cbf8a336929fe922478?s=96&d=mm&r=g\",\"contentUrl\":\"https:\/\/secure.gravatar.com\/avatar\/f007732be0d27cbf8a336929fe922478?s=96&d=mm&r=g\",\"caption\":\"Encontra Itaquaquecetuba\"},\"sameAs\":[\"http:\/\/www.encontraitaquaquecetuba.com.br\"],\"url\":\"https:\/\/www.encontraitaquaquecetuba.com.br\/sobre\/author\/eitaquaquecetuba\/\"}]}<\/script>\n<!-- \/ Yoast SEO plugin. -->","yoast_head_json":{"title":"Funcion\u00e1rios da Sabesp em Itaquaquecetuba est\u00e3o em greve - Encontra Itaquaquecetuba","robots":{"index":"index","follow":"follow","max-snippet":"max-snippet:-1","max-image-preview":"max-image-preview:large","max-video-preview":"max-video-preview:-1"},"canonical":"https:\/\/www.encontraitaquaquecetuba.com.br\/sobre\/funcionarios-da-sabesp-em-itaquaquecetuba-estao-em-greve\/","og_locale":"pt_BR","og_type":"article","og_title":"Funcion\u00e1rios da Sabesp em Itaquaquecetuba est\u00e3o em greve - Encontra Itaquaquecetuba","og_description":"Os funcion\u00e1rios da Companhia de Saneamento B\u00e1sico do Estado de S\u00e3o Paulo (Sabesp) est\u00e3o em greve. Segundo o Sindicato dos Trabalhadores em Saneamento e Meio Ambiente de S\u00e3o Paulo (Sintaema), a mobiliza\u00e7\u00e3o no Alto Tiet\u00ea come\u00e7ou nesta ter\u00e7a-feira (4). O diretor regional do Sintaema, Jorge Lu\u00eds Aguiar, informou que a paralisa\u00e7\u00e3o atinge todo o Estado. Inclusive todo o setor leste da Sabesp que \u00e9 o respons\u00e1vel por atender as cidades do Alto Tiet\u00ea. O sindicato diz que a greve atinge 95% de todos os trabalhadores da companhia. A Sabesp confirmou a greve, mas n\u00e3o deu informa\u00e7\u00f5es sobre o percentual de","og_url":"https:\/\/www.encontraitaquaquecetuba.com.br\/sobre\/funcionarios-da-sabesp-em-itaquaquecetuba-estao-em-greve\/","og_site_name":"Encontra Itaquaquecetuba","article_published_time":"2013-06-04T18:26:54+00:00","article_modified_time":"2013-08-14T04:51:06+00:00","author":"Encontra Itaquaquecetuba","twitter_card":"summary_large_image","twitter_misc":{"Escrito por":"Encontra Itaquaquecetuba","Est. tempo de leitura":"1 minuto"},"schema":{"@context":"https:\/\/schema.org","@graph":[{"@type":"WebPage","@id":"https:\/\/www.encontraitaquaquecetuba.com.br\/sobre\/funcionarios-da-sabesp-em-itaquaquecetuba-estao-em-greve\/","url":"https:\/\/www.encontraitaquaquecetuba.com.br\/sobre\/funcionarios-da-sabesp-em-itaquaquecetuba-estao-em-greve\/","name":"Funcion\u00e1rios da Sabesp em Itaquaquecetuba est\u00e3o em greve - Encontra Itaquaquecetuba","isPartOf":{"@id":"https:\/\/www.encontraitaquaquecetuba.com.br\/sobre\/#website"},"datePublished":"2013-06-04T18:26:54+00:00","dateModified":"2013-08-14T04:51:06+00:00","author":{"@id":"https:\/\/www.encontraitaquaquecetuba.com.br\/sobre\/#\/schema\/person\/a8a866dc746e447abf8ca22b02eae6ea"},"breadcrumb":{"@id":"https:\/\/www.encontraitaquaquecetuba.com.br\/sobre\/funcionarios-da-sabesp-em-itaquaquecetuba-estao-em-greve\/#breadcrumb"},"inLanguage":"pt-BR","potentialAction":[{"@type":"ReadAction","target":["https:\/\/www.encontraitaquaquecetuba.com.br\/sobre\/funcionarios-da-sabesp-em-itaquaquecetuba-estao-em-greve\/"]}]},{"@type":"BreadcrumbList","@id":"https:\/\/www.encontraitaquaquecetuba.com.br\/sobre\/funcionarios-da-sabesp-em-itaquaquecetuba-estao-em-greve\/#breadcrumb","itemListElement":[{"@type":"ListItem","position":1,"name":"In\u00edcio","item":"https:\/\/www.encontraitaquaquecetuba.com.br\/sobre\/"},{"@type":"ListItem","position":2,"name":"Funcion\u00e1rios da Sabesp em Itaquaquecetuba est\u00e3o em greve"}]},{"@type":"WebSite","@id":"https:\/\/www.encontraitaquaquecetuba.com.br\/sobre\/#website","url":"https:\/\/www.encontraitaquaquecetuba.com.br\/sobre\/","name":"Encontra Itaquaquecetuba","description":"Not\u00edcias, eventos, informa\u00e7\u00f5es e dicas na cidade de Itaquaquecetuba e regi\u00e3o","potentialAction":[{"@type":"SearchAction","target":{"@type":"EntryPoint","urlTemplate":"https:\/\/www.encontraitaquaquecetuba.com.br\/sobre\/?s={search_term_string}"},"query-input":"required name=search_term_string"}],"inLanguage":"pt-BR"},{"@type":"Person","@id":"https:\/\/www.encontraitaquaquecetuba.com.br\/sobre\/#\/schema\/person\/a8a866dc746e447abf8ca22b02eae6ea","name":"Encontra Itaquaquecetuba","image":{"@type":"ImageObject","inLanguage":"pt-BR","@id":"https:\/\/www.encontraitaquaquecetuba.com.br\/sobre\/#\/schema\/person\/image\/","url":"https:\/\/secure.gravatar.com\/avatar\/f007732be0d27cbf8a336929fe922478?s=96&d=mm&r=g","contentUrl":"https:\/\/secure.gravatar.com\/avatar\/f007732be0d27cbf8a336929fe922478?s=96&d=mm&r=g","caption":"Encontra Itaquaquecetuba"},"sameAs":["http:\/\/www.encontraitaquaquecetuba.com.br"],"url":"https:\/\/www.encontraitaquaquecetuba.com.br\/sobre\/author\/eitaquaquecetuba\/"}]}},"_links":{"self":[{"href":"https:\/\/www.encontraitaquaquecetuba.com.br\/sobre\/wp-json\/wp\/v2\/posts\/1084"}],"collection":[{"href":"https:\/\/www.encontraitaquaquecetuba.com.br\/sobre\/wp-json\/wp\/v2\/posts"}],"about":[{"href":"https:\/\/www.encontraitaquaquecetuba.com.br\/sobre\/wp-json\/wp\/v2\/types\/post"}],"author":[{"embeddable":true,"href":"https:\/\/www.encontraitaquaquecetuba.com.br\/sobre\/wp-json\/wp\/v2\/users\/1"}],"replies":[{"embeddable":true,"href":"https:\/\/www.encontraitaquaquecetuba.com.br\/sobre\/wp-json\/wp\/v2\/comments?post=1084"}],"version-history":[{"count":0,"href":"https:\/\/www.encontraitaquaquecetuba.com.br\/sobre\/wp-json\/wp\/v2\/posts\/1084\/revisions"}],"wp:attachment":[{"href":"https:\/\/www.encontraitaquaquecetuba.com.br\/sobre\/wp-json\/wp\/v2\/media?parent=1084"}],"wp:term":[{"taxonomy":"category","embeddable":true,"href":"https:\/\/www.encontraitaquaquecetuba.com.br\/sobre\/wp-json\/wp\/v2\/categories?post=1084"},{"taxonomy":"post_tag","embeddable":true,"href":"https:\/\/www.encontraitaquaquecetuba.com.br\/sobre\/wp-json\/wp\/v2\/tags?post=1084"}],"curies":[{"name":"wp","href":"https:\/\/api.w.org\/{rel}","templated":true}]}}