{"id":1090,"date":"2013-06-11T01:46:25","date_gmt":"2013-06-11T01:46:25","guid":{"rendered":"http:\/\/www.encontraitaquaquecetuba.com.br\/noticias\/?p=1090"},"modified":"2013-08-14T04:50:57","modified_gmt":"2013-08-14T04:50:57","slug":"parada-gay-em-itaquaquecetuba-luta-por-igualdade-e-contra-preconceito","status":"publish","type":"post","link":"https:\/\/www.encontraitaquaquecetuba.com.br\/sobre\/parada-gay-em-itaquaquecetuba-luta-por-igualdade-e-contra-preconceito\/","title":{"rendered":"Parada Gay em Itaquaquecetuba luta por igualdade e contra preconceito"},"content":{"rendered":"<div class=\"80eb2665678f8e3864bb9a528523815b\" data-index=\"1\" style=\"float: none; margin:5px 0 5px 0; text-align:center;\">\n<!-- PUB 73 - Responsivo Horizontal -->\r\n<ins class=\"adsbygoogle\"\r\n     style=\"display:block\"\r\n     data-ad-client=\"ca-pub-7321736592693252\"\r\n     data-ad-slot=\"3087950420\"\r\n     data-ad-format=\"auto\"\r\n     data-full-width-responsive=\"true\"><\/ins>\r\n<script>\r\n     (adsbygoogle = window.adsbygoogle || []).push({});\r\n<\/script>\n<\/div>\n<p>&#8220;Mato 50 le\u00f5es por dia por causa do preconceito \u00e9 uma luta di\u00e1ria&#8221;. Um pouco afastado da multid\u00e3o colorida, que dan\u00e7ava e cantava animada, o professor M\u00e1rio Grego parece ser um representante daqueles que batalham no dia a dia pela igualdade de tratamento e pela Justi\u00e7a. &#8220;Est\u00e1 escrito na constitui\u00e7\u00e3o que somos iguais, mas eu n\u00e3o sou tratado como igual&#8221;, declara.<\/p>\n<p>Ele e o marido, Gledson Perrone, t\u00e9cnico de enfermagem, se declaram o primeiro casal a se casar no Estado de S\u00e3o Paulo. &#8220;Aconteceu de sermos os primeiros, casamos em agosto de 2012&#8221;, declara. Segundo M\u00e1rio, o casal est\u00e1 junto h\u00e1 10 anos e desde 2010 vive em uni\u00e3o est\u00e1vel. &#8220;O casamento foi uma conquista nossa e uma conquista coletiva, do Movimento LGBT&#8221;, diz.<\/p>\n<p>O casal veio da capital para prestigiar a Parada Gay em Itaquaquecetuba (SP). O evento na cidade Itaquaquecetuba foi realizado na tarde deste domingo (9) e, segundo a Secretaria de Cultura, reuniu cerca de 3,5 mil pessoas s\u00f3 na concentra\u00e7\u00e3o. Segundo o secret\u00e1rio de Cultura Marcus Vinicius de Menezes Lima, Itaquaquecetuba \u00e9 a \u00fanica a realizar a Parada Gay no Alto Tiet\u00ea.&#8221;\u00c9 importante respeitar a diversidade. Temos que atender e tratar o p\u00fablico LGBT como tratamos qualquer outro&#8221;, argumenta. De acordo com o secret\u00e1rio, a expectativa \u00e9 que 7 mil pessoas compare\u00e7am at\u00e9 o final do evento.<\/p>\n<p>Ao som de m\u00fasicas eletr\u00f4nicas, o funk &#8220;Show das Poderosas&#8221; e &#8220;I Will Survive&#8221;, o p\u00fablico saiu da concentra\u00e7\u00e3o por volta das 15h30 e caminhou pelas ruas da cidade em dire\u00e7\u00e3o \u00e0 Pra\u00e7a Padre Jo\u00e3o \u00c1lvares. Atr\u00e1s do Trio El\u00e9trico que agitava a multid\u00e3o, uma bandeira gigante com as cores do movimento chamava aten\u00e7\u00e3o por onde passava e tremulava de acordo com o gosto dos participantes que faziam quest\u00e3o de brincar com o tecido.<\/p>\n<p>Na Pra\u00e7a Padre Jo\u00e3o Alvares, no centro da cidade Itaquaquecetuba , um palco esperava os participantes que seguiram o trio el\u00e9trico. A festa tem programa\u00e7\u00e3o extensa at\u00e9 o final da noite, e deve ser encerrada com o show de L\u00e9o Aquila.<\/p>\n<p>De acordo com o coordenador geral do f\u00f3rum LGBT no Alto Tiet\u00ea, Ghe Santos, este tipo de evento \u00e9 essencial para dar visibilidade \u00e0 luta contra o preconceito. &#8220;N\u00e3o adianta a cidade lidar com estas quest\u00f5es s\u00f3 politicamente&#8221;, argumenta. &#8220;N\u00f3s temos que ir para as ruas. Eventos como este s\u00e3o essenciais para mostrar para a sociedade civil a nossa causa&#8221;. Segundo ele, este \u00e9 o s\u00e9timo ano da Parada Gay na cidade.<\/p>\n<p>O copeiro Lucas Lopes Ferreira comparece todos os anos ao evento e desta vez n\u00e3o foi diferente. &#8220;\u00c9 o quarto ano que compare\u00e7o&#8221;, explica. &#8220;A parada \u00e9 um grito de cidadania. Lutamos pela independ\u00eancia e lutamos por n\u00f3s mesmos&#8221;, destaca. J\u00e1 para o professor M\u00e1rio Grego, apesar dos avan\u00e7os que aconteceram na luta pela igualdade e contra o preconceito, o caminho ainda \u00e9 muito longo. &#8220;A briga \u00e9 gigante&#8221;, lamenta.<\/p>\n<p><em>Fonte: G1<\/em><\/p>\n\n<div style=\"font-size: 0px; height: 0px; line-height: 0px; margin: 0; padding: 0; clear: both;\"><\/div>","protected":false},"excerpt":{"rendered":"<p>&#8220;Mato 50 le\u00f5es por dia por causa do preconceito \u00e9 uma luta di\u00e1ria&#8221;. Um pouco afastado da multid\u00e3o colorida, que dan\u00e7ava e cantava animada, o professor M\u00e1rio Grego parece ser um representante daqueles que batalham no dia a dia pela igualdade de tratamento e pela Justi\u00e7a. &#8220;Est\u00e1 escrito na constitui\u00e7\u00e3o que somos iguais, mas eu n\u00e3o sou tratado como igual&#8221;, declara. Ele e o marido, Gledson Perrone, t\u00e9cnico de enfermagem, se declaram o primeiro casal a se casar no Estado de S\u00e3o Paulo. &#8220;Aconteceu de sermos os primeiros, casamos em agosto de 2012&#8221;, declara. Segundo M\u00e1rio, o casal est\u00e1 junto <\/p>\n","protected":false},"author":1,"featured_media":0,"comment_status":"open","ping_status":"open","sticky":false,"template":"","format":"standard","meta":[],"categories":[6],"tags":[],"yoast_head":"<!-- This site is optimized with the Yoast SEO plugin v19.6.1 - https:\/\/yoast.com\/wordpress\/plugins\/seo\/ -->\n<title>Parada Gay em Itaquaquecetuba luta por igualdade e contra preconceito - Encontra Itaquaquecetuba<\/title>\n<meta name=\"robots\" content=\"index, follow, max-snippet:-1, max-image-preview:large, max-video-preview:-1\" \/>\n<link rel=\"canonical\" href=\"https:\/\/www.encontraitaquaquecetuba.com.br\/sobre\/parada-gay-em-itaquaquecetuba-luta-por-igualdade-e-contra-preconceito\/\" \/>\n<meta property=\"og:locale\" content=\"pt_BR\" \/>\n<meta property=\"og:type\" content=\"article\" \/>\n<meta property=\"og:title\" content=\"Parada Gay em Itaquaquecetuba luta por igualdade e contra preconceito - Encontra Itaquaquecetuba\" \/>\n<meta property=\"og:description\" content=\"&#8220;Mato 50 le\u00f5es por dia por causa do preconceito \u00e9 uma luta di\u00e1ria&#8221;. Um pouco afastado da multid\u00e3o colorida, que dan\u00e7ava e cantava animada, o professor M\u00e1rio Grego parece ser um representante daqueles que batalham no dia a dia pela igualdade de tratamento e pela Justi\u00e7a. &#8220;Est\u00e1 escrito na constitui\u00e7\u00e3o que somos iguais, mas eu n\u00e3o sou tratado como igual&#8221;, declara. Ele e o marido, Gledson Perrone, t\u00e9cnico de enfermagem, se declaram o primeiro casal a se casar no Estado de S\u00e3o Paulo. &#8220;Aconteceu de sermos os primeiros, casamos em agosto de 2012&#8221;, declara. Segundo M\u00e1rio, o casal est\u00e1 junto\" \/>\n<meta property=\"og:url\" content=\"https:\/\/www.encontraitaquaquecetuba.com.br\/sobre\/parada-gay-em-itaquaquecetuba-luta-por-igualdade-e-contra-preconceito\/\" \/>\n<meta property=\"og:site_name\" content=\"Encontra Itaquaquecetuba\" \/>\n<meta property=\"article:published_time\" content=\"2013-06-11T01:46:25+00:00\" \/>\n<meta property=\"article:modified_time\" content=\"2013-08-14T04:50:57+00:00\" \/>\n<meta name=\"author\" content=\"Encontra Itaquaquecetuba\" \/>\n<meta name=\"twitter:card\" content=\"summary_large_image\" \/>\n<meta name=\"twitter:label1\" content=\"Escrito por\" \/>\n\t<meta name=\"twitter:data1\" content=\"Encontra Itaquaquecetuba\" \/>\n\t<meta name=\"twitter:label2\" content=\"Est. tempo de leitura\" \/>\n\t<meta name=\"twitter:data2\" content=\"3 minutos\" \/>\n<script type=\"application\/ld+json\" class=\"yoast-schema-graph\">{\"@context\":\"https:\/\/schema.org\",\"@graph\":[{\"@type\":\"WebPage\",\"@id\":\"https:\/\/www.encontraitaquaquecetuba.com.br\/sobre\/parada-gay-em-itaquaquecetuba-luta-por-igualdade-e-contra-preconceito\/\",\"url\":\"https:\/\/www.encontraitaquaquecetuba.com.br\/sobre\/parada-gay-em-itaquaquecetuba-luta-por-igualdade-e-contra-preconceito\/\",\"name\":\"Parada Gay em Itaquaquecetuba luta por igualdade e contra preconceito - Encontra Itaquaquecetuba\",\"isPartOf\":{\"@id\":\"https:\/\/www.encontraitaquaquecetuba.com.br\/sobre\/#website\"},\"datePublished\":\"2013-06-11T01:46:25+00:00\",\"dateModified\":\"2013-08-14T04:50:57+00:00\",\"author\":{\"@id\":\"https:\/\/www.encontraitaquaquecetuba.com.br\/sobre\/#\/schema\/person\/a8a866dc746e447abf8ca22b02eae6ea\"},\"breadcrumb\":{\"@id\":\"https:\/\/www.encontraitaquaquecetuba.com.br\/sobre\/parada-gay-em-itaquaquecetuba-luta-por-igualdade-e-contra-preconceito\/#breadcrumb\"},\"inLanguage\":\"pt-BR\",\"potentialAction\":[{\"@type\":\"ReadAction\",\"target\":[\"https:\/\/www.encontraitaquaquecetuba.com.br\/sobre\/parada-gay-em-itaquaquecetuba-luta-por-igualdade-e-contra-preconceito\/\"]}]},{\"@type\":\"BreadcrumbList\",\"@id\":\"https:\/\/www.encontraitaquaquecetuba.com.br\/sobre\/parada-gay-em-itaquaquecetuba-luta-por-igualdade-e-contra-preconceito\/#breadcrumb\",\"itemListElement\":[{\"@type\":\"ListItem\",\"position\":1,\"name\":\"In\u00edcio\",\"item\":\"https:\/\/www.encontraitaquaquecetuba.com.br\/sobre\/\"},{\"@type\":\"ListItem\",\"position\":2,\"name\":\"Parada Gay em Itaquaquecetuba luta por igualdade e contra preconceito\"}]},{\"@type\":\"WebSite\",\"@id\":\"https:\/\/www.encontraitaquaquecetuba.com.br\/sobre\/#website\",\"url\":\"https:\/\/www.encontraitaquaquecetuba.com.br\/sobre\/\",\"name\":\"Encontra Itaquaquecetuba\",\"description\":\"Not\u00edcias, eventos, informa\u00e7\u00f5es e dicas na cidade de Itaquaquecetuba e regi\u00e3o\",\"potentialAction\":[{\"@type\":\"SearchAction\",\"target\":{\"@type\":\"EntryPoint\",\"urlTemplate\":\"https:\/\/www.encontraitaquaquecetuba.com.br\/sobre\/?s={search_term_string}\"},\"query-input\":\"required name=search_term_string\"}],\"inLanguage\":\"pt-BR\"},{\"@type\":\"Person\",\"@id\":\"https:\/\/www.encontraitaquaquecetuba.com.br\/sobre\/#\/schema\/person\/a8a866dc746e447abf8ca22b02eae6ea\",\"name\":\"Encontra Itaquaquecetuba\",\"image\":{\"@type\":\"ImageObject\",\"inLanguage\":\"pt-BR\",\"@id\":\"https:\/\/www.encontraitaquaquecetuba.com.br\/sobre\/#\/schema\/person\/image\/\",\"url\":\"https:\/\/secure.gravatar.com\/avatar\/f007732be0d27cbf8a336929fe922478?s=96&d=mm&r=g\",\"contentUrl\":\"https:\/\/secure.gravatar.com\/avatar\/f007732be0d27cbf8a336929fe922478?s=96&d=mm&r=g\",\"caption\":\"Encontra Itaquaquecetuba\"},\"sameAs\":[\"http:\/\/www.encontraitaquaquecetuba.com.br\"],\"url\":\"https:\/\/www.encontraitaquaquecetuba.com.br\/sobre\/author\/eitaquaquecetuba\/\"}]}<\/script>\n<!-- \/ Yoast SEO plugin. -->","yoast_head_json":{"title":"Parada Gay em Itaquaquecetuba luta por igualdade e contra preconceito - Encontra Itaquaquecetuba","robots":{"index":"index","follow":"follow","max-snippet":"max-snippet:-1","max-image-preview":"max-image-preview:large","max-video-preview":"max-video-preview:-1"},"canonical":"https:\/\/www.encontraitaquaquecetuba.com.br\/sobre\/parada-gay-em-itaquaquecetuba-luta-por-igualdade-e-contra-preconceito\/","og_locale":"pt_BR","og_type":"article","og_title":"Parada Gay em Itaquaquecetuba luta por igualdade e contra preconceito - Encontra Itaquaquecetuba","og_description":"&#8220;Mato 50 le\u00f5es por dia por causa do preconceito \u00e9 uma luta di\u00e1ria&#8221;. Um pouco afastado da multid\u00e3o colorida, que dan\u00e7ava e cantava animada, o professor M\u00e1rio Grego parece ser um representante daqueles que batalham no dia a dia pela igualdade de tratamento e pela Justi\u00e7a. &#8220;Est\u00e1 escrito na constitui\u00e7\u00e3o que somos iguais, mas eu n\u00e3o sou tratado como igual&#8221;, declara. Ele e o marido, Gledson Perrone, t\u00e9cnico de enfermagem, se declaram o primeiro casal a se casar no Estado de S\u00e3o Paulo. &#8220;Aconteceu de sermos os primeiros, casamos em agosto de 2012&#8221;, declara. Segundo M\u00e1rio, o casal est\u00e1 junto","og_url":"https:\/\/www.encontraitaquaquecetuba.com.br\/sobre\/parada-gay-em-itaquaquecetuba-luta-por-igualdade-e-contra-preconceito\/","og_site_name":"Encontra Itaquaquecetuba","article_published_time":"2013-06-11T01:46:25+00:00","article_modified_time":"2013-08-14T04:50:57+00:00","author":"Encontra Itaquaquecetuba","twitter_card":"summary_large_image","twitter_misc":{"Escrito por":"Encontra Itaquaquecetuba","Est. tempo de leitura":"3 minutos"},"schema":{"@context":"https:\/\/schema.org","@graph":[{"@type":"WebPage","@id":"https:\/\/www.encontraitaquaquecetuba.com.br\/sobre\/parada-gay-em-itaquaquecetuba-luta-por-igualdade-e-contra-preconceito\/","url":"https:\/\/www.encontraitaquaquecetuba.com.br\/sobre\/parada-gay-em-itaquaquecetuba-luta-por-igualdade-e-contra-preconceito\/","name":"Parada Gay em Itaquaquecetuba luta por igualdade e contra preconceito - Encontra Itaquaquecetuba","isPartOf":{"@id":"https:\/\/www.encontraitaquaquecetuba.com.br\/sobre\/#website"},"datePublished":"2013-06-11T01:46:25+00:00","dateModified":"2013-08-14T04:50:57+00:00","author":{"@id":"https:\/\/www.encontraitaquaquecetuba.com.br\/sobre\/#\/schema\/person\/a8a866dc746e447abf8ca22b02eae6ea"},"breadcrumb":{"@id":"https:\/\/www.encontraitaquaquecetuba.com.br\/sobre\/parada-gay-em-itaquaquecetuba-luta-por-igualdade-e-contra-preconceito\/#breadcrumb"},"inLanguage":"pt-BR","potentialAction":[{"@type":"ReadAction","target":["https:\/\/www.encontraitaquaquecetuba.com.br\/sobre\/parada-gay-em-itaquaquecetuba-luta-por-igualdade-e-contra-preconceito\/"]}]},{"@type":"BreadcrumbList","@id":"https:\/\/www.encontraitaquaquecetuba.com.br\/sobre\/parada-gay-em-itaquaquecetuba-luta-por-igualdade-e-contra-preconceito\/#breadcrumb","itemListElement":[{"@type":"ListItem","position":1,"name":"In\u00edcio","item":"https:\/\/www.encontraitaquaquecetuba.com.br\/sobre\/"},{"@type":"ListItem","position":2,"name":"Parada Gay em Itaquaquecetuba luta por igualdade e contra preconceito"}]},{"@type":"WebSite","@id":"https:\/\/www.encontraitaquaquecetuba.com.br\/sobre\/#website","url":"https:\/\/www.encontraitaquaquecetuba.com.br\/sobre\/","name":"Encontra Itaquaquecetuba","description":"Not\u00edcias, eventos, informa\u00e7\u00f5es e dicas na cidade de Itaquaquecetuba e regi\u00e3o","potentialAction":[{"@type":"SearchAction","target":{"@type":"EntryPoint","urlTemplate":"https:\/\/www.encontraitaquaquecetuba.com.br\/sobre\/?s={search_term_string}"},"query-input":"required name=search_term_string"}],"inLanguage":"pt-BR"},{"@type":"Person","@id":"https:\/\/www.encontraitaquaquecetuba.com.br\/sobre\/#\/schema\/person\/a8a866dc746e447abf8ca22b02eae6ea","name":"Encontra Itaquaquecetuba","image":{"@type":"ImageObject","inLanguage":"pt-BR","@id":"https:\/\/www.encontraitaquaquecetuba.com.br\/sobre\/#\/schema\/person\/image\/","url":"https:\/\/secure.gravatar.com\/avatar\/f007732be0d27cbf8a336929fe922478?s=96&d=mm&r=g","contentUrl":"https:\/\/secure.gravatar.com\/avatar\/f007732be0d27cbf8a336929fe922478?s=96&d=mm&r=g","caption":"Encontra Itaquaquecetuba"},"sameAs":["http:\/\/www.encontraitaquaquecetuba.com.br"],"url":"https:\/\/www.encontraitaquaquecetuba.com.br\/sobre\/author\/eitaquaquecetuba\/"}]}},"_links":{"self":[{"href":"https:\/\/www.encontraitaquaquecetuba.com.br\/sobre\/wp-json\/wp\/v2\/posts\/1090"}],"collection":[{"href":"https:\/\/www.encontraitaquaquecetuba.com.br\/sobre\/wp-json\/wp\/v2\/posts"}],"about":[{"href":"https:\/\/www.encontraitaquaquecetuba.com.br\/sobre\/wp-json\/wp\/v2\/types\/post"}],"author":[{"embeddable":true,"href":"https:\/\/www.encontraitaquaquecetuba.com.br\/sobre\/wp-json\/wp\/v2\/users\/1"}],"replies":[{"embeddable":true,"href":"https:\/\/www.encontraitaquaquecetuba.com.br\/sobre\/wp-json\/wp\/v2\/comments?post=1090"}],"version-history":[{"count":0,"href":"https:\/\/www.encontraitaquaquecetuba.com.br\/sobre\/wp-json\/wp\/v2\/posts\/1090\/revisions"}],"wp:attachment":[{"href":"https:\/\/www.encontraitaquaquecetuba.com.br\/sobre\/wp-json\/wp\/v2\/media?parent=1090"}],"wp:term":[{"taxonomy":"category","embeddable":true,"href":"https:\/\/www.encontraitaquaquecetuba.com.br\/sobre\/wp-json\/wp\/v2\/categories?post=1090"},{"taxonomy":"post_tag","embeddable":true,"href":"https:\/\/www.encontraitaquaquecetuba.com.br\/sobre\/wp-json\/wp\/v2\/tags?post=1090"}],"curies":[{"name":"wp","href":"https:\/\/api.w.org\/{rel}","templated":true}]}}