{"id":1113,"date":"2013-07-02T00:01:03","date_gmt":"2013-07-02T00:01:03","guid":{"rendered":"http:\/\/www.encontraitaquaquecetuba.com.br\/noticias\/?p=1113"},"modified":"2013-07-01T22:04:24","modified_gmt":"2013-07-01T22:04:24","slug":"sebrae-movel-fica-em-itaquaquecetuba-ate-5-de-julho","status":"publish","type":"post","link":"https:\/\/www.encontraitaquaquecetuba.com.br\/sobre\/sebrae-movel-fica-em-itaquaquecetuba-ate-5-de-julho\/","title":{"rendered":"Sebrae M\u00f3vel fica em Itaquaquecetuba at\u00e9 5 de julho"},"content":{"rendered":"<div class=\"80eb2665678f8e3864bb9a528523815b\" data-index=\"1\" style=\"float: none; margin:5px 0 5px 0; text-align:center;\">\n<!-- PUB 73 - Responsivo Horizontal -->\r\n<ins class=\"adsbygoogle\"\r\n     style=\"display:block\"\r\n     data-ad-client=\"ca-pub-7321736592693252\"\r\n     data-ad-slot=\"3087950420\"\r\n     data-ad-format=\"auto\"\r\n     data-full-width-responsive=\"true\"><\/ins>\r\n<script>\r\n     (adsbygoogle = window.adsbygoogle || []).push({});\r\n<\/script>\n<\/div>\n<p>Pequenos empres\u00e1rios ou aqueles que querem come\u00e7ar um neg\u00f3cio podem buscar orienta\u00e7\u00f5es no Sebrae M\u00f3vel em\u00a0Itaquaquecetuba\u00a0at\u00e9 sexta-feira (5). A unidade vai visitar quatro bairros do munic\u00edpio.<\/p>\n<p>O p\u00fablico vai encontrar dicas para formaliza\u00e7\u00e3o dos neg\u00f3cios ou para aperfei\u00e7oar a gest\u00e3o. Consultores v\u00e3o dar orienta\u00e7\u00f5es sobre marketing, finan\u00e7as, qualidade e administra\u00e7\u00e3o em quatro bairros: Parque S\u00e3o Pedro, Jardim Odete, Jardim Cayubi e Centro. O atendimento \u00e9 gratuito.<\/p>\n<p>De acordo com o Servi\u00e7o de Apoio \u00e0s Micro e Pequenas Empresas (Sebrae), os locais foram indicados pela Associa\u00e7\u00e3o Comercial de Itaquaquecetuba, em raz\u00e3o da alta concentra\u00e7\u00e3o de empreendimentos.<\/p>\n<p>O Sebrae M\u00f3vel \u00e9 um escrit\u00f3rio montado em uma van equipada com computadores, acesso \u00e0 Internet, ar-condicionado e materiais de divulga\u00e7\u00e3o do trabalho desenvolvido pelo Sebrae-SP.<\/p>\n<p>Esta \u00e9 a segunda vez que a unidade visita Itaquaquecetuba apenas no ano de 2013. No m\u00eas de maio, a unidade esteve no bairro Piratininga. Os empres\u00e1rios interessados podem obter mais informa\u00e7\u00f5es pelo telefone 4642-1116.<\/p>\n<p>Cronograma:<\/p>\n<p>2 de julho (ter\u00e7a-feira)<br \/>\nEndere\u00e7o: Estrada S\u00e3o Bento, 549, Jardim Odete<br \/>\nHor\u00e1rio: das 10h \u00e0s 16h<\/p>\n<p>3 de julho (quarta-feira)<br \/>\nEndere\u00e7o: Estrada dos \u00cdndios, 1124, Jardim Cayubi<br \/>\nHor\u00e1rio: das 10h \u00e0s 16h<\/p>\n<p>4 e 5 de julho (quinta e sexta-feira)<br \/>\nEndere\u00e7o: Pra\u00e7a Jo\u00e3o \u00c1lvares, Centro<br \/>\nHor\u00e1rio: das 10h \u00e0s 16h<\/p>\n<p><em>Fonte: G1<\/em><\/p>\n\n<div style=\"font-size: 0px; height: 0px; line-height: 0px; margin: 0; padding: 0; clear: both;\"><\/div>","protected":false},"excerpt":{"rendered":"<p>Pequenos empres\u00e1rios ou aqueles que querem come\u00e7ar um neg\u00f3cio podem buscar orienta\u00e7\u00f5es no Sebrae M\u00f3vel em\u00a0Itaquaquecetuba\u00a0at\u00e9 sexta-feira (5). A unidade vai visitar quatro bairros do munic\u00edpio. O p\u00fablico vai encontrar dicas para formaliza\u00e7\u00e3o dos neg\u00f3cios ou para aperfei\u00e7oar a gest\u00e3o. Consultores v\u00e3o dar orienta\u00e7\u00f5es sobre marketing, finan\u00e7as, qualidade e administra\u00e7\u00e3o em quatro bairros: Parque S\u00e3o Pedro, Jardim Odete, Jardim Cayubi e Centro. O atendimento \u00e9 gratuito. De acordo com o Servi\u00e7o de Apoio \u00e0s Micro e Pequenas Empresas (Sebrae), os locais foram indicados pela Associa\u00e7\u00e3o Comercial de Itaquaquecetuba, em raz\u00e3o da alta concentra\u00e7\u00e3o de empreendimentos. O Sebrae M\u00f3vel \u00e9 um <\/p>\n","protected":false},"author":1,"featured_media":0,"comment_status":"open","ping_status":"open","sticky":false,"template":"","format":"standard","meta":[],"categories":[6,8],"tags":[14],"yoast_head":"<!-- This site is optimized with the Yoast SEO plugin v19.6.1 - https:\/\/yoast.com\/wordpress\/plugins\/seo\/ -->\n<title>Sebrae M\u00f3vel fica em Itaquaquecetuba at\u00e9 5 de julho - Encontra Itaquaquecetuba<\/title>\n<meta name=\"robots\" content=\"index, follow, max-snippet:-1, max-image-preview:large, max-video-preview:-1\" \/>\n<link rel=\"canonical\" href=\"https:\/\/www.encontraitaquaquecetuba.com.br\/sobre\/sebrae-movel-fica-em-itaquaquecetuba-ate-5-de-julho\/\" \/>\n<meta property=\"og:locale\" content=\"pt_BR\" \/>\n<meta property=\"og:type\" content=\"article\" \/>\n<meta property=\"og:title\" content=\"Sebrae M\u00f3vel fica em Itaquaquecetuba at\u00e9 5 de julho - Encontra Itaquaquecetuba\" \/>\n<meta property=\"og:description\" content=\"Pequenos empres\u00e1rios ou aqueles que querem come\u00e7ar um neg\u00f3cio podem buscar orienta\u00e7\u00f5es no Sebrae M\u00f3vel em\u00a0Itaquaquecetuba\u00a0at\u00e9 sexta-feira (5). A unidade vai visitar quatro bairros do munic\u00edpio. O p\u00fablico vai encontrar dicas para formaliza\u00e7\u00e3o dos neg\u00f3cios ou para aperfei\u00e7oar a gest\u00e3o. Consultores v\u00e3o dar orienta\u00e7\u00f5es sobre marketing, finan\u00e7as, qualidade e administra\u00e7\u00e3o em quatro bairros: Parque S\u00e3o Pedro, Jardim Odete, Jardim Cayubi e Centro. O atendimento \u00e9 gratuito. De acordo com o Servi\u00e7o de Apoio \u00e0s Micro e Pequenas Empresas (Sebrae), os locais foram indicados pela Associa\u00e7\u00e3o Comercial de Itaquaquecetuba, em raz\u00e3o da alta concentra\u00e7\u00e3o de empreendimentos. O Sebrae M\u00f3vel \u00e9 um\" \/>\n<meta property=\"og:url\" content=\"https:\/\/www.encontraitaquaquecetuba.com.br\/sobre\/sebrae-movel-fica-em-itaquaquecetuba-ate-5-de-julho\/\" \/>\n<meta property=\"og:site_name\" content=\"Encontra Itaquaquecetuba\" \/>\n<meta property=\"article:published_time\" content=\"2013-07-02T00:01:03+00:00\" \/>\n<meta property=\"article:modified_time\" content=\"2013-07-01T22:04:24+00:00\" \/>\n<meta name=\"author\" content=\"Encontra Itaquaquecetuba\" \/>\n<meta name=\"twitter:card\" content=\"summary_large_image\" \/>\n<meta name=\"twitter:label1\" content=\"Escrito por\" \/>\n\t<meta name=\"twitter:data1\" content=\"Encontra Itaquaquecetuba\" \/>\n\t<meta name=\"twitter:label2\" content=\"Est. tempo de leitura\" \/>\n\t<meta name=\"twitter:data2\" content=\"1 minuto\" \/>\n<script type=\"application\/ld+json\" class=\"yoast-schema-graph\">{\"@context\":\"https:\/\/schema.org\",\"@graph\":[{\"@type\":\"WebPage\",\"@id\":\"https:\/\/www.encontraitaquaquecetuba.com.br\/sobre\/sebrae-movel-fica-em-itaquaquecetuba-ate-5-de-julho\/\",\"url\":\"https:\/\/www.encontraitaquaquecetuba.com.br\/sobre\/sebrae-movel-fica-em-itaquaquecetuba-ate-5-de-julho\/\",\"name\":\"Sebrae M\u00f3vel fica em Itaquaquecetuba at\u00e9 5 de julho - Encontra Itaquaquecetuba\",\"isPartOf\":{\"@id\":\"https:\/\/www.encontraitaquaquecetuba.com.br\/sobre\/#website\"},\"datePublished\":\"2013-07-02T00:01:03+00:00\",\"dateModified\":\"2013-07-01T22:04:24+00:00\",\"author\":{\"@id\":\"https:\/\/www.encontraitaquaquecetuba.com.br\/sobre\/#\/schema\/person\/a8a866dc746e447abf8ca22b02eae6ea\"},\"breadcrumb\":{\"@id\":\"https:\/\/www.encontraitaquaquecetuba.com.br\/sobre\/sebrae-movel-fica-em-itaquaquecetuba-ate-5-de-julho\/#breadcrumb\"},\"inLanguage\":\"pt-BR\",\"potentialAction\":[{\"@type\":\"ReadAction\",\"target\":[\"https:\/\/www.encontraitaquaquecetuba.com.br\/sobre\/sebrae-movel-fica-em-itaquaquecetuba-ate-5-de-julho\/\"]}]},{\"@type\":\"BreadcrumbList\",\"@id\":\"https:\/\/www.encontraitaquaquecetuba.com.br\/sobre\/sebrae-movel-fica-em-itaquaquecetuba-ate-5-de-julho\/#breadcrumb\",\"itemListElement\":[{\"@type\":\"ListItem\",\"position\":1,\"name\":\"In\u00edcio\",\"item\":\"https:\/\/www.encontraitaquaquecetuba.com.br\/sobre\/\"},{\"@type\":\"ListItem\",\"position\":2,\"name\":\"Sebrae M\u00f3vel fica em Itaquaquecetuba at\u00e9 5 de julho\"}]},{\"@type\":\"WebSite\",\"@id\":\"https:\/\/www.encontraitaquaquecetuba.com.br\/sobre\/#website\",\"url\":\"https:\/\/www.encontraitaquaquecetuba.com.br\/sobre\/\",\"name\":\"Encontra Itaquaquecetuba\",\"description\":\"Not\u00edcias, eventos, informa\u00e7\u00f5es e dicas na cidade de Itaquaquecetuba e regi\u00e3o\",\"potentialAction\":[{\"@type\":\"SearchAction\",\"target\":{\"@type\":\"EntryPoint\",\"urlTemplate\":\"https:\/\/www.encontraitaquaquecetuba.com.br\/sobre\/?s={search_term_string}\"},\"query-input\":\"required name=search_term_string\"}],\"inLanguage\":\"pt-BR\"},{\"@type\":\"Person\",\"@id\":\"https:\/\/www.encontraitaquaquecetuba.com.br\/sobre\/#\/schema\/person\/a8a866dc746e447abf8ca22b02eae6ea\",\"name\":\"Encontra Itaquaquecetuba\",\"image\":{\"@type\":\"ImageObject\",\"inLanguage\":\"pt-BR\",\"@id\":\"https:\/\/www.encontraitaquaquecetuba.com.br\/sobre\/#\/schema\/person\/image\/\",\"url\":\"https:\/\/secure.gravatar.com\/avatar\/f007732be0d27cbf8a336929fe922478?s=96&d=mm&r=g\",\"contentUrl\":\"https:\/\/secure.gravatar.com\/avatar\/f007732be0d27cbf8a336929fe922478?s=96&d=mm&r=g\",\"caption\":\"Encontra Itaquaquecetuba\"},\"sameAs\":[\"http:\/\/www.encontraitaquaquecetuba.com.br\"],\"url\":\"https:\/\/www.encontraitaquaquecetuba.com.br\/sobre\/author\/eitaquaquecetuba\/\"}]}<\/script>\n<!-- \/ Yoast SEO plugin. -->","yoast_head_json":{"title":"Sebrae M\u00f3vel fica em Itaquaquecetuba at\u00e9 5 de julho - Encontra Itaquaquecetuba","robots":{"index":"index","follow":"follow","max-snippet":"max-snippet:-1","max-image-preview":"max-image-preview:large","max-video-preview":"max-video-preview:-1"},"canonical":"https:\/\/www.encontraitaquaquecetuba.com.br\/sobre\/sebrae-movel-fica-em-itaquaquecetuba-ate-5-de-julho\/","og_locale":"pt_BR","og_type":"article","og_title":"Sebrae M\u00f3vel fica em Itaquaquecetuba at\u00e9 5 de julho - Encontra Itaquaquecetuba","og_description":"Pequenos empres\u00e1rios ou aqueles que querem come\u00e7ar um neg\u00f3cio podem buscar orienta\u00e7\u00f5es no Sebrae M\u00f3vel em\u00a0Itaquaquecetuba\u00a0at\u00e9 sexta-feira (5). A unidade vai visitar quatro bairros do munic\u00edpio. O p\u00fablico vai encontrar dicas para formaliza\u00e7\u00e3o dos neg\u00f3cios ou para aperfei\u00e7oar a gest\u00e3o. Consultores v\u00e3o dar orienta\u00e7\u00f5es sobre marketing, finan\u00e7as, qualidade e administra\u00e7\u00e3o em quatro bairros: Parque S\u00e3o Pedro, Jardim Odete, Jardim Cayubi e Centro. O atendimento \u00e9 gratuito. De acordo com o Servi\u00e7o de Apoio \u00e0s Micro e Pequenas Empresas (Sebrae), os locais foram indicados pela Associa\u00e7\u00e3o Comercial de Itaquaquecetuba, em raz\u00e3o da alta concentra\u00e7\u00e3o de empreendimentos. O Sebrae M\u00f3vel \u00e9 um","og_url":"https:\/\/www.encontraitaquaquecetuba.com.br\/sobre\/sebrae-movel-fica-em-itaquaquecetuba-ate-5-de-julho\/","og_site_name":"Encontra Itaquaquecetuba","article_published_time":"2013-07-02T00:01:03+00:00","article_modified_time":"2013-07-01T22:04:24+00:00","author":"Encontra Itaquaquecetuba","twitter_card":"summary_large_image","twitter_misc":{"Escrito por":"Encontra Itaquaquecetuba","Est. tempo de leitura":"1 minuto"},"schema":{"@context":"https:\/\/schema.org","@graph":[{"@type":"WebPage","@id":"https:\/\/www.encontraitaquaquecetuba.com.br\/sobre\/sebrae-movel-fica-em-itaquaquecetuba-ate-5-de-julho\/","url":"https:\/\/www.encontraitaquaquecetuba.com.br\/sobre\/sebrae-movel-fica-em-itaquaquecetuba-ate-5-de-julho\/","name":"Sebrae M\u00f3vel fica em Itaquaquecetuba at\u00e9 5 de julho - Encontra Itaquaquecetuba","isPartOf":{"@id":"https:\/\/www.encontraitaquaquecetuba.com.br\/sobre\/#website"},"datePublished":"2013-07-02T00:01:03+00:00","dateModified":"2013-07-01T22:04:24+00:00","author":{"@id":"https:\/\/www.encontraitaquaquecetuba.com.br\/sobre\/#\/schema\/person\/a8a866dc746e447abf8ca22b02eae6ea"},"breadcrumb":{"@id":"https:\/\/www.encontraitaquaquecetuba.com.br\/sobre\/sebrae-movel-fica-em-itaquaquecetuba-ate-5-de-julho\/#breadcrumb"},"inLanguage":"pt-BR","potentialAction":[{"@type":"ReadAction","target":["https:\/\/www.encontraitaquaquecetuba.com.br\/sobre\/sebrae-movel-fica-em-itaquaquecetuba-ate-5-de-julho\/"]}]},{"@type":"BreadcrumbList","@id":"https:\/\/www.encontraitaquaquecetuba.com.br\/sobre\/sebrae-movel-fica-em-itaquaquecetuba-ate-5-de-julho\/#breadcrumb","itemListElement":[{"@type":"ListItem","position":1,"name":"In\u00edcio","item":"https:\/\/www.encontraitaquaquecetuba.com.br\/sobre\/"},{"@type":"ListItem","position":2,"name":"Sebrae M\u00f3vel fica em Itaquaquecetuba at\u00e9 5 de julho"}]},{"@type":"WebSite","@id":"https:\/\/www.encontraitaquaquecetuba.com.br\/sobre\/#website","url":"https:\/\/www.encontraitaquaquecetuba.com.br\/sobre\/","name":"Encontra Itaquaquecetuba","description":"Not\u00edcias, eventos, informa\u00e7\u00f5es e dicas na cidade de Itaquaquecetuba e regi\u00e3o","potentialAction":[{"@type":"SearchAction","target":{"@type":"EntryPoint","urlTemplate":"https:\/\/www.encontraitaquaquecetuba.com.br\/sobre\/?s={search_term_string}"},"query-input":"required name=search_term_string"}],"inLanguage":"pt-BR"},{"@type":"Person","@id":"https:\/\/www.encontraitaquaquecetuba.com.br\/sobre\/#\/schema\/person\/a8a866dc746e447abf8ca22b02eae6ea","name":"Encontra Itaquaquecetuba","image":{"@type":"ImageObject","inLanguage":"pt-BR","@id":"https:\/\/www.encontraitaquaquecetuba.com.br\/sobre\/#\/schema\/person\/image\/","url":"https:\/\/secure.gravatar.com\/avatar\/f007732be0d27cbf8a336929fe922478?s=96&d=mm&r=g","contentUrl":"https:\/\/secure.gravatar.com\/avatar\/f007732be0d27cbf8a336929fe922478?s=96&d=mm&r=g","caption":"Encontra Itaquaquecetuba"},"sameAs":["http:\/\/www.encontraitaquaquecetuba.com.br"],"url":"https:\/\/www.encontraitaquaquecetuba.com.br\/sobre\/author\/eitaquaquecetuba\/"}]}},"_links":{"self":[{"href":"https:\/\/www.encontraitaquaquecetuba.com.br\/sobre\/wp-json\/wp\/v2\/posts\/1113"}],"collection":[{"href":"https:\/\/www.encontraitaquaquecetuba.com.br\/sobre\/wp-json\/wp\/v2\/posts"}],"about":[{"href":"https:\/\/www.encontraitaquaquecetuba.com.br\/sobre\/wp-json\/wp\/v2\/types\/post"}],"author":[{"embeddable":true,"href":"https:\/\/www.encontraitaquaquecetuba.com.br\/sobre\/wp-json\/wp\/v2\/users\/1"}],"replies":[{"embeddable":true,"href":"https:\/\/www.encontraitaquaquecetuba.com.br\/sobre\/wp-json\/wp\/v2\/comments?post=1113"}],"version-history":[{"count":0,"href":"https:\/\/www.encontraitaquaquecetuba.com.br\/sobre\/wp-json\/wp\/v2\/posts\/1113\/revisions"}],"wp:attachment":[{"href":"https:\/\/www.encontraitaquaquecetuba.com.br\/sobre\/wp-json\/wp\/v2\/media?parent=1113"}],"wp:term":[{"taxonomy":"category","embeddable":true,"href":"https:\/\/www.encontraitaquaquecetuba.com.br\/sobre\/wp-json\/wp\/v2\/categories?post=1113"},{"taxonomy":"post_tag","embeddable":true,"href":"https:\/\/www.encontraitaquaquecetuba.com.br\/sobre\/wp-json\/wp\/v2\/tags?post=1113"}],"curies":[{"name":"wp","href":"https:\/\/api.w.org\/{rel}","templated":true}]}}