{"id":1115,"date":"2013-07-03T00:01:08","date_gmt":"2013-07-03T00:01:08","guid":{"rendered":"http:\/\/www.encontraitaquaquecetuba.com.br\/noticias\/?p=1115"},"modified":"2021-09-13T15:21:20","modified_gmt":"2021-09-13T15:21:20","slug":"pae-realiza-inscricoes-para-palestras-e-consultorias-coletivas-do-sebrae-sp-em-itaquaquecetuba","status":"publish","type":"post","link":"https:\/\/www.encontraitaquaquecetuba.com.br\/sobre\/pae-realiza-inscricoes-para-palestras-e-consultorias-coletivas-do-sebrae-sp-em-itaquaquecetuba\/","title":{"rendered":"Pae realiza inscri\u00e7\u00f5es para palestras e consultorias coletivas do Sebrae-SP em Itaquaquecetuba"},"content":{"rendered":"<div class=\"80eb2665678f8e3864bb9a528523815b\" data-index=\"1\" style=\"float: none; margin:5px 0 5px 0; text-align:center;\">\n<!-- PUB 73 - Responsivo Horizontal -->\r\n<ins class=\"adsbygoogle\"\r\n     style=\"display:block\"\r\n     data-ad-client=\"ca-pub-7321736592693252\"\r\n     data-ad-slot=\"3087950420\"\r\n     data-ad-format=\"auto\"\r\n     data-full-width-responsive=\"true\"><\/ins>\r\n<script>\r\n     (adsbygoogle = window.adsbygoogle || []).push({});\r\n<\/script>\n<\/div>\n<p>\u00c0 exemplo dos anteriores, o m\u00eas de julho ser\u00e1 marcado por palestras e consultorias voltadas ao p\u00fablico empreendedor da cidade e regi\u00e3o, sendo realizadas por meio da parceria firmada entre o Escrit\u00f3rio Regional do Sebrae-SP no Alto Tiet\u00ea e a prefeitura municipal de Itaquaquecetuba (por meio da secretaria municipal de Ind\u00fastria e Com\u00e9rcio).<\/p>\n<p>A agenda \u00e9 destinada tanto para aquele que j\u00e1 possui quanto para o mun\u00edcipe que pretende iniciar um neg\u00f3cio pr\u00f3prio, cujo objetivo ser\u00e1 apresentar aos participantes no\u00e7\u00f5es que garantam um bom in\u00edcio e\/ou continuidade das atividades organizacionais de micro e pequenas empresas orientando-os com rela\u00e7\u00e3o ao conceito de empreendedorismo.<\/p>\n<p>Sendo assim, confira as oportunidades oferecidas no sentido de melhor qualificar o mun\u00edcipe e estimular o empreendedorismo na cidade:<\/p>\n<p>Data: 04\/07<br \/>\nTema: Por Dentro dos Custos, Despesas e Pre\u00e7o de Venda (Palestra)<br \/>\nHor\u00e1rio: 15h \u00e0s 17h<\/p>\n<p>Data: 10\/07<br \/>\nTema: Planejamento Estrat\u00e9gico &#8211; CNPJ (Consultoria coletiva)<br \/>\nHor\u00e1rio: 15h \u00e0s 17h<\/p>\n<p>Data: 17\/07<br \/>\nTema: Evite Reclama\u00e7\u00f5es Trabalhistas (Palestra)<br \/>\nHor\u00e1rio: 15h \u00e0s 17h<\/p>\n<p>Data: 22\/07<br \/>\nTema: Planejamento: Primeiro Passo para Come\u00e7ar seu Neg\u00f3cio (Palestra)<br \/>\nHor\u00e1rio: 15h \u00e0s 17h<\/p>\n<p>Data: 23\/07<br \/>\nTema: Como se Tornar Empreendedor Individual (Palestra)<br \/>\nHor\u00e1rio: 15h \u00e0s 17h<\/p>\n<p>Data: 31\/07<br \/>\nTema: Controle seu Estoque e N\u00e3o Perca Dinheiro (Palestra)<br \/>\nHor\u00e1rio: 15h \u00e0s 17h<\/p>\n<p>Inscri\u00e7\u00f5es<\/p>\n<p>As salas ser\u00e3o organizadas para receber entre 15 a 30 participantes. Para frequentar qualquer um dos eventos oferecidos gratuitamente \u00e9 necess\u00e1rio possuir idade acima de 18 anos.<\/p>\n<p>As inscri\u00e7\u00f5es acontecem no \u201cEspa\u00e7o Cidad\u00e3o \u2013 Posto de Atendimento ao Empreendedor\u201d (mesmo local dos eventos), sito \u00e0 Estrada de Santa Isabel, 1.100, Monte Belo.<\/p>\n<p><em>Fonte: Prefeitura Municipal de Itaquaquecetuba<\/em><\/p>\n\n<div style=\"font-size: 0px; height: 0px; line-height: 0px; margin: 0; padding: 0; clear: both;\"><\/div>","protected":false},"excerpt":{"rendered":"<p>\u00c0 exemplo dos anteriores, o m\u00eas de julho ser\u00e1 marcado por palestras e consultorias voltadas ao p\u00fablico empreendedor da cidade e regi\u00e3o, sendo realizadas por meio da parceria firmada entre o Escrit\u00f3rio Regional do Sebrae-SP no Alto Tiet\u00ea e a prefeitura municipal de Itaquaquecetuba (por meio da secretaria municipal de Ind\u00fastria e Com\u00e9rcio). A agenda \u00e9 destinada tanto para aquele que j\u00e1 possui quanto para o mun\u00edcipe que pretende iniciar um neg\u00f3cio pr\u00f3prio, cujo objetivo ser\u00e1 apresentar aos participantes no\u00e7\u00f5es que garantam um bom in\u00edcio e\/ou continuidade das atividades organizacionais de micro e pequenas empresas orientando-os com rela\u00e7\u00e3o ao conceito <\/p>\n","protected":false},"author":1,"featured_media":0,"comment_status":"open","ping_status":"open","sticky":false,"template":"","format":"standard","meta":[],"categories":[6,8],"tags":[14],"yoast_head":"<!-- This site is optimized with the Yoast SEO plugin v19.6.1 - https:\/\/yoast.com\/wordpress\/plugins\/seo\/ -->\n<title>Pae realiza inscri\u00e7\u00f5es para palestras e consultorias coletivas do Sebrae-SP em Itaquaquecetuba - Encontra Itaquaquecetuba<\/title>\n<meta name=\"robots\" content=\"index, follow, max-snippet:-1, max-image-preview:large, max-video-preview:-1\" \/>\n<link rel=\"canonical\" href=\"https:\/\/www.encontraitaquaquecetuba.com.br\/sobre\/pae-realiza-inscricoes-para-palestras-e-consultorias-coletivas-do-sebrae-sp-em-itaquaquecetuba\/\" \/>\n<meta property=\"og:locale\" content=\"pt_BR\" \/>\n<meta property=\"og:type\" content=\"article\" \/>\n<meta property=\"og:title\" content=\"Pae realiza inscri\u00e7\u00f5es para palestras e consultorias coletivas do Sebrae-SP em Itaquaquecetuba - Encontra Itaquaquecetuba\" \/>\n<meta property=\"og:description\" content=\"\u00c0 exemplo dos anteriores, o m\u00eas de julho ser\u00e1 marcado por palestras e consultorias voltadas ao p\u00fablico empreendedor da cidade e regi\u00e3o, sendo realizadas por meio da parceria firmada entre o Escrit\u00f3rio Regional do Sebrae-SP no Alto Tiet\u00ea e a prefeitura municipal de Itaquaquecetuba (por meio da secretaria municipal de Ind\u00fastria e Com\u00e9rcio). A agenda \u00e9 destinada tanto para aquele que j\u00e1 possui quanto para o mun\u00edcipe que pretende iniciar um neg\u00f3cio pr\u00f3prio, cujo objetivo ser\u00e1 apresentar aos participantes no\u00e7\u00f5es que garantam um bom in\u00edcio e\/ou continuidade das atividades organizacionais de micro e pequenas empresas orientando-os com rela\u00e7\u00e3o ao conceito\" \/>\n<meta property=\"og:url\" content=\"https:\/\/www.encontraitaquaquecetuba.com.br\/sobre\/pae-realiza-inscricoes-para-palestras-e-consultorias-coletivas-do-sebrae-sp-em-itaquaquecetuba\/\" \/>\n<meta property=\"og:site_name\" content=\"Encontra Itaquaquecetuba\" \/>\n<meta property=\"article:published_time\" content=\"2013-07-03T00:01:08+00:00\" \/>\n<meta property=\"article:modified_time\" content=\"2021-09-13T15:21:20+00:00\" \/>\n<meta name=\"author\" content=\"Encontra Itaquaquecetuba\" \/>\n<meta name=\"twitter:card\" content=\"summary_large_image\" \/>\n<meta name=\"twitter:label1\" content=\"Escrito por\" \/>\n\t<meta name=\"twitter:data1\" content=\"Encontra Itaquaquecetuba\" \/>\n\t<meta name=\"twitter:label2\" content=\"Est. tempo de leitura\" \/>\n\t<meta name=\"twitter:data2\" content=\"1 minuto\" \/>\n<script type=\"application\/ld+json\" class=\"yoast-schema-graph\">{\"@context\":\"https:\/\/schema.org\",\"@graph\":[{\"@type\":\"WebPage\",\"@id\":\"https:\/\/www.encontraitaquaquecetuba.com.br\/sobre\/pae-realiza-inscricoes-para-palestras-e-consultorias-coletivas-do-sebrae-sp-em-itaquaquecetuba\/\",\"url\":\"https:\/\/www.encontraitaquaquecetuba.com.br\/sobre\/pae-realiza-inscricoes-para-palestras-e-consultorias-coletivas-do-sebrae-sp-em-itaquaquecetuba\/\",\"name\":\"Pae realiza inscri\u00e7\u00f5es para palestras e consultorias coletivas do Sebrae-SP em Itaquaquecetuba - Encontra Itaquaquecetuba\",\"isPartOf\":{\"@id\":\"https:\/\/www.encontraitaquaquecetuba.com.br\/sobre\/#website\"},\"datePublished\":\"2013-07-03T00:01:08+00:00\",\"dateModified\":\"2021-09-13T15:21:20+00:00\",\"author\":{\"@id\":\"https:\/\/www.encontraitaquaquecetuba.com.br\/sobre\/#\/schema\/person\/a8a866dc746e447abf8ca22b02eae6ea\"},\"breadcrumb\":{\"@id\":\"https:\/\/www.encontraitaquaquecetuba.com.br\/sobre\/pae-realiza-inscricoes-para-palestras-e-consultorias-coletivas-do-sebrae-sp-em-itaquaquecetuba\/#breadcrumb\"},\"inLanguage\":\"pt-BR\",\"potentialAction\":[{\"@type\":\"ReadAction\",\"target\":[\"https:\/\/www.encontraitaquaquecetuba.com.br\/sobre\/pae-realiza-inscricoes-para-palestras-e-consultorias-coletivas-do-sebrae-sp-em-itaquaquecetuba\/\"]}]},{\"@type\":\"BreadcrumbList\",\"@id\":\"https:\/\/www.encontraitaquaquecetuba.com.br\/sobre\/pae-realiza-inscricoes-para-palestras-e-consultorias-coletivas-do-sebrae-sp-em-itaquaquecetuba\/#breadcrumb\",\"itemListElement\":[{\"@type\":\"ListItem\",\"position\":1,\"name\":\"In\u00edcio\",\"item\":\"https:\/\/www.encontraitaquaquecetuba.com.br\/sobre\/\"},{\"@type\":\"ListItem\",\"position\":2,\"name\":\"Pae realiza inscri\u00e7\u00f5es para palestras e consultorias coletivas do Sebrae-SP em Itaquaquecetuba\"}]},{\"@type\":\"WebSite\",\"@id\":\"https:\/\/www.encontraitaquaquecetuba.com.br\/sobre\/#website\",\"url\":\"https:\/\/www.encontraitaquaquecetuba.com.br\/sobre\/\",\"name\":\"Encontra Itaquaquecetuba\",\"description\":\"Not\u00edcias, eventos, informa\u00e7\u00f5es e dicas na cidade de Itaquaquecetuba e regi\u00e3o\",\"potentialAction\":[{\"@type\":\"SearchAction\",\"target\":{\"@type\":\"EntryPoint\",\"urlTemplate\":\"https:\/\/www.encontraitaquaquecetuba.com.br\/sobre\/?s={search_term_string}\"},\"query-input\":\"required name=search_term_string\"}],\"inLanguage\":\"pt-BR\"},{\"@type\":\"Person\",\"@id\":\"https:\/\/www.encontraitaquaquecetuba.com.br\/sobre\/#\/schema\/person\/a8a866dc746e447abf8ca22b02eae6ea\",\"name\":\"Encontra Itaquaquecetuba\",\"image\":{\"@type\":\"ImageObject\",\"inLanguage\":\"pt-BR\",\"@id\":\"https:\/\/www.encontraitaquaquecetuba.com.br\/sobre\/#\/schema\/person\/image\/\",\"url\":\"https:\/\/secure.gravatar.com\/avatar\/f007732be0d27cbf8a336929fe922478?s=96&d=mm&r=g\",\"contentUrl\":\"https:\/\/secure.gravatar.com\/avatar\/f007732be0d27cbf8a336929fe922478?s=96&d=mm&r=g\",\"caption\":\"Encontra Itaquaquecetuba\"},\"sameAs\":[\"http:\/\/www.encontraitaquaquecetuba.com.br\"],\"url\":\"https:\/\/www.encontraitaquaquecetuba.com.br\/sobre\/author\/eitaquaquecetuba\/\"}]}<\/script>\n<!-- \/ Yoast SEO plugin. -->","yoast_head_json":{"title":"Pae realiza inscri\u00e7\u00f5es para palestras e consultorias coletivas do Sebrae-SP em Itaquaquecetuba - Encontra Itaquaquecetuba","robots":{"index":"index","follow":"follow","max-snippet":"max-snippet:-1","max-image-preview":"max-image-preview:large","max-video-preview":"max-video-preview:-1"},"canonical":"https:\/\/www.encontraitaquaquecetuba.com.br\/sobre\/pae-realiza-inscricoes-para-palestras-e-consultorias-coletivas-do-sebrae-sp-em-itaquaquecetuba\/","og_locale":"pt_BR","og_type":"article","og_title":"Pae realiza inscri\u00e7\u00f5es para palestras e consultorias coletivas do Sebrae-SP em Itaquaquecetuba - Encontra Itaquaquecetuba","og_description":"\u00c0 exemplo dos anteriores, o m\u00eas de julho ser\u00e1 marcado por palestras e consultorias voltadas ao p\u00fablico empreendedor da cidade e regi\u00e3o, sendo realizadas por meio da parceria firmada entre o Escrit\u00f3rio Regional do Sebrae-SP no Alto Tiet\u00ea e a prefeitura municipal de Itaquaquecetuba (por meio da secretaria municipal de Ind\u00fastria e Com\u00e9rcio). A agenda \u00e9 destinada tanto para aquele que j\u00e1 possui quanto para o mun\u00edcipe que pretende iniciar um neg\u00f3cio pr\u00f3prio, cujo objetivo ser\u00e1 apresentar aos participantes no\u00e7\u00f5es que garantam um bom in\u00edcio e\/ou continuidade das atividades organizacionais de micro e pequenas empresas orientando-os com rela\u00e7\u00e3o ao conceito","og_url":"https:\/\/www.encontraitaquaquecetuba.com.br\/sobre\/pae-realiza-inscricoes-para-palestras-e-consultorias-coletivas-do-sebrae-sp-em-itaquaquecetuba\/","og_site_name":"Encontra Itaquaquecetuba","article_published_time":"2013-07-03T00:01:08+00:00","article_modified_time":"2021-09-13T15:21:20+00:00","author":"Encontra Itaquaquecetuba","twitter_card":"summary_large_image","twitter_misc":{"Escrito por":"Encontra Itaquaquecetuba","Est. tempo de leitura":"1 minuto"},"schema":{"@context":"https:\/\/schema.org","@graph":[{"@type":"WebPage","@id":"https:\/\/www.encontraitaquaquecetuba.com.br\/sobre\/pae-realiza-inscricoes-para-palestras-e-consultorias-coletivas-do-sebrae-sp-em-itaquaquecetuba\/","url":"https:\/\/www.encontraitaquaquecetuba.com.br\/sobre\/pae-realiza-inscricoes-para-palestras-e-consultorias-coletivas-do-sebrae-sp-em-itaquaquecetuba\/","name":"Pae realiza inscri\u00e7\u00f5es para palestras e consultorias coletivas do Sebrae-SP em Itaquaquecetuba - Encontra Itaquaquecetuba","isPartOf":{"@id":"https:\/\/www.encontraitaquaquecetuba.com.br\/sobre\/#website"},"datePublished":"2013-07-03T00:01:08+00:00","dateModified":"2021-09-13T15:21:20+00:00","author":{"@id":"https:\/\/www.encontraitaquaquecetuba.com.br\/sobre\/#\/schema\/person\/a8a866dc746e447abf8ca22b02eae6ea"},"breadcrumb":{"@id":"https:\/\/www.encontraitaquaquecetuba.com.br\/sobre\/pae-realiza-inscricoes-para-palestras-e-consultorias-coletivas-do-sebrae-sp-em-itaquaquecetuba\/#breadcrumb"},"inLanguage":"pt-BR","potentialAction":[{"@type":"ReadAction","target":["https:\/\/www.encontraitaquaquecetuba.com.br\/sobre\/pae-realiza-inscricoes-para-palestras-e-consultorias-coletivas-do-sebrae-sp-em-itaquaquecetuba\/"]}]},{"@type":"BreadcrumbList","@id":"https:\/\/www.encontraitaquaquecetuba.com.br\/sobre\/pae-realiza-inscricoes-para-palestras-e-consultorias-coletivas-do-sebrae-sp-em-itaquaquecetuba\/#breadcrumb","itemListElement":[{"@type":"ListItem","position":1,"name":"In\u00edcio","item":"https:\/\/www.encontraitaquaquecetuba.com.br\/sobre\/"},{"@type":"ListItem","position":2,"name":"Pae realiza inscri\u00e7\u00f5es para palestras e consultorias coletivas do Sebrae-SP em Itaquaquecetuba"}]},{"@type":"WebSite","@id":"https:\/\/www.encontraitaquaquecetuba.com.br\/sobre\/#website","url":"https:\/\/www.encontraitaquaquecetuba.com.br\/sobre\/","name":"Encontra Itaquaquecetuba","description":"Not\u00edcias, eventos, informa\u00e7\u00f5es e dicas na cidade de Itaquaquecetuba e regi\u00e3o","potentialAction":[{"@type":"SearchAction","target":{"@type":"EntryPoint","urlTemplate":"https:\/\/www.encontraitaquaquecetuba.com.br\/sobre\/?s={search_term_string}"},"query-input":"required name=search_term_string"}],"inLanguage":"pt-BR"},{"@type":"Person","@id":"https:\/\/www.encontraitaquaquecetuba.com.br\/sobre\/#\/schema\/person\/a8a866dc746e447abf8ca22b02eae6ea","name":"Encontra Itaquaquecetuba","image":{"@type":"ImageObject","inLanguage":"pt-BR","@id":"https:\/\/www.encontraitaquaquecetuba.com.br\/sobre\/#\/schema\/person\/image\/","url":"https:\/\/secure.gravatar.com\/avatar\/f007732be0d27cbf8a336929fe922478?s=96&d=mm&r=g","contentUrl":"https:\/\/secure.gravatar.com\/avatar\/f007732be0d27cbf8a336929fe922478?s=96&d=mm&r=g","caption":"Encontra Itaquaquecetuba"},"sameAs":["http:\/\/www.encontraitaquaquecetuba.com.br"],"url":"https:\/\/www.encontraitaquaquecetuba.com.br\/sobre\/author\/eitaquaquecetuba\/"}]}},"_links":{"self":[{"href":"https:\/\/www.encontraitaquaquecetuba.com.br\/sobre\/wp-json\/wp\/v2\/posts\/1115"}],"collection":[{"href":"https:\/\/www.encontraitaquaquecetuba.com.br\/sobre\/wp-json\/wp\/v2\/posts"}],"about":[{"href":"https:\/\/www.encontraitaquaquecetuba.com.br\/sobre\/wp-json\/wp\/v2\/types\/post"}],"author":[{"embeddable":true,"href":"https:\/\/www.encontraitaquaquecetuba.com.br\/sobre\/wp-json\/wp\/v2\/users\/1"}],"replies":[{"embeddable":true,"href":"https:\/\/www.encontraitaquaquecetuba.com.br\/sobre\/wp-json\/wp\/v2\/comments?post=1115"}],"version-history":[{"count":0,"href":"https:\/\/www.encontraitaquaquecetuba.com.br\/sobre\/wp-json\/wp\/v2\/posts\/1115\/revisions"}],"wp:attachment":[{"href":"https:\/\/www.encontraitaquaquecetuba.com.br\/sobre\/wp-json\/wp\/v2\/media?parent=1115"}],"wp:term":[{"taxonomy":"category","embeddable":true,"href":"https:\/\/www.encontraitaquaquecetuba.com.br\/sobre\/wp-json\/wp\/v2\/categories?post=1115"},{"taxonomy":"post_tag","embeddable":true,"href":"https:\/\/www.encontraitaquaquecetuba.com.br\/sobre\/wp-json\/wp\/v2\/tags?post=1115"}],"curies":[{"name":"wp","href":"https:\/\/api.w.org\/{rel}","templated":true}]}}