{"id":1125,"date":"2013-07-06T00:01:50","date_gmt":"2013-07-06T00:01:50","guid":{"rendered":"http:\/\/www.encontraitaquaquecetuba.com.br\/noticias\/?p=1125"},"modified":"2021-09-13T15:25:55","modified_gmt":"2021-09-13T15:25:55","slug":"obra-na-estrada-do-merenda-em-itaquaquecetuba-gera-reclamacao","status":"publish","type":"post","link":"https:\/\/www.encontraitaquaquecetuba.com.br\/sobre\/obra-na-estrada-do-merenda-em-itaquaquecetuba-gera-reclamacao\/","title":{"rendered":"Obra na Estrada do Merend\u00e1, em Itaquaquecetuba, gera reclama\u00e7\u00e3o"},"content":{"rendered":"<div class=\"80eb2665678f8e3864bb9a528523815b\" data-index=\"1\" style=\"float: none; margin:5px 0 5px 0; text-align:center;\">\n<!-- PUB 73 - Responsivo Horizontal -->\r\n<ins class=\"adsbygoogle\"\r\n     style=\"display:block\"\r\n     data-ad-client=\"ca-pub-7321736592693252\"\r\n     data-ad-slot=\"3087950420\"\r\n     data-ad-format=\"auto\"\r\n     data-full-width-responsive=\"true\"><\/ins>\r\n<script>\r\n     (adsbygoogle = window.adsbygoogle || []).push({});\r\n<\/script>\n<\/div>\n<p>Mesmo com a libera\u00e7\u00e3o de uma verba de R$ 660 mil pelo governo do Estado, os moradores do Recanto M\u00f4nica II que usam a Estrada do Merend\u00e1, em\u00a0Itaquaquecetuba, n\u00e3o viram melhorias no local. O valor \u00e9 do programa Melhor Caminho para ser usado na recupera\u00e7\u00e3o de estradas vicinais da cidade, como a Merend\u00e1.<\/p>\n<p>O barro toma conta da estrada e impede a circula\u00e7\u00e3o de carros e pedestres. \u201cN\u00e3o melhorou nada, a Prefeitura piorou a nossa rua. O dinheiro foi investido e a gente quer saber o que foi feito com o material enviado pelo governo\u201d, pergunta a moradora Viviane dos Santos.<\/p>\n<p>Alexandre Vaz e C\u00edntia Barreiros moram no local h\u00e1 nove anos. Durante esse tempo n\u00e3o viram melhorias, por isso, o in\u00edcio da obra com a coloca\u00e7\u00e3o de guias e sarjetas os deixou com esperan\u00e7a, mas o asfalto n\u00e3o veio. \u201cEu fui descer com o meu carro e ele rodou e bateu em uma pedra\u201d, reclama Alexandre. J\u00e1 C\u00edntia diz que as crian\u00e7as tamb\u00e9m s\u00e3o prejudicadas pela situa\u00e7\u00e3o. \u201cQuando chove meu filho n\u00e3o vai para a escola porque n\u00e3o d\u00e1 para passar pela estrada. Como ele volta \u00e0 noite, eu preciso ir busc\u00e1-lo. Mas falta luz, ent\u00e3o uso uma lanterna para iluminar o caminho\u201d.<\/p>\n<p>A obra \u00e9 executada pela Companhia de Desenvolvimento Agr\u00edcola de S\u00e3o Paulo (Codasp), mas fiscalizada pela Prefeitura de Itaquaquecetuba. O engenheiro da Codasp, Thomas Henrique Daroz, explica que a obra come\u00e7ou em abril e pelo cronograma tinha 90 dias para ser conclu\u00edda. \u201cEscolhemos esse per\u00edodo por ser um per\u00edodo de seca, mas acabou chovendo. Esse tipo de obra n\u00e3o pode ser feito com chuva\u201d, justifica Daroz.<\/p>\n<p>Como o tempo j\u00e1 est\u00e1 seco h\u00e1 alguns dias, o engenheiro garante que os oper\u00e1rios est\u00e3o trabalhando no local diariamente, inclusive aos s\u00e1bados, das 7h \u00e0s 18h. Daroz explica que duas motoniveladoras est\u00e3o na estrada e que o trabalho delas j\u00e1 permite melhores condi\u00e7\u00f5es de tr\u00e1fego na \u00e1rea. Ele diz que se n\u00e3o chover novamente a obra deve ser entregue em at\u00e9 15 dias.<\/p>\n<p>O engenheiro da Prefeitura Ulisses Roberto Ouchaski concorda que a obra n\u00e3o poderia ser executada com o solo encharcado. \u201cO material de acabamento j\u00e1 est\u00e1 armazenado, mas precisa fazer servi\u00e7o de drenagem.&#8221;<\/p>\n<p><em>Fonte: G1<\/em><\/p>\n\n<div style=\"font-size: 0px; height: 0px; line-height: 0px; margin: 0; padding: 0; clear: both;\"><\/div>","protected":false},"excerpt":{"rendered":"<p>Mesmo com a libera\u00e7\u00e3o de uma verba de R$ 660 mil pelo governo do Estado, os moradores do Recanto M\u00f4nica II que usam a Estrada do Merend\u00e1, em\u00a0Itaquaquecetuba, n\u00e3o viram melhorias no local. O valor \u00e9 do programa Melhor Caminho para ser usado na recupera\u00e7\u00e3o de estradas vicinais da cidade, como a Merend\u00e1. O barro toma conta da estrada e impede a circula\u00e7\u00e3o de carros e pedestres. \u201cN\u00e3o melhorou nada, a Prefeitura piorou a nossa rua. O dinheiro foi investido e a gente quer saber o que foi feito com o material enviado pelo governo\u201d, pergunta a moradora Viviane dos <\/p>\n","protected":false},"author":1,"featured_media":0,"comment_status":"open","ping_status":"open","sticky":false,"template":"","format":"standard","meta":[],"categories":[6,8],"tags":[14],"yoast_head":"<!-- This site is optimized with the Yoast SEO plugin v19.6.1 - https:\/\/yoast.com\/wordpress\/plugins\/seo\/ -->\n<title>Obra na Estrada do Merend\u00e1, em Itaquaquecetuba, gera reclama\u00e7\u00e3o - Encontra Itaquaquecetuba<\/title>\n<meta name=\"robots\" content=\"index, follow, max-snippet:-1, max-image-preview:large, max-video-preview:-1\" \/>\n<link rel=\"canonical\" href=\"https:\/\/www.encontraitaquaquecetuba.com.br\/sobre\/obra-na-estrada-do-merenda-em-itaquaquecetuba-gera-reclamacao\/\" \/>\n<meta property=\"og:locale\" content=\"pt_BR\" \/>\n<meta property=\"og:type\" content=\"article\" \/>\n<meta property=\"og:title\" content=\"Obra na Estrada do Merend\u00e1, em Itaquaquecetuba, gera reclama\u00e7\u00e3o - Encontra Itaquaquecetuba\" \/>\n<meta property=\"og:description\" content=\"Mesmo com a libera\u00e7\u00e3o de uma verba de R$ 660 mil pelo governo do Estado, os moradores do Recanto M\u00f4nica II que usam a Estrada do Merend\u00e1, em\u00a0Itaquaquecetuba, n\u00e3o viram melhorias no local. O valor \u00e9 do programa Melhor Caminho para ser usado na recupera\u00e7\u00e3o de estradas vicinais da cidade, como a Merend\u00e1. O barro toma conta da estrada e impede a circula\u00e7\u00e3o de carros e pedestres. \u201cN\u00e3o melhorou nada, a Prefeitura piorou a nossa rua. O dinheiro foi investido e a gente quer saber o que foi feito com o material enviado pelo governo\u201d, pergunta a moradora Viviane dos\" \/>\n<meta property=\"og:url\" content=\"https:\/\/www.encontraitaquaquecetuba.com.br\/sobre\/obra-na-estrada-do-merenda-em-itaquaquecetuba-gera-reclamacao\/\" \/>\n<meta property=\"og:site_name\" content=\"Encontra Itaquaquecetuba\" \/>\n<meta property=\"article:published_time\" content=\"2013-07-06T00:01:50+00:00\" \/>\n<meta property=\"article:modified_time\" content=\"2021-09-13T15:25:55+00:00\" \/>\n<meta name=\"author\" content=\"Encontra Itaquaquecetuba\" \/>\n<meta name=\"twitter:card\" content=\"summary_large_image\" \/>\n<meta name=\"twitter:label1\" content=\"Escrito por\" \/>\n\t<meta name=\"twitter:data1\" content=\"Encontra Itaquaquecetuba\" \/>\n\t<meta name=\"twitter:label2\" content=\"Est. tempo de leitura\" \/>\n\t<meta name=\"twitter:data2\" content=\"2 minutos\" \/>\n<script type=\"application\/ld+json\" class=\"yoast-schema-graph\">{\"@context\":\"https:\/\/schema.org\",\"@graph\":[{\"@type\":\"WebPage\",\"@id\":\"https:\/\/www.encontraitaquaquecetuba.com.br\/sobre\/obra-na-estrada-do-merenda-em-itaquaquecetuba-gera-reclamacao\/\",\"url\":\"https:\/\/www.encontraitaquaquecetuba.com.br\/sobre\/obra-na-estrada-do-merenda-em-itaquaquecetuba-gera-reclamacao\/\",\"name\":\"Obra na Estrada do Merend\u00e1, em Itaquaquecetuba, gera reclama\u00e7\u00e3o - Encontra Itaquaquecetuba\",\"isPartOf\":{\"@id\":\"https:\/\/www.encontraitaquaquecetuba.com.br\/sobre\/#website\"},\"datePublished\":\"2013-07-06T00:01:50+00:00\",\"dateModified\":\"2021-09-13T15:25:55+00:00\",\"author\":{\"@id\":\"https:\/\/www.encontraitaquaquecetuba.com.br\/sobre\/#\/schema\/person\/a8a866dc746e447abf8ca22b02eae6ea\"},\"breadcrumb\":{\"@id\":\"https:\/\/www.encontraitaquaquecetuba.com.br\/sobre\/obra-na-estrada-do-merenda-em-itaquaquecetuba-gera-reclamacao\/#breadcrumb\"},\"inLanguage\":\"pt-BR\",\"potentialAction\":[{\"@type\":\"ReadAction\",\"target\":[\"https:\/\/www.encontraitaquaquecetuba.com.br\/sobre\/obra-na-estrada-do-merenda-em-itaquaquecetuba-gera-reclamacao\/\"]}]},{\"@type\":\"BreadcrumbList\",\"@id\":\"https:\/\/www.encontraitaquaquecetuba.com.br\/sobre\/obra-na-estrada-do-merenda-em-itaquaquecetuba-gera-reclamacao\/#breadcrumb\",\"itemListElement\":[{\"@type\":\"ListItem\",\"position\":1,\"name\":\"In\u00edcio\",\"item\":\"https:\/\/www.encontraitaquaquecetuba.com.br\/sobre\/\"},{\"@type\":\"ListItem\",\"position\":2,\"name\":\"Obra na Estrada do Merend\u00e1, em Itaquaquecetuba, gera reclama\u00e7\u00e3o\"}]},{\"@type\":\"WebSite\",\"@id\":\"https:\/\/www.encontraitaquaquecetuba.com.br\/sobre\/#website\",\"url\":\"https:\/\/www.encontraitaquaquecetuba.com.br\/sobre\/\",\"name\":\"Encontra Itaquaquecetuba\",\"description\":\"Not\u00edcias, eventos, informa\u00e7\u00f5es e dicas na cidade de Itaquaquecetuba e regi\u00e3o\",\"potentialAction\":[{\"@type\":\"SearchAction\",\"target\":{\"@type\":\"EntryPoint\",\"urlTemplate\":\"https:\/\/www.encontraitaquaquecetuba.com.br\/sobre\/?s={search_term_string}\"},\"query-input\":\"required name=search_term_string\"}],\"inLanguage\":\"pt-BR\"},{\"@type\":\"Person\",\"@id\":\"https:\/\/www.encontraitaquaquecetuba.com.br\/sobre\/#\/schema\/person\/a8a866dc746e447abf8ca22b02eae6ea\",\"name\":\"Encontra Itaquaquecetuba\",\"image\":{\"@type\":\"ImageObject\",\"inLanguage\":\"pt-BR\",\"@id\":\"https:\/\/www.encontraitaquaquecetuba.com.br\/sobre\/#\/schema\/person\/image\/\",\"url\":\"https:\/\/secure.gravatar.com\/avatar\/f007732be0d27cbf8a336929fe922478?s=96&d=mm&r=g\",\"contentUrl\":\"https:\/\/secure.gravatar.com\/avatar\/f007732be0d27cbf8a336929fe922478?s=96&d=mm&r=g\",\"caption\":\"Encontra Itaquaquecetuba\"},\"sameAs\":[\"http:\/\/www.encontraitaquaquecetuba.com.br\"],\"url\":\"https:\/\/www.encontraitaquaquecetuba.com.br\/sobre\/author\/eitaquaquecetuba\/\"}]}<\/script>\n<!-- \/ Yoast SEO plugin. -->","yoast_head_json":{"title":"Obra na Estrada do Merend\u00e1, em Itaquaquecetuba, gera reclama\u00e7\u00e3o - Encontra Itaquaquecetuba","robots":{"index":"index","follow":"follow","max-snippet":"max-snippet:-1","max-image-preview":"max-image-preview:large","max-video-preview":"max-video-preview:-1"},"canonical":"https:\/\/www.encontraitaquaquecetuba.com.br\/sobre\/obra-na-estrada-do-merenda-em-itaquaquecetuba-gera-reclamacao\/","og_locale":"pt_BR","og_type":"article","og_title":"Obra na Estrada do Merend\u00e1, em Itaquaquecetuba, gera reclama\u00e7\u00e3o - Encontra Itaquaquecetuba","og_description":"Mesmo com a libera\u00e7\u00e3o de uma verba de R$ 660 mil pelo governo do Estado, os moradores do Recanto M\u00f4nica II que usam a Estrada do Merend\u00e1, em\u00a0Itaquaquecetuba, n\u00e3o viram melhorias no local. O valor \u00e9 do programa Melhor Caminho para ser usado na recupera\u00e7\u00e3o de estradas vicinais da cidade, como a Merend\u00e1. O barro toma conta da estrada e impede a circula\u00e7\u00e3o de carros e pedestres. \u201cN\u00e3o melhorou nada, a Prefeitura piorou a nossa rua. O dinheiro foi investido e a gente quer saber o que foi feito com o material enviado pelo governo\u201d, pergunta a moradora Viviane dos","og_url":"https:\/\/www.encontraitaquaquecetuba.com.br\/sobre\/obra-na-estrada-do-merenda-em-itaquaquecetuba-gera-reclamacao\/","og_site_name":"Encontra Itaquaquecetuba","article_published_time":"2013-07-06T00:01:50+00:00","article_modified_time":"2021-09-13T15:25:55+00:00","author":"Encontra Itaquaquecetuba","twitter_card":"summary_large_image","twitter_misc":{"Escrito por":"Encontra Itaquaquecetuba","Est. tempo de leitura":"2 minutos"},"schema":{"@context":"https:\/\/schema.org","@graph":[{"@type":"WebPage","@id":"https:\/\/www.encontraitaquaquecetuba.com.br\/sobre\/obra-na-estrada-do-merenda-em-itaquaquecetuba-gera-reclamacao\/","url":"https:\/\/www.encontraitaquaquecetuba.com.br\/sobre\/obra-na-estrada-do-merenda-em-itaquaquecetuba-gera-reclamacao\/","name":"Obra na Estrada do Merend\u00e1, em Itaquaquecetuba, gera reclama\u00e7\u00e3o - Encontra Itaquaquecetuba","isPartOf":{"@id":"https:\/\/www.encontraitaquaquecetuba.com.br\/sobre\/#website"},"datePublished":"2013-07-06T00:01:50+00:00","dateModified":"2021-09-13T15:25:55+00:00","author":{"@id":"https:\/\/www.encontraitaquaquecetuba.com.br\/sobre\/#\/schema\/person\/a8a866dc746e447abf8ca22b02eae6ea"},"breadcrumb":{"@id":"https:\/\/www.encontraitaquaquecetuba.com.br\/sobre\/obra-na-estrada-do-merenda-em-itaquaquecetuba-gera-reclamacao\/#breadcrumb"},"inLanguage":"pt-BR","potentialAction":[{"@type":"ReadAction","target":["https:\/\/www.encontraitaquaquecetuba.com.br\/sobre\/obra-na-estrada-do-merenda-em-itaquaquecetuba-gera-reclamacao\/"]}]},{"@type":"BreadcrumbList","@id":"https:\/\/www.encontraitaquaquecetuba.com.br\/sobre\/obra-na-estrada-do-merenda-em-itaquaquecetuba-gera-reclamacao\/#breadcrumb","itemListElement":[{"@type":"ListItem","position":1,"name":"In\u00edcio","item":"https:\/\/www.encontraitaquaquecetuba.com.br\/sobre\/"},{"@type":"ListItem","position":2,"name":"Obra na Estrada do Merend\u00e1, em Itaquaquecetuba, gera reclama\u00e7\u00e3o"}]},{"@type":"WebSite","@id":"https:\/\/www.encontraitaquaquecetuba.com.br\/sobre\/#website","url":"https:\/\/www.encontraitaquaquecetuba.com.br\/sobre\/","name":"Encontra Itaquaquecetuba","description":"Not\u00edcias, eventos, informa\u00e7\u00f5es e dicas na cidade de Itaquaquecetuba e regi\u00e3o","potentialAction":[{"@type":"SearchAction","target":{"@type":"EntryPoint","urlTemplate":"https:\/\/www.encontraitaquaquecetuba.com.br\/sobre\/?s={search_term_string}"},"query-input":"required name=search_term_string"}],"inLanguage":"pt-BR"},{"@type":"Person","@id":"https:\/\/www.encontraitaquaquecetuba.com.br\/sobre\/#\/schema\/person\/a8a866dc746e447abf8ca22b02eae6ea","name":"Encontra Itaquaquecetuba","image":{"@type":"ImageObject","inLanguage":"pt-BR","@id":"https:\/\/www.encontraitaquaquecetuba.com.br\/sobre\/#\/schema\/person\/image\/","url":"https:\/\/secure.gravatar.com\/avatar\/f007732be0d27cbf8a336929fe922478?s=96&d=mm&r=g","contentUrl":"https:\/\/secure.gravatar.com\/avatar\/f007732be0d27cbf8a336929fe922478?s=96&d=mm&r=g","caption":"Encontra Itaquaquecetuba"},"sameAs":["http:\/\/www.encontraitaquaquecetuba.com.br"],"url":"https:\/\/www.encontraitaquaquecetuba.com.br\/sobre\/author\/eitaquaquecetuba\/"}]}},"_links":{"self":[{"href":"https:\/\/www.encontraitaquaquecetuba.com.br\/sobre\/wp-json\/wp\/v2\/posts\/1125"}],"collection":[{"href":"https:\/\/www.encontraitaquaquecetuba.com.br\/sobre\/wp-json\/wp\/v2\/posts"}],"about":[{"href":"https:\/\/www.encontraitaquaquecetuba.com.br\/sobre\/wp-json\/wp\/v2\/types\/post"}],"author":[{"embeddable":true,"href":"https:\/\/www.encontraitaquaquecetuba.com.br\/sobre\/wp-json\/wp\/v2\/users\/1"}],"replies":[{"embeddable":true,"href":"https:\/\/www.encontraitaquaquecetuba.com.br\/sobre\/wp-json\/wp\/v2\/comments?post=1125"}],"version-history":[{"count":0,"href":"https:\/\/www.encontraitaquaquecetuba.com.br\/sobre\/wp-json\/wp\/v2\/posts\/1125\/revisions"}],"wp:attachment":[{"href":"https:\/\/www.encontraitaquaquecetuba.com.br\/sobre\/wp-json\/wp\/v2\/media?parent=1125"}],"wp:term":[{"taxonomy":"category","embeddable":true,"href":"https:\/\/www.encontraitaquaquecetuba.com.br\/sobre\/wp-json\/wp\/v2\/categories?post=1125"},{"taxonomy":"post_tag","embeddable":true,"href":"https:\/\/www.encontraitaquaquecetuba.com.br\/sobre\/wp-json\/wp\/v2\/tags?post=1125"}],"curies":[{"name":"wp","href":"https:\/\/api.w.org\/{rel}","templated":true}]}}