{"id":1131,"date":"2013-07-11T00:01:41","date_gmt":"2013-07-11T00:01:41","guid":{"rendered":"http:\/\/www.encontraitaquaquecetuba.com.br\/noticias\/?p=1131"},"modified":"2013-07-10T21:07:08","modified_gmt":"2013-07-10T21:07:08","slug":"cursos-de-capacitacao-recebem-inscricoes-em-itaquaquecetuba","status":"publish","type":"post","link":"https:\/\/www.encontraitaquaquecetuba.com.br\/sobre\/cursos-de-capacitacao-recebem-inscricoes-em-itaquaquecetuba\/","title":{"rendered":"Cursos de capacita\u00e7\u00e3o recebem inscri\u00e7\u00f5es em Itaquaquecetuba"},"content":{"rendered":"<div class=\"80eb2665678f8e3864bb9a528523815b\" data-index=\"1\" style=\"float: none; margin:5px 0 5px 0; text-align:center;\">\n<!-- PUB 73 - Responsivo Horizontal -->\r\n<ins class=\"adsbygoogle\"\r\n     style=\"display:block\"\r\n     data-ad-client=\"ca-pub-7321736592693252\"\r\n     data-ad-slot=\"3087950420\"\r\n     data-ad-format=\"auto\"\r\n     data-full-width-responsive=\"true\"><\/ins>\r\n<script>\r\n     (adsbygoogle = window.adsbygoogle || []).push({});\r\n<\/script>\n<\/div>\n<p>Moradores da cidade de Itaquaquecetuba\u00a0podem se inscrever nos cursos de auxiliar de escrit\u00f3rio e de recepcionista nesta quinta-feira (11). As aulas come\u00e7am no dia 31 de julho e s\u00e3o oferecidas pelo Servi\u00e7o Nacional de Aprendizagem Comercial (Senac). As inscri\u00e7\u00f5es s\u00e3o das 11h \u00e0s 12h30 para o curso de recepcionista e das 13h30 \u00e0s 15h para o curso de auxiliar, na Secretaria de Ind\u00fastria e Com\u00e9rcio, que fica na Estrada Santa Isabel, 1.100, na Vila Gepina.<\/p>\n<p>Al\u00e9m desta quinta-feira tamb\u00e9m vai haver inscri\u00e7\u00f5es nos dias 18 e 25 de julho. Os interessados devem levar original e c\u00f3pia do RG.<\/p>\n<p>Ao todo, ser\u00e3o oferecidas 60 vagas: 30 vagas para cada curso, nos per\u00edodos da manh\u00e3 e da tarde. S\u00e3o 160 horas de aula e a conclus\u00e3o vai ser no dia 3 de outubro, segundo a Secretaria Municipal de Ind\u00fastria e Com\u00e9rcio.<\/p>\n<p>Para o curso de auxiliar de escrit\u00f3rio, \u00e9 preciso ter de 14 a 21 anos e estar cursando o ensino fundamental II. J\u00e1 para o curso de recepcionista \u00e9 necess\u00e1rio ter idade m\u00ednima de 16 anos e ter ensino fundamental incompleto.<\/p>\n<p>Depois da inscri\u00e7\u00e3o, o Senac seleciona os alunos. O candidato deve atender a alguns pr\u00e9-requisitos, como ter renda familiar per capita de at\u00e9 dois sal\u00e1rios m\u00ednimos, n\u00e3o estar matriculado em nenhum curso no Senac S\u00e3o Paulo, n\u00e3o ter abandonado as aulas ou reprovado por faltas nos \u00faltimos dois anos na condi\u00e7\u00e3o de bolsista do Senac S\u00e3o Paulo.<\/p>\n<p><em>Fonte: G1<\/em><\/p>\n\n<div style=\"font-size: 0px; height: 0px; line-height: 0px; margin: 0; padding: 0; clear: both;\"><\/div>","protected":false},"excerpt":{"rendered":"<p>Moradores da cidade de Itaquaquecetuba\u00a0podem se inscrever nos cursos de auxiliar de escrit\u00f3rio e de recepcionista nesta quinta-feira (11). As aulas come\u00e7am no dia 31 de julho e s\u00e3o oferecidas pelo Servi\u00e7o Nacional de Aprendizagem Comercial (Senac). As inscri\u00e7\u00f5es s\u00e3o das 11h \u00e0s 12h30 para o curso de recepcionista e das 13h30 \u00e0s 15h para o curso de auxiliar, na Secretaria de Ind\u00fastria e Com\u00e9rcio, que fica na Estrada Santa Isabel, 1.100, na Vila Gepina. Al\u00e9m desta quinta-feira tamb\u00e9m vai haver inscri\u00e7\u00f5es nos dias 18 e 25 de julho. Os interessados devem levar original e c\u00f3pia do RG. Ao todo, <\/p>\n","protected":false},"author":1,"featured_media":0,"comment_status":"open","ping_status":"open","sticky":false,"template":"","format":"standard","meta":[],"categories":[3,6,8],"tags":[14],"yoast_head":"<!-- This site is optimized with the Yoast SEO plugin v19.6.1 - https:\/\/yoast.com\/wordpress\/plugins\/seo\/ -->\n<title>Cursos de capacita\u00e7\u00e3o recebem inscri\u00e7\u00f5es em Itaquaquecetuba - Encontra Itaquaquecetuba<\/title>\n<meta name=\"robots\" content=\"index, follow, max-snippet:-1, max-image-preview:large, max-video-preview:-1\" \/>\n<link rel=\"canonical\" href=\"https:\/\/www.encontraitaquaquecetuba.com.br\/sobre\/cursos-de-capacitacao-recebem-inscricoes-em-itaquaquecetuba\/\" \/>\n<meta property=\"og:locale\" content=\"pt_BR\" \/>\n<meta property=\"og:type\" content=\"article\" \/>\n<meta property=\"og:title\" content=\"Cursos de capacita\u00e7\u00e3o recebem inscri\u00e7\u00f5es em Itaquaquecetuba - Encontra Itaquaquecetuba\" \/>\n<meta property=\"og:description\" content=\"Moradores da cidade de Itaquaquecetuba\u00a0podem se inscrever nos cursos de auxiliar de escrit\u00f3rio e de recepcionista nesta quinta-feira (11). As aulas come\u00e7am no dia 31 de julho e s\u00e3o oferecidas pelo Servi\u00e7o Nacional de Aprendizagem Comercial (Senac). As inscri\u00e7\u00f5es s\u00e3o das 11h \u00e0s 12h30 para o curso de recepcionista e das 13h30 \u00e0s 15h para o curso de auxiliar, na Secretaria de Ind\u00fastria e Com\u00e9rcio, que fica na Estrada Santa Isabel, 1.100, na Vila Gepina. Al\u00e9m desta quinta-feira tamb\u00e9m vai haver inscri\u00e7\u00f5es nos dias 18 e 25 de julho. Os interessados devem levar original e c\u00f3pia do RG. Ao todo,\" \/>\n<meta property=\"og:url\" content=\"https:\/\/www.encontraitaquaquecetuba.com.br\/sobre\/cursos-de-capacitacao-recebem-inscricoes-em-itaquaquecetuba\/\" \/>\n<meta property=\"og:site_name\" content=\"Encontra Itaquaquecetuba\" \/>\n<meta property=\"article:published_time\" content=\"2013-07-11T00:01:41+00:00\" \/>\n<meta property=\"article:modified_time\" content=\"2013-07-10T21:07:08+00:00\" \/>\n<meta name=\"author\" content=\"Encontra Itaquaquecetuba\" \/>\n<meta name=\"twitter:card\" content=\"summary_large_image\" \/>\n<meta name=\"twitter:label1\" content=\"Escrito por\" \/>\n\t<meta name=\"twitter:data1\" content=\"Encontra Itaquaquecetuba\" \/>\n\t<meta name=\"twitter:label2\" content=\"Est. tempo de leitura\" \/>\n\t<meta name=\"twitter:data2\" content=\"1 minuto\" \/>\n<script type=\"application\/ld+json\" class=\"yoast-schema-graph\">{\"@context\":\"https:\/\/schema.org\",\"@graph\":[{\"@type\":\"WebPage\",\"@id\":\"https:\/\/www.encontraitaquaquecetuba.com.br\/sobre\/cursos-de-capacitacao-recebem-inscricoes-em-itaquaquecetuba\/\",\"url\":\"https:\/\/www.encontraitaquaquecetuba.com.br\/sobre\/cursos-de-capacitacao-recebem-inscricoes-em-itaquaquecetuba\/\",\"name\":\"Cursos de capacita\u00e7\u00e3o recebem inscri\u00e7\u00f5es em Itaquaquecetuba - Encontra Itaquaquecetuba\",\"isPartOf\":{\"@id\":\"https:\/\/www.encontraitaquaquecetuba.com.br\/sobre\/#website\"},\"datePublished\":\"2013-07-11T00:01:41+00:00\",\"dateModified\":\"2013-07-10T21:07:08+00:00\",\"author\":{\"@id\":\"https:\/\/www.encontraitaquaquecetuba.com.br\/sobre\/#\/schema\/person\/a8a866dc746e447abf8ca22b02eae6ea\"},\"breadcrumb\":{\"@id\":\"https:\/\/www.encontraitaquaquecetuba.com.br\/sobre\/cursos-de-capacitacao-recebem-inscricoes-em-itaquaquecetuba\/#breadcrumb\"},\"inLanguage\":\"pt-BR\",\"potentialAction\":[{\"@type\":\"ReadAction\",\"target\":[\"https:\/\/www.encontraitaquaquecetuba.com.br\/sobre\/cursos-de-capacitacao-recebem-inscricoes-em-itaquaquecetuba\/\"]}]},{\"@type\":\"BreadcrumbList\",\"@id\":\"https:\/\/www.encontraitaquaquecetuba.com.br\/sobre\/cursos-de-capacitacao-recebem-inscricoes-em-itaquaquecetuba\/#breadcrumb\",\"itemListElement\":[{\"@type\":\"ListItem\",\"position\":1,\"name\":\"In\u00edcio\",\"item\":\"https:\/\/www.encontraitaquaquecetuba.com.br\/sobre\/\"},{\"@type\":\"ListItem\",\"position\":2,\"name\":\"Cursos de capacita\u00e7\u00e3o recebem inscri\u00e7\u00f5es em Itaquaquecetuba\"}]},{\"@type\":\"WebSite\",\"@id\":\"https:\/\/www.encontraitaquaquecetuba.com.br\/sobre\/#website\",\"url\":\"https:\/\/www.encontraitaquaquecetuba.com.br\/sobre\/\",\"name\":\"Encontra Itaquaquecetuba\",\"description\":\"Not\u00edcias, eventos, informa\u00e7\u00f5es e dicas na cidade de Itaquaquecetuba e regi\u00e3o\",\"potentialAction\":[{\"@type\":\"SearchAction\",\"target\":{\"@type\":\"EntryPoint\",\"urlTemplate\":\"https:\/\/www.encontraitaquaquecetuba.com.br\/sobre\/?s={search_term_string}\"},\"query-input\":\"required name=search_term_string\"}],\"inLanguage\":\"pt-BR\"},{\"@type\":\"Person\",\"@id\":\"https:\/\/www.encontraitaquaquecetuba.com.br\/sobre\/#\/schema\/person\/a8a866dc746e447abf8ca22b02eae6ea\",\"name\":\"Encontra Itaquaquecetuba\",\"image\":{\"@type\":\"ImageObject\",\"inLanguage\":\"pt-BR\",\"@id\":\"https:\/\/www.encontraitaquaquecetuba.com.br\/sobre\/#\/schema\/person\/image\/\",\"url\":\"https:\/\/secure.gravatar.com\/avatar\/f007732be0d27cbf8a336929fe922478?s=96&d=mm&r=g\",\"contentUrl\":\"https:\/\/secure.gravatar.com\/avatar\/f007732be0d27cbf8a336929fe922478?s=96&d=mm&r=g\",\"caption\":\"Encontra Itaquaquecetuba\"},\"sameAs\":[\"http:\/\/www.encontraitaquaquecetuba.com.br\"],\"url\":\"https:\/\/www.encontraitaquaquecetuba.com.br\/sobre\/author\/eitaquaquecetuba\/\"}]}<\/script>\n<!-- \/ Yoast SEO plugin. -->","yoast_head_json":{"title":"Cursos de capacita\u00e7\u00e3o recebem inscri\u00e7\u00f5es em Itaquaquecetuba - Encontra Itaquaquecetuba","robots":{"index":"index","follow":"follow","max-snippet":"max-snippet:-1","max-image-preview":"max-image-preview:large","max-video-preview":"max-video-preview:-1"},"canonical":"https:\/\/www.encontraitaquaquecetuba.com.br\/sobre\/cursos-de-capacitacao-recebem-inscricoes-em-itaquaquecetuba\/","og_locale":"pt_BR","og_type":"article","og_title":"Cursos de capacita\u00e7\u00e3o recebem inscri\u00e7\u00f5es em Itaquaquecetuba - Encontra Itaquaquecetuba","og_description":"Moradores da cidade de Itaquaquecetuba\u00a0podem se inscrever nos cursos de auxiliar de escrit\u00f3rio e de recepcionista nesta quinta-feira (11). As aulas come\u00e7am no dia 31 de julho e s\u00e3o oferecidas pelo Servi\u00e7o Nacional de Aprendizagem Comercial (Senac). As inscri\u00e7\u00f5es s\u00e3o das 11h \u00e0s 12h30 para o curso de recepcionista e das 13h30 \u00e0s 15h para o curso de auxiliar, na Secretaria de Ind\u00fastria e Com\u00e9rcio, que fica na Estrada Santa Isabel, 1.100, na Vila Gepina. Al\u00e9m desta quinta-feira tamb\u00e9m vai haver inscri\u00e7\u00f5es nos dias 18 e 25 de julho. Os interessados devem levar original e c\u00f3pia do RG. Ao todo,","og_url":"https:\/\/www.encontraitaquaquecetuba.com.br\/sobre\/cursos-de-capacitacao-recebem-inscricoes-em-itaquaquecetuba\/","og_site_name":"Encontra Itaquaquecetuba","article_published_time":"2013-07-11T00:01:41+00:00","article_modified_time":"2013-07-10T21:07:08+00:00","author":"Encontra Itaquaquecetuba","twitter_card":"summary_large_image","twitter_misc":{"Escrito por":"Encontra Itaquaquecetuba","Est. tempo de leitura":"1 minuto"},"schema":{"@context":"https:\/\/schema.org","@graph":[{"@type":"WebPage","@id":"https:\/\/www.encontraitaquaquecetuba.com.br\/sobre\/cursos-de-capacitacao-recebem-inscricoes-em-itaquaquecetuba\/","url":"https:\/\/www.encontraitaquaquecetuba.com.br\/sobre\/cursos-de-capacitacao-recebem-inscricoes-em-itaquaquecetuba\/","name":"Cursos de capacita\u00e7\u00e3o recebem inscri\u00e7\u00f5es em Itaquaquecetuba - Encontra Itaquaquecetuba","isPartOf":{"@id":"https:\/\/www.encontraitaquaquecetuba.com.br\/sobre\/#website"},"datePublished":"2013-07-11T00:01:41+00:00","dateModified":"2013-07-10T21:07:08+00:00","author":{"@id":"https:\/\/www.encontraitaquaquecetuba.com.br\/sobre\/#\/schema\/person\/a8a866dc746e447abf8ca22b02eae6ea"},"breadcrumb":{"@id":"https:\/\/www.encontraitaquaquecetuba.com.br\/sobre\/cursos-de-capacitacao-recebem-inscricoes-em-itaquaquecetuba\/#breadcrumb"},"inLanguage":"pt-BR","potentialAction":[{"@type":"ReadAction","target":["https:\/\/www.encontraitaquaquecetuba.com.br\/sobre\/cursos-de-capacitacao-recebem-inscricoes-em-itaquaquecetuba\/"]}]},{"@type":"BreadcrumbList","@id":"https:\/\/www.encontraitaquaquecetuba.com.br\/sobre\/cursos-de-capacitacao-recebem-inscricoes-em-itaquaquecetuba\/#breadcrumb","itemListElement":[{"@type":"ListItem","position":1,"name":"In\u00edcio","item":"https:\/\/www.encontraitaquaquecetuba.com.br\/sobre\/"},{"@type":"ListItem","position":2,"name":"Cursos de capacita\u00e7\u00e3o recebem inscri\u00e7\u00f5es em Itaquaquecetuba"}]},{"@type":"WebSite","@id":"https:\/\/www.encontraitaquaquecetuba.com.br\/sobre\/#website","url":"https:\/\/www.encontraitaquaquecetuba.com.br\/sobre\/","name":"Encontra Itaquaquecetuba","description":"Not\u00edcias, eventos, informa\u00e7\u00f5es e dicas na cidade de Itaquaquecetuba e regi\u00e3o","potentialAction":[{"@type":"SearchAction","target":{"@type":"EntryPoint","urlTemplate":"https:\/\/www.encontraitaquaquecetuba.com.br\/sobre\/?s={search_term_string}"},"query-input":"required name=search_term_string"}],"inLanguage":"pt-BR"},{"@type":"Person","@id":"https:\/\/www.encontraitaquaquecetuba.com.br\/sobre\/#\/schema\/person\/a8a866dc746e447abf8ca22b02eae6ea","name":"Encontra Itaquaquecetuba","image":{"@type":"ImageObject","inLanguage":"pt-BR","@id":"https:\/\/www.encontraitaquaquecetuba.com.br\/sobre\/#\/schema\/person\/image\/","url":"https:\/\/secure.gravatar.com\/avatar\/f007732be0d27cbf8a336929fe922478?s=96&d=mm&r=g","contentUrl":"https:\/\/secure.gravatar.com\/avatar\/f007732be0d27cbf8a336929fe922478?s=96&d=mm&r=g","caption":"Encontra Itaquaquecetuba"},"sameAs":["http:\/\/www.encontraitaquaquecetuba.com.br"],"url":"https:\/\/www.encontraitaquaquecetuba.com.br\/sobre\/author\/eitaquaquecetuba\/"}]}},"_links":{"self":[{"href":"https:\/\/www.encontraitaquaquecetuba.com.br\/sobre\/wp-json\/wp\/v2\/posts\/1131"}],"collection":[{"href":"https:\/\/www.encontraitaquaquecetuba.com.br\/sobre\/wp-json\/wp\/v2\/posts"}],"about":[{"href":"https:\/\/www.encontraitaquaquecetuba.com.br\/sobre\/wp-json\/wp\/v2\/types\/post"}],"author":[{"embeddable":true,"href":"https:\/\/www.encontraitaquaquecetuba.com.br\/sobre\/wp-json\/wp\/v2\/users\/1"}],"replies":[{"embeddable":true,"href":"https:\/\/www.encontraitaquaquecetuba.com.br\/sobre\/wp-json\/wp\/v2\/comments?post=1131"}],"version-history":[{"count":0,"href":"https:\/\/www.encontraitaquaquecetuba.com.br\/sobre\/wp-json\/wp\/v2\/posts\/1131\/revisions"}],"wp:attachment":[{"href":"https:\/\/www.encontraitaquaquecetuba.com.br\/sobre\/wp-json\/wp\/v2\/media?parent=1131"}],"wp:term":[{"taxonomy":"category","embeddable":true,"href":"https:\/\/www.encontraitaquaquecetuba.com.br\/sobre\/wp-json\/wp\/v2\/categories?post=1131"},{"taxonomy":"post_tag","embeddable":true,"href":"https:\/\/www.encontraitaquaquecetuba.com.br\/sobre\/wp-json\/wp\/v2\/tags?post=1131"}],"curies":[{"name":"wp","href":"https:\/\/api.w.org\/{rel}","templated":true}]}}