{"id":1136,"date":"2013-07-12T00:01:24","date_gmt":"2013-07-12T00:01:24","guid":{"rendered":"http:\/\/www.encontraitaquaquecetuba.com.br\/noticias\/?p=1136"},"modified":"2013-07-11T17:03:04","modified_gmt":"2013-07-11T17:03:04","slug":"curso-de-gestor-de-projetos-sociais-e-aberto-em-itaquaquecetuba","status":"publish","type":"post","link":"https:\/\/www.encontraitaquaquecetuba.com.br\/sobre\/curso-de-gestor-de-projetos-sociais-e-aberto-em-itaquaquecetuba\/","title":{"rendered":"Curso de gestor de projetos sociais \u00e9 aberto em Itaquaquecetuba"},"content":{"rendered":"<div class=\"80eb2665678f8e3864bb9a528523815b\" data-index=\"1\" style=\"float: none; margin:5px 0 5px 0; text-align:center;\">\n<!-- PUB 73 - Responsivo Horizontal -->\r\n<ins class=\"adsbygoogle\"\r\n     style=\"display:block\"\r\n     data-ad-client=\"ca-pub-7321736592693252\"\r\n     data-ad-slot=\"3087950420\"\r\n     data-ad-format=\"auto\"\r\n     data-full-width-responsive=\"true\"><\/ins>\r\n<script>\r\n     (adsbygoogle = window.adsbygoogle || []).push({});\r\n<\/script>\n<\/div>\n<p>A Secretaria de Ind\u00fastria e Com\u00e9rcio de Itaquaquecetuba, em mais uma parceria com o Senac, ter\u00e1 mais um curso acontecendo em suas depend\u00eancias. Trata-se do curso \u201cGestor de Projetos Sociais\u201d, que tem o objetivo de formar profissionais capazes de atuar em organiza\u00e7\u00f5es sociais, estabelecendo parcerias, mantendo o empreendedorismo e utilizando ferramentas de gest\u00e3o que visem a sustentabilidade.<\/p>\n<p>O curso tem carga hor\u00e1ria de 160 horas com in\u00edcio no dia 19\/8, das 17 \u00e0s 21 horas de segunda a quinta-feira. Os interessados devem ser maiores de 18 anos e ter ensino Fundamental (mesmo que incompleto).<\/p>\n<p>Para participar do processo de triagem, que concede bolsas para esses cursos do SENAC \u00e9 preciso atender aos pr\u00e9-requisitos:<\/p>\n<p>&#8211; Ter renda bruta familiar de at\u00e9 dois sal\u00e1rios m\u00ednimos federais<br \/>\n&#8211; N\u00e3o estar matriculado em nenhum curso do Senac S\u00e3o Paulo<br \/>\n&#8211; N\u00e3o estar participando de nenhum outro processo de bolsas no\u00a0Senac S\u00e3o Paulo<br \/>\n&#8211; N\u00e3o ter evadido ou reprovado por faltas nos \u00faltimos dois anos na condi\u00e7\u00e3o de bolsista do\u00a0Senac S\u00e3o Paulo<\/p>\n<p>Os interessados devem comparecer \u00e0 secretaria de Ind\u00fastria e Com\u00e9rcio de Itaquaquecetuba (Estrada de Sta. Isabel, 1100) nos dias 22 ou 29 de julho, das 17 horas \u00e0s 19h30, levando uma c\u00f3pia do RG. As vagas ser\u00e3o preenchidas por ordem de inscri\u00e7\u00e3o.<\/p>\n<p><em>Fonte: Prefeitura Municipal de Itaquaquecetuba<\/em><\/p>\n\n<div style=\"font-size: 0px; height: 0px; line-height: 0px; margin: 0; padding: 0; clear: both;\"><\/div>","protected":false},"excerpt":{"rendered":"<p>A Secretaria de Ind\u00fastria e Com\u00e9rcio de Itaquaquecetuba, em mais uma parceria com o Senac, ter\u00e1 mais um curso acontecendo em suas depend\u00eancias. Trata-se do curso \u201cGestor de Projetos Sociais\u201d, que tem o objetivo de formar profissionais capazes de atuar em organiza\u00e7\u00f5es sociais, estabelecendo parcerias, mantendo o empreendedorismo e utilizando ferramentas de gest\u00e3o que visem a sustentabilidade. O curso tem carga hor\u00e1ria de 160 horas com in\u00edcio no dia 19\/8, das 17 \u00e0s 21 horas de segunda a quinta-feira. Os interessados devem ser maiores de 18 anos e ter ensino Fundamental (mesmo que incompleto). Para participar do processo de triagem, <\/p>\n","protected":false},"author":1,"featured_media":0,"comment_status":"open","ping_status":"open","sticky":false,"template":"","format":"standard","meta":[],"categories":[6],"tags":[14],"yoast_head":"<!-- This site is optimized with the Yoast SEO plugin v19.6.1 - https:\/\/yoast.com\/wordpress\/plugins\/seo\/ -->\n<title>Curso de gestor de projetos sociais \u00e9 aberto em Itaquaquecetuba - Encontra Itaquaquecetuba<\/title>\n<meta name=\"robots\" content=\"index, follow, max-snippet:-1, max-image-preview:large, max-video-preview:-1\" \/>\n<link rel=\"canonical\" href=\"https:\/\/www.encontraitaquaquecetuba.com.br\/sobre\/curso-de-gestor-de-projetos-sociais-e-aberto-em-itaquaquecetuba\/\" \/>\n<meta property=\"og:locale\" content=\"pt_BR\" \/>\n<meta property=\"og:type\" content=\"article\" \/>\n<meta property=\"og:title\" content=\"Curso de gestor de projetos sociais \u00e9 aberto em Itaquaquecetuba - Encontra Itaquaquecetuba\" \/>\n<meta property=\"og:description\" content=\"A Secretaria de Ind\u00fastria e Com\u00e9rcio de Itaquaquecetuba, em mais uma parceria com o Senac, ter\u00e1 mais um curso acontecendo em suas depend\u00eancias. Trata-se do curso \u201cGestor de Projetos Sociais\u201d, que tem o objetivo de formar profissionais capazes de atuar em organiza\u00e7\u00f5es sociais, estabelecendo parcerias, mantendo o empreendedorismo e utilizando ferramentas de gest\u00e3o que visem a sustentabilidade. O curso tem carga hor\u00e1ria de 160 horas com in\u00edcio no dia 19\/8, das 17 \u00e0s 21 horas de segunda a quinta-feira. Os interessados devem ser maiores de 18 anos e ter ensino Fundamental (mesmo que incompleto). Para participar do processo de triagem,\" \/>\n<meta property=\"og:url\" content=\"https:\/\/www.encontraitaquaquecetuba.com.br\/sobre\/curso-de-gestor-de-projetos-sociais-e-aberto-em-itaquaquecetuba\/\" \/>\n<meta property=\"og:site_name\" content=\"Encontra Itaquaquecetuba\" \/>\n<meta property=\"article:published_time\" content=\"2013-07-12T00:01:24+00:00\" \/>\n<meta property=\"article:modified_time\" content=\"2013-07-11T17:03:04+00:00\" \/>\n<meta name=\"author\" content=\"Encontra Itaquaquecetuba\" \/>\n<meta name=\"twitter:card\" content=\"summary_large_image\" \/>\n<meta name=\"twitter:label1\" content=\"Escrito por\" \/>\n\t<meta name=\"twitter:data1\" content=\"Encontra Itaquaquecetuba\" \/>\n\t<meta name=\"twitter:label2\" content=\"Est. tempo de leitura\" \/>\n\t<meta name=\"twitter:data2\" content=\"1 minuto\" \/>\n<script type=\"application\/ld+json\" class=\"yoast-schema-graph\">{\"@context\":\"https:\/\/schema.org\",\"@graph\":[{\"@type\":\"WebPage\",\"@id\":\"https:\/\/www.encontraitaquaquecetuba.com.br\/sobre\/curso-de-gestor-de-projetos-sociais-e-aberto-em-itaquaquecetuba\/\",\"url\":\"https:\/\/www.encontraitaquaquecetuba.com.br\/sobre\/curso-de-gestor-de-projetos-sociais-e-aberto-em-itaquaquecetuba\/\",\"name\":\"Curso de gestor de projetos sociais \u00e9 aberto em Itaquaquecetuba - Encontra Itaquaquecetuba\",\"isPartOf\":{\"@id\":\"https:\/\/www.encontraitaquaquecetuba.com.br\/sobre\/#website\"},\"datePublished\":\"2013-07-12T00:01:24+00:00\",\"dateModified\":\"2013-07-11T17:03:04+00:00\",\"author\":{\"@id\":\"https:\/\/www.encontraitaquaquecetuba.com.br\/sobre\/#\/schema\/person\/a8a866dc746e447abf8ca22b02eae6ea\"},\"breadcrumb\":{\"@id\":\"https:\/\/www.encontraitaquaquecetuba.com.br\/sobre\/curso-de-gestor-de-projetos-sociais-e-aberto-em-itaquaquecetuba\/#breadcrumb\"},\"inLanguage\":\"pt-BR\",\"potentialAction\":[{\"@type\":\"ReadAction\",\"target\":[\"https:\/\/www.encontraitaquaquecetuba.com.br\/sobre\/curso-de-gestor-de-projetos-sociais-e-aberto-em-itaquaquecetuba\/\"]}]},{\"@type\":\"BreadcrumbList\",\"@id\":\"https:\/\/www.encontraitaquaquecetuba.com.br\/sobre\/curso-de-gestor-de-projetos-sociais-e-aberto-em-itaquaquecetuba\/#breadcrumb\",\"itemListElement\":[{\"@type\":\"ListItem\",\"position\":1,\"name\":\"In\u00edcio\",\"item\":\"https:\/\/www.encontraitaquaquecetuba.com.br\/sobre\/\"},{\"@type\":\"ListItem\",\"position\":2,\"name\":\"Curso de gestor de projetos sociais \u00e9 aberto em Itaquaquecetuba\"}]},{\"@type\":\"WebSite\",\"@id\":\"https:\/\/www.encontraitaquaquecetuba.com.br\/sobre\/#website\",\"url\":\"https:\/\/www.encontraitaquaquecetuba.com.br\/sobre\/\",\"name\":\"Encontra Itaquaquecetuba\",\"description\":\"Not\u00edcias, eventos, informa\u00e7\u00f5es e dicas na cidade de Itaquaquecetuba e regi\u00e3o\",\"potentialAction\":[{\"@type\":\"SearchAction\",\"target\":{\"@type\":\"EntryPoint\",\"urlTemplate\":\"https:\/\/www.encontraitaquaquecetuba.com.br\/sobre\/?s={search_term_string}\"},\"query-input\":\"required name=search_term_string\"}],\"inLanguage\":\"pt-BR\"},{\"@type\":\"Person\",\"@id\":\"https:\/\/www.encontraitaquaquecetuba.com.br\/sobre\/#\/schema\/person\/a8a866dc746e447abf8ca22b02eae6ea\",\"name\":\"Encontra Itaquaquecetuba\",\"image\":{\"@type\":\"ImageObject\",\"inLanguage\":\"pt-BR\",\"@id\":\"https:\/\/www.encontraitaquaquecetuba.com.br\/sobre\/#\/schema\/person\/image\/\",\"url\":\"https:\/\/secure.gravatar.com\/avatar\/f007732be0d27cbf8a336929fe922478?s=96&d=mm&r=g\",\"contentUrl\":\"https:\/\/secure.gravatar.com\/avatar\/f007732be0d27cbf8a336929fe922478?s=96&d=mm&r=g\",\"caption\":\"Encontra Itaquaquecetuba\"},\"sameAs\":[\"http:\/\/www.encontraitaquaquecetuba.com.br\"],\"url\":\"https:\/\/www.encontraitaquaquecetuba.com.br\/sobre\/author\/eitaquaquecetuba\/\"}]}<\/script>\n<!-- \/ Yoast SEO plugin. -->","yoast_head_json":{"title":"Curso de gestor de projetos sociais \u00e9 aberto em Itaquaquecetuba - Encontra Itaquaquecetuba","robots":{"index":"index","follow":"follow","max-snippet":"max-snippet:-1","max-image-preview":"max-image-preview:large","max-video-preview":"max-video-preview:-1"},"canonical":"https:\/\/www.encontraitaquaquecetuba.com.br\/sobre\/curso-de-gestor-de-projetos-sociais-e-aberto-em-itaquaquecetuba\/","og_locale":"pt_BR","og_type":"article","og_title":"Curso de gestor de projetos sociais \u00e9 aberto em Itaquaquecetuba - Encontra Itaquaquecetuba","og_description":"A Secretaria de Ind\u00fastria e Com\u00e9rcio de Itaquaquecetuba, em mais uma parceria com o Senac, ter\u00e1 mais um curso acontecendo em suas depend\u00eancias. Trata-se do curso \u201cGestor de Projetos Sociais\u201d, que tem o objetivo de formar profissionais capazes de atuar em organiza\u00e7\u00f5es sociais, estabelecendo parcerias, mantendo o empreendedorismo e utilizando ferramentas de gest\u00e3o que visem a sustentabilidade. O curso tem carga hor\u00e1ria de 160 horas com in\u00edcio no dia 19\/8, das 17 \u00e0s 21 horas de segunda a quinta-feira. Os interessados devem ser maiores de 18 anos e ter ensino Fundamental (mesmo que incompleto). Para participar do processo de triagem,","og_url":"https:\/\/www.encontraitaquaquecetuba.com.br\/sobre\/curso-de-gestor-de-projetos-sociais-e-aberto-em-itaquaquecetuba\/","og_site_name":"Encontra Itaquaquecetuba","article_published_time":"2013-07-12T00:01:24+00:00","article_modified_time":"2013-07-11T17:03:04+00:00","author":"Encontra Itaquaquecetuba","twitter_card":"summary_large_image","twitter_misc":{"Escrito por":"Encontra Itaquaquecetuba","Est. tempo de leitura":"1 minuto"},"schema":{"@context":"https:\/\/schema.org","@graph":[{"@type":"WebPage","@id":"https:\/\/www.encontraitaquaquecetuba.com.br\/sobre\/curso-de-gestor-de-projetos-sociais-e-aberto-em-itaquaquecetuba\/","url":"https:\/\/www.encontraitaquaquecetuba.com.br\/sobre\/curso-de-gestor-de-projetos-sociais-e-aberto-em-itaquaquecetuba\/","name":"Curso de gestor de projetos sociais \u00e9 aberto em Itaquaquecetuba - Encontra Itaquaquecetuba","isPartOf":{"@id":"https:\/\/www.encontraitaquaquecetuba.com.br\/sobre\/#website"},"datePublished":"2013-07-12T00:01:24+00:00","dateModified":"2013-07-11T17:03:04+00:00","author":{"@id":"https:\/\/www.encontraitaquaquecetuba.com.br\/sobre\/#\/schema\/person\/a8a866dc746e447abf8ca22b02eae6ea"},"breadcrumb":{"@id":"https:\/\/www.encontraitaquaquecetuba.com.br\/sobre\/curso-de-gestor-de-projetos-sociais-e-aberto-em-itaquaquecetuba\/#breadcrumb"},"inLanguage":"pt-BR","potentialAction":[{"@type":"ReadAction","target":["https:\/\/www.encontraitaquaquecetuba.com.br\/sobre\/curso-de-gestor-de-projetos-sociais-e-aberto-em-itaquaquecetuba\/"]}]},{"@type":"BreadcrumbList","@id":"https:\/\/www.encontraitaquaquecetuba.com.br\/sobre\/curso-de-gestor-de-projetos-sociais-e-aberto-em-itaquaquecetuba\/#breadcrumb","itemListElement":[{"@type":"ListItem","position":1,"name":"In\u00edcio","item":"https:\/\/www.encontraitaquaquecetuba.com.br\/sobre\/"},{"@type":"ListItem","position":2,"name":"Curso de gestor de projetos sociais \u00e9 aberto em Itaquaquecetuba"}]},{"@type":"WebSite","@id":"https:\/\/www.encontraitaquaquecetuba.com.br\/sobre\/#website","url":"https:\/\/www.encontraitaquaquecetuba.com.br\/sobre\/","name":"Encontra Itaquaquecetuba","description":"Not\u00edcias, eventos, informa\u00e7\u00f5es e dicas na cidade de Itaquaquecetuba e regi\u00e3o","potentialAction":[{"@type":"SearchAction","target":{"@type":"EntryPoint","urlTemplate":"https:\/\/www.encontraitaquaquecetuba.com.br\/sobre\/?s={search_term_string}"},"query-input":"required name=search_term_string"}],"inLanguage":"pt-BR"},{"@type":"Person","@id":"https:\/\/www.encontraitaquaquecetuba.com.br\/sobre\/#\/schema\/person\/a8a866dc746e447abf8ca22b02eae6ea","name":"Encontra Itaquaquecetuba","image":{"@type":"ImageObject","inLanguage":"pt-BR","@id":"https:\/\/www.encontraitaquaquecetuba.com.br\/sobre\/#\/schema\/person\/image\/","url":"https:\/\/secure.gravatar.com\/avatar\/f007732be0d27cbf8a336929fe922478?s=96&d=mm&r=g","contentUrl":"https:\/\/secure.gravatar.com\/avatar\/f007732be0d27cbf8a336929fe922478?s=96&d=mm&r=g","caption":"Encontra Itaquaquecetuba"},"sameAs":["http:\/\/www.encontraitaquaquecetuba.com.br"],"url":"https:\/\/www.encontraitaquaquecetuba.com.br\/sobre\/author\/eitaquaquecetuba\/"}]}},"_links":{"self":[{"href":"https:\/\/www.encontraitaquaquecetuba.com.br\/sobre\/wp-json\/wp\/v2\/posts\/1136"}],"collection":[{"href":"https:\/\/www.encontraitaquaquecetuba.com.br\/sobre\/wp-json\/wp\/v2\/posts"}],"about":[{"href":"https:\/\/www.encontraitaquaquecetuba.com.br\/sobre\/wp-json\/wp\/v2\/types\/post"}],"author":[{"embeddable":true,"href":"https:\/\/www.encontraitaquaquecetuba.com.br\/sobre\/wp-json\/wp\/v2\/users\/1"}],"replies":[{"embeddable":true,"href":"https:\/\/www.encontraitaquaquecetuba.com.br\/sobre\/wp-json\/wp\/v2\/comments?post=1136"}],"version-history":[{"count":0,"href":"https:\/\/www.encontraitaquaquecetuba.com.br\/sobre\/wp-json\/wp\/v2\/posts\/1136\/revisions"}],"wp:attachment":[{"href":"https:\/\/www.encontraitaquaquecetuba.com.br\/sobre\/wp-json\/wp\/v2\/media?parent=1136"}],"wp:term":[{"taxonomy":"category","embeddable":true,"href":"https:\/\/www.encontraitaquaquecetuba.com.br\/sobre\/wp-json\/wp\/v2\/categories?post=1136"},{"taxonomy":"post_tag","embeddable":true,"href":"https:\/\/www.encontraitaquaquecetuba.com.br\/sobre\/wp-json\/wp\/v2\/tags?post=1136"}],"curies":[{"name":"wp","href":"https:\/\/api.w.org\/{rel}","templated":true}]}}