{"id":1150,"date":"2013-07-17T00:01:28","date_gmt":"2013-07-17T00:01:28","guid":{"rendered":"http:\/\/www.encontraitaquaquecetuba.com.br\/noticias\/?p=1150"},"modified":"2021-09-13T15:25:55","modified_gmt":"2021-09-13T15:25:55","slug":"pacientes-reclamam-da-falta-de-medicamentos-em-itaquaquecetuba","status":"publish","type":"post","link":"https:\/\/www.encontraitaquaquecetuba.com.br\/sobre\/pacientes-reclamam-da-falta-de-medicamentos-em-itaquaquecetuba\/","title":{"rendered":"Pacientes reclamam da falta de medicamentos em Itaquaquecetuba"},"content":{"rendered":"<div class=\"80eb2665678f8e3864bb9a528523815b\" data-index=\"1\" style=\"float: none; margin:5px 0 5px 0; text-align:center;\">\n<!-- PUB 73 - Responsivo Horizontal -->\r\n<ins class=\"adsbygoogle\"\r\n     style=\"display:block\"\r\n     data-ad-client=\"ca-pub-7321736592693252\"\r\n     data-ad-slot=\"3087950420\"\r\n     data-ad-format=\"auto\"\r\n     data-full-width-responsive=\"true\"><\/ins>\r\n<script>\r\n     (adsbygoogle = window.adsbygoogle || []).push({});\r\n<\/script>\n<\/div>\n<p>A falta de medicamentos no posto de sa\u00fade do bairro Marengo Baixo, em\u00a0Itaquaquecetuba, \u00e9 alvo de reclama\u00e7\u00f5es de moradores do bairro. Pacientes dizem n\u00e3o conseguir medicamentos para press\u00e3o, diabetes, entre outros, desde janeiro.<\/p>\n<p>\u201cEu tenho press\u00e3o alta, mas n\u00e3o encontro o rem\u00e9dio no posto. O jeito \u00e9 comprar\u201d, reclama a aut\u00f4noma Sueli Rodrigues Pinto. Ela diz que desde o in\u00edcio do ano a situa\u00e7\u00e3o \u00e9 prec\u00e1ria no posto. Outra reclama\u00e7\u00e3o de Sueli \u00e9 a falta de amoxicilina infantil. Al\u00e9m do medicamento, ela diz que tamb\u00e9m n\u00e3o h\u00e1 pediatra. \u201cMinha neta tem bronquite e a levo no posto, mas disseram que a pediatra est\u00e1 em f\u00e9rias e volta s\u00f3 depois de 22 de julho.\u201d<\/p>\n<p>A dona de casa Cleuza Alves de Souza desistiu do posto de sa\u00fade do bairro. Ela faz tratamento no Hospital Regional Os\u00edris Florindo Coelho em Ferraz de Vasconcelos. \u201cComo a receita \u00e9 do Estado eu consigo os medicamentos da press\u00e3o alta no AMA de Guaianazes\u201d, conta. \u201cSe a gente n\u00e3o tem dinheiro, fica sem a medica\u00e7\u00e3o no posto do Marengo que nunca tem rem\u00e9dio\u201d.<\/p>\n<p>Justificativas<\/p>\n<p>Com rela\u00e7\u00e3o ao medicamento para hipertens\u00e3o, a Prefeitura informou que o mesmo n\u00e3o pertence \u00e0 padroniza\u00e7\u00e3o, portanto n\u00e3o tem na unidade. Quanto \u00e0 amoxicilina para crian\u00e7as, a Prefeitura justificou que\u00a0 providenciou licita\u00e7\u00e3o para aquisi\u00e7\u00e3o de diversos medicamentos. O setor de Abastecimento est\u00e1 providenciando o pedido da primeira entrega. Segundo a Prefeitura, at\u00e9 o final do m\u00eas de julho as unidades\u00a0 b\u00e1sicas estar\u00e3o abastecidas com o medicamento.<\/p>\n<p>J\u00e1 quanto \u00e0 insulina, a Prefeitura justificou que o medicamento \u00e9 fornecido pelo Minist\u00e9rio da Sa\u00fade e sua distribui\u00e7\u00e3o para as unidades ocorre normalmente.<\/p>\n<p>Sobre a reclama\u00e7\u00e3o dos moradores do bairro Marengo Baixo referente \u00e0s f\u00e9rias do pediatra, a Secretaria de Sa\u00fade de Itaquaquecetuba informou que os servi\u00e7os prestados pela Unidade de Sa\u00fade do Marengo est\u00e3o normalizados e n\u00e3o prejudicam a popula\u00e7\u00e3o. Para casos de urg\u00eancia e emerg\u00eancia, os pacientes contam tamb\u00e9m com pediatras no Pronto-Atendimento Municipal.<\/p>\n<p>Problema antigo<\/p>\n<p>Al\u00e9m da reportagem, o problema j\u00e1 foi mostrado em fevereiro. Na \u00e9poca, os pacientes reclamavam do fechamento da farm\u00e1cia do posto. Um cartaz na porta da unidade alertava sobre o problema e justificava que o funcionamento estava suspenso por causa da falta de funcion\u00e1rios.<\/p>\n<p>A Prefeitura de Itaquaquecetuba informou na ocasi\u00e3o que um concurso p\u00fablico tinha sido feito, convocando 30 m\u00e9dicos e enfermeiros. Segundo a Secretaria Municipal de Sa\u00fade, o n\u00famero era suficiente para atender toda a demanda. A administra\u00e7\u00e3o municipal ainda informou que a compra de medicamentos estava em processo de licita\u00e7\u00e3o e os estoques das farm\u00e1cias seriam normalizados.<\/p>\n<p><em>Fonte: G1<\/em><\/p>\n\n<div style=\"font-size: 0px; height: 0px; line-height: 0px; margin: 0; padding: 0; clear: both;\"><\/div>","protected":false},"excerpt":{"rendered":"<p>A falta de medicamentos no posto de sa\u00fade do bairro Marengo Baixo, em\u00a0Itaquaquecetuba, \u00e9 alvo de reclama\u00e7\u00f5es de moradores do bairro. Pacientes dizem n\u00e3o conseguir medicamentos para press\u00e3o, diabetes, entre outros, desde janeiro. \u201cEu tenho press\u00e3o alta, mas n\u00e3o encontro o rem\u00e9dio no posto. O jeito \u00e9 comprar\u201d, reclama a aut\u00f4noma Sueli Rodrigues Pinto. Ela diz que desde o in\u00edcio do ano a situa\u00e7\u00e3o \u00e9 prec\u00e1ria no posto. Outra reclama\u00e7\u00e3o de Sueli \u00e9 a falta de amoxicilina infantil. Al\u00e9m do medicamento, ela diz que tamb\u00e9m n\u00e3o h\u00e1 pediatra. \u201cMinha neta tem bronquite e a levo no posto, mas disseram que <\/p>\n","protected":false},"author":1,"featured_media":0,"comment_status":"open","ping_status":"open","sticky":false,"template":"","format":"standard","meta":[],"categories":[6],"tags":[14],"yoast_head":"<!-- This site is optimized with the Yoast SEO plugin v19.6.1 - https:\/\/yoast.com\/wordpress\/plugins\/seo\/ -->\n<title>Pacientes reclamam da falta de medicamentos em Itaquaquecetuba - Encontra Itaquaquecetuba<\/title>\n<meta name=\"robots\" content=\"index, follow, max-snippet:-1, max-image-preview:large, max-video-preview:-1\" \/>\n<link rel=\"canonical\" href=\"https:\/\/www.encontraitaquaquecetuba.com.br\/sobre\/pacientes-reclamam-da-falta-de-medicamentos-em-itaquaquecetuba\/\" \/>\n<meta property=\"og:locale\" content=\"pt_BR\" \/>\n<meta property=\"og:type\" content=\"article\" \/>\n<meta property=\"og:title\" content=\"Pacientes reclamam da falta de medicamentos em Itaquaquecetuba - Encontra Itaquaquecetuba\" \/>\n<meta property=\"og:description\" content=\"A falta de medicamentos no posto de sa\u00fade do bairro Marengo Baixo, em\u00a0Itaquaquecetuba, \u00e9 alvo de reclama\u00e7\u00f5es de moradores do bairro. Pacientes dizem n\u00e3o conseguir medicamentos para press\u00e3o, diabetes, entre outros, desde janeiro. \u201cEu tenho press\u00e3o alta, mas n\u00e3o encontro o rem\u00e9dio no posto. O jeito \u00e9 comprar\u201d, reclama a aut\u00f4noma Sueli Rodrigues Pinto. Ela diz que desde o in\u00edcio do ano a situa\u00e7\u00e3o \u00e9 prec\u00e1ria no posto. Outra reclama\u00e7\u00e3o de Sueli \u00e9 a falta de amoxicilina infantil. Al\u00e9m do medicamento, ela diz que tamb\u00e9m n\u00e3o h\u00e1 pediatra. \u201cMinha neta tem bronquite e a levo no posto, mas disseram que\" \/>\n<meta property=\"og:url\" content=\"https:\/\/www.encontraitaquaquecetuba.com.br\/sobre\/pacientes-reclamam-da-falta-de-medicamentos-em-itaquaquecetuba\/\" \/>\n<meta property=\"og:site_name\" content=\"Encontra Itaquaquecetuba\" \/>\n<meta property=\"article:published_time\" content=\"2013-07-17T00:01:28+00:00\" \/>\n<meta property=\"article:modified_time\" content=\"2021-09-13T15:25:55+00:00\" \/>\n<meta name=\"author\" content=\"Encontra Itaquaquecetuba\" \/>\n<meta name=\"twitter:card\" content=\"summary_large_image\" \/>\n<meta name=\"twitter:label1\" content=\"Escrito por\" \/>\n\t<meta name=\"twitter:data1\" content=\"Encontra Itaquaquecetuba\" \/>\n\t<meta name=\"twitter:label2\" content=\"Est. tempo de leitura\" \/>\n\t<meta name=\"twitter:data2\" content=\"2 minutos\" \/>\n<script type=\"application\/ld+json\" class=\"yoast-schema-graph\">{\"@context\":\"https:\/\/schema.org\",\"@graph\":[{\"@type\":\"WebPage\",\"@id\":\"https:\/\/www.encontraitaquaquecetuba.com.br\/sobre\/pacientes-reclamam-da-falta-de-medicamentos-em-itaquaquecetuba\/\",\"url\":\"https:\/\/www.encontraitaquaquecetuba.com.br\/sobre\/pacientes-reclamam-da-falta-de-medicamentos-em-itaquaquecetuba\/\",\"name\":\"Pacientes reclamam da falta de medicamentos em Itaquaquecetuba - Encontra Itaquaquecetuba\",\"isPartOf\":{\"@id\":\"https:\/\/www.encontraitaquaquecetuba.com.br\/sobre\/#website\"},\"datePublished\":\"2013-07-17T00:01:28+00:00\",\"dateModified\":\"2021-09-13T15:25:55+00:00\",\"author\":{\"@id\":\"https:\/\/www.encontraitaquaquecetuba.com.br\/sobre\/#\/schema\/person\/a8a866dc746e447abf8ca22b02eae6ea\"},\"breadcrumb\":{\"@id\":\"https:\/\/www.encontraitaquaquecetuba.com.br\/sobre\/pacientes-reclamam-da-falta-de-medicamentos-em-itaquaquecetuba\/#breadcrumb\"},\"inLanguage\":\"pt-BR\",\"potentialAction\":[{\"@type\":\"ReadAction\",\"target\":[\"https:\/\/www.encontraitaquaquecetuba.com.br\/sobre\/pacientes-reclamam-da-falta-de-medicamentos-em-itaquaquecetuba\/\"]}]},{\"@type\":\"BreadcrumbList\",\"@id\":\"https:\/\/www.encontraitaquaquecetuba.com.br\/sobre\/pacientes-reclamam-da-falta-de-medicamentos-em-itaquaquecetuba\/#breadcrumb\",\"itemListElement\":[{\"@type\":\"ListItem\",\"position\":1,\"name\":\"In\u00edcio\",\"item\":\"https:\/\/www.encontraitaquaquecetuba.com.br\/sobre\/\"},{\"@type\":\"ListItem\",\"position\":2,\"name\":\"Pacientes reclamam da falta de medicamentos em Itaquaquecetuba\"}]},{\"@type\":\"WebSite\",\"@id\":\"https:\/\/www.encontraitaquaquecetuba.com.br\/sobre\/#website\",\"url\":\"https:\/\/www.encontraitaquaquecetuba.com.br\/sobre\/\",\"name\":\"Encontra Itaquaquecetuba\",\"description\":\"Not\u00edcias, eventos, informa\u00e7\u00f5es e dicas na cidade de Itaquaquecetuba e regi\u00e3o\",\"potentialAction\":[{\"@type\":\"SearchAction\",\"target\":{\"@type\":\"EntryPoint\",\"urlTemplate\":\"https:\/\/www.encontraitaquaquecetuba.com.br\/sobre\/?s={search_term_string}\"},\"query-input\":\"required name=search_term_string\"}],\"inLanguage\":\"pt-BR\"},{\"@type\":\"Person\",\"@id\":\"https:\/\/www.encontraitaquaquecetuba.com.br\/sobre\/#\/schema\/person\/a8a866dc746e447abf8ca22b02eae6ea\",\"name\":\"Encontra Itaquaquecetuba\",\"image\":{\"@type\":\"ImageObject\",\"inLanguage\":\"pt-BR\",\"@id\":\"https:\/\/www.encontraitaquaquecetuba.com.br\/sobre\/#\/schema\/person\/image\/\",\"url\":\"https:\/\/secure.gravatar.com\/avatar\/f007732be0d27cbf8a336929fe922478?s=96&d=mm&r=g\",\"contentUrl\":\"https:\/\/secure.gravatar.com\/avatar\/f007732be0d27cbf8a336929fe922478?s=96&d=mm&r=g\",\"caption\":\"Encontra Itaquaquecetuba\"},\"sameAs\":[\"http:\/\/www.encontraitaquaquecetuba.com.br\"],\"url\":\"https:\/\/www.encontraitaquaquecetuba.com.br\/sobre\/author\/eitaquaquecetuba\/\"}]}<\/script>\n<!-- \/ Yoast SEO plugin. -->","yoast_head_json":{"title":"Pacientes reclamam da falta de medicamentos em Itaquaquecetuba - Encontra Itaquaquecetuba","robots":{"index":"index","follow":"follow","max-snippet":"max-snippet:-1","max-image-preview":"max-image-preview:large","max-video-preview":"max-video-preview:-1"},"canonical":"https:\/\/www.encontraitaquaquecetuba.com.br\/sobre\/pacientes-reclamam-da-falta-de-medicamentos-em-itaquaquecetuba\/","og_locale":"pt_BR","og_type":"article","og_title":"Pacientes reclamam da falta de medicamentos em Itaquaquecetuba - Encontra Itaquaquecetuba","og_description":"A falta de medicamentos no posto de sa\u00fade do bairro Marengo Baixo, em\u00a0Itaquaquecetuba, \u00e9 alvo de reclama\u00e7\u00f5es de moradores do bairro. Pacientes dizem n\u00e3o conseguir medicamentos para press\u00e3o, diabetes, entre outros, desde janeiro. \u201cEu tenho press\u00e3o alta, mas n\u00e3o encontro o rem\u00e9dio no posto. O jeito \u00e9 comprar\u201d, reclama a aut\u00f4noma Sueli Rodrigues Pinto. Ela diz que desde o in\u00edcio do ano a situa\u00e7\u00e3o \u00e9 prec\u00e1ria no posto. Outra reclama\u00e7\u00e3o de Sueli \u00e9 a falta de amoxicilina infantil. Al\u00e9m do medicamento, ela diz que tamb\u00e9m n\u00e3o h\u00e1 pediatra. \u201cMinha neta tem bronquite e a levo no posto, mas disseram que","og_url":"https:\/\/www.encontraitaquaquecetuba.com.br\/sobre\/pacientes-reclamam-da-falta-de-medicamentos-em-itaquaquecetuba\/","og_site_name":"Encontra Itaquaquecetuba","article_published_time":"2013-07-17T00:01:28+00:00","article_modified_time":"2021-09-13T15:25:55+00:00","author":"Encontra Itaquaquecetuba","twitter_card":"summary_large_image","twitter_misc":{"Escrito por":"Encontra Itaquaquecetuba","Est. tempo de leitura":"2 minutos"},"schema":{"@context":"https:\/\/schema.org","@graph":[{"@type":"WebPage","@id":"https:\/\/www.encontraitaquaquecetuba.com.br\/sobre\/pacientes-reclamam-da-falta-de-medicamentos-em-itaquaquecetuba\/","url":"https:\/\/www.encontraitaquaquecetuba.com.br\/sobre\/pacientes-reclamam-da-falta-de-medicamentos-em-itaquaquecetuba\/","name":"Pacientes reclamam da falta de medicamentos em Itaquaquecetuba - Encontra Itaquaquecetuba","isPartOf":{"@id":"https:\/\/www.encontraitaquaquecetuba.com.br\/sobre\/#website"},"datePublished":"2013-07-17T00:01:28+00:00","dateModified":"2021-09-13T15:25:55+00:00","author":{"@id":"https:\/\/www.encontraitaquaquecetuba.com.br\/sobre\/#\/schema\/person\/a8a866dc746e447abf8ca22b02eae6ea"},"breadcrumb":{"@id":"https:\/\/www.encontraitaquaquecetuba.com.br\/sobre\/pacientes-reclamam-da-falta-de-medicamentos-em-itaquaquecetuba\/#breadcrumb"},"inLanguage":"pt-BR","potentialAction":[{"@type":"ReadAction","target":["https:\/\/www.encontraitaquaquecetuba.com.br\/sobre\/pacientes-reclamam-da-falta-de-medicamentos-em-itaquaquecetuba\/"]}]},{"@type":"BreadcrumbList","@id":"https:\/\/www.encontraitaquaquecetuba.com.br\/sobre\/pacientes-reclamam-da-falta-de-medicamentos-em-itaquaquecetuba\/#breadcrumb","itemListElement":[{"@type":"ListItem","position":1,"name":"In\u00edcio","item":"https:\/\/www.encontraitaquaquecetuba.com.br\/sobre\/"},{"@type":"ListItem","position":2,"name":"Pacientes reclamam da falta de medicamentos em Itaquaquecetuba"}]},{"@type":"WebSite","@id":"https:\/\/www.encontraitaquaquecetuba.com.br\/sobre\/#website","url":"https:\/\/www.encontraitaquaquecetuba.com.br\/sobre\/","name":"Encontra Itaquaquecetuba","description":"Not\u00edcias, eventos, informa\u00e7\u00f5es e dicas na cidade de Itaquaquecetuba e regi\u00e3o","potentialAction":[{"@type":"SearchAction","target":{"@type":"EntryPoint","urlTemplate":"https:\/\/www.encontraitaquaquecetuba.com.br\/sobre\/?s={search_term_string}"},"query-input":"required name=search_term_string"}],"inLanguage":"pt-BR"},{"@type":"Person","@id":"https:\/\/www.encontraitaquaquecetuba.com.br\/sobre\/#\/schema\/person\/a8a866dc746e447abf8ca22b02eae6ea","name":"Encontra Itaquaquecetuba","image":{"@type":"ImageObject","inLanguage":"pt-BR","@id":"https:\/\/www.encontraitaquaquecetuba.com.br\/sobre\/#\/schema\/person\/image\/","url":"https:\/\/secure.gravatar.com\/avatar\/f007732be0d27cbf8a336929fe922478?s=96&d=mm&r=g","contentUrl":"https:\/\/secure.gravatar.com\/avatar\/f007732be0d27cbf8a336929fe922478?s=96&d=mm&r=g","caption":"Encontra Itaquaquecetuba"},"sameAs":["http:\/\/www.encontraitaquaquecetuba.com.br"],"url":"https:\/\/www.encontraitaquaquecetuba.com.br\/sobre\/author\/eitaquaquecetuba\/"}]}},"_links":{"self":[{"href":"https:\/\/www.encontraitaquaquecetuba.com.br\/sobre\/wp-json\/wp\/v2\/posts\/1150"}],"collection":[{"href":"https:\/\/www.encontraitaquaquecetuba.com.br\/sobre\/wp-json\/wp\/v2\/posts"}],"about":[{"href":"https:\/\/www.encontraitaquaquecetuba.com.br\/sobre\/wp-json\/wp\/v2\/types\/post"}],"author":[{"embeddable":true,"href":"https:\/\/www.encontraitaquaquecetuba.com.br\/sobre\/wp-json\/wp\/v2\/users\/1"}],"replies":[{"embeddable":true,"href":"https:\/\/www.encontraitaquaquecetuba.com.br\/sobre\/wp-json\/wp\/v2\/comments?post=1150"}],"version-history":[{"count":0,"href":"https:\/\/www.encontraitaquaquecetuba.com.br\/sobre\/wp-json\/wp\/v2\/posts\/1150\/revisions"}],"wp:attachment":[{"href":"https:\/\/www.encontraitaquaquecetuba.com.br\/sobre\/wp-json\/wp\/v2\/media?parent=1150"}],"wp:term":[{"taxonomy":"category","embeddable":true,"href":"https:\/\/www.encontraitaquaquecetuba.com.br\/sobre\/wp-json\/wp\/v2\/categories?post=1150"},{"taxonomy":"post_tag","embeddable":true,"href":"https:\/\/www.encontraitaquaquecetuba.com.br\/sobre\/wp-json\/wp\/v2\/tags?post=1150"}],"curies":[{"name":"wp","href":"https:\/\/api.w.org\/{rel}","templated":true}]}}