{"id":1154,"date":"2013-07-19T00:01:28","date_gmt":"2013-07-19T00:01:28","guid":{"rendered":"http:\/\/www.encontraitaquaquecetuba.com.br\/noticias\/?p=1154"},"modified":"2013-07-19T00:41:43","modified_gmt":"2013-07-19T00:41:43","slug":"prefeitura-de-itaquaquecetuba-tera-de-retirar-pintura-de-predios-publicos","status":"publish","type":"post","link":"https:\/\/www.encontraitaquaquecetuba.com.br\/sobre\/prefeitura-de-itaquaquecetuba-tera-de-retirar-pintura-de-predios-publicos\/","title":{"rendered":"Prefeitura de Itaquaquecetuba ter\u00e1 de retirar pintura de pr\u00e9dios p\u00fablicos"},"content":{"rendered":"<div class=\"80eb2665678f8e3864bb9a528523815b\" data-index=\"1\" style=\"float: none; margin:5px 0 5px 0; text-align:center;\">\n<!-- PUB 73 - Responsivo Horizontal -->\r\n<ins class=\"adsbygoogle\"\r\n     style=\"display:block\"\r\n     data-ad-client=\"ca-pub-7321736592693252\"\r\n     data-ad-slot=\"3087950420\"\r\n     data-ad-format=\"auto\"\r\n     data-full-width-responsive=\"true\"><\/ins>\r\n<script>\r\n     (adsbygoogle = window.adsbygoogle || []).push({});\r\n<\/script>\n<\/div>\n<p>A Justi\u00e7a de\u00a0Itaquaquecetuba\u00a0deu um prazo de 30 dias para que a Prefeitura retire a pintura dos pr\u00e9dios p\u00fablicos que poderiam promover o partido do prefeito Mamoru Nakashima (PTN). A den\u00fancia partiu de uma a\u00e7\u00e3o popular. A administra\u00e7\u00e3o municipal diz que s\u00f3 manteve as cores que j\u00e1 existiam e que deve recorrer da decis\u00e3o. De acordo com o Tribunal de Justi\u00e7a, um oficial j\u00e1 est\u00e1 com a notifica\u00e7\u00e3o para ser entregue \u00e0 Prefeitura de Itaquaquecetuba.<\/p>\n<p>A decis\u00e3o assinada no \u00faltimo dia 10 pelo juiz Carlos Eduardo Xavier Brito determina que a Prefeitura \u00e9 obrigada a retirar as cores azul, amarelo e verde de pr\u00e9dios, obras, placas ou cartazes da cidade e do site da Prefeitura, em trinta dias, sob pena de multa di\u00e1ria de R$ 1 mil em caso de descumprimento.<\/p>\n<p>A decis\u00e3o tem como base uma a\u00e7\u00e3o popular. A acusa\u00e7\u00e3o \u00e9 de que o prefeito usa as cores para promover o PTN usando dinheiro p\u00fablico. De acordo o secret\u00e1rio de Assuntos Jur\u00eddicos, Augusto Vieira da Silva, a Administra\u00e7\u00e3o Municipal ainda n\u00e3o foi notificada, mas j\u00e1 tomou provid\u00eancias no \u00fanico pr\u00e9dio p\u00fablico que, neste ano, segundo a Prefeitura, foi pintado com uma das cores proibidas.<\/p>\n<p>&#8220;A guarita da Promo\u00e7\u00e3o Social j\u00e1 era toda azul. Como a pintura estava antiga e desbotada, n\u00f3s resolvemos pintar de branco e fazer o barrado na mesma cor azul. Por ser uma cor do munic\u00edpio e por j\u00e1 estar identificado no pr\u00f3prio pr\u00e9dio n\u00f3s resolvemos manter. No entanto, a Prefeitura j\u00e1 atendeu a determina\u00e7\u00e3o judicial e pintou o pr\u00e9dio todo em branco&#8221;, detalha o secret\u00e1rio.<\/p>\n<p>A decis\u00e3o da Justi\u00e7a n\u00e3o fala sobre a tonalidade das cores. A fachada da Prefeitura desde a administra\u00e7\u00e3o anterior tem a cor azul. O secret\u00e1rio de Assuntos Jur\u00eddicos argumenta ainda que o site do munic\u00edpio, al\u00e9m da cor branca do fundo, s\u00f3 tem as cores do bras\u00e3o da cidade.<\/p>\n<p>Uma lei de junho deste ano definiu como oficiais as cores que, de acordo com a Prefeitura, sempre foram usadas desde a cria\u00e7\u00e3o do bras\u00e3o. Por isso, para que a Administra\u00e7\u00e3o Municipal possa usar as cores do bras\u00e3o em placas que identifiquem os pr\u00e9dios p\u00fablicos, a prefeitura vai recorrer da decis\u00e3o publicada neste m\u00eas. &#8220;A Prefeitura vai recorrer n\u00e3o para usar uma cor em espec\u00edfico, mas para usar as cores do bras\u00e3o&#8221;, finaliza o secret\u00e1rio.<\/p>\n<p><em>Fonte: G1<\/em><\/p>\n\n<div style=\"font-size: 0px; height: 0px; line-height: 0px; margin: 0; padding: 0; clear: both;\"><\/div>","protected":false},"excerpt":{"rendered":"<p>A Justi\u00e7a de\u00a0Itaquaquecetuba\u00a0deu um prazo de 30 dias para que a Prefeitura retire a pintura dos pr\u00e9dios p\u00fablicos que poderiam promover o partido do prefeito Mamoru Nakashima (PTN). A den\u00fancia partiu de uma a\u00e7\u00e3o popular. A administra\u00e7\u00e3o municipal diz que s\u00f3 manteve as cores que j\u00e1 existiam e que deve recorrer da decis\u00e3o. De acordo com o Tribunal de Justi\u00e7a, um oficial j\u00e1 est\u00e1 com a notifica\u00e7\u00e3o para ser entregue \u00e0 Prefeitura de Itaquaquecetuba. A decis\u00e3o assinada no \u00faltimo dia 10 pelo juiz Carlos Eduardo Xavier Brito determina que a Prefeitura \u00e9 obrigada a retirar as cores azul, amarelo e <\/p>\n","protected":false},"author":1,"featured_media":0,"comment_status":"open","ping_status":"open","sticky":false,"template":"","format":"standard","meta":[],"categories":[6,8],"tags":[14],"yoast_head":"<!-- This site is optimized with the Yoast SEO plugin v19.6.1 - https:\/\/yoast.com\/wordpress\/plugins\/seo\/ -->\n<title>Prefeitura de Itaquaquecetuba ter\u00e1 de retirar pintura de pr\u00e9dios p\u00fablicos - Encontra Itaquaquecetuba<\/title>\n<meta name=\"robots\" content=\"index, follow, max-snippet:-1, max-image-preview:large, max-video-preview:-1\" \/>\n<link rel=\"canonical\" href=\"https:\/\/www.encontraitaquaquecetuba.com.br\/sobre\/prefeitura-de-itaquaquecetuba-tera-de-retirar-pintura-de-predios-publicos\/\" \/>\n<meta property=\"og:locale\" content=\"pt_BR\" \/>\n<meta property=\"og:type\" content=\"article\" \/>\n<meta property=\"og:title\" content=\"Prefeitura de Itaquaquecetuba ter\u00e1 de retirar pintura de pr\u00e9dios p\u00fablicos - Encontra Itaquaquecetuba\" \/>\n<meta property=\"og:description\" content=\"A Justi\u00e7a de\u00a0Itaquaquecetuba\u00a0deu um prazo de 30 dias para que a Prefeitura retire a pintura dos pr\u00e9dios p\u00fablicos que poderiam promover o partido do prefeito Mamoru Nakashima (PTN). A den\u00fancia partiu de uma a\u00e7\u00e3o popular. A administra\u00e7\u00e3o municipal diz que s\u00f3 manteve as cores que j\u00e1 existiam e que deve recorrer da decis\u00e3o. De acordo com o Tribunal de Justi\u00e7a, um oficial j\u00e1 est\u00e1 com a notifica\u00e7\u00e3o para ser entregue \u00e0 Prefeitura de Itaquaquecetuba. A decis\u00e3o assinada no \u00faltimo dia 10 pelo juiz Carlos Eduardo Xavier Brito determina que a Prefeitura \u00e9 obrigada a retirar as cores azul, amarelo e\" \/>\n<meta property=\"og:url\" content=\"https:\/\/www.encontraitaquaquecetuba.com.br\/sobre\/prefeitura-de-itaquaquecetuba-tera-de-retirar-pintura-de-predios-publicos\/\" \/>\n<meta property=\"og:site_name\" content=\"Encontra Itaquaquecetuba\" \/>\n<meta property=\"article:published_time\" content=\"2013-07-19T00:01:28+00:00\" \/>\n<meta property=\"article:modified_time\" content=\"2013-07-19T00:41:43+00:00\" \/>\n<meta name=\"author\" content=\"Encontra Itaquaquecetuba\" \/>\n<meta name=\"twitter:card\" content=\"summary_large_image\" \/>\n<meta name=\"twitter:label1\" content=\"Escrito por\" \/>\n\t<meta name=\"twitter:data1\" content=\"Encontra Itaquaquecetuba\" \/>\n\t<meta name=\"twitter:label2\" content=\"Est. tempo de leitura\" \/>\n\t<meta name=\"twitter:data2\" content=\"2 minutos\" \/>\n<script type=\"application\/ld+json\" class=\"yoast-schema-graph\">{\"@context\":\"https:\/\/schema.org\",\"@graph\":[{\"@type\":\"WebPage\",\"@id\":\"https:\/\/www.encontraitaquaquecetuba.com.br\/sobre\/prefeitura-de-itaquaquecetuba-tera-de-retirar-pintura-de-predios-publicos\/\",\"url\":\"https:\/\/www.encontraitaquaquecetuba.com.br\/sobre\/prefeitura-de-itaquaquecetuba-tera-de-retirar-pintura-de-predios-publicos\/\",\"name\":\"Prefeitura de Itaquaquecetuba ter\u00e1 de retirar pintura de pr\u00e9dios p\u00fablicos - Encontra Itaquaquecetuba\",\"isPartOf\":{\"@id\":\"https:\/\/www.encontraitaquaquecetuba.com.br\/sobre\/#website\"},\"datePublished\":\"2013-07-19T00:01:28+00:00\",\"dateModified\":\"2013-07-19T00:41:43+00:00\",\"author\":{\"@id\":\"https:\/\/www.encontraitaquaquecetuba.com.br\/sobre\/#\/schema\/person\/a8a866dc746e447abf8ca22b02eae6ea\"},\"breadcrumb\":{\"@id\":\"https:\/\/www.encontraitaquaquecetuba.com.br\/sobre\/prefeitura-de-itaquaquecetuba-tera-de-retirar-pintura-de-predios-publicos\/#breadcrumb\"},\"inLanguage\":\"pt-BR\",\"potentialAction\":[{\"@type\":\"ReadAction\",\"target\":[\"https:\/\/www.encontraitaquaquecetuba.com.br\/sobre\/prefeitura-de-itaquaquecetuba-tera-de-retirar-pintura-de-predios-publicos\/\"]}]},{\"@type\":\"BreadcrumbList\",\"@id\":\"https:\/\/www.encontraitaquaquecetuba.com.br\/sobre\/prefeitura-de-itaquaquecetuba-tera-de-retirar-pintura-de-predios-publicos\/#breadcrumb\",\"itemListElement\":[{\"@type\":\"ListItem\",\"position\":1,\"name\":\"In\u00edcio\",\"item\":\"https:\/\/www.encontraitaquaquecetuba.com.br\/sobre\/\"},{\"@type\":\"ListItem\",\"position\":2,\"name\":\"Prefeitura de Itaquaquecetuba ter\u00e1 de retirar pintura de pr\u00e9dios p\u00fablicos\"}]},{\"@type\":\"WebSite\",\"@id\":\"https:\/\/www.encontraitaquaquecetuba.com.br\/sobre\/#website\",\"url\":\"https:\/\/www.encontraitaquaquecetuba.com.br\/sobre\/\",\"name\":\"Encontra Itaquaquecetuba\",\"description\":\"Not\u00edcias, eventos, informa\u00e7\u00f5es e dicas na cidade de Itaquaquecetuba e regi\u00e3o\",\"potentialAction\":[{\"@type\":\"SearchAction\",\"target\":{\"@type\":\"EntryPoint\",\"urlTemplate\":\"https:\/\/www.encontraitaquaquecetuba.com.br\/sobre\/?s={search_term_string}\"},\"query-input\":\"required name=search_term_string\"}],\"inLanguage\":\"pt-BR\"},{\"@type\":\"Person\",\"@id\":\"https:\/\/www.encontraitaquaquecetuba.com.br\/sobre\/#\/schema\/person\/a8a866dc746e447abf8ca22b02eae6ea\",\"name\":\"Encontra Itaquaquecetuba\",\"image\":{\"@type\":\"ImageObject\",\"inLanguage\":\"pt-BR\",\"@id\":\"https:\/\/www.encontraitaquaquecetuba.com.br\/sobre\/#\/schema\/person\/image\/\",\"url\":\"https:\/\/secure.gravatar.com\/avatar\/f007732be0d27cbf8a336929fe922478?s=96&d=mm&r=g\",\"contentUrl\":\"https:\/\/secure.gravatar.com\/avatar\/f007732be0d27cbf8a336929fe922478?s=96&d=mm&r=g\",\"caption\":\"Encontra Itaquaquecetuba\"},\"sameAs\":[\"http:\/\/www.encontraitaquaquecetuba.com.br\"],\"url\":\"https:\/\/www.encontraitaquaquecetuba.com.br\/sobre\/author\/eitaquaquecetuba\/\"}]}<\/script>\n<!-- \/ Yoast SEO plugin. -->","yoast_head_json":{"title":"Prefeitura de Itaquaquecetuba ter\u00e1 de retirar pintura de pr\u00e9dios p\u00fablicos - Encontra Itaquaquecetuba","robots":{"index":"index","follow":"follow","max-snippet":"max-snippet:-1","max-image-preview":"max-image-preview:large","max-video-preview":"max-video-preview:-1"},"canonical":"https:\/\/www.encontraitaquaquecetuba.com.br\/sobre\/prefeitura-de-itaquaquecetuba-tera-de-retirar-pintura-de-predios-publicos\/","og_locale":"pt_BR","og_type":"article","og_title":"Prefeitura de Itaquaquecetuba ter\u00e1 de retirar pintura de pr\u00e9dios p\u00fablicos - Encontra Itaquaquecetuba","og_description":"A Justi\u00e7a de\u00a0Itaquaquecetuba\u00a0deu um prazo de 30 dias para que a Prefeitura retire a pintura dos pr\u00e9dios p\u00fablicos que poderiam promover o partido do prefeito Mamoru Nakashima (PTN). A den\u00fancia partiu de uma a\u00e7\u00e3o popular. A administra\u00e7\u00e3o municipal diz que s\u00f3 manteve as cores que j\u00e1 existiam e que deve recorrer da decis\u00e3o. De acordo com o Tribunal de Justi\u00e7a, um oficial j\u00e1 est\u00e1 com a notifica\u00e7\u00e3o para ser entregue \u00e0 Prefeitura de Itaquaquecetuba. A decis\u00e3o assinada no \u00faltimo dia 10 pelo juiz Carlos Eduardo Xavier Brito determina que a Prefeitura \u00e9 obrigada a retirar as cores azul, amarelo e","og_url":"https:\/\/www.encontraitaquaquecetuba.com.br\/sobre\/prefeitura-de-itaquaquecetuba-tera-de-retirar-pintura-de-predios-publicos\/","og_site_name":"Encontra Itaquaquecetuba","article_published_time":"2013-07-19T00:01:28+00:00","article_modified_time":"2013-07-19T00:41:43+00:00","author":"Encontra Itaquaquecetuba","twitter_card":"summary_large_image","twitter_misc":{"Escrito por":"Encontra Itaquaquecetuba","Est. tempo de leitura":"2 minutos"},"schema":{"@context":"https:\/\/schema.org","@graph":[{"@type":"WebPage","@id":"https:\/\/www.encontraitaquaquecetuba.com.br\/sobre\/prefeitura-de-itaquaquecetuba-tera-de-retirar-pintura-de-predios-publicos\/","url":"https:\/\/www.encontraitaquaquecetuba.com.br\/sobre\/prefeitura-de-itaquaquecetuba-tera-de-retirar-pintura-de-predios-publicos\/","name":"Prefeitura de Itaquaquecetuba ter\u00e1 de retirar pintura de pr\u00e9dios p\u00fablicos - Encontra Itaquaquecetuba","isPartOf":{"@id":"https:\/\/www.encontraitaquaquecetuba.com.br\/sobre\/#website"},"datePublished":"2013-07-19T00:01:28+00:00","dateModified":"2013-07-19T00:41:43+00:00","author":{"@id":"https:\/\/www.encontraitaquaquecetuba.com.br\/sobre\/#\/schema\/person\/a8a866dc746e447abf8ca22b02eae6ea"},"breadcrumb":{"@id":"https:\/\/www.encontraitaquaquecetuba.com.br\/sobre\/prefeitura-de-itaquaquecetuba-tera-de-retirar-pintura-de-predios-publicos\/#breadcrumb"},"inLanguage":"pt-BR","potentialAction":[{"@type":"ReadAction","target":["https:\/\/www.encontraitaquaquecetuba.com.br\/sobre\/prefeitura-de-itaquaquecetuba-tera-de-retirar-pintura-de-predios-publicos\/"]}]},{"@type":"BreadcrumbList","@id":"https:\/\/www.encontraitaquaquecetuba.com.br\/sobre\/prefeitura-de-itaquaquecetuba-tera-de-retirar-pintura-de-predios-publicos\/#breadcrumb","itemListElement":[{"@type":"ListItem","position":1,"name":"In\u00edcio","item":"https:\/\/www.encontraitaquaquecetuba.com.br\/sobre\/"},{"@type":"ListItem","position":2,"name":"Prefeitura de Itaquaquecetuba ter\u00e1 de retirar pintura de pr\u00e9dios p\u00fablicos"}]},{"@type":"WebSite","@id":"https:\/\/www.encontraitaquaquecetuba.com.br\/sobre\/#website","url":"https:\/\/www.encontraitaquaquecetuba.com.br\/sobre\/","name":"Encontra Itaquaquecetuba","description":"Not\u00edcias, eventos, informa\u00e7\u00f5es e dicas na cidade de Itaquaquecetuba e regi\u00e3o","potentialAction":[{"@type":"SearchAction","target":{"@type":"EntryPoint","urlTemplate":"https:\/\/www.encontraitaquaquecetuba.com.br\/sobre\/?s={search_term_string}"},"query-input":"required name=search_term_string"}],"inLanguage":"pt-BR"},{"@type":"Person","@id":"https:\/\/www.encontraitaquaquecetuba.com.br\/sobre\/#\/schema\/person\/a8a866dc746e447abf8ca22b02eae6ea","name":"Encontra Itaquaquecetuba","image":{"@type":"ImageObject","inLanguage":"pt-BR","@id":"https:\/\/www.encontraitaquaquecetuba.com.br\/sobre\/#\/schema\/person\/image\/","url":"https:\/\/secure.gravatar.com\/avatar\/f007732be0d27cbf8a336929fe922478?s=96&d=mm&r=g","contentUrl":"https:\/\/secure.gravatar.com\/avatar\/f007732be0d27cbf8a336929fe922478?s=96&d=mm&r=g","caption":"Encontra Itaquaquecetuba"},"sameAs":["http:\/\/www.encontraitaquaquecetuba.com.br"],"url":"https:\/\/www.encontraitaquaquecetuba.com.br\/sobre\/author\/eitaquaquecetuba\/"}]}},"_links":{"self":[{"href":"https:\/\/www.encontraitaquaquecetuba.com.br\/sobre\/wp-json\/wp\/v2\/posts\/1154"}],"collection":[{"href":"https:\/\/www.encontraitaquaquecetuba.com.br\/sobre\/wp-json\/wp\/v2\/posts"}],"about":[{"href":"https:\/\/www.encontraitaquaquecetuba.com.br\/sobre\/wp-json\/wp\/v2\/types\/post"}],"author":[{"embeddable":true,"href":"https:\/\/www.encontraitaquaquecetuba.com.br\/sobre\/wp-json\/wp\/v2\/users\/1"}],"replies":[{"embeddable":true,"href":"https:\/\/www.encontraitaquaquecetuba.com.br\/sobre\/wp-json\/wp\/v2\/comments?post=1154"}],"version-history":[{"count":0,"href":"https:\/\/www.encontraitaquaquecetuba.com.br\/sobre\/wp-json\/wp\/v2\/posts\/1154\/revisions"}],"wp:attachment":[{"href":"https:\/\/www.encontraitaquaquecetuba.com.br\/sobre\/wp-json\/wp\/v2\/media?parent=1154"}],"wp:term":[{"taxonomy":"category","embeddable":true,"href":"https:\/\/www.encontraitaquaquecetuba.com.br\/sobre\/wp-json\/wp\/v2\/categories?post=1154"},{"taxonomy":"post_tag","embeddable":true,"href":"https:\/\/www.encontraitaquaquecetuba.com.br\/sobre\/wp-json\/wp\/v2\/tags?post=1154"}],"curies":[{"name":"wp","href":"https:\/\/api.w.org\/{rel}","templated":true}]}}