{"id":1159,"date":"2013-07-29T00:01:53","date_gmt":"2013-07-29T00:01:53","guid":{"rendered":"http:\/\/www.encontraitaquaquecetuba.com.br\/noticias\/?p=1159"},"modified":"2013-07-29T04:01:00","modified_gmt":"2013-07-29T04:01:00","slug":"frio-esquenta-as-vendas-no-comercio-de-itaquaquecetuba-e-regiao","status":"publish","type":"post","link":"https:\/\/www.encontraitaquaquecetuba.com.br\/sobre\/frio-esquenta-as-vendas-no-comercio-de-itaquaquecetuba-e-regiao\/","title":{"rendered":"Frio esquenta as vendas no com\u00e9rcio de Itaquaquecetuba e regi\u00e3o"},"content":{"rendered":"<div class=\"80eb2665678f8e3864bb9a528523815b\" data-index=\"1\" style=\"float: none; margin:5px 0 5px 0; text-align:center;\">\n<!-- PUB 73 - Responsivo Horizontal -->\r\n<ins class=\"adsbygoogle\"\r\n     style=\"display:block\"\r\n     data-ad-client=\"ca-pub-7321736592693252\"\r\n     data-ad-slot=\"3087950420\"\r\n     data-ad-format=\"auto\"\r\n     data-full-width-responsive=\"true\"><\/ins>\r\n<script>\r\n     (adsbygoogle = window.adsbygoogle || []).push({});\r\n<\/script>\n<\/div>\n<p>Embora a previs\u00e3o do tempo indique que a onda de frio j\u00e1 est\u00e1 no final no Alto Tiet\u00ea, muita gente ainda n\u00e3o acredita na not\u00edcia. Prova \u00e9 que em algumas lojas produtos para combater as baixas temperaturas j\u00e1 acabaram.<\/p>\n<p>Em um com\u00e9rcio de Itaquaquecetuba os aquecedores el\u00e9tricos de ambiente sumiram. A venda de chuveiros el\u00e9tricos aumentou 40%. As torneiras el\u00e9tricas tamb\u00e9m s\u00e3o muito procuradas. Tanto que segundo Jorge Luiz Moura, gerente da loja, um novo estoque j\u00e1 foi encomendado. &#8220;Tivemos aumento de 30% a 40% nas vendas desses produtos e j\u00e1 refor\u00e7amos as compras.&#8221;<\/p>\n<p>J\u00e1 em Mogi das Cruzes quem comemora o frio s\u00e3o os comerciantes que vendem bebidas quentes. Alan Fabr\u00edcio Henriques da Silva \u00e9 propriet\u00e1rio de uma padaria no bairro do Socorro. Ele avalia que em dias normais vende em m\u00e9dia 500 caf\u00e9s, mas com a queda da temperatura esse n\u00famero saltou para 650. &#8220;Todo ano nessa \u00e9poca de julho vem o frio e o pessoal come mais e bebe mais caf\u00e9 tamb\u00e9m&#8221;, avalia o comerciante.<\/p>\n<p>O empres\u00e1rio Andr\u00e9 Ricardo da Silva tem uma receita especial para combater o frio. &#8220;Precisa parar para tomar alguma coisa quente&#8221;. &#8220;Tem que ter coisa quente como um caf\u00e9 com leite ou chocolate&#8221;, concorda o encarregado de obras, Josanias Jos\u00e9 dos Santos.<\/p>\n<p><em>Fonte: G1<\/em><\/p>\n\n<div style=\"font-size: 0px; height: 0px; line-height: 0px; margin: 0; padding: 0; clear: both;\"><\/div>","protected":false},"excerpt":{"rendered":"<p>Embora a previs\u00e3o do tempo indique que a onda de frio j\u00e1 est\u00e1 no final no Alto Tiet\u00ea, muita gente ainda n\u00e3o acredita na not\u00edcia. Prova \u00e9 que em algumas lojas produtos para combater as baixas temperaturas j\u00e1 acabaram. Em um com\u00e9rcio de Itaquaquecetuba os aquecedores el\u00e9tricos de ambiente sumiram. A venda de chuveiros el\u00e9tricos aumentou 40%. As torneiras el\u00e9tricas tamb\u00e9m s\u00e3o muito procuradas. Tanto que segundo Jorge Luiz Moura, gerente da loja, um novo estoque j\u00e1 foi encomendado. &#8220;Tivemos aumento de 30% a 40% nas vendas desses produtos e j\u00e1 refor\u00e7amos as compras.&#8221; J\u00e1 em Mogi das Cruzes quem <\/p>\n","protected":false},"author":1,"featured_media":0,"comment_status":"open","ping_status":"open","sticky":false,"template":"","format":"standard","meta":[],"categories":[6,8],"tags":[14],"yoast_head":"<!-- This site is optimized with the Yoast SEO plugin v19.6.1 - https:\/\/yoast.com\/wordpress\/plugins\/seo\/ -->\n<title>Frio esquenta as vendas no com\u00e9rcio de Itaquaquecetuba e regi\u00e3o - Encontra Itaquaquecetuba<\/title>\n<meta name=\"robots\" content=\"index, follow, max-snippet:-1, max-image-preview:large, max-video-preview:-1\" \/>\n<link rel=\"canonical\" href=\"https:\/\/www.encontraitaquaquecetuba.com.br\/sobre\/frio-esquenta-as-vendas-no-comercio-de-itaquaquecetuba-e-regiao\/\" \/>\n<meta property=\"og:locale\" content=\"pt_BR\" \/>\n<meta property=\"og:type\" content=\"article\" \/>\n<meta property=\"og:title\" content=\"Frio esquenta as vendas no com\u00e9rcio de Itaquaquecetuba e regi\u00e3o - Encontra Itaquaquecetuba\" \/>\n<meta property=\"og:description\" content=\"Embora a previs\u00e3o do tempo indique que a onda de frio j\u00e1 est\u00e1 no final no Alto Tiet\u00ea, muita gente ainda n\u00e3o acredita na not\u00edcia. Prova \u00e9 que em algumas lojas produtos para combater as baixas temperaturas j\u00e1 acabaram. Em um com\u00e9rcio de Itaquaquecetuba os aquecedores el\u00e9tricos de ambiente sumiram. A venda de chuveiros el\u00e9tricos aumentou 40%. As torneiras el\u00e9tricas tamb\u00e9m s\u00e3o muito procuradas. Tanto que segundo Jorge Luiz Moura, gerente da loja, um novo estoque j\u00e1 foi encomendado. &#8220;Tivemos aumento de 30% a 40% nas vendas desses produtos e j\u00e1 refor\u00e7amos as compras.&#8221; J\u00e1 em Mogi das Cruzes quem\" \/>\n<meta property=\"og:url\" content=\"https:\/\/www.encontraitaquaquecetuba.com.br\/sobre\/frio-esquenta-as-vendas-no-comercio-de-itaquaquecetuba-e-regiao\/\" \/>\n<meta property=\"og:site_name\" content=\"Encontra Itaquaquecetuba\" \/>\n<meta property=\"article:published_time\" content=\"2013-07-29T00:01:53+00:00\" \/>\n<meta property=\"article:modified_time\" content=\"2013-07-29T04:01:00+00:00\" \/>\n<meta name=\"author\" content=\"Encontra Itaquaquecetuba\" \/>\n<meta name=\"twitter:card\" content=\"summary_large_image\" \/>\n<meta name=\"twitter:label1\" content=\"Escrito por\" \/>\n\t<meta name=\"twitter:data1\" content=\"Encontra Itaquaquecetuba\" \/>\n\t<meta name=\"twitter:label2\" content=\"Est. tempo de leitura\" \/>\n\t<meta name=\"twitter:data2\" content=\"1 minuto\" \/>\n<script type=\"application\/ld+json\" class=\"yoast-schema-graph\">{\"@context\":\"https:\/\/schema.org\",\"@graph\":[{\"@type\":\"WebPage\",\"@id\":\"https:\/\/www.encontraitaquaquecetuba.com.br\/sobre\/frio-esquenta-as-vendas-no-comercio-de-itaquaquecetuba-e-regiao\/\",\"url\":\"https:\/\/www.encontraitaquaquecetuba.com.br\/sobre\/frio-esquenta-as-vendas-no-comercio-de-itaquaquecetuba-e-regiao\/\",\"name\":\"Frio esquenta as vendas no com\u00e9rcio de Itaquaquecetuba e regi\u00e3o - Encontra Itaquaquecetuba\",\"isPartOf\":{\"@id\":\"https:\/\/www.encontraitaquaquecetuba.com.br\/sobre\/#website\"},\"datePublished\":\"2013-07-29T00:01:53+00:00\",\"dateModified\":\"2013-07-29T04:01:00+00:00\",\"author\":{\"@id\":\"https:\/\/www.encontraitaquaquecetuba.com.br\/sobre\/#\/schema\/person\/a8a866dc746e447abf8ca22b02eae6ea\"},\"breadcrumb\":{\"@id\":\"https:\/\/www.encontraitaquaquecetuba.com.br\/sobre\/frio-esquenta-as-vendas-no-comercio-de-itaquaquecetuba-e-regiao\/#breadcrumb\"},\"inLanguage\":\"pt-BR\",\"potentialAction\":[{\"@type\":\"ReadAction\",\"target\":[\"https:\/\/www.encontraitaquaquecetuba.com.br\/sobre\/frio-esquenta-as-vendas-no-comercio-de-itaquaquecetuba-e-regiao\/\"]}]},{\"@type\":\"BreadcrumbList\",\"@id\":\"https:\/\/www.encontraitaquaquecetuba.com.br\/sobre\/frio-esquenta-as-vendas-no-comercio-de-itaquaquecetuba-e-regiao\/#breadcrumb\",\"itemListElement\":[{\"@type\":\"ListItem\",\"position\":1,\"name\":\"In\u00edcio\",\"item\":\"https:\/\/www.encontraitaquaquecetuba.com.br\/sobre\/\"},{\"@type\":\"ListItem\",\"position\":2,\"name\":\"Frio esquenta as vendas no com\u00e9rcio de Itaquaquecetuba e regi\u00e3o\"}]},{\"@type\":\"WebSite\",\"@id\":\"https:\/\/www.encontraitaquaquecetuba.com.br\/sobre\/#website\",\"url\":\"https:\/\/www.encontraitaquaquecetuba.com.br\/sobre\/\",\"name\":\"Encontra Itaquaquecetuba\",\"description\":\"Not\u00edcias, eventos, informa\u00e7\u00f5es e dicas na cidade de Itaquaquecetuba e regi\u00e3o\",\"potentialAction\":[{\"@type\":\"SearchAction\",\"target\":{\"@type\":\"EntryPoint\",\"urlTemplate\":\"https:\/\/www.encontraitaquaquecetuba.com.br\/sobre\/?s={search_term_string}\"},\"query-input\":\"required name=search_term_string\"}],\"inLanguage\":\"pt-BR\"},{\"@type\":\"Person\",\"@id\":\"https:\/\/www.encontraitaquaquecetuba.com.br\/sobre\/#\/schema\/person\/a8a866dc746e447abf8ca22b02eae6ea\",\"name\":\"Encontra Itaquaquecetuba\",\"image\":{\"@type\":\"ImageObject\",\"inLanguage\":\"pt-BR\",\"@id\":\"https:\/\/www.encontraitaquaquecetuba.com.br\/sobre\/#\/schema\/person\/image\/\",\"url\":\"https:\/\/secure.gravatar.com\/avatar\/f007732be0d27cbf8a336929fe922478?s=96&d=mm&r=g\",\"contentUrl\":\"https:\/\/secure.gravatar.com\/avatar\/f007732be0d27cbf8a336929fe922478?s=96&d=mm&r=g\",\"caption\":\"Encontra Itaquaquecetuba\"},\"sameAs\":[\"http:\/\/www.encontraitaquaquecetuba.com.br\"],\"url\":\"https:\/\/www.encontraitaquaquecetuba.com.br\/sobre\/author\/eitaquaquecetuba\/\"}]}<\/script>\n<!-- \/ Yoast SEO plugin. -->","yoast_head_json":{"title":"Frio esquenta as vendas no com\u00e9rcio de Itaquaquecetuba e regi\u00e3o - Encontra Itaquaquecetuba","robots":{"index":"index","follow":"follow","max-snippet":"max-snippet:-1","max-image-preview":"max-image-preview:large","max-video-preview":"max-video-preview:-1"},"canonical":"https:\/\/www.encontraitaquaquecetuba.com.br\/sobre\/frio-esquenta-as-vendas-no-comercio-de-itaquaquecetuba-e-regiao\/","og_locale":"pt_BR","og_type":"article","og_title":"Frio esquenta as vendas no com\u00e9rcio de Itaquaquecetuba e regi\u00e3o - Encontra Itaquaquecetuba","og_description":"Embora a previs\u00e3o do tempo indique que a onda de frio j\u00e1 est\u00e1 no final no Alto Tiet\u00ea, muita gente ainda n\u00e3o acredita na not\u00edcia. Prova \u00e9 que em algumas lojas produtos para combater as baixas temperaturas j\u00e1 acabaram. Em um com\u00e9rcio de Itaquaquecetuba os aquecedores el\u00e9tricos de ambiente sumiram. A venda de chuveiros el\u00e9tricos aumentou 40%. As torneiras el\u00e9tricas tamb\u00e9m s\u00e3o muito procuradas. Tanto que segundo Jorge Luiz Moura, gerente da loja, um novo estoque j\u00e1 foi encomendado. &#8220;Tivemos aumento de 30% a 40% nas vendas desses produtos e j\u00e1 refor\u00e7amos as compras.&#8221; J\u00e1 em Mogi das Cruzes quem","og_url":"https:\/\/www.encontraitaquaquecetuba.com.br\/sobre\/frio-esquenta-as-vendas-no-comercio-de-itaquaquecetuba-e-regiao\/","og_site_name":"Encontra Itaquaquecetuba","article_published_time":"2013-07-29T00:01:53+00:00","article_modified_time":"2013-07-29T04:01:00+00:00","author":"Encontra Itaquaquecetuba","twitter_card":"summary_large_image","twitter_misc":{"Escrito por":"Encontra Itaquaquecetuba","Est. tempo de leitura":"1 minuto"},"schema":{"@context":"https:\/\/schema.org","@graph":[{"@type":"WebPage","@id":"https:\/\/www.encontraitaquaquecetuba.com.br\/sobre\/frio-esquenta-as-vendas-no-comercio-de-itaquaquecetuba-e-regiao\/","url":"https:\/\/www.encontraitaquaquecetuba.com.br\/sobre\/frio-esquenta-as-vendas-no-comercio-de-itaquaquecetuba-e-regiao\/","name":"Frio esquenta as vendas no com\u00e9rcio de Itaquaquecetuba e regi\u00e3o - Encontra Itaquaquecetuba","isPartOf":{"@id":"https:\/\/www.encontraitaquaquecetuba.com.br\/sobre\/#website"},"datePublished":"2013-07-29T00:01:53+00:00","dateModified":"2013-07-29T04:01:00+00:00","author":{"@id":"https:\/\/www.encontraitaquaquecetuba.com.br\/sobre\/#\/schema\/person\/a8a866dc746e447abf8ca22b02eae6ea"},"breadcrumb":{"@id":"https:\/\/www.encontraitaquaquecetuba.com.br\/sobre\/frio-esquenta-as-vendas-no-comercio-de-itaquaquecetuba-e-regiao\/#breadcrumb"},"inLanguage":"pt-BR","potentialAction":[{"@type":"ReadAction","target":["https:\/\/www.encontraitaquaquecetuba.com.br\/sobre\/frio-esquenta-as-vendas-no-comercio-de-itaquaquecetuba-e-regiao\/"]}]},{"@type":"BreadcrumbList","@id":"https:\/\/www.encontraitaquaquecetuba.com.br\/sobre\/frio-esquenta-as-vendas-no-comercio-de-itaquaquecetuba-e-regiao\/#breadcrumb","itemListElement":[{"@type":"ListItem","position":1,"name":"In\u00edcio","item":"https:\/\/www.encontraitaquaquecetuba.com.br\/sobre\/"},{"@type":"ListItem","position":2,"name":"Frio esquenta as vendas no com\u00e9rcio de Itaquaquecetuba e regi\u00e3o"}]},{"@type":"WebSite","@id":"https:\/\/www.encontraitaquaquecetuba.com.br\/sobre\/#website","url":"https:\/\/www.encontraitaquaquecetuba.com.br\/sobre\/","name":"Encontra Itaquaquecetuba","description":"Not\u00edcias, eventos, informa\u00e7\u00f5es e dicas na cidade de Itaquaquecetuba e regi\u00e3o","potentialAction":[{"@type":"SearchAction","target":{"@type":"EntryPoint","urlTemplate":"https:\/\/www.encontraitaquaquecetuba.com.br\/sobre\/?s={search_term_string}"},"query-input":"required name=search_term_string"}],"inLanguage":"pt-BR"},{"@type":"Person","@id":"https:\/\/www.encontraitaquaquecetuba.com.br\/sobre\/#\/schema\/person\/a8a866dc746e447abf8ca22b02eae6ea","name":"Encontra Itaquaquecetuba","image":{"@type":"ImageObject","inLanguage":"pt-BR","@id":"https:\/\/www.encontraitaquaquecetuba.com.br\/sobre\/#\/schema\/person\/image\/","url":"https:\/\/secure.gravatar.com\/avatar\/f007732be0d27cbf8a336929fe922478?s=96&d=mm&r=g","contentUrl":"https:\/\/secure.gravatar.com\/avatar\/f007732be0d27cbf8a336929fe922478?s=96&d=mm&r=g","caption":"Encontra Itaquaquecetuba"},"sameAs":["http:\/\/www.encontraitaquaquecetuba.com.br"],"url":"https:\/\/www.encontraitaquaquecetuba.com.br\/sobre\/author\/eitaquaquecetuba\/"}]}},"_links":{"self":[{"href":"https:\/\/www.encontraitaquaquecetuba.com.br\/sobre\/wp-json\/wp\/v2\/posts\/1159"}],"collection":[{"href":"https:\/\/www.encontraitaquaquecetuba.com.br\/sobre\/wp-json\/wp\/v2\/posts"}],"about":[{"href":"https:\/\/www.encontraitaquaquecetuba.com.br\/sobre\/wp-json\/wp\/v2\/types\/post"}],"author":[{"embeddable":true,"href":"https:\/\/www.encontraitaquaquecetuba.com.br\/sobre\/wp-json\/wp\/v2\/users\/1"}],"replies":[{"embeddable":true,"href":"https:\/\/www.encontraitaquaquecetuba.com.br\/sobre\/wp-json\/wp\/v2\/comments?post=1159"}],"version-history":[{"count":0,"href":"https:\/\/www.encontraitaquaquecetuba.com.br\/sobre\/wp-json\/wp\/v2\/posts\/1159\/revisions"}],"wp:attachment":[{"href":"https:\/\/www.encontraitaquaquecetuba.com.br\/sobre\/wp-json\/wp\/v2\/media?parent=1159"}],"wp:term":[{"taxonomy":"category","embeddable":true,"href":"https:\/\/www.encontraitaquaquecetuba.com.br\/sobre\/wp-json\/wp\/v2\/categories?post=1159"},{"taxonomy":"post_tag","embeddable":true,"href":"https:\/\/www.encontraitaquaquecetuba.com.br\/sobre\/wp-json\/wp\/v2\/tags?post=1159"}],"curies":[{"name":"wp","href":"https:\/\/api.w.org\/{rel}","templated":true}]}}