{"id":123,"date":"2011-08-16T16:16:40","date_gmt":"2011-08-16T16:16:40","guid":{"rendered":"http:\/\/www.encontraitaquaquecetuba.com.br\/noticias\/?p=123"},"modified":"2021-09-13T15:23:00","modified_gmt":"2021-09-13T15:23:00","slug":"hall-promove-exposicao-de-equipamentos-para-cozinhas-industriais-em-itaquaquecetuba-2","status":"publish","type":"post","link":"https:\/\/www.encontraitaquaquecetuba.com.br\/sobre\/hall-promove-exposicao-de-equipamentos-para-cozinhas-industriais-em-itaquaquecetuba-2\/","title":{"rendered":"\u201cHall\u201d promove exposi\u00e7\u00e3o de equipamentos para cozinhas industriais em Itaquaquecetuba"},"content":{"rendered":"<div class=\"80eb2665678f8e3864bb9a528523815b\" data-index=\"1\" style=\"float: none; margin:5px 0 5px 0; text-align:center;\">\n<!-- PUB 73 - Responsivo Horizontal -->\r\n<ins class=\"adsbygoogle\"\r\n     style=\"display:block\"\r\n     data-ad-client=\"ca-pub-7321736592693252\"\r\n     data-ad-slot=\"3087950420\"\r\n     data-ad-format=\"auto\"\r\n     data-full-width-responsive=\"true\"><\/ins>\r\n<script>\r\n     (adsbygoogle = window.adsbygoogle || []).push({});\r\n<\/script>\n<\/div>\n<p>Pensando na divulga\u00e7\u00e3o da produ\u00e7\u00e3o industrial, das atividades comerciais, dos servi\u00e7os e a\u00e7\u00f5es sociais da cidade, o munic\u00edpio de Itaquaquecetuba (por meio da secretaria municipal de Ind\u00fastria e Com\u00e9rcio) disponibiliza o chamado \u201cHall de Exposi\u00e7\u00f5es\u201d.<\/p>\n<p>Desde a \u00faltima sexta-feira (12), por exemplo, a empresa Cozil \u2013 Cozinhas Profissionais promove a exposi\u00e7\u00e3o de seus equipamentos (tais como: caldeir\u00f5es, fog\u00f5es, refrigeradores etc) para profissionais do ramo e o p\u00fablico em geral.<br \/>\nA estimativa \u00e9 de que o evento permane\u00e7a \u00e0 disposi\u00e7\u00e3o para visita\u00e7\u00e3o por cerca de 20 dias.<\/p>\n<p>Vale lembrar que o \u201cHall de Exposi\u00e7\u00f5es\u201d \u00e9 uma iniciativa in\u00e9dita no Alto Tiet\u00ea \u201c&#8230; respons\u00e1vel pela divulga\u00e7\u00e3o de tudo aquilo que \u00e9 produzido na cidade e que, \u00e0s vezes, n\u00e3o \u00e9 do conhecimento de muitos&#8230;\u201d, informa o diretor de Ind\u00fastria e Com\u00e9rcio, M\u00e1rio Toyama.<\/p>\n<p>De acordo com outro diretor da pasta, Jadir Rodrigues Costa, hoje existem cerca de 8 mil com\u00e9rcios e 700 ind\u00fastrias instaladas em Itaquaquecetuba. Al\u00e9m dos cerca de mil trabalhadores regularizados pelo MEI: \u201c&#8230;da\u00ed a import\u00e2ncia em manter um espa\u00e7o como este&#8230;\u201d, destaca o diretor.<\/p>\n<p>A visita\u00e7\u00e3o \u00e9 aberta ao p\u00fablico, gratuitamente; assim como, o agendamento dos empreendedores interessados.<\/p>\n<p>Agendamento:<\/p>\n<p>Aos demais empreendedores da cidade interessados em tamb\u00e9m agendar a exposi\u00e7\u00e3o dos seus produtos devem procurar a secretaria municipal de Ind\u00fastria e Com\u00e9rcio (sito \u00e0 Estrada de Santa Isabel, 1100, Monte Belo), de segunda a sexta-feira, em hor\u00e1rio comercial. Para mais informa\u00e7\u00f5es, o telefone da pasta \u00e9: 4642-2121 ou 4642-1116.<\/p>\n<p><em>Fonte: Prefeitura de Itaquaquecetuba<\/em><\/p>\n\n<div style=\"font-size: 0px; height: 0px; line-height: 0px; margin: 0; padding: 0; clear: both;\"><\/div>","protected":false},"excerpt":{"rendered":"<p>Pensando na divulga\u00e7\u00e3o da produ\u00e7\u00e3o industrial, das atividades comerciais, dos servi\u00e7os e a\u00e7\u00f5es sociais da cidade, o munic\u00edpio de Itaquaquecetuba (por meio da secretaria municipal de Ind\u00fastria e Com\u00e9rcio) disponibiliza o chamado \u201cHall de Exposi\u00e7\u00f5es\u201d. Desde a \u00faltima sexta-feira (12), por exemplo, a empresa Cozil \u2013 Cozinhas Profissionais promove a exposi\u00e7\u00e3o de seus equipamentos (tais como: caldeir\u00f5es, fog\u00f5es, refrigeradores etc) para profissionais do ramo e o p\u00fablico em geral. A estimativa \u00e9 de que o evento permane\u00e7a \u00e0 disposi\u00e7\u00e3o para visita\u00e7\u00e3o por cerca de 20 dias. Vale lembrar que o \u201cHall de Exposi\u00e7\u00f5es\u201d \u00e9 uma iniciativa in\u00e9dita no Alto Tiet\u00ea <\/p>\n","protected":false},"author":1,"featured_media":0,"comment_status":"open","ping_status":"open","sticky":false,"template":"","format":"standard","meta":[],"categories":[15],"tags":[14],"yoast_head":"<!-- This site is optimized with the Yoast SEO plugin v19.6.1 - https:\/\/yoast.com\/wordpress\/plugins\/seo\/ -->\n<title>\u201cHall\u201d promove exposi\u00e7\u00e3o de equipamentos para cozinhas industriais em Itaquaquecetuba - Encontra Itaquaquecetuba<\/title>\n<meta name=\"robots\" content=\"index, follow, max-snippet:-1, max-image-preview:large, max-video-preview:-1\" \/>\n<link rel=\"canonical\" href=\"https:\/\/www.encontraitaquaquecetuba.com.br\/sobre\/hall-promove-exposicao-de-equipamentos-para-cozinhas-industriais-em-itaquaquecetuba-2\/\" \/>\n<meta property=\"og:locale\" content=\"pt_BR\" \/>\n<meta property=\"og:type\" content=\"article\" \/>\n<meta property=\"og:title\" content=\"\u201cHall\u201d promove exposi\u00e7\u00e3o de equipamentos para cozinhas industriais em Itaquaquecetuba - Encontra Itaquaquecetuba\" \/>\n<meta property=\"og:description\" content=\"Pensando na divulga\u00e7\u00e3o da produ\u00e7\u00e3o industrial, das atividades comerciais, dos servi\u00e7os e a\u00e7\u00f5es sociais da cidade, o munic\u00edpio de Itaquaquecetuba (por meio da secretaria municipal de Ind\u00fastria e Com\u00e9rcio) disponibiliza o chamado \u201cHall de Exposi\u00e7\u00f5es\u201d. Desde a \u00faltima sexta-feira (12), por exemplo, a empresa Cozil \u2013 Cozinhas Profissionais promove a exposi\u00e7\u00e3o de seus equipamentos (tais como: caldeir\u00f5es, fog\u00f5es, refrigeradores etc) para profissionais do ramo e o p\u00fablico em geral. A estimativa \u00e9 de que o evento permane\u00e7a \u00e0 disposi\u00e7\u00e3o para visita\u00e7\u00e3o por cerca de 20 dias. Vale lembrar que o \u201cHall de Exposi\u00e7\u00f5es\u201d \u00e9 uma iniciativa in\u00e9dita no Alto Tiet\u00ea\" \/>\n<meta property=\"og:url\" content=\"https:\/\/www.encontraitaquaquecetuba.com.br\/sobre\/hall-promove-exposicao-de-equipamentos-para-cozinhas-industriais-em-itaquaquecetuba-2\/\" \/>\n<meta property=\"og:site_name\" content=\"Encontra Itaquaquecetuba\" \/>\n<meta property=\"article:published_time\" content=\"2011-08-16T16:16:40+00:00\" \/>\n<meta property=\"article:modified_time\" content=\"2021-09-13T15:23:00+00:00\" \/>\n<meta name=\"author\" content=\"Encontra Itaquaquecetuba\" \/>\n<meta name=\"twitter:card\" content=\"summary_large_image\" \/>\n<meta name=\"twitter:label1\" content=\"Escrito por\" \/>\n\t<meta name=\"twitter:data1\" content=\"Encontra Itaquaquecetuba\" \/>\n\t<meta name=\"twitter:label2\" content=\"Est. tempo de leitura\" \/>\n\t<meta name=\"twitter:data2\" content=\"1 minuto\" \/>\n<script type=\"application\/ld+json\" class=\"yoast-schema-graph\">{\"@context\":\"https:\/\/schema.org\",\"@graph\":[{\"@type\":\"WebPage\",\"@id\":\"https:\/\/www.encontraitaquaquecetuba.com.br\/sobre\/hall-promove-exposicao-de-equipamentos-para-cozinhas-industriais-em-itaquaquecetuba-2\/\",\"url\":\"https:\/\/www.encontraitaquaquecetuba.com.br\/sobre\/hall-promove-exposicao-de-equipamentos-para-cozinhas-industriais-em-itaquaquecetuba-2\/\",\"name\":\"\u201cHall\u201d promove exposi\u00e7\u00e3o de equipamentos para cozinhas industriais em Itaquaquecetuba - Encontra Itaquaquecetuba\",\"isPartOf\":{\"@id\":\"https:\/\/www.encontraitaquaquecetuba.com.br\/sobre\/#website\"},\"datePublished\":\"2011-08-16T16:16:40+00:00\",\"dateModified\":\"2021-09-13T15:23:00+00:00\",\"author\":{\"@id\":\"https:\/\/www.encontraitaquaquecetuba.com.br\/sobre\/#\/schema\/person\/a8a866dc746e447abf8ca22b02eae6ea\"},\"breadcrumb\":{\"@id\":\"https:\/\/www.encontraitaquaquecetuba.com.br\/sobre\/hall-promove-exposicao-de-equipamentos-para-cozinhas-industriais-em-itaquaquecetuba-2\/#breadcrumb\"},\"inLanguage\":\"pt-BR\",\"potentialAction\":[{\"@type\":\"ReadAction\",\"target\":[\"https:\/\/www.encontraitaquaquecetuba.com.br\/sobre\/hall-promove-exposicao-de-equipamentos-para-cozinhas-industriais-em-itaquaquecetuba-2\/\"]}]},{\"@type\":\"BreadcrumbList\",\"@id\":\"https:\/\/www.encontraitaquaquecetuba.com.br\/sobre\/hall-promove-exposicao-de-equipamentos-para-cozinhas-industriais-em-itaquaquecetuba-2\/#breadcrumb\",\"itemListElement\":[{\"@type\":\"ListItem\",\"position\":1,\"name\":\"In\u00edcio\",\"item\":\"https:\/\/www.encontraitaquaquecetuba.com.br\/sobre\/\"},{\"@type\":\"ListItem\",\"position\":2,\"name\":\"\u201cHall\u201d promove exposi\u00e7\u00e3o de equipamentos para cozinhas industriais em Itaquaquecetuba\"}]},{\"@type\":\"WebSite\",\"@id\":\"https:\/\/www.encontraitaquaquecetuba.com.br\/sobre\/#website\",\"url\":\"https:\/\/www.encontraitaquaquecetuba.com.br\/sobre\/\",\"name\":\"Encontra Itaquaquecetuba\",\"description\":\"Not\u00edcias, eventos, informa\u00e7\u00f5es e dicas na cidade de Itaquaquecetuba e regi\u00e3o\",\"potentialAction\":[{\"@type\":\"SearchAction\",\"target\":{\"@type\":\"EntryPoint\",\"urlTemplate\":\"https:\/\/www.encontraitaquaquecetuba.com.br\/sobre\/?s={search_term_string}\"},\"query-input\":\"required name=search_term_string\"}],\"inLanguage\":\"pt-BR\"},{\"@type\":\"Person\",\"@id\":\"https:\/\/www.encontraitaquaquecetuba.com.br\/sobre\/#\/schema\/person\/a8a866dc746e447abf8ca22b02eae6ea\",\"name\":\"Encontra Itaquaquecetuba\",\"image\":{\"@type\":\"ImageObject\",\"inLanguage\":\"pt-BR\",\"@id\":\"https:\/\/www.encontraitaquaquecetuba.com.br\/sobre\/#\/schema\/person\/image\/\",\"url\":\"https:\/\/secure.gravatar.com\/avatar\/f007732be0d27cbf8a336929fe922478?s=96&d=mm&r=g\",\"contentUrl\":\"https:\/\/secure.gravatar.com\/avatar\/f007732be0d27cbf8a336929fe922478?s=96&d=mm&r=g\",\"caption\":\"Encontra Itaquaquecetuba\"},\"sameAs\":[\"http:\/\/www.encontraitaquaquecetuba.com.br\"],\"url\":\"https:\/\/www.encontraitaquaquecetuba.com.br\/sobre\/author\/eitaquaquecetuba\/\"}]}<\/script>\n<!-- \/ Yoast SEO plugin. -->","yoast_head_json":{"title":"\u201cHall\u201d promove exposi\u00e7\u00e3o de equipamentos para cozinhas industriais em Itaquaquecetuba - Encontra Itaquaquecetuba","robots":{"index":"index","follow":"follow","max-snippet":"max-snippet:-1","max-image-preview":"max-image-preview:large","max-video-preview":"max-video-preview:-1"},"canonical":"https:\/\/www.encontraitaquaquecetuba.com.br\/sobre\/hall-promove-exposicao-de-equipamentos-para-cozinhas-industriais-em-itaquaquecetuba-2\/","og_locale":"pt_BR","og_type":"article","og_title":"\u201cHall\u201d promove exposi\u00e7\u00e3o de equipamentos para cozinhas industriais em Itaquaquecetuba - Encontra Itaquaquecetuba","og_description":"Pensando na divulga\u00e7\u00e3o da produ\u00e7\u00e3o industrial, das atividades comerciais, dos servi\u00e7os e a\u00e7\u00f5es sociais da cidade, o munic\u00edpio de Itaquaquecetuba (por meio da secretaria municipal de Ind\u00fastria e Com\u00e9rcio) disponibiliza o chamado \u201cHall de Exposi\u00e7\u00f5es\u201d. Desde a \u00faltima sexta-feira (12), por exemplo, a empresa Cozil \u2013 Cozinhas Profissionais promove a exposi\u00e7\u00e3o de seus equipamentos (tais como: caldeir\u00f5es, fog\u00f5es, refrigeradores etc) para profissionais do ramo e o p\u00fablico em geral. A estimativa \u00e9 de que o evento permane\u00e7a \u00e0 disposi\u00e7\u00e3o para visita\u00e7\u00e3o por cerca de 20 dias. Vale lembrar que o \u201cHall de Exposi\u00e7\u00f5es\u201d \u00e9 uma iniciativa in\u00e9dita no Alto Tiet\u00ea","og_url":"https:\/\/www.encontraitaquaquecetuba.com.br\/sobre\/hall-promove-exposicao-de-equipamentos-para-cozinhas-industriais-em-itaquaquecetuba-2\/","og_site_name":"Encontra Itaquaquecetuba","article_published_time":"2011-08-16T16:16:40+00:00","article_modified_time":"2021-09-13T15:23:00+00:00","author":"Encontra Itaquaquecetuba","twitter_card":"summary_large_image","twitter_misc":{"Escrito por":"Encontra Itaquaquecetuba","Est. tempo de leitura":"1 minuto"},"schema":{"@context":"https:\/\/schema.org","@graph":[{"@type":"WebPage","@id":"https:\/\/www.encontraitaquaquecetuba.com.br\/sobre\/hall-promove-exposicao-de-equipamentos-para-cozinhas-industriais-em-itaquaquecetuba-2\/","url":"https:\/\/www.encontraitaquaquecetuba.com.br\/sobre\/hall-promove-exposicao-de-equipamentos-para-cozinhas-industriais-em-itaquaquecetuba-2\/","name":"\u201cHall\u201d promove exposi\u00e7\u00e3o de equipamentos para cozinhas industriais em Itaquaquecetuba - Encontra Itaquaquecetuba","isPartOf":{"@id":"https:\/\/www.encontraitaquaquecetuba.com.br\/sobre\/#website"},"datePublished":"2011-08-16T16:16:40+00:00","dateModified":"2021-09-13T15:23:00+00:00","author":{"@id":"https:\/\/www.encontraitaquaquecetuba.com.br\/sobre\/#\/schema\/person\/a8a866dc746e447abf8ca22b02eae6ea"},"breadcrumb":{"@id":"https:\/\/www.encontraitaquaquecetuba.com.br\/sobre\/hall-promove-exposicao-de-equipamentos-para-cozinhas-industriais-em-itaquaquecetuba-2\/#breadcrumb"},"inLanguage":"pt-BR","potentialAction":[{"@type":"ReadAction","target":["https:\/\/www.encontraitaquaquecetuba.com.br\/sobre\/hall-promove-exposicao-de-equipamentos-para-cozinhas-industriais-em-itaquaquecetuba-2\/"]}]},{"@type":"BreadcrumbList","@id":"https:\/\/www.encontraitaquaquecetuba.com.br\/sobre\/hall-promove-exposicao-de-equipamentos-para-cozinhas-industriais-em-itaquaquecetuba-2\/#breadcrumb","itemListElement":[{"@type":"ListItem","position":1,"name":"In\u00edcio","item":"https:\/\/www.encontraitaquaquecetuba.com.br\/sobre\/"},{"@type":"ListItem","position":2,"name":"\u201cHall\u201d promove exposi\u00e7\u00e3o de equipamentos para cozinhas industriais em Itaquaquecetuba"}]},{"@type":"WebSite","@id":"https:\/\/www.encontraitaquaquecetuba.com.br\/sobre\/#website","url":"https:\/\/www.encontraitaquaquecetuba.com.br\/sobre\/","name":"Encontra Itaquaquecetuba","description":"Not\u00edcias, eventos, informa\u00e7\u00f5es e dicas na cidade de Itaquaquecetuba e regi\u00e3o","potentialAction":[{"@type":"SearchAction","target":{"@type":"EntryPoint","urlTemplate":"https:\/\/www.encontraitaquaquecetuba.com.br\/sobre\/?s={search_term_string}"},"query-input":"required name=search_term_string"}],"inLanguage":"pt-BR"},{"@type":"Person","@id":"https:\/\/www.encontraitaquaquecetuba.com.br\/sobre\/#\/schema\/person\/a8a866dc746e447abf8ca22b02eae6ea","name":"Encontra Itaquaquecetuba","image":{"@type":"ImageObject","inLanguage":"pt-BR","@id":"https:\/\/www.encontraitaquaquecetuba.com.br\/sobre\/#\/schema\/person\/image\/","url":"https:\/\/secure.gravatar.com\/avatar\/f007732be0d27cbf8a336929fe922478?s=96&d=mm&r=g","contentUrl":"https:\/\/secure.gravatar.com\/avatar\/f007732be0d27cbf8a336929fe922478?s=96&d=mm&r=g","caption":"Encontra Itaquaquecetuba"},"sameAs":["http:\/\/www.encontraitaquaquecetuba.com.br"],"url":"https:\/\/www.encontraitaquaquecetuba.com.br\/sobre\/author\/eitaquaquecetuba\/"}]}},"_links":{"self":[{"href":"https:\/\/www.encontraitaquaquecetuba.com.br\/sobre\/wp-json\/wp\/v2\/posts\/123"}],"collection":[{"href":"https:\/\/www.encontraitaquaquecetuba.com.br\/sobre\/wp-json\/wp\/v2\/posts"}],"about":[{"href":"https:\/\/www.encontraitaquaquecetuba.com.br\/sobre\/wp-json\/wp\/v2\/types\/post"}],"author":[{"embeddable":true,"href":"https:\/\/www.encontraitaquaquecetuba.com.br\/sobre\/wp-json\/wp\/v2\/users\/1"}],"replies":[{"embeddable":true,"href":"https:\/\/www.encontraitaquaquecetuba.com.br\/sobre\/wp-json\/wp\/v2\/comments?post=123"}],"version-history":[{"count":0,"href":"https:\/\/www.encontraitaquaquecetuba.com.br\/sobre\/wp-json\/wp\/v2\/posts\/123\/revisions"}],"wp:attachment":[{"href":"https:\/\/www.encontraitaquaquecetuba.com.br\/sobre\/wp-json\/wp\/v2\/media?parent=123"}],"wp:term":[{"taxonomy":"category","embeddable":true,"href":"https:\/\/www.encontraitaquaquecetuba.com.br\/sobre\/wp-json\/wp\/v2\/categories?post=123"},{"taxonomy":"post_tag","embeddable":true,"href":"https:\/\/www.encontraitaquaquecetuba.com.br\/sobre\/wp-json\/wp\/v2\/tags?post=123"}],"curies":[{"name":"wp","href":"https:\/\/api.w.org\/{rel}","templated":true}]}}