{"id":129,"date":"2011-08-18T15:52:31","date_gmt":"2011-08-18T15:52:31","guid":{"rendered":"http:\/\/www.encontraitaquaquecetuba.com.br\/noticias\/?p=129"},"modified":"2013-08-14T04:50:55","modified_gmt":"2013-08-14T04:50:55","slug":"projeto-atende-familias-da-cidade-de-itaquaquecetuba","status":"publish","type":"post","link":"https:\/\/www.encontraitaquaquecetuba.com.br\/sobre\/projeto-atende-familias-da-cidade-de-itaquaquecetuba\/","title":{"rendered":"Projeto atende fam\u00edlias da cidade de Itaquaquecetuba"},"content":{"rendered":"<div class=\"80eb2665678f8e3864bb9a528523815b\" data-index=\"1\" style=\"float: none; margin:5px 0 5px 0; text-align:center;\">\n<!-- PUB 73 - Responsivo Horizontal -->\r\n<ins class=\"adsbygoogle\"\r\n     style=\"display:block\"\r\n     data-ad-client=\"ca-pub-7321736592693252\"\r\n     data-ad-slot=\"3087950420\"\r\n     data-ad-format=\"auto\"\r\n     data-full-width-responsive=\"true\"><\/ins>\r\n<script>\r\n     (adsbygoogle = window.adsbygoogle || []).push({});\r\n<\/script>\n<\/div>\n<p>A cidade Itaquaquecetuba ser\u00e1 beneficiada na primeira etapa do programa Agenda da Fam\u00edlia, que ser\u00e1 lan\u00e7ado hoje, pelo governador Geraldo Alckmin, em uma parceria com o Governo Federal. A cidade do Alto Tiet\u00ea foi selecionada para o grupo das 100 primeiras que ser\u00e3o atendidas pelo projeto por ter um dos mais baixos resultados no \u00cdndice de Desenvolvimento Humano Municipal (IDHM). Isso porque a medida visa firmar um compromisso para erradica\u00e7\u00e3o da extrema pobreza em todo o Estado e garantia da mobilidade social das fam\u00edlias paulistas. Dever\u00e3o ser beneficiados cerca de 18 mil moradores, por representarem a parcela da popula\u00e7\u00e3o que sobrevive com uma renda mensal per capita inferior a R$ 70,00 mensais.<\/p>\n<p>O IDHM m\u00e9dio do Estado de S\u00e3o Paulo \u00e9 de 0,833, enquanto Itaquaquecetuba conta com \u00edndice de 0,744. O Munic\u00edpio tem 321.770 habitantes e 89.670 domic\u00edlios. Desta popula\u00e7\u00e3o, 6% comp\u00f5em a parcela que se encontra na extrema pobreza e que, por isso, poder\u00e3o ser contempladas pelo programa lan\u00e7ado hoje.<\/p>\n<p>Na ocasi\u00e3o, ser\u00e1 assinado o Pacto Brasil Sem Mis\u00e9ria, al\u00e9m de um termo de coopera\u00e7\u00e3o de um cart\u00e3o \u00fanico, que ir\u00e1 integrar os programas de transfer\u00eancia renda Bolsa Fam\u00edlia, do Governo Federal, e Renda Cidad\u00e3, do Governo de S\u00e3o Paulo.<\/p>\n<p>A ideia \u00e9 complementar a renda familiar, garantindo uma renda m\u00ednima de R$ 70,00 por pessoa, tirando-a da extrema pobreza. A Agenda da Fam\u00edlia funcionar\u00e1 como uma contrapartida dos beneficiados, que dever\u00e3o assumir compromissos definidos para superar suas dificuldades.<\/p>\n<p>Os atendidos poder\u00e3o, por exemplo, conforme a necessidade, passar por cursos de qualifica\u00e7\u00e3o profissional, providenciar documentos civis para as crian\u00e7as, fazer com que o filho retorne \u00e0 escola para concluir seu estudos, participar de programas para dependentes qu\u00edmicos, entre outros. Tais compromissos ser\u00e3o monitorados e avaliados por equipes do Governo.<\/p>\n<p>A popula\u00e7\u00e3o pobre destas 100 primeiras cidades passar\u00e1 a receber o aux\u00edlio em dinheiro a partir do ano que vem. Contudo, segundo a Secretaria Estadual de Assist\u00eancia e Desenvolvimento Social, no pr\u00f3ximo m\u00eas, j\u00e1 ser\u00e1 iniciada uma busca ativa para identificar as pessoas necessitadas, diagnosticar as vulnerabilidades sociais e determinar os programas, projetos e a\u00e7\u00f5es necess\u00e1rios para a melhoria da qualidade de vida desta popula\u00e7\u00e3o. Esta a\u00e7\u00e3o ser\u00e1 desenvolvida por equipes de assistentes sociais e contar\u00e1 com parcerias com os munic\u00edpios e a sociedade civil.<\/p>\n<p>Em 2013, o plano atingir\u00e1 mais 458 munic\u00edpios e, em 2014, completar\u00e1 o ciclo com os 87 munic\u00edpios das regi\u00f5es metropolitanas S\u00e3o Paulo, Campinas e Baixada Santista.<\/p>\n<p><em>Fonte: Di\u00e1rio de Mogi<\/em><\/p>\n\n<div style=\"font-size: 0px; height: 0px; line-height: 0px; margin: 0; padding: 0; clear: both;\"><\/div>","protected":false},"excerpt":{"rendered":"<p>A cidade Itaquaquecetuba ser\u00e1 beneficiada na primeira etapa do programa Agenda da Fam\u00edlia, que ser\u00e1 lan\u00e7ado hoje, pelo governador Geraldo Alckmin, em uma parceria com o Governo Federal. A cidade do Alto Tiet\u00ea foi selecionada para o grupo das 100 primeiras que ser\u00e3o atendidas pelo projeto por ter um dos mais baixos resultados no \u00cdndice de Desenvolvimento Humano Municipal (IDHM). Isso porque a medida visa firmar um compromisso para erradica\u00e7\u00e3o da extrema pobreza em todo o Estado e garantia da mobilidade social das fam\u00edlias paulistas. Dever\u00e3o ser beneficiados cerca de 18 mil moradores, por representarem a parcela da popula\u00e7\u00e3o que <\/p>\n","protected":false},"author":1,"featured_media":0,"comment_status":"open","ping_status":"open","sticky":false,"template":"","format":"standard","meta":[],"categories":[6],"tags":[14],"yoast_head":"<!-- This site is optimized with the Yoast SEO plugin v19.6.1 - https:\/\/yoast.com\/wordpress\/plugins\/seo\/ -->\n<title>Projeto atende fam\u00edlias da cidade de Itaquaquecetuba - Encontra Itaquaquecetuba<\/title>\n<meta name=\"robots\" content=\"index, follow, max-snippet:-1, max-image-preview:large, max-video-preview:-1\" \/>\n<link rel=\"canonical\" href=\"https:\/\/www.encontraitaquaquecetuba.com.br\/sobre\/projeto-atende-familias-da-cidade-de-itaquaquecetuba\/\" \/>\n<meta property=\"og:locale\" content=\"pt_BR\" \/>\n<meta property=\"og:type\" content=\"article\" \/>\n<meta property=\"og:title\" content=\"Projeto atende fam\u00edlias da cidade de Itaquaquecetuba - Encontra Itaquaquecetuba\" \/>\n<meta property=\"og:description\" content=\"A cidade Itaquaquecetuba ser\u00e1 beneficiada na primeira etapa do programa Agenda da Fam\u00edlia, que ser\u00e1 lan\u00e7ado hoje, pelo governador Geraldo Alckmin, em uma parceria com o Governo Federal. A cidade do Alto Tiet\u00ea foi selecionada para o grupo das 100 primeiras que ser\u00e3o atendidas pelo projeto por ter um dos mais baixos resultados no \u00cdndice de Desenvolvimento Humano Municipal (IDHM). Isso porque a medida visa firmar um compromisso para erradica\u00e7\u00e3o da extrema pobreza em todo o Estado e garantia da mobilidade social das fam\u00edlias paulistas. Dever\u00e3o ser beneficiados cerca de 18 mil moradores, por representarem a parcela da popula\u00e7\u00e3o que\" \/>\n<meta property=\"og:url\" content=\"https:\/\/www.encontraitaquaquecetuba.com.br\/sobre\/projeto-atende-familias-da-cidade-de-itaquaquecetuba\/\" \/>\n<meta property=\"og:site_name\" content=\"Encontra Itaquaquecetuba\" \/>\n<meta property=\"article:published_time\" content=\"2011-08-18T15:52:31+00:00\" \/>\n<meta property=\"article:modified_time\" content=\"2013-08-14T04:50:55+00:00\" \/>\n<meta name=\"author\" content=\"Encontra Itaquaquecetuba\" \/>\n<meta name=\"twitter:card\" content=\"summary_large_image\" \/>\n<meta name=\"twitter:label1\" content=\"Escrito por\" \/>\n\t<meta name=\"twitter:data1\" content=\"Encontra Itaquaquecetuba\" \/>\n\t<meta name=\"twitter:label2\" content=\"Est. tempo de leitura\" \/>\n\t<meta name=\"twitter:data2\" content=\"2 minutos\" \/>\n<script type=\"application\/ld+json\" class=\"yoast-schema-graph\">{\"@context\":\"https:\/\/schema.org\",\"@graph\":[{\"@type\":\"WebPage\",\"@id\":\"https:\/\/www.encontraitaquaquecetuba.com.br\/sobre\/projeto-atende-familias-da-cidade-de-itaquaquecetuba\/\",\"url\":\"https:\/\/www.encontraitaquaquecetuba.com.br\/sobre\/projeto-atende-familias-da-cidade-de-itaquaquecetuba\/\",\"name\":\"Projeto atende fam\u00edlias da cidade de Itaquaquecetuba - Encontra Itaquaquecetuba\",\"isPartOf\":{\"@id\":\"https:\/\/www.encontraitaquaquecetuba.com.br\/sobre\/#website\"},\"datePublished\":\"2011-08-18T15:52:31+00:00\",\"dateModified\":\"2013-08-14T04:50:55+00:00\",\"author\":{\"@id\":\"https:\/\/www.encontraitaquaquecetuba.com.br\/sobre\/#\/schema\/person\/a8a866dc746e447abf8ca22b02eae6ea\"},\"breadcrumb\":{\"@id\":\"https:\/\/www.encontraitaquaquecetuba.com.br\/sobre\/projeto-atende-familias-da-cidade-de-itaquaquecetuba\/#breadcrumb\"},\"inLanguage\":\"pt-BR\",\"potentialAction\":[{\"@type\":\"ReadAction\",\"target\":[\"https:\/\/www.encontraitaquaquecetuba.com.br\/sobre\/projeto-atende-familias-da-cidade-de-itaquaquecetuba\/\"]}]},{\"@type\":\"BreadcrumbList\",\"@id\":\"https:\/\/www.encontraitaquaquecetuba.com.br\/sobre\/projeto-atende-familias-da-cidade-de-itaquaquecetuba\/#breadcrumb\",\"itemListElement\":[{\"@type\":\"ListItem\",\"position\":1,\"name\":\"In\u00edcio\",\"item\":\"https:\/\/www.encontraitaquaquecetuba.com.br\/sobre\/\"},{\"@type\":\"ListItem\",\"position\":2,\"name\":\"Projeto atende fam\u00edlias da cidade de Itaquaquecetuba\"}]},{\"@type\":\"WebSite\",\"@id\":\"https:\/\/www.encontraitaquaquecetuba.com.br\/sobre\/#website\",\"url\":\"https:\/\/www.encontraitaquaquecetuba.com.br\/sobre\/\",\"name\":\"Encontra Itaquaquecetuba\",\"description\":\"Not\u00edcias, eventos, informa\u00e7\u00f5es e dicas na cidade de Itaquaquecetuba e regi\u00e3o\",\"potentialAction\":[{\"@type\":\"SearchAction\",\"target\":{\"@type\":\"EntryPoint\",\"urlTemplate\":\"https:\/\/www.encontraitaquaquecetuba.com.br\/sobre\/?s={search_term_string}\"},\"query-input\":\"required name=search_term_string\"}],\"inLanguage\":\"pt-BR\"},{\"@type\":\"Person\",\"@id\":\"https:\/\/www.encontraitaquaquecetuba.com.br\/sobre\/#\/schema\/person\/a8a866dc746e447abf8ca22b02eae6ea\",\"name\":\"Encontra Itaquaquecetuba\",\"image\":{\"@type\":\"ImageObject\",\"inLanguage\":\"pt-BR\",\"@id\":\"https:\/\/www.encontraitaquaquecetuba.com.br\/sobre\/#\/schema\/person\/image\/\",\"url\":\"https:\/\/secure.gravatar.com\/avatar\/f007732be0d27cbf8a336929fe922478?s=96&d=mm&r=g\",\"contentUrl\":\"https:\/\/secure.gravatar.com\/avatar\/f007732be0d27cbf8a336929fe922478?s=96&d=mm&r=g\",\"caption\":\"Encontra Itaquaquecetuba\"},\"sameAs\":[\"http:\/\/www.encontraitaquaquecetuba.com.br\"],\"url\":\"https:\/\/www.encontraitaquaquecetuba.com.br\/sobre\/author\/eitaquaquecetuba\/\"}]}<\/script>\n<!-- \/ Yoast SEO plugin. -->","yoast_head_json":{"title":"Projeto atende fam\u00edlias da cidade de Itaquaquecetuba - Encontra Itaquaquecetuba","robots":{"index":"index","follow":"follow","max-snippet":"max-snippet:-1","max-image-preview":"max-image-preview:large","max-video-preview":"max-video-preview:-1"},"canonical":"https:\/\/www.encontraitaquaquecetuba.com.br\/sobre\/projeto-atende-familias-da-cidade-de-itaquaquecetuba\/","og_locale":"pt_BR","og_type":"article","og_title":"Projeto atende fam\u00edlias da cidade de Itaquaquecetuba - Encontra Itaquaquecetuba","og_description":"A cidade Itaquaquecetuba ser\u00e1 beneficiada na primeira etapa do programa Agenda da Fam\u00edlia, que ser\u00e1 lan\u00e7ado hoje, pelo governador Geraldo Alckmin, em uma parceria com o Governo Federal. A cidade do Alto Tiet\u00ea foi selecionada para o grupo das 100 primeiras que ser\u00e3o atendidas pelo projeto por ter um dos mais baixos resultados no \u00cdndice de Desenvolvimento Humano Municipal (IDHM). Isso porque a medida visa firmar um compromisso para erradica\u00e7\u00e3o da extrema pobreza em todo o Estado e garantia da mobilidade social das fam\u00edlias paulistas. Dever\u00e3o ser beneficiados cerca de 18 mil moradores, por representarem a parcela da popula\u00e7\u00e3o que","og_url":"https:\/\/www.encontraitaquaquecetuba.com.br\/sobre\/projeto-atende-familias-da-cidade-de-itaquaquecetuba\/","og_site_name":"Encontra Itaquaquecetuba","article_published_time":"2011-08-18T15:52:31+00:00","article_modified_time":"2013-08-14T04:50:55+00:00","author":"Encontra Itaquaquecetuba","twitter_card":"summary_large_image","twitter_misc":{"Escrito por":"Encontra Itaquaquecetuba","Est. tempo de leitura":"2 minutos"},"schema":{"@context":"https:\/\/schema.org","@graph":[{"@type":"WebPage","@id":"https:\/\/www.encontraitaquaquecetuba.com.br\/sobre\/projeto-atende-familias-da-cidade-de-itaquaquecetuba\/","url":"https:\/\/www.encontraitaquaquecetuba.com.br\/sobre\/projeto-atende-familias-da-cidade-de-itaquaquecetuba\/","name":"Projeto atende fam\u00edlias da cidade de Itaquaquecetuba - Encontra Itaquaquecetuba","isPartOf":{"@id":"https:\/\/www.encontraitaquaquecetuba.com.br\/sobre\/#website"},"datePublished":"2011-08-18T15:52:31+00:00","dateModified":"2013-08-14T04:50:55+00:00","author":{"@id":"https:\/\/www.encontraitaquaquecetuba.com.br\/sobre\/#\/schema\/person\/a8a866dc746e447abf8ca22b02eae6ea"},"breadcrumb":{"@id":"https:\/\/www.encontraitaquaquecetuba.com.br\/sobre\/projeto-atende-familias-da-cidade-de-itaquaquecetuba\/#breadcrumb"},"inLanguage":"pt-BR","potentialAction":[{"@type":"ReadAction","target":["https:\/\/www.encontraitaquaquecetuba.com.br\/sobre\/projeto-atende-familias-da-cidade-de-itaquaquecetuba\/"]}]},{"@type":"BreadcrumbList","@id":"https:\/\/www.encontraitaquaquecetuba.com.br\/sobre\/projeto-atende-familias-da-cidade-de-itaquaquecetuba\/#breadcrumb","itemListElement":[{"@type":"ListItem","position":1,"name":"In\u00edcio","item":"https:\/\/www.encontraitaquaquecetuba.com.br\/sobre\/"},{"@type":"ListItem","position":2,"name":"Projeto atende fam\u00edlias da cidade de Itaquaquecetuba"}]},{"@type":"WebSite","@id":"https:\/\/www.encontraitaquaquecetuba.com.br\/sobre\/#website","url":"https:\/\/www.encontraitaquaquecetuba.com.br\/sobre\/","name":"Encontra Itaquaquecetuba","description":"Not\u00edcias, eventos, informa\u00e7\u00f5es e dicas na cidade de Itaquaquecetuba e regi\u00e3o","potentialAction":[{"@type":"SearchAction","target":{"@type":"EntryPoint","urlTemplate":"https:\/\/www.encontraitaquaquecetuba.com.br\/sobre\/?s={search_term_string}"},"query-input":"required name=search_term_string"}],"inLanguage":"pt-BR"},{"@type":"Person","@id":"https:\/\/www.encontraitaquaquecetuba.com.br\/sobre\/#\/schema\/person\/a8a866dc746e447abf8ca22b02eae6ea","name":"Encontra Itaquaquecetuba","image":{"@type":"ImageObject","inLanguage":"pt-BR","@id":"https:\/\/www.encontraitaquaquecetuba.com.br\/sobre\/#\/schema\/person\/image\/","url":"https:\/\/secure.gravatar.com\/avatar\/f007732be0d27cbf8a336929fe922478?s=96&d=mm&r=g","contentUrl":"https:\/\/secure.gravatar.com\/avatar\/f007732be0d27cbf8a336929fe922478?s=96&d=mm&r=g","caption":"Encontra Itaquaquecetuba"},"sameAs":["http:\/\/www.encontraitaquaquecetuba.com.br"],"url":"https:\/\/www.encontraitaquaquecetuba.com.br\/sobre\/author\/eitaquaquecetuba\/"}]}},"_links":{"self":[{"href":"https:\/\/www.encontraitaquaquecetuba.com.br\/sobre\/wp-json\/wp\/v2\/posts\/129"}],"collection":[{"href":"https:\/\/www.encontraitaquaquecetuba.com.br\/sobre\/wp-json\/wp\/v2\/posts"}],"about":[{"href":"https:\/\/www.encontraitaquaquecetuba.com.br\/sobre\/wp-json\/wp\/v2\/types\/post"}],"author":[{"embeddable":true,"href":"https:\/\/www.encontraitaquaquecetuba.com.br\/sobre\/wp-json\/wp\/v2\/users\/1"}],"replies":[{"embeddable":true,"href":"https:\/\/www.encontraitaquaquecetuba.com.br\/sobre\/wp-json\/wp\/v2\/comments?post=129"}],"version-history":[{"count":0,"href":"https:\/\/www.encontraitaquaquecetuba.com.br\/sobre\/wp-json\/wp\/v2\/posts\/129\/revisions"}],"wp:attachment":[{"href":"https:\/\/www.encontraitaquaquecetuba.com.br\/sobre\/wp-json\/wp\/v2\/media?parent=129"}],"wp:term":[{"taxonomy":"category","embeddable":true,"href":"https:\/\/www.encontraitaquaquecetuba.com.br\/sobre\/wp-json\/wp\/v2\/categories?post=129"},{"taxonomy":"post_tag","embeddable":true,"href":"https:\/\/www.encontraitaquaquecetuba.com.br\/sobre\/wp-json\/wp\/v2\/tags?post=129"}],"curies":[{"name":"wp","href":"https:\/\/api.w.org\/{rel}","templated":true}]}}