{"id":133,"date":"2011-08-25T14:47:47","date_gmt":"2011-08-25T14:47:47","guid":{"rendered":"http:\/\/www.encontraitaquaquecetuba.com.br\/noticias\/?p=133"},"modified":"2021-09-13T15:21:55","modified_gmt":"2021-09-13T15:21:55","slug":"itaquaquecetuba-ponto-de-cultura-faz-homenagem-ao-dia-do-folclore","status":"publish","type":"post","link":"https:\/\/www.encontraitaquaquecetuba.com.br\/sobre\/itaquaquecetuba-ponto-de-cultura-faz-homenagem-ao-dia-do-folclore\/","title":{"rendered":"Itaquaquecetuba: Ponto de Cultura faz homenagem ao Dia do Folclore"},"content":{"rendered":"<div class=\"80eb2665678f8e3864bb9a528523815b\" data-index=\"1\" style=\"float: none; margin:5px 0 5px 0; text-align:center;\">\n<!-- PUB 73 - Responsivo Horizontal -->\r\n<ins class=\"adsbygoogle\"\r\n     style=\"display:block\"\r\n     data-ad-client=\"ca-pub-7321736592693252\"\r\n     data-ad-slot=\"3087950420\"\r\n     data-ad-format=\"auto\"\r\n     data-full-width-responsive=\"true\"><\/ins>\r\n<script>\r\n     (adsbygoogle = window.adsbygoogle || []).push({});\r\n<\/script>\n<\/div>\n<p>O Ponto de Cultura na Pra\u00e7a apresentou nesta quarta-feira, 25, na cidade Itaquaquecetuba, a performance teatral \u201cSeverina Chic Chic\u201d (de Genival Lacerda).\u00a0Sob a dire\u00e7\u00e3o de Ad\u00e3o Faustino, a quadrilha tem\u00e1tica encenou a persist\u00eancia de um matuto nada ing\u00eanuo que quer se aproveitar da inoc\u00eancia de uma mocinha. Ela, por sua vez, resiste mas o matreiro sabe cativar a mo\u00e7a.<\/p>\n<p>Al\u00e9m desta encena\u00e7\u00e3o houve a exibi\u00e7\u00e3o do conto \u201cA noite Sombria de S\u00e3o Jo\u00e3o\u201d.\u00a0As encena\u00e7\u00f5es aconteceram em homenagem ao Dia do Folclore (22 de agosto).<\/p>\n<p>Para quem ainda n\u00e3o sabe, sob a anu\u00eancia do prefeito Armando Tavares Filho, o Armando da Farm\u00e1cia, periodicamente, o projeto \u201cPonto de Cultura na Pra\u00e7a\u201d realiza apresenta\u00e7\u00f5es culturais diversas, com o objetivo de tornar p\u00fablico os trabalhos art\u00edsticos desenvolvidos na cidade e regi\u00e3o.<\/p>\n<p>Vale lembrar que o projeto acontece todas as quartas-feiras, na Pra\u00e7a Padre Jo\u00e3o \u00c1lvares, das 12:00 horas \u00e0s 13:00 horas (de acordo com calend\u00e1rio de atividades previamente definido). O evento \u00e9 apresentado por Maria Ana Rosa (a Nena Mar).<\/p>\n<p>O prefeito Armando da Farm\u00e1cia acredita que as produ\u00e7\u00f5es ditas \u201cart\u00edsticas\u201d fazem parte do processo de desenvolvimento intelectual saud\u00e1vel de todo e qualquer cidad\u00e3o e por este motivo, ap\u00f3ia a realiza\u00e7\u00e3o das referidas amostragens p\u00fablicas.<\/p>\n<p>A realiza\u00e7\u00e3o do projeto \u00e9 mais uma demonstra\u00e7\u00e3o de que a atual gest\u00e3o tamb\u00e9m se preocupa com as quest\u00f5es culturais e com o despertar de novos talentos.<\/p>\n<p>Elenco:<\/p>\n<p>\u201cA Noite Sombria e S\u00e3o Jo\u00e3o\u201d:<\/p>\n<p>Feiticeira: Hanna Rodrigues<br \/>\nFazendeiro: Wellington Nascimento<br \/>\nFazendeira: Carla Guedes<br \/>\nNoiva: Patr\u00edcia Ellen[<br \/>\nNoivo: Matheus Rodrigues<br \/>\nPadre: Jonathan Domingos<br \/>\nCriatura: Felipe Lopes<br \/>\nCriatura: D\u00e9bora Karoline<br \/>\nComplemento: Bruna Nunes, Nayara Luciana e Beatriz Oliveira.<\/p>\n<p>\u201cSeverina Chic Chic\u201d:<\/p>\n<p>Severina: Tayla Gabriela<br \/>\nPedro: Rafael Ferraz<\/p>\n<p>Dire\u00e7\u00e3o: Ad\u00e3o Faustino<br \/>\nMaquiagem e Cabelo: Ad\u00e3o Faustino<br \/>\nCo-Dire\u00e7\u00e3o: Elis\u00e2ngela Sanchez<\/p>\n<p><em>Fonte: Prefeitura de Itaquaquecetuba<\/em><\/p>\n\n<div style=\"font-size: 0px; height: 0px; line-height: 0px; margin: 0; padding: 0; clear: both;\"><\/div>","protected":false},"excerpt":{"rendered":"<p>O Ponto de Cultura na Pra\u00e7a apresentou nesta quarta-feira, 25, na cidade Itaquaquecetuba, a performance teatral \u201cSeverina Chic Chic\u201d (de Genival Lacerda).\u00a0Sob a dire\u00e7\u00e3o de Ad\u00e3o Faustino, a quadrilha tem\u00e1tica encenou a persist\u00eancia de um matuto nada ing\u00eanuo que quer se aproveitar da inoc\u00eancia de uma mocinha. Ela, por sua vez, resiste mas o matreiro sabe cativar a mo\u00e7a. Al\u00e9m desta encena\u00e7\u00e3o houve a exibi\u00e7\u00e3o do conto \u201cA noite Sombria de S\u00e3o Jo\u00e3o\u201d.\u00a0As encena\u00e7\u00f5es aconteceram em homenagem ao Dia do Folclore (22 de agosto). Para quem ainda n\u00e3o sabe, sob a anu\u00eancia do prefeito Armando Tavares Filho, o Armando da <\/p>\n","protected":false},"author":1,"featured_media":0,"comment_status":"open","ping_status":"open","sticky":false,"template":"","format":"standard","meta":[],"categories":[6],"tags":[14],"yoast_head":"<!-- This site is optimized with the Yoast SEO plugin v19.6.1 - https:\/\/yoast.com\/wordpress\/plugins\/seo\/ -->\n<title>Itaquaquecetuba: Ponto de Cultura faz homenagem ao Dia do Folclore - Encontra Itaquaquecetuba<\/title>\n<meta name=\"robots\" content=\"index, follow, max-snippet:-1, max-image-preview:large, max-video-preview:-1\" \/>\n<link rel=\"canonical\" href=\"https:\/\/www.encontraitaquaquecetuba.com.br\/sobre\/itaquaquecetuba-ponto-de-cultura-faz-homenagem-ao-dia-do-folclore\/\" \/>\n<meta property=\"og:locale\" content=\"pt_BR\" \/>\n<meta property=\"og:type\" content=\"article\" \/>\n<meta property=\"og:title\" content=\"Itaquaquecetuba: Ponto de Cultura faz homenagem ao Dia do Folclore - Encontra Itaquaquecetuba\" \/>\n<meta property=\"og:description\" content=\"O Ponto de Cultura na Pra\u00e7a apresentou nesta quarta-feira, 25, na cidade Itaquaquecetuba, a performance teatral \u201cSeverina Chic Chic\u201d (de Genival Lacerda).\u00a0Sob a dire\u00e7\u00e3o de Ad\u00e3o Faustino, a quadrilha tem\u00e1tica encenou a persist\u00eancia de um matuto nada ing\u00eanuo que quer se aproveitar da inoc\u00eancia de uma mocinha. Ela, por sua vez, resiste mas o matreiro sabe cativar a mo\u00e7a. Al\u00e9m desta encena\u00e7\u00e3o houve a exibi\u00e7\u00e3o do conto \u201cA noite Sombria de S\u00e3o Jo\u00e3o\u201d.\u00a0As encena\u00e7\u00f5es aconteceram em homenagem ao Dia do Folclore (22 de agosto). Para quem ainda n\u00e3o sabe, sob a anu\u00eancia do prefeito Armando Tavares Filho, o Armando da\" \/>\n<meta property=\"og:url\" content=\"https:\/\/www.encontraitaquaquecetuba.com.br\/sobre\/itaquaquecetuba-ponto-de-cultura-faz-homenagem-ao-dia-do-folclore\/\" \/>\n<meta property=\"og:site_name\" content=\"Encontra Itaquaquecetuba\" \/>\n<meta property=\"article:published_time\" content=\"2011-08-25T14:47:47+00:00\" \/>\n<meta property=\"article:modified_time\" content=\"2021-09-13T15:21:55+00:00\" \/>\n<meta name=\"author\" content=\"Encontra Itaquaquecetuba\" \/>\n<meta name=\"twitter:card\" content=\"summary_large_image\" \/>\n<meta name=\"twitter:label1\" content=\"Escrito por\" \/>\n\t<meta name=\"twitter:data1\" content=\"Encontra Itaquaquecetuba\" \/>\n\t<meta name=\"twitter:label2\" content=\"Est. tempo de leitura\" \/>\n\t<meta name=\"twitter:data2\" content=\"2 minutos\" \/>\n<script type=\"application\/ld+json\" class=\"yoast-schema-graph\">{\"@context\":\"https:\/\/schema.org\",\"@graph\":[{\"@type\":\"WebPage\",\"@id\":\"https:\/\/www.encontraitaquaquecetuba.com.br\/sobre\/itaquaquecetuba-ponto-de-cultura-faz-homenagem-ao-dia-do-folclore\/\",\"url\":\"https:\/\/www.encontraitaquaquecetuba.com.br\/sobre\/itaquaquecetuba-ponto-de-cultura-faz-homenagem-ao-dia-do-folclore\/\",\"name\":\"Itaquaquecetuba: Ponto de Cultura faz homenagem ao Dia do Folclore - Encontra Itaquaquecetuba\",\"isPartOf\":{\"@id\":\"https:\/\/www.encontraitaquaquecetuba.com.br\/sobre\/#website\"},\"datePublished\":\"2011-08-25T14:47:47+00:00\",\"dateModified\":\"2021-09-13T15:21:55+00:00\",\"author\":{\"@id\":\"https:\/\/www.encontraitaquaquecetuba.com.br\/sobre\/#\/schema\/person\/a8a866dc746e447abf8ca22b02eae6ea\"},\"breadcrumb\":{\"@id\":\"https:\/\/www.encontraitaquaquecetuba.com.br\/sobre\/itaquaquecetuba-ponto-de-cultura-faz-homenagem-ao-dia-do-folclore\/#breadcrumb\"},\"inLanguage\":\"pt-BR\",\"potentialAction\":[{\"@type\":\"ReadAction\",\"target\":[\"https:\/\/www.encontraitaquaquecetuba.com.br\/sobre\/itaquaquecetuba-ponto-de-cultura-faz-homenagem-ao-dia-do-folclore\/\"]}]},{\"@type\":\"BreadcrumbList\",\"@id\":\"https:\/\/www.encontraitaquaquecetuba.com.br\/sobre\/itaquaquecetuba-ponto-de-cultura-faz-homenagem-ao-dia-do-folclore\/#breadcrumb\",\"itemListElement\":[{\"@type\":\"ListItem\",\"position\":1,\"name\":\"In\u00edcio\",\"item\":\"https:\/\/www.encontraitaquaquecetuba.com.br\/sobre\/\"},{\"@type\":\"ListItem\",\"position\":2,\"name\":\"Itaquaquecetuba: Ponto de Cultura faz homenagem ao Dia do Folclore\"}]},{\"@type\":\"WebSite\",\"@id\":\"https:\/\/www.encontraitaquaquecetuba.com.br\/sobre\/#website\",\"url\":\"https:\/\/www.encontraitaquaquecetuba.com.br\/sobre\/\",\"name\":\"Encontra Itaquaquecetuba\",\"description\":\"Not\u00edcias, eventos, informa\u00e7\u00f5es e dicas na cidade de Itaquaquecetuba e regi\u00e3o\",\"potentialAction\":[{\"@type\":\"SearchAction\",\"target\":{\"@type\":\"EntryPoint\",\"urlTemplate\":\"https:\/\/www.encontraitaquaquecetuba.com.br\/sobre\/?s={search_term_string}\"},\"query-input\":\"required name=search_term_string\"}],\"inLanguage\":\"pt-BR\"},{\"@type\":\"Person\",\"@id\":\"https:\/\/www.encontraitaquaquecetuba.com.br\/sobre\/#\/schema\/person\/a8a866dc746e447abf8ca22b02eae6ea\",\"name\":\"Encontra Itaquaquecetuba\",\"image\":{\"@type\":\"ImageObject\",\"inLanguage\":\"pt-BR\",\"@id\":\"https:\/\/www.encontraitaquaquecetuba.com.br\/sobre\/#\/schema\/person\/image\/\",\"url\":\"https:\/\/secure.gravatar.com\/avatar\/f007732be0d27cbf8a336929fe922478?s=96&d=mm&r=g\",\"contentUrl\":\"https:\/\/secure.gravatar.com\/avatar\/f007732be0d27cbf8a336929fe922478?s=96&d=mm&r=g\",\"caption\":\"Encontra Itaquaquecetuba\"},\"sameAs\":[\"http:\/\/www.encontraitaquaquecetuba.com.br\"],\"url\":\"https:\/\/www.encontraitaquaquecetuba.com.br\/sobre\/author\/eitaquaquecetuba\/\"}]}<\/script>\n<!-- \/ Yoast SEO plugin. -->","yoast_head_json":{"title":"Itaquaquecetuba: Ponto de Cultura faz homenagem ao Dia do Folclore - Encontra Itaquaquecetuba","robots":{"index":"index","follow":"follow","max-snippet":"max-snippet:-1","max-image-preview":"max-image-preview:large","max-video-preview":"max-video-preview:-1"},"canonical":"https:\/\/www.encontraitaquaquecetuba.com.br\/sobre\/itaquaquecetuba-ponto-de-cultura-faz-homenagem-ao-dia-do-folclore\/","og_locale":"pt_BR","og_type":"article","og_title":"Itaquaquecetuba: Ponto de Cultura faz homenagem ao Dia do Folclore - Encontra Itaquaquecetuba","og_description":"O Ponto de Cultura na Pra\u00e7a apresentou nesta quarta-feira, 25, na cidade Itaquaquecetuba, a performance teatral \u201cSeverina Chic Chic\u201d (de Genival Lacerda).\u00a0Sob a dire\u00e7\u00e3o de Ad\u00e3o Faustino, a quadrilha tem\u00e1tica encenou a persist\u00eancia de um matuto nada ing\u00eanuo que quer se aproveitar da inoc\u00eancia de uma mocinha. Ela, por sua vez, resiste mas o matreiro sabe cativar a mo\u00e7a. Al\u00e9m desta encena\u00e7\u00e3o houve a exibi\u00e7\u00e3o do conto \u201cA noite Sombria de S\u00e3o Jo\u00e3o\u201d.\u00a0As encena\u00e7\u00f5es aconteceram em homenagem ao Dia do Folclore (22 de agosto). Para quem ainda n\u00e3o sabe, sob a anu\u00eancia do prefeito Armando Tavares Filho, o Armando da","og_url":"https:\/\/www.encontraitaquaquecetuba.com.br\/sobre\/itaquaquecetuba-ponto-de-cultura-faz-homenagem-ao-dia-do-folclore\/","og_site_name":"Encontra Itaquaquecetuba","article_published_time":"2011-08-25T14:47:47+00:00","article_modified_time":"2021-09-13T15:21:55+00:00","author":"Encontra Itaquaquecetuba","twitter_card":"summary_large_image","twitter_misc":{"Escrito por":"Encontra Itaquaquecetuba","Est. tempo de leitura":"2 minutos"},"schema":{"@context":"https:\/\/schema.org","@graph":[{"@type":"WebPage","@id":"https:\/\/www.encontraitaquaquecetuba.com.br\/sobre\/itaquaquecetuba-ponto-de-cultura-faz-homenagem-ao-dia-do-folclore\/","url":"https:\/\/www.encontraitaquaquecetuba.com.br\/sobre\/itaquaquecetuba-ponto-de-cultura-faz-homenagem-ao-dia-do-folclore\/","name":"Itaquaquecetuba: Ponto de Cultura faz homenagem ao Dia do Folclore - Encontra Itaquaquecetuba","isPartOf":{"@id":"https:\/\/www.encontraitaquaquecetuba.com.br\/sobre\/#website"},"datePublished":"2011-08-25T14:47:47+00:00","dateModified":"2021-09-13T15:21:55+00:00","author":{"@id":"https:\/\/www.encontraitaquaquecetuba.com.br\/sobre\/#\/schema\/person\/a8a866dc746e447abf8ca22b02eae6ea"},"breadcrumb":{"@id":"https:\/\/www.encontraitaquaquecetuba.com.br\/sobre\/itaquaquecetuba-ponto-de-cultura-faz-homenagem-ao-dia-do-folclore\/#breadcrumb"},"inLanguage":"pt-BR","potentialAction":[{"@type":"ReadAction","target":["https:\/\/www.encontraitaquaquecetuba.com.br\/sobre\/itaquaquecetuba-ponto-de-cultura-faz-homenagem-ao-dia-do-folclore\/"]}]},{"@type":"BreadcrumbList","@id":"https:\/\/www.encontraitaquaquecetuba.com.br\/sobre\/itaquaquecetuba-ponto-de-cultura-faz-homenagem-ao-dia-do-folclore\/#breadcrumb","itemListElement":[{"@type":"ListItem","position":1,"name":"In\u00edcio","item":"https:\/\/www.encontraitaquaquecetuba.com.br\/sobre\/"},{"@type":"ListItem","position":2,"name":"Itaquaquecetuba: Ponto de Cultura faz homenagem ao Dia do Folclore"}]},{"@type":"WebSite","@id":"https:\/\/www.encontraitaquaquecetuba.com.br\/sobre\/#website","url":"https:\/\/www.encontraitaquaquecetuba.com.br\/sobre\/","name":"Encontra Itaquaquecetuba","description":"Not\u00edcias, eventos, informa\u00e7\u00f5es e dicas na cidade de Itaquaquecetuba e regi\u00e3o","potentialAction":[{"@type":"SearchAction","target":{"@type":"EntryPoint","urlTemplate":"https:\/\/www.encontraitaquaquecetuba.com.br\/sobre\/?s={search_term_string}"},"query-input":"required name=search_term_string"}],"inLanguage":"pt-BR"},{"@type":"Person","@id":"https:\/\/www.encontraitaquaquecetuba.com.br\/sobre\/#\/schema\/person\/a8a866dc746e447abf8ca22b02eae6ea","name":"Encontra Itaquaquecetuba","image":{"@type":"ImageObject","inLanguage":"pt-BR","@id":"https:\/\/www.encontraitaquaquecetuba.com.br\/sobre\/#\/schema\/person\/image\/","url":"https:\/\/secure.gravatar.com\/avatar\/f007732be0d27cbf8a336929fe922478?s=96&d=mm&r=g","contentUrl":"https:\/\/secure.gravatar.com\/avatar\/f007732be0d27cbf8a336929fe922478?s=96&d=mm&r=g","caption":"Encontra Itaquaquecetuba"},"sameAs":["http:\/\/www.encontraitaquaquecetuba.com.br"],"url":"https:\/\/www.encontraitaquaquecetuba.com.br\/sobre\/author\/eitaquaquecetuba\/"}]}},"_links":{"self":[{"href":"https:\/\/www.encontraitaquaquecetuba.com.br\/sobre\/wp-json\/wp\/v2\/posts\/133"}],"collection":[{"href":"https:\/\/www.encontraitaquaquecetuba.com.br\/sobre\/wp-json\/wp\/v2\/posts"}],"about":[{"href":"https:\/\/www.encontraitaquaquecetuba.com.br\/sobre\/wp-json\/wp\/v2\/types\/post"}],"author":[{"embeddable":true,"href":"https:\/\/www.encontraitaquaquecetuba.com.br\/sobre\/wp-json\/wp\/v2\/users\/1"}],"replies":[{"embeddable":true,"href":"https:\/\/www.encontraitaquaquecetuba.com.br\/sobre\/wp-json\/wp\/v2\/comments?post=133"}],"version-history":[{"count":0,"href":"https:\/\/www.encontraitaquaquecetuba.com.br\/sobre\/wp-json\/wp\/v2\/posts\/133\/revisions"}],"wp:attachment":[{"href":"https:\/\/www.encontraitaquaquecetuba.com.br\/sobre\/wp-json\/wp\/v2\/media?parent=133"}],"wp:term":[{"taxonomy":"category","embeddable":true,"href":"https:\/\/www.encontraitaquaquecetuba.com.br\/sobre\/wp-json\/wp\/v2\/categories?post=133"},{"taxonomy":"post_tag","embeddable":true,"href":"https:\/\/www.encontraitaquaquecetuba.com.br\/sobre\/wp-json\/wp\/v2\/tags?post=133"}],"curies":[{"name":"wp","href":"https:\/\/api.w.org\/{rel}","templated":true}]}}