{"id":168,"date":"2011-09-20T18:19:12","date_gmt":"2011-09-20T18:19:12","guid":{"rendered":"http:\/\/www.encontraitaquaquecetuba.com.br\/noticias\/?p=168"},"modified":"2013-08-14T04:50:57","modified_gmt":"2013-08-14T04:50:57","slug":"itaquaquecetuba-da-inicio-a-obra-de-adaptacao-do-novo-pronto-socorro-municipal","status":"publish","type":"post","link":"https:\/\/www.encontraitaquaquecetuba.com.br\/sobre\/itaquaquecetuba-da-inicio-a-obra-de-adaptacao-do-novo-pronto-socorro-municipal\/","title":{"rendered":"Itaquaquecetuba d\u00e1 in\u00edcio \u00e0 obra de adapta\u00e7\u00e3o do novo Pronto Socorro Municipal"},"content":{"rendered":"<div class=\"80eb2665678f8e3864bb9a528523815b\" data-index=\"1\" style=\"float: none; margin:5px 0 5px 0; text-align:center;\">\n<!-- PUB 73 - Responsivo Horizontal -->\r\n<ins class=\"adsbygoogle\"\r\n     style=\"display:block\"\r\n     data-ad-client=\"ca-pub-7321736592693252\"\r\n     data-ad-slot=\"3087950420\"\r\n     data-ad-format=\"auto\"\r\n     data-full-width-responsive=\"true\"><\/ins>\r\n<script>\r\n     (adsbygoogle = window.adsbygoogle || []).push({});\r\n<\/script>\n<\/div>\n<p>Teve in\u00edcio nesta segunda-feira, 19, a obra de adapta\u00e7\u00e3o da nova unidade do Hospital Municipal \u201cDr. Pedro da Cunha de Albuquerque Lopes\u201d. Acompanhado da coordenadora de Sa\u00fade, Adriana Felix e de demais servidores da pasta, na manh\u00e3 desta segunda-feira, 19, o secret\u00e1rio municipal de Sa\u00fade, Jos\u00e9 Heleno Ant\u00f4nio Pinto compareceu \u00e0 nova unidade para acompanhar o in\u00edcio dos trabalhos.<\/p>\n<p>De acordo com a arquiteta, Andr\u00e9ia Catto, o novo Pronto Socorro contar\u00e1 com uma infraestrutura dotada de elevador, 02 consult\u00f3rios para ortopedia, 04 consult\u00f3rios para cl\u00ednica geral, 03 consult\u00f3rios para pediatria, 01 sala de assist\u00eancia social, 01 sala para eletrocardiograma, 02 salas para inala\u00e7\u00f5es, 02 salas de medica\u00e7\u00e3o, 01 sala de emerg\u00eancia (com dois leitos), 02 enfermarias com 08 leitos, 01 refeit\u00f3rio, 01 dispens\u00e1rios de medicamentos interno, 25 vagas para estacionamento (sendo 03 fixas destinadas \u00e0s ambul\u00e2ncias e rabec\u00e3o), entre outras depend\u00eancias.<\/p>\n<p>Ainda segundo a arquiteta, para a execu\u00e7\u00e3o da referida obra, a prefeitura investe cerca de R$ 2 milh\u00f5es e 700 mil reais. \u201cAl\u00e9m de proporcionar condi\u00e7\u00f5es adequadas de trabalho aos servidores da sa\u00fade, o objetivo da nova unidade ser\u00e1 oferecer melhores condi\u00e7\u00f5es de atendimento aos mun\u00edcipes&#8230;\u201d, completa o secret\u00e1rio.<\/p>\n<p>A previs\u00e3o \u00e9 de que o benef\u00edcio seja entregue em meados de fevereiro pr\u00f3ximo. Ap\u00f3s a conclus\u00e3o dos trabalhos, o novo Pronto Socorro Municipal funcionar\u00e1 \u00e0 Rua Jos\u00e9 Bonif\u00e1cio de Andrade Silva, 50, centro, guia de Itaquaquecetuba.<\/p>\n<p><em>Fonte: Prefeitura de Itaquaquecetuba<\/em><\/p>\n\n<div style=\"font-size: 0px; height: 0px; line-height: 0px; margin: 0; padding: 0; clear: both;\"><\/div>","protected":false},"excerpt":{"rendered":"<p>Teve in\u00edcio nesta segunda-feira, 19, a obra de adapta\u00e7\u00e3o da nova unidade do Hospital Municipal \u201cDr. Pedro da Cunha de Albuquerque Lopes\u201d. Acompanhado da coordenadora de Sa\u00fade, Adriana Felix e de demais servidores da pasta, na manh\u00e3 desta segunda-feira, 19, o secret\u00e1rio municipal de Sa\u00fade, Jos\u00e9 Heleno Ant\u00f4nio Pinto compareceu \u00e0 nova unidade para acompanhar o in\u00edcio dos trabalhos. De acordo com a arquiteta, Andr\u00e9ia Catto, o novo Pronto Socorro contar\u00e1 com uma infraestrutura dotada de elevador, 02 consult\u00f3rios para ortopedia, 04 consult\u00f3rios para cl\u00ednica geral, 03 consult\u00f3rios para pediatria, 01 sala de assist\u00eancia social, 01 sala para eletrocardiograma, 02 <\/p>\n","protected":false},"author":1,"featured_media":0,"comment_status":"open","ping_status":"open","sticky":false,"template":"","format":"standard","meta":[],"categories":[6],"tags":[],"yoast_head":"<!-- This site is optimized with the Yoast SEO plugin v19.6.1 - https:\/\/yoast.com\/wordpress\/plugins\/seo\/ -->\n<title>Itaquaquecetuba d\u00e1 in\u00edcio \u00e0 obra de adapta\u00e7\u00e3o do novo Pronto Socorro Municipal - Encontra Itaquaquecetuba<\/title>\n<meta name=\"robots\" content=\"index, follow, max-snippet:-1, max-image-preview:large, max-video-preview:-1\" \/>\n<link rel=\"canonical\" href=\"https:\/\/www.encontraitaquaquecetuba.com.br\/sobre\/itaquaquecetuba-da-inicio-a-obra-de-adaptacao-do-novo-pronto-socorro-municipal\/\" \/>\n<meta property=\"og:locale\" content=\"pt_BR\" \/>\n<meta property=\"og:type\" content=\"article\" \/>\n<meta property=\"og:title\" content=\"Itaquaquecetuba d\u00e1 in\u00edcio \u00e0 obra de adapta\u00e7\u00e3o do novo Pronto Socorro Municipal - Encontra Itaquaquecetuba\" \/>\n<meta property=\"og:description\" content=\"Teve in\u00edcio nesta segunda-feira, 19, a obra de adapta\u00e7\u00e3o da nova unidade do Hospital Municipal \u201cDr. Pedro da Cunha de Albuquerque Lopes\u201d. Acompanhado da coordenadora de Sa\u00fade, Adriana Felix e de demais servidores da pasta, na manh\u00e3 desta segunda-feira, 19, o secret\u00e1rio municipal de Sa\u00fade, Jos\u00e9 Heleno Ant\u00f4nio Pinto compareceu \u00e0 nova unidade para acompanhar o in\u00edcio dos trabalhos. De acordo com a arquiteta, Andr\u00e9ia Catto, o novo Pronto Socorro contar\u00e1 com uma infraestrutura dotada de elevador, 02 consult\u00f3rios para ortopedia, 04 consult\u00f3rios para cl\u00ednica geral, 03 consult\u00f3rios para pediatria, 01 sala de assist\u00eancia social, 01 sala para eletrocardiograma, 02\" \/>\n<meta property=\"og:url\" content=\"https:\/\/www.encontraitaquaquecetuba.com.br\/sobre\/itaquaquecetuba-da-inicio-a-obra-de-adaptacao-do-novo-pronto-socorro-municipal\/\" \/>\n<meta property=\"og:site_name\" content=\"Encontra Itaquaquecetuba\" \/>\n<meta property=\"article:published_time\" content=\"2011-09-20T18:19:12+00:00\" \/>\n<meta property=\"article:modified_time\" content=\"2013-08-14T04:50:57+00:00\" \/>\n<meta name=\"author\" content=\"Encontra Itaquaquecetuba\" \/>\n<meta name=\"twitter:card\" content=\"summary_large_image\" \/>\n<meta name=\"twitter:label1\" content=\"Escrito por\" \/>\n\t<meta name=\"twitter:data1\" content=\"Encontra Itaquaquecetuba\" \/>\n\t<meta name=\"twitter:label2\" content=\"Est. tempo de leitura\" \/>\n\t<meta name=\"twitter:data2\" content=\"1 minuto\" \/>\n<script type=\"application\/ld+json\" class=\"yoast-schema-graph\">{\"@context\":\"https:\/\/schema.org\",\"@graph\":[{\"@type\":\"WebPage\",\"@id\":\"https:\/\/www.encontraitaquaquecetuba.com.br\/sobre\/itaquaquecetuba-da-inicio-a-obra-de-adaptacao-do-novo-pronto-socorro-municipal\/\",\"url\":\"https:\/\/www.encontraitaquaquecetuba.com.br\/sobre\/itaquaquecetuba-da-inicio-a-obra-de-adaptacao-do-novo-pronto-socorro-municipal\/\",\"name\":\"Itaquaquecetuba d\u00e1 in\u00edcio \u00e0 obra de adapta\u00e7\u00e3o do novo Pronto Socorro Municipal - Encontra Itaquaquecetuba\",\"isPartOf\":{\"@id\":\"https:\/\/www.encontraitaquaquecetuba.com.br\/sobre\/#website\"},\"datePublished\":\"2011-09-20T18:19:12+00:00\",\"dateModified\":\"2013-08-14T04:50:57+00:00\",\"author\":{\"@id\":\"https:\/\/www.encontraitaquaquecetuba.com.br\/sobre\/#\/schema\/person\/a8a866dc746e447abf8ca22b02eae6ea\"},\"breadcrumb\":{\"@id\":\"https:\/\/www.encontraitaquaquecetuba.com.br\/sobre\/itaquaquecetuba-da-inicio-a-obra-de-adaptacao-do-novo-pronto-socorro-municipal\/#breadcrumb\"},\"inLanguage\":\"pt-BR\",\"potentialAction\":[{\"@type\":\"ReadAction\",\"target\":[\"https:\/\/www.encontraitaquaquecetuba.com.br\/sobre\/itaquaquecetuba-da-inicio-a-obra-de-adaptacao-do-novo-pronto-socorro-municipal\/\"]}]},{\"@type\":\"BreadcrumbList\",\"@id\":\"https:\/\/www.encontraitaquaquecetuba.com.br\/sobre\/itaquaquecetuba-da-inicio-a-obra-de-adaptacao-do-novo-pronto-socorro-municipal\/#breadcrumb\",\"itemListElement\":[{\"@type\":\"ListItem\",\"position\":1,\"name\":\"In\u00edcio\",\"item\":\"https:\/\/www.encontraitaquaquecetuba.com.br\/sobre\/\"},{\"@type\":\"ListItem\",\"position\":2,\"name\":\"Itaquaquecetuba d\u00e1 in\u00edcio \u00e0 obra de adapta\u00e7\u00e3o do novo Pronto Socorro Municipal\"}]},{\"@type\":\"WebSite\",\"@id\":\"https:\/\/www.encontraitaquaquecetuba.com.br\/sobre\/#website\",\"url\":\"https:\/\/www.encontraitaquaquecetuba.com.br\/sobre\/\",\"name\":\"Encontra Itaquaquecetuba\",\"description\":\"Not\u00edcias, eventos, informa\u00e7\u00f5es e dicas na cidade de Itaquaquecetuba e regi\u00e3o\",\"potentialAction\":[{\"@type\":\"SearchAction\",\"target\":{\"@type\":\"EntryPoint\",\"urlTemplate\":\"https:\/\/www.encontraitaquaquecetuba.com.br\/sobre\/?s={search_term_string}\"},\"query-input\":\"required name=search_term_string\"}],\"inLanguage\":\"pt-BR\"},{\"@type\":\"Person\",\"@id\":\"https:\/\/www.encontraitaquaquecetuba.com.br\/sobre\/#\/schema\/person\/a8a866dc746e447abf8ca22b02eae6ea\",\"name\":\"Encontra Itaquaquecetuba\",\"image\":{\"@type\":\"ImageObject\",\"inLanguage\":\"pt-BR\",\"@id\":\"https:\/\/www.encontraitaquaquecetuba.com.br\/sobre\/#\/schema\/person\/image\/\",\"url\":\"https:\/\/secure.gravatar.com\/avatar\/f007732be0d27cbf8a336929fe922478?s=96&d=mm&r=g\",\"contentUrl\":\"https:\/\/secure.gravatar.com\/avatar\/f007732be0d27cbf8a336929fe922478?s=96&d=mm&r=g\",\"caption\":\"Encontra Itaquaquecetuba\"},\"sameAs\":[\"http:\/\/www.encontraitaquaquecetuba.com.br\"],\"url\":\"https:\/\/www.encontraitaquaquecetuba.com.br\/sobre\/author\/eitaquaquecetuba\/\"}]}<\/script>\n<!-- \/ Yoast SEO plugin. -->","yoast_head_json":{"title":"Itaquaquecetuba d\u00e1 in\u00edcio \u00e0 obra de adapta\u00e7\u00e3o do novo Pronto Socorro Municipal - Encontra Itaquaquecetuba","robots":{"index":"index","follow":"follow","max-snippet":"max-snippet:-1","max-image-preview":"max-image-preview:large","max-video-preview":"max-video-preview:-1"},"canonical":"https:\/\/www.encontraitaquaquecetuba.com.br\/sobre\/itaquaquecetuba-da-inicio-a-obra-de-adaptacao-do-novo-pronto-socorro-municipal\/","og_locale":"pt_BR","og_type":"article","og_title":"Itaquaquecetuba d\u00e1 in\u00edcio \u00e0 obra de adapta\u00e7\u00e3o do novo Pronto Socorro Municipal - Encontra Itaquaquecetuba","og_description":"Teve in\u00edcio nesta segunda-feira, 19, a obra de adapta\u00e7\u00e3o da nova unidade do Hospital Municipal \u201cDr. Pedro da Cunha de Albuquerque Lopes\u201d. Acompanhado da coordenadora de Sa\u00fade, Adriana Felix e de demais servidores da pasta, na manh\u00e3 desta segunda-feira, 19, o secret\u00e1rio municipal de Sa\u00fade, Jos\u00e9 Heleno Ant\u00f4nio Pinto compareceu \u00e0 nova unidade para acompanhar o in\u00edcio dos trabalhos. De acordo com a arquiteta, Andr\u00e9ia Catto, o novo Pronto Socorro contar\u00e1 com uma infraestrutura dotada de elevador, 02 consult\u00f3rios para ortopedia, 04 consult\u00f3rios para cl\u00ednica geral, 03 consult\u00f3rios para pediatria, 01 sala de assist\u00eancia social, 01 sala para eletrocardiograma, 02","og_url":"https:\/\/www.encontraitaquaquecetuba.com.br\/sobre\/itaquaquecetuba-da-inicio-a-obra-de-adaptacao-do-novo-pronto-socorro-municipal\/","og_site_name":"Encontra Itaquaquecetuba","article_published_time":"2011-09-20T18:19:12+00:00","article_modified_time":"2013-08-14T04:50:57+00:00","author":"Encontra Itaquaquecetuba","twitter_card":"summary_large_image","twitter_misc":{"Escrito por":"Encontra Itaquaquecetuba","Est. tempo de leitura":"1 minuto"},"schema":{"@context":"https:\/\/schema.org","@graph":[{"@type":"WebPage","@id":"https:\/\/www.encontraitaquaquecetuba.com.br\/sobre\/itaquaquecetuba-da-inicio-a-obra-de-adaptacao-do-novo-pronto-socorro-municipal\/","url":"https:\/\/www.encontraitaquaquecetuba.com.br\/sobre\/itaquaquecetuba-da-inicio-a-obra-de-adaptacao-do-novo-pronto-socorro-municipal\/","name":"Itaquaquecetuba d\u00e1 in\u00edcio \u00e0 obra de adapta\u00e7\u00e3o do novo Pronto Socorro Municipal - Encontra Itaquaquecetuba","isPartOf":{"@id":"https:\/\/www.encontraitaquaquecetuba.com.br\/sobre\/#website"},"datePublished":"2011-09-20T18:19:12+00:00","dateModified":"2013-08-14T04:50:57+00:00","author":{"@id":"https:\/\/www.encontraitaquaquecetuba.com.br\/sobre\/#\/schema\/person\/a8a866dc746e447abf8ca22b02eae6ea"},"breadcrumb":{"@id":"https:\/\/www.encontraitaquaquecetuba.com.br\/sobre\/itaquaquecetuba-da-inicio-a-obra-de-adaptacao-do-novo-pronto-socorro-municipal\/#breadcrumb"},"inLanguage":"pt-BR","potentialAction":[{"@type":"ReadAction","target":["https:\/\/www.encontraitaquaquecetuba.com.br\/sobre\/itaquaquecetuba-da-inicio-a-obra-de-adaptacao-do-novo-pronto-socorro-municipal\/"]}]},{"@type":"BreadcrumbList","@id":"https:\/\/www.encontraitaquaquecetuba.com.br\/sobre\/itaquaquecetuba-da-inicio-a-obra-de-adaptacao-do-novo-pronto-socorro-municipal\/#breadcrumb","itemListElement":[{"@type":"ListItem","position":1,"name":"In\u00edcio","item":"https:\/\/www.encontraitaquaquecetuba.com.br\/sobre\/"},{"@type":"ListItem","position":2,"name":"Itaquaquecetuba d\u00e1 in\u00edcio \u00e0 obra de adapta\u00e7\u00e3o do novo Pronto Socorro Municipal"}]},{"@type":"WebSite","@id":"https:\/\/www.encontraitaquaquecetuba.com.br\/sobre\/#website","url":"https:\/\/www.encontraitaquaquecetuba.com.br\/sobre\/","name":"Encontra Itaquaquecetuba","description":"Not\u00edcias, eventos, informa\u00e7\u00f5es e dicas na cidade de Itaquaquecetuba e regi\u00e3o","potentialAction":[{"@type":"SearchAction","target":{"@type":"EntryPoint","urlTemplate":"https:\/\/www.encontraitaquaquecetuba.com.br\/sobre\/?s={search_term_string}"},"query-input":"required name=search_term_string"}],"inLanguage":"pt-BR"},{"@type":"Person","@id":"https:\/\/www.encontraitaquaquecetuba.com.br\/sobre\/#\/schema\/person\/a8a866dc746e447abf8ca22b02eae6ea","name":"Encontra Itaquaquecetuba","image":{"@type":"ImageObject","inLanguage":"pt-BR","@id":"https:\/\/www.encontraitaquaquecetuba.com.br\/sobre\/#\/schema\/person\/image\/","url":"https:\/\/secure.gravatar.com\/avatar\/f007732be0d27cbf8a336929fe922478?s=96&d=mm&r=g","contentUrl":"https:\/\/secure.gravatar.com\/avatar\/f007732be0d27cbf8a336929fe922478?s=96&d=mm&r=g","caption":"Encontra Itaquaquecetuba"},"sameAs":["http:\/\/www.encontraitaquaquecetuba.com.br"],"url":"https:\/\/www.encontraitaquaquecetuba.com.br\/sobre\/author\/eitaquaquecetuba\/"}]}},"_links":{"self":[{"href":"https:\/\/www.encontraitaquaquecetuba.com.br\/sobre\/wp-json\/wp\/v2\/posts\/168"}],"collection":[{"href":"https:\/\/www.encontraitaquaquecetuba.com.br\/sobre\/wp-json\/wp\/v2\/posts"}],"about":[{"href":"https:\/\/www.encontraitaquaquecetuba.com.br\/sobre\/wp-json\/wp\/v2\/types\/post"}],"author":[{"embeddable":true,"href":"https:\/\/www.encontraitaquaquecetuba.com.br\/sobre\/wp-json\/wp\/v2\/users\/1"}],"replies":[{"embeddable":true,"href":"https:\/\/www.encontraitaquaquecetuba.com.br\/sobre\/wp-json\/wp\/v2\/comments?post=168"}],"version-history":[{"count":0,"href":"https:\/\/www.encontraitaquaquecetuba.com.br\/sobre\/wp-json\/wp\/v2\/posts\/168\/revisions"}],"wp:attachment":[{"href":"https:\/\/www.encontraitaquaquecetuba.com.br\/sobre\/wp-json\/wp\/v2\/media?parent=168"}],"wp:term":[{"taxonomy":"category","embeddable":true,"href":"https:\/\/www.encontraitaquaquecetuba.com.br\/sobre\/wp-json\/wp\/v2\/categories?post=168"},{"taxonomy":"post_tag","embeddable":true,"href":"https:\/\/www.encontraitaquaquecetuba.com.br\/sobre\/wp-json\/wp\/v2\/tags?post=168"}],"curies":[{"name":"wp","href":"https:\/\/api.w.org\/{rel}","templated":true}]}}