{"id":175,"date":"2011-09-22T16:14:21","date_gmt":"2011-09-22T16:14:21","guid":{"rendered":"http:\/\/www.encontraitaquaquecetuba.com.br\/noticias\/?p=175"},"modified":"2021-09-13T15:21:54","modified_gmt":"2021-09-13T15:21:54","slug":"ponto-de-cultura-de-itaquaquecetuba-apresenta-alunos-do-curso-de-capoeira","status":"publish","type":"post","link":"https:\/\/www.encontraitaquaquecetuba.com.br\/sobre\/ponto-de-cultura-de-itaquaquecetuba-apresenta-alunos-do-curso-de-capoeira\/","title":{"rendered":"\u201cPonto de Cultura\u201d de Itaquaquecetuba apresenta alunos do curso de capoeira"},"content":{"rendered":"<div class=\"80eb2665678f8e3864bb9a528523815b\" data-index=\"1\" style=\"float: none; margin:5px 0 5px 0; text-align:center;\">\n<!-- PUB 73 - Responsivo Horizontal -->\r\n<ins class=\"adsbygoogle\"\r\n     style=\"display:block\"\r\n     data-ad-client=\"ca-pub-7321736592693252\"\r\n     data-ad-slot=\"3087950420\"\r\n     data-ad-format=\"auto\"\r\n     data-full-width-responsive=\"true\"><\/ins>\r\n<script>\r\n     (adsbygoogle = window.adsbygoogle || []).push({});\r\n<\/script>\n<\/div>\n<p>O \u201cPonto de Cultura na Pra\u00e7a\u201d \u00e9 um projeto municipal, desenvolvido h\u00e1 cerca de 4 anos pela secretaria municipal de Cultura e Turismo de guia de Itaquaquecetuba. Trata-se da amostragem p\u00fablica dos trabalhos art\u00edsticos desenvolvidos pela pasta e\/ou demais produtos culturais produzidos na cidade e regi\u00e3o.<\/p>\n<p>Sob a anu\u00eancia do poder executivo municipal, o projeto pioneiro \u00e9 realizado todas as quartas-feiras, na Pra\u00e7a Padre Jo\u00e3o \u00c1lvares, das 12:00 horas \u00e0s 13:00 horas.\u00a0Em sua concep\u00e7\u00e3o o objetivo do projeto \u00e9 exatamente a articula\u00e7\u00e3o da produ\u00e7\u00e3o cultural e promo\u00e7\u00e3o do interc\u00e2mbio de linguagens art\u00edsticas e express\u00f5es simb\u00f3licas, valorizando a cultura popular na cidade.<\/p>\n<p>Esta semana, por exemplo, foi a vez do grupo de \u201cCapoeira\u201d.\u00a0Cerca de 30 alunos do referido curso apresentaram-se para consider\u00e1vel p\u00fablico, sob o comando dos professores Joeli D\u00b4Avila e Jairo Rodrigo.\u00a0Como de costume, o evento foi devidamente apresentado por Maria Ana Rosa (a Nena Mar).<\/p>\n<p>A capoeira \u00e9 uma express\u00e3o cultural que mistura esporte, luta, dan\u00e7a, cultura popular, m\u00fasica e brincadeira. Desenvolvida por escravos africanos trazidos ao Brasil e seus descendentes, \u00e9 caracterizada por movimentos \u00e1geis e complicados, feitos com frequ\u00eancia junto ao ch\u00e3o ou de cabe\u00e7a para baixo, tendo por vezes uma forte componente gin\u00e1stico-acrob\u00e1tico. Uma caracter\u00edstica que a distingue de outras lutas \u00e9 o fato de ser acompanhada por m\u00fasica.<\/p>\n<p>Em determinada ocasi\u00e3o, o secret\u00e1rio de Cultura Jandir Jorge de Souto afirmou que \u201c&#8230;a oficina de capoeira oferecida pelo executivo municipal tem uma caracteristica muito especial, pois h\u00e1 no grupo pessoas de 5 a 55 anos e essa integra\u00e7\u00e3o faz com que seja poss\u00edvel interagir com todas as faixas et\u00e1rias\u201d.<\/p>\n<p>As produ\u00e7\u00f5es ditas \u201cart\u00edsticas\u201d fazem parte do processo de desenvolvimento intelectual saud\u00e1vel de todo e qualquer cidad\u00e3o. Por este motivo, o \u201cPonto de Cultura na Pra\u00e7a\u201d merece apoio e destaque por parte do executivo municipal de Itaquaquecetuba.<\/p>\n<p>Para mais informa\u00e7\u00f5es sobre o calend\u00e1rio de apresenta\u00e7\u00f5es do projeto, o telefone \u00e9: 4754-2111.<\/p>\n<p><em>Fonte: Prefeitura de Itaquaquecetuba<\/em><\/p>\n\n<div style=\"font-size: 0px; height: 0px; line-height: 0px; margin: 0; padding: 0; clear: both;\"><\/div>","protected":false},"excerpt":{"rendered":"<p>O \u201cPonto de Cultura na Pra\u00e7a\u201d \u00e9 um projeto municipal, desenvolvido h\u00e1 cerca de 4 anos pela secretaria municipal de Cultura e Turismo de guia de Itaquaquecetuba. Trata-se da amostragem p\u00fablica dos trabalhos art\u00edsticos desenvolvidos pela pasta e\/ou demais produtos culturais produzidos na cidade e regi\u00e3o. Sob a anu\u00eancia do poder executivo municipal, o projeto pioneiro \u00e9 realizado todas as quartas-feiras, na Pra\u00e7a Padre Jo\u00e3o \u00c1lvares, das 12:00 horas \u00e0s 13:00 horas.\u00a0Em sua concep\u00e7\u00e3o o objetivo do projeto \u00e9 exatamente a articula\u00e7\u00e3o da produ\u00e7\u00e3o cultural e promo\u00e7\u00e3o do interc\u00e2mbio de linguagens art\u00edsticas e express\u00f5es simb\u00f3licas, valorizando a cultura popular na <\/p>\n","protected":false},"author":1,"featured_media":0,"comment_status":"open","ping_status":"open","sticky":false,"template":"","format":"standard","meta":[],"categories":[6],"tags":[14],"yoast_head":"<!-- This site is optimized with the Yoast SEO plugin v19.6.1 - https:\/\/yoast.com\/wordpress\/plugins\/seo\/ -->\n<title>\u201cPonto de Cultura\u201d de Itaquaquecetuba apresenta alunos do curso de capoeira - Encontra Itaquaquecetuba<\/title>\n<meta name=\"robots\" content=\"index, follow, max-snippet:-1, max-image-preview:large, max-video-preview:-1\" \/>\n<link rel=\"canonical\" href=\"https:\/\/www.encontraitaquaquecetuba.com.br\/sobre\/ponto-de-cultura-de-itaquaquecetuba-apresenta-alunos-do-curso-de-capoeira\/\" \/>\n<meta property=\"og:locale\" content=\"pt_BR\" \/>\n<meta property=\"og:type\" content=\"article\" \/>\n<meta property=\"og:title\" content=\"\u201cPonto de Cultura\u201d de Itaquaquecetuba apresenta alunos do curso de capoeira - Encontra Itaquaquecetuba\" \/>\n<meta property=\"og:description\" content=\"O \u201cPonto de Cultura na Pra\u00e7a\u201d \u00e9 um projeto municipal, desenvolvido h\u00e1 cerca de 4 anos pela secretaria municipal de Cultura e Turismo de guia de Itaquaquecetuba. Trata-se da amostragem p\u00fablica dos trabalhos art\u00edsticos desenvolvidos pela pasta e\/ou demais produtos culturais produzidos na cidade e regi\u00e3o. Sob a anu\u00eancia do poder executivo municipal, o projeto pioneiro \u00e9 realizado todas as quartas-feiras, na Pra\u00e7a Padre Jo\u00e3o \u00c1lvares, das 12:00 horas \u00e0s 13:00 horas.\u00a0Em sua concep\u00e7\u00e3o o objetivo do projeto \u00e9 exatamente a articula\u00e7\u00e3o da produ\u00e7\u00e3o cultural e promo\u00e7\u00e3o do interc\u00e2mbio de linguagens art\u00edsticas e express\u00f5es simb\u00f3licas, valorizando a cultura popular na\" \/>\n<meta property=\"og:url\" content=\"https:\/\/www.encontraitaquaquecetuba.com.br\/sobre\/ponto-de-cultura-de-itaquaquecetuba-apresenta-alunos-do-curso-de-capoeira\/\" \/>\n<meta property=\"og:site_name\" content=\"Encontra Itaquaquecetuba\" \/>\n<meta property=\"article:published_time\" content=\"2011-09-22T16:14:21+00:00\" \/>\n<meta property=\"article:modified_time\" content=\"2021-09-13T15:21:54+00:00\" \/>\n<meta name=\"author\" content=\"Encontra Itaquaquecetuba\" \/>\n<meta name=\"twitter:card\" content=\"summary_large_image\" \/>\n<meta name=\"twitter:label1\" content=\"Escrito por\" \/>\n\t<meta name=\"twitter:data1\" content=\"Encontra Itaquaquecetuba\" \/>\n\t<meta name=\"twitter:label2\" content=\"Est. tempo de leitura\" \/>\n\t<meta name=\"twitter:data2\" content=\"2 minutos\" \/>\n<script type=\"application\/ld+json\" class=\"yoast-schema-graph\">{\"@context\":\"https:\/\/schema.org\",\"@graph\":[{\"@type\":\"WebPage\",\"@id\":\"https:\/\/www.encontraitaquaquecetuba.com.br\/sobre\/ponto-de-cultura-de-itaquaquecetuba-apresenta-alunos-do-curso-de-capoeira\/\",\"url\":\"https:\/\/www.encontraitaquaquecetuba.com.br\/sobre\/ponto-de-cultura-de-itaquaquecetuba-apresenta-alunos-do-curso-de-capoeira\/\",\"name\":\"\u201cPonto de Cultura\u201d de Itaquaquecetuba apresenta alunos do curso de capoeira - Encontra Itaquaquecetuba\",\"isPartOf\":{\"@id\":\"https:\/\/www.encontraitaquaquecetuba.com.br\/sobre\/#website\"},\"datePublished\":\"2011-09-22T16:14:21+00:00\",\"dateModified\":\"2021-09-13T15:21:54+00:00\",\"author\":{\"@id\":\"https:\/\/www.encontraitaquaquecetuba.com.br\/sobre\/#\/schema\/person\/a8a866dc746e447abf8ca22b02eae6ea\"},\"breadcrumb\":{\"@id\":\"https:\/\/www.encontraitaquaquecetuba.com.br\/sobre\/ponto-de-cultura-de-itaquaquecetuba-apresenta-alunos-do-curso-de-capoeira\/#breadcrumb\"},\"inLanguage\":\"pt-BR\",\"potentialAction\":[{\"@type\":\"ReadAction\",\"target\":[\"https:\/\/www.encontraitaquaquecetuba.com.br\/sobre\/ponto-de-cultura-de-itaquaquecetuba-apresenta-alunos-do-curso-de-capoeira\/\"]}]},{\"@type\":\"BreadcrumbList\",\"@id\":\"https:\/\/www.encontraitaquaquecetuba.com.br\/sobre\/ponto-de-cultura-de-itaquaquecetuba-apresenta-alunos-do-curso-de-capoeira\/#breadcrumb\",\"itemListElement\":[{\"@type\":\"ListItem\",\"position\":1,\"name\":\"In\u00edcio\",\"item\":\"https:\/\/www.encontraitaquaquecetuba.com.br\/sobre\/\"},{\"@type\":\"ListItem\",\"position\":2,\"name\":\"\u201cPonto de Cultura\u201d de Itaquaquecetuba apresenta alunos do curso de capoeira\"}]},{\"@type\":\"WebSite\",\"@id\":\"https:\/\/www.encontraitaquaquecetuba.com.br\/sobre\/#website\",\"url\":\"https:\/\/www.encontraitaquaquecetuba.com.br\/sobre\/\",\"name\":\"Encontra Itaquaquecetuba\",\"description\":\"Not\u00edcias, eventos, informa\u00e7\u00f5es e dicas na cidade de Itaquaquecetuba e regi\u00e3o\",\"potentialAction\":[{\"@type\":\"SearchAction\",\"target\":{\"@type\":\"EntryPoint\",\"urlTemplate\":\"https:\/\/www.encontraitaquaquecetuba.com.br\/sobre\/?s={search_term_string}\"},\"query-input\":\"required name=search_term_string\"}],\"inLanguage\":\"pt-BR\"},{\"@type\":\"Person\",\"@id\":\"https:\/\/www.encontraitaquaquecetuba.com.br\/sobre\/#\/schema\/person\/a8a866dc746e447abf8ca22b02eae6ea\",\"name\":\"Encontra Itaquaquecetuba\",\"image\":{\"@type\":\"ImageObject\",\"inLanguage\":\"pt-BR\",\"@id\":\"https:\/\/www.encontraitaquaquecetuba.com.br\/sobre\/#\/schema\/person\/image\/\",\"url\":\"https:\/\/secure.gravatar.com\/avatar\/f007732be0d27cbf8a336929fe922478?s=96&d=mm&r=g\",\"contentUrl\":\"https:\/\/secure.gravatar.com\/avatar\/f007732be0d27cbf8a336929fe922478?s=96&d=mm&r=g\",\"caption\":\"Encontra Itaquaquecetuba\"},\"sameAs\":[\"http:\/\/www.encontraitaquaquecetuba.com.br\"],\"url\":\"https:\/\/www.encontraitaquaquecetuba.com.br\/sobre\/author\/eitaquaquecetuba\/\"}]}<\/script>\n<!-- \/ Yoast SEO plugin. -->","yoast_head_json":{"title":"\u201cPonto de Cultura\u201d de Itaquaquecetuba apresenta alunos do curso de capoeira - Encontra Itaquaquecetuba","robots":{"index":"index","follow":"follow","max-snippet":"max-snippet:-1","max-image-preview":"max-image-preview:large","max-video-preview":"max-video-preview:-1"},"canonical":"https:\/\/www.encontraitaquaquecetuba.com.br\/sobre\/ponto-de-cultura-de-itaquaquecetuba-apresenta-alunos-do-curso-de-capoeira\/","og_locale":"pt_BR","og_type":"article","og_title":"\u201cPonto de Cultura\u201d de Itaquaquecetuba apresenta alunos do curso de capoeira - Encontra Itaquaquecetuba","og_description":"O \u201cPonto de Cultura na Pra\u00e7a\u201d \u00e9 um projeto municipal, desenvolvido h\u00e1 cerca de 4 anos pela secretaria municipal de Cultura e Turismo de guia de Itaquaquecetuba. Trata-se da amostragem p\u00fablica dos trabalhos art\u00edsticos desenvolvidos pela pasta e\/ou demais produtos culturais produzidos na cidade e regi\u00e3o. Sob a anu\u00eancia do poder executivo municipal, o projeto pioneiro \u00e9 realizado todas as quartas-feiras, na Pra\u00e7a Padre Jo\u00e3o \u00c1lvares, das 12:00 horas \u00e0s 13:00 horas.\u00a0Em sua concep\u00e7\u00e3o o objetivo do projeto \u00e9 exatamente a articula\u00e7\u00e3o da produ\u00e7\u00e3o cultural e promo\u00e7\u00e3o do interc\u00e2mbio de linguagens art\u00edsticas e express\u00f5es simb\u00f3licas, valorizando a cultura popular na","og_url":"https:\/\/www.encontraitaquaquecetuba.com.br\/sobre\/ponto-de-cultura-de-itaquaquecetuba-apresenta-alunos-do-curso-de-capoeira\/","og_site_name":"Encontra Itaquaquecetuba","article_published_time":"2011-09-22T16:14:21+00:00","article_modified_time":"2021-09-13T15:21:54+00:00","author":"Encontra Itaquaquecetuba","twitter_card":"summary_large_image","twitter_misc":{"Escrito por":"Encontra Itaquaquecetuba","Est. tempo de leitura":"2 minutos"},"schema":{"@context":"https:\/\/schema.org","@graph":[{"@type":"WebPage","@id":"https:\/\/www.encontraitaquaquecetuba.com.br\/sobre\/ponto-de-cultura-de-itaquaquecetuba-apresenta-alunos-do-curso-de-capoeira\/","url":"https:\/\/www.encontraitaquaquecetuba.com.br\/sobre\/ponto-de-cultura-de-itaquaquecetuba-apresenta-alunos-do-curso-de-capoeira\/","name":"\u201cPonto de Cultura\u201d de Itaquaquecetuba apresenta alunos do curso de capoeira - Encontra Itaquaquecetuba","isPartOf":{"@id":"https:\/\/www.encontraitaquaquecetuba.com.br\/sobre\/#website"},"datePublished":"2011-09-22T16:14:21+00:00","dateModified":"2021-09-13T15:21:54+00:00","author":{"@id":"https:\/\/www.encontraitaquaquecetuba.com.br\/sobre\/#\/schema\/person\/a8a866dc746e447abf8ca22b02eae6ea"},"breadcrumb":{"@id":"https:\/\/www.encontraitaquaquecetuba.com.br\/sobre\/ponto-de-cultura-de-itaquaquecetuba-apresenta-alunos-do-curso-de-capoeira\/#breadcrumb"},"inLanguage":"pt-BR","potentialAction":[{"@type":"ReadAction","target":["https:\/\/www.encontraitaquaquecetuba.com.br\/sobre\/ponto-de-cultura-de-itaquaquecetuba-apresenta-alunos-do-curso-de-capoeira\/"]}]},{"@type":"BreadcrumbList","@id":"https:\/\/www.encontraitaquaquecetuba.com.br\/sobre\/ponto-de-cultura-de-itaquaquecetuba-apresenta-alunos-do-curso-de-capoeira\/#breadcrumb","itemListElement":[{"@type":"ListItem","position":1,"name":"In\u00edcio","item":"https:\/\/www.encontraitaquaquecetuba.com.br\/sobre\/"},{"@type":"ListItem","position":2,"name":"\u201cPonto de Cultura\u201d de Itaquaquecetuba apresenta alunos do curso de capoeira"}]},{"@type":"WebSite","@id":"https:\/\/www.encontraitaquaquecetuba.com.br\/sobre\/#website","url":"https:\/\/www.encontraitaquaquecetuba.com.br\/sobre\/","name":"Encontra Itaquaquecetuba","description":"Not\u00edcias, eventos, informa\u00e7\u00f5es e dicas na cidade de Itaquaquecetuba e regi\u00e3o","potentialAction":[{"@type":"SearchAction","target":{"@type":"EntryPoint","urlTemplate":"https:\/\/www.encontraitaquaquecetuba.com.br\/sobre\/?s={search_term_string}"},"query-input":"required name=search_term_string"}],"inLanguage":"pt-BR"},{"@type":"Person","@id":"https:\/\/www.encontraitaquaquecetuba.com.br\/sobre\/#\/schema\/person\/a8a866dc746e447abf8ca22b02eae6ea","name":"Encontra Itaquaquecetuba","image":{"@type":"ImageObject","inLanguage":"pt-BR","@id":"https:\/\/www.encontraitaquaquecetuba.com.br\/sobre\/#\/schema\/person\/image\/","url":"https:\/\/secure.gravatar.com\/avatar\/f007732be0d27cbf8a336929fe922478?s=96&d=mm&r=g","contentUrl":"https:\/\/secure.gravatar.com\/avatar\/f007732be0d27cbf8a336929fe922478?s=96&d=mm&r=g","caption":"Encontra Itaquaquecetuba"},"sameAs":["http:\/\/www.encontraitaquaquecetuba.com.br"],"url":"https:\/\/www.encontraitaquaquecetuba.com.br\/sobre\/author\/eitaquaquecetuba\/"}]}},"_links":{"self":[{"href":"https:\/\/www.encontraitaquaquecetuba.com.br\/sobre\/wp-json\/wp\/v2\/posts\/175"}],"collection":[{"href":"https:\/\/www.encontraitaquaquecetuba.com.br\/sobre\/wp-json\/wp\/v2\/posts"}],"about":[{"href":"https:\/\/www.encontraitaquaquecetuba.com.br\/sobre\/wp-json\/wp\/v2\/types\/post"}],"author":[{"embeddable":true,"href":"https:\/\/www.encontraitaquaquecetuba.com.br\/sobre\/wp-json\/wp\/v2\/users\/1"}],"replies":[{"embeddable":true,"href":"https:\/\/www.encontraitaquaquecetuba.com.br\/sobre\/wp-json\/wp\/v2\/comments?post=175"}],"version-history":[{"count":0,"href":"https:\/\/www.encontraitaquaquecetuba.com.br\/sobre\/wp-json\/wp\/v2\/posts\/175\/revisions"}],"wp:attachment":[{"href":"https:\/\/www.encontraitaquaquecetuba.com.br\/sobre\/wp-json\/wp\/v2\/media?parent=175"}],"wp:term":[{"taxonomy":"category","embeddable":true,"href":"https:\/\/www.encontraitaquaquecetuba.com.br\/sobre\/wp-json\/wp\/v2\/categories?post=175"},{"taxonomy":"post_tag","embeddable":true,"href":"https:\/\/www.encontraitaquaquecetuba.com.br\/sobre\/wp-json\/wp\/v2\/tags?post=175"}],"curies":[{"name":"wp","href":"https:\/\/api.w.org\/{rel}","templated":true}]}}