{"id":1820,"date":"2013-11-01T16:00:27","date_gmt":"2013-11-01T16:00:27","guid":{"rendered":"http:\/\/www.encontraitaquaquecetuba.com.br\/noticias\/?p=1820"},"modified":"2013-11-01T16:00:27","modified_gmt":"2013-11-01T16:00:27","slug":"dia-de-finados-tem-programacao-especial-de-missas-em-itaquaquecetuba","status":"publish","type":"post","link":"https:\/\/www.encontraitaquaquecetuba.com.br\/sobre\/dia-de-finados-tem-programacao-especial-de-missas-em-itaquaquecetuba\/","title":{"rendered":"Dia de Finados tem programa\u00e7\u00e3o especial de missas em Itaquaquecetuba"},"content":{"rendered":"<div class=\"80eb2665678f8e3864bb9a528523815b\" data-index=\"1\" style=\"float: none; margin:5px 0 5px 0; text-align:center;\">\n<!-- PUB 73 - Responsivo Horizontal -->\r\n<ins class=\"adsbygoogle\"\r\n     style=\"display:block\"\r\n     data-ad-client=\"ca-pub-7321736592693252\"\r\n     data-ad-slot=\"3087950420\"\r\n     data-ad-format=\"auto\"\r\n     data-full-width-responsive=\"true\"><\/ins>\r\n<script>\r\n     (adsbygoogle = window.adsbygoogle || []).push({});\r\n<\/script>\n<\/div>\n<p>A Diocese de Mogi das Cruzes preparou uma programa\u00e7\u00e3o especial de missas para o Dia de Finados no Alto Tiet\u00ea, neste s\u00e1bado (2). Os fi\u00e9is podem dedicar ora\u00e7\u00f5es aos entres queridos j\u00e1 falecidos nas par\u00f3quias e nos cemit\u00e9rios.<\/p>\n<p>O bispo Dom Pedro Luiz Stringhini vai celebrar a missa \u00e0s 7h no Cemit\u00e9rio Municipal S\u00e3o Salvador. No per\u00edodo da manh\u00e3, as celebra\u00e7\u00f5es v\u00e3o acontecer de hora em hora, \u00e0s 8h, \u00e0s 9h, \u00e0s 10h e \u00e0s 11h. J\u00e1 no per\u00edodo da tarde as missas ser\u00e3o \u00e0s 16h e \u00e0s 17h.<\/p>\n<p>J\u00e1 Cemit\u00e9rio Municipal da Saudade, no distrito de Br\u00e1s Cubas, haver\u00e1 missa presidida por Frei Nestor Marin, que \u00e9 p\u00e1roco da Par\u00f3quia S\u00e3o Maximiliano Maria Kolbe, \u00e0s 8h. Haver\u00e1 ainda celebra\u00e7\u00f5es \u00e0s 10h, \u00e0s 12h e \u00e0s 15h.<\/p>\n<p>H\u00e1 tamb\u00e9m celebra\u00e7\u00f5es eucar\u00edsticas no Cemit\u00e9rio Parque das Oliveiras, \u00e0s 8h, \u00e0s 10h e \u00e0s 15h. J\u00e1 no Cemit\u00e9rio Municipal de Saba\u00fana, haver\u00e1 missa \u00e0s 9h30, presidida pelo padre Helber Tadeu Almeida, que \u00e9 administrador da Par\u00f3quia Nossa Senhora do Carmo.<\/p>\n<p>Os fi\u00e9is podem comparecer ainda ao Cemit\u00e9rio Nossa Senhora do Carmo, em Jundiapeba para ora\u00e7\u00e3o do ter\u00e7o \u00e0s 8h. J\u00e1 \u00e0s 15h tem celebra\u00e7\u00e3o da Santa Missa pelo padre Juviminiano Frade da Silva, que \u00e9 p\u00e1roco da Par\u00f3quia S\u00e3o Jos\u00e9 Oper\u00e1rio.<\/p>\n<p><strong>Confira a programa\u00e7\u00e3o completa\u00a0em Itaquaquecetuba<\/p>\n<p><\/strong>Cemit\u00e9rio da Paz (Jardim S\u00e3o Paulo)<br \/>\nHor\u00e1rio: \u00e0s 8h, 9h30, 11h, 13h30, 15h30 e 16h30<\/p>\n<p>Cemit\u00e9rio Morada da Paz<br \/>\nHor\u00e1rio: 10h, padre Diogo Shishito dos Santos<\/p>\n<p>Cemit\u00e9rio Caminho do C\u00e9u<br \/>\nHor\u00e1rio: 9h, padre Jo\u00e3o Paulo da Silva<br \/>\nHor\u00e1rio: 15h, padre Alexandre de Miranda<\/p>\n<p><strong><\/p>\n<p><\/strong><\/p>\n\n<div style=\"font-size: 0px; height: 0px; line-height: 0px; margin: 0; padding: 0; clear: both;\"><\/div>","protected":false},"excerpt":{"rendered":"<p>A Diocese de Mogi das Cruzes preparou uma programa\u00e7\u00e3o especial de missas para o Dia de Finados no Alto Tiet\u00ea, neste s\u00e1bado (2). Os fi\u00e9is podem dedicar ora\u00e7\u00f5es aos entres queridos j\u00e1 falecidos nas par\u00f3quias e nos cemit\u00e9rios. O bispo Dom Pedro Luiz Stringhini vai celebrar a missa \u00e0s 7h no Cemit\u00e9rio Municipal S\u00e3o Salvador. No per\u00edodo da manh\u00e3, as celebra\u00e7\u00f5es v\u00e3o acontecer de hora em hora, \u00e0s 8h, \u00e0s 9h, \u00e0s 10h e \u00e0s 11h. J\u00e1 no per\u00edodo da tarde as missas ser\u00e3o \u00e0s 16h e \u00e0s 17h. J\u00e1 Cemit\u00e9rio Municipal da Saudade, no distrito de Br\u00e1s Cubas, haver\u00e1 <\/p>\n","protected":false},"author":1,"featured_media":0,"comment_status":"open","ping_status":"open","sticky":false,"template":"","format":"standard","meta":[],"categories":[6],"tags":[],"yoast_head":"<!-- This site is optimized with the Yoast SEO plugin v19.6.1 - https:\/\/yoast.com\/wordpress\/plugins\/seo\/ -->\n<title>Dia de Finados tem programa\u00e7\u00e3o especial de missas em Itaquaquecetuba - Encontra Itaquaquecetuba<\/title>\n<meta name=\"robots\" content=\"index, follow, max-snippet:-1, max-image-preview:large, max-video-preview:-1\" \/>\n<link rel=\"canonical\" href=\"https:\/\/www.encontraitaquaquecetuba.com.br\/sobre\/dia-de-finados-tem-programacao-especial-de-missas-em-itaquaquecetuba\/\" \/>\n<meta property=\"og:locale\" content=\"pt_BR\" \/>\n<meta property=\"og:type\" content=\"article\" \/>\n<meta property=\"og:title\" content=\"Dia de Finados tem programa\u00e7\u00e3o especial de missas em Itaquaquecetuba - Encontra Itaquaquecetuba\" \/>\n<meta property=\"og:description\" content=\"A Diocese de Mogi das Cruzes preparou uma programa\u00e7\u00e3o especial de missas para o Dia de Finados no Alto Tiet\u00ea, neste s\u00e1bado (2). Os fi\u00e9is podem dedicar ora\u00e7\u00f5es aos entres queridos j\u00e1 falecidos nas par\u00f3quias e nos cemit\u00e9rios. O bispo Dom Pedro Luiz Stringhini vai celebrar a missa \u00e0s 7h no Cemit\u00e9rio Municipal S\u00e3o Salvador. No per\u00edodo da manh\u00e3, as celebra\u00e7\u00f5es v\u00e3o acontecer de hora em hora, \u00e0s 8h, \u00e0s 9h, \u00e0s 10h e \u00e0s 11h. J\u00e1 no per\u00edodo da tarde as missas ser\u00e3o \u00e0s 16h e \u00e0s 17h. J\u00e1 Cemit\u00e9rio Municipal da Saudade, no distrito de Br\u00e1s Cubas, haver\u00e1\" \/>\n<meta property=\"og:url\" content=\"https:\/\/www.encontraitaquaquecetuba.com.br\/sobre\/dia-de-finados-tem-programacao-especial-de-missas-em-itaquaquecetuba\/\" \/>\n<meta property=\"og:site_name\" content=\"Encontra Itaquaquecetuba\" \/>\n<meta property=\"article:published_time\" content=\"2013-11-01T16:00:27+00:00\" \/>\n<meta name=\"author\" content=\"Encontra Itaquaquecetuba\" \/>\n<meta name=\"twitter:card\" content=\"summary_large_image\" \/>\n<meta name=\"twitter:label1\" content=\"Escrito por\" \/>\n\t<meta name=\"twitter:data1\" content=\"Encontra Itaquaquecetuba\" \/>\n\t<meta name=\"twitter:label2\" content=\"Est. tempo de leitura\" \/>\n\t<meta name=\"twitter:data2\" content=\"2 minutos\" \/>\n<script type=\"application\/ld+json\" class=\"yoast-schema-graph\">{\"@context\":\"https:\/\/schema.org\",\"@graph\":[{\"@type\":\"WebPage\",\"@id\":\"https:\/\/www.encontraitaquaquecetuba.com.br\/sobre\/dia-de-finados-tem-programacao-especial-de-missas-em-itaquaquecetuba\/\",\"url\":\"https:\/\/www.encontraitaquaquecetuba.com.br\/sobre\/dia-de-finados-tem-programacao-especial-de-missas-em-itaquaquecetuba\/\",\"name\":\"Dia de Finados tem programa\u00e7\u00e3o especial de missas em Itaquaquecetuba - Encontra Itaquaquecetuba\",\"isPartOf\":{\"@id\":\"https:\/\/www.encontraitaquaquecetuba.com.br\/sobre\/#website\"},\"datePublished\":\"2013-11-01T16:00:27+00:00\",\"dateModified\":\"2013-11-01T16:00:27+00:00\",\"author\":{\"@id\":\"https:\/\/www.encontraitaquaquecetuba.com.br\/sobre\/#\/schema\/person\/a8a866dc746e447abf8ca22b02eae6ea\"},\"breadcrumb\":{\"@id\":\"https:\/\/www.encontraitaquaquecetuba.com.br\/sobre\/dia-de-finados-tem-programacao-especial-de-missas-em-itaquaquecetuba\/#breadcrumb\"},\"inLanguage\":\"pt-BR\",\"potentialAction\":[{\"@type\":\"ReadAction\",\"target\":[\"https:\/\/www.encontraitaquaquecetuba.com.br\/sobre\/dia-de-finados-tem-programacao-especial-de-missas-em-itaquaquecetuba\/\"]}]},{\"@type\":\"BreadcrumbList\",\"@id\":\"https:\/\/www.encontraitaquaquecetuba.com.br\/sobre\/dia-de-finados-tem-programacao-especial-de-missas-em-itaquaquecetuba\/#breadcrumb\",\"itemListElement\":[{\"@type\":\"ListItem\",\"position\":1,\"name\":\"In\u00edcio\",\"item\":\"https:\/\/www.encontraitaquaquecetuba.com.br\/sobre\/\"},{\"@type\":\"ListItem\",\"position\":2,\"name\":\"Dia de Finados tem programa\u00e7\u00e3o especial de missas em Itaquaquecetuba\"}]},{\"@type\":\"WebSite\",\"@id\":\"https:\/\/www.encontraitaquaquecetuba.com.br\/sobre\/#website\",\"url\":\"https:\/\/www.encontraitaquaquecetuba.com.br\/sobre\/\",\"name\":\"Encontra Itaquaquecetuba\",\"description\":\"Not\u00edcias, eventos, informa\u00e7\u00f5es e dicas na cidade de Itaquaquecetuba e regi\u00e3o\",\"potentialAction\":[{\"@type\":\"SearchAction\",\"target\":{\"@type\":\"EntryPoint\",\"urlTemplate\":\"https:\/\/www.encontraitaquaquecetuba.com.br\/sobre\/?s={search_term_string}\"},\"query-input\":\"required name=search_term_string\"}],\"inLanguage\":\"pt-BR\"},{\"@type\":\"Person\",\"@id\":\"https:\/\/www.encontraitaquaquecetuba.com.br\/sobre\/#\/schema\/person\/a8a866dc746e447abf8ca22b02eae6ea\",\"name\":\"Encontra Itaquaquecetuba\",\"image\":{\"@type\":\"ImageObject\",\"inLanguage\":\"pt-BR\",\"@id\":\"https:\/\/www.encontraitaquaquecetuba.com.br\/sobre\/#\/schema\/person\/image\/\",\"url\":\"https:\/\/secure.gravatar.com\/avatar\/f007732be0d27cbf8a336929fe922478?s=96&d=mm&r=g\",\"contentUrl\":\"https:\/\/secure.gravatar.com\/avatar\/f007732be0d27cbf8a336929fe922478?s=96&d=mm&r=g\",\"caption\":\"Encontra Itaquaquecetuba\"},\"sameAs\":[\"http:\/\/www.encontraitaquaquecetuba.com.br\"],\"url\":\"https:\/\/www.encontraitaquaquecetuba.com.br\/sobre\/author\/eitaquaquecetuba\/\"}]}<\/script>\n<!-- \/ Yoast SEO plugin. -->","yoast_head_json":{"title":"Dia de Finados tem programa\u00e7\u00e3o especial de missas em Itaquaquecetuba - Encontra Itaquaquecetuba","robots":{"index":"index","follow":"follow","max-snippet":"max-snippet:-1","max-image-preview":"max-image-preview:large","max-video-preview":"max-video-preview:-1"},"canonical":"https:\/\/www.encontraitaquaquecetuba.com.br\/sobre\/dia-de-finados-tem-programacao-especial-de-missas-em-itaquaquecetuba\/","og_locale":"pt_BR","og_type":"article","og_title":"Dia de Finados tem programa\u00e7\u00e3o especial de missas em Itaquaquecetuba - Encontra Itaquaquecetuba","og_description":"A Diocese de Mogi das Cruzes preparou uma programa\u00e7\u00e3o especial de missas para o Dia de Finados no Alto Tiet\u00ea, neste s\u00e1bado (2). Os fi\u00e9is podem dedicar ora\u00e7\u00f5es aos entres queridos j\u00e1 falecidos nas par\u00f3quias e nos cemit\u00e9rios. O bispo Dom Pedro Luiz Stringhini vai celebrar a missa \u00e0s 7h no Cemit\u00e9rio Municipal S\u00e3o Salvador. No per\u00edodo da manh\u00e3, as celebra\u00e7\u00f5es v\u00e3o acontecer de hora em hora, \u00e0s 8h, \u00e0s 9h, \u00e0s 10h e \u00e0s 11h. J\u00e1 no per\u00edodo da tarde as missas ser\u00e3o \u00e0s 16h e \u00e0s 17h. J\u00e1 Cemit\u00e9rio Municipal da Saudade, no distrito de Br\u00e1s Cubas, haver\u00e1","og_url":"https:\/\/www.encontraitaquaquecetuba.com.br\/sobre\/dia-de-finados-tem-programacao-especial-de-missas-em-itaquaquecetuba\/","og_site_name":"Encontra Itaquaquecetuba","article_published_time":"2013-11-01T16:00:27+00:00","author":"Encontra Itaquaquecetuba","twitter_card":"summary_large_image","twitter_misc":{"Escrito por":"Encontra Itaquaquecetuba","Est. tempo de leitura":"2 minutos"},"schema":{"@context":"https:\/\/schema.org","@graph":[{"@type":"WebPage","@id":"https:\/\/www.encontraitaquaquecetuba.com.br\/sobre\/dia-de-finados-tem-programacao-especial-de-missas-em-itaquaquecetuba\/","url":"https:\/\/www.encontraitaquaquecetuba.com.br\/sobre\/dia-de-finados-tem-programacao-especial-de-missas-em-itaquaquecetuba\/","name":"Dia de Finados tem programa\u00e7\u00e3o especial de missas em Itaquaquecetuba - Encontra Itaquaquecetuba","isPartOf":{"@id":"https:\/\/www.encontraitaquaquecetuba.com.br\/sobre\/#website"},"datePublished":"2013-11-01T16:00:27+00:00","dateModified":"2013-11-01T16:00:27+00:00","author":{"@id":"https:\/\/www.encontraitaquaquecetuba.com.br\/sobre\/#\/schema\/person\/a8a866dc746e447abf8ca22b02eae6ea"},"breadcrumb":{"@id":"https:\/\/www.encontraitaquaquecetuba.com.br\/sobre\/dia-de-finados-tem-programacao-especial-de-missas-em-itaquaquecetuba\/#breadcrumb"},"inLanguage":"pt-BR","potentialAction":[{"@type":"ReadAction","target":["https:\/\/www.encontraitaquaquecetuba.com.br\/sobre\/dia-de-finados-tem-programacao-especial-de-missas-em-itaquaquecetuba\/"]}]},{"@type":"BreadcrumbList","@id":"https:\/\/www.encontraitaquaquecetuba.com.br\/sobre\/dia-de-finados-tem-programacao-especial-de-missas-em-itaquaquecetuba\/#breadcrumb","itemListElement":[{"@type":"ListItem","position":1,"name":"In\u00edcio","item":"https:\/\/www.encontraitaquaquecetuba.com.br\/sobre\/"},{"@type":"ListItem","position":2,"name":"Dia de Finados tem programa\u00e7\u00e3o especial de missas em Itaquaquecetuba"}]},{"@type":"WebSite","@id":"https:\/\/www.encontraitaquaquecetuba.com.br\/sobre\/#website","url":"https:\/\/www.encontraitaquaquecetuba.com.br\/sobre\/","name":"Encontra Itaquaquecetuba","description":"Not\u00edcias, eventos, informa\u00e7\u00f5es e dicas na cidade de Itaquaquecetuba e regi\u00e3o","potentialAction":[{"@type":"SearchAction","target":{"@type":"EntryPoint","urlTemplate":"https:\/\/www.encontraitaquaquecetuba.com.br\/sobre\/?s={search_term_string}"},"query-input":"required name=search_term_string"}],"inLanguage":"pt-BR"},{"@type":"Person","@id":"https:\/\/www.encontraitaquaquecetuba.com.br\/sobre\/#\/schema\/person\/a8a866dc746e447abf8ca22b02eae6ea","name":"Encontra Itaquaquecetuba","image":{"@type":"ImageObject","inLanguage":"pt-BR","@id":"https:\/\/www.encontraitaquaquecetuba.com.br\/sobre\/#\/schema\/person\/image\/","url":"https:\/\/secure.gravatar.com\/avatar\/f007732be0d27cbf8a336929fe922478?s=96&d=mm&r=g","contentUrl":"https:\/\/secure.gravatar.com\/avatar\/f007732be0d27cbf8a336929fe922478?s=96&d=mm&r=g","caption":"Encontra Itaquaquecetuba"},"sameAs":["http:\/\/www.encontraitaquaquecetuba.com.br"],"url":"https:\/\/www.encontraitaquaquecetuba.com.br\/sobre\/author\/eitaquaquecetuba\/"}]}},"_links":{"self":[{"href":"https:\/\/www.encontraitaquaquecetuba.com.br\/sobre\/wp-json\/wp\/v2\/posts\/1820"}],"collection":[{"href":"https:\/\/www.encontraitaquaquecetuba.com.br\/sobre\/wp-json\/wp\/v2\/posts"}],"about":[{"href":"https:\/\/www.encontraitaquaquecetuba.com.br\/sobre\/wp-json\/wp\/v2\/types\/post"}],"author":[{"embeddable":true,"href":"https:\/\/www.encontraitaquaquecetuba.com.br\/sobre\/wp-json\/wp\/v2\/users\/1"}],"replies":[{"embeddable":true,"href":"https:\/\/www.encontraitaquaquecetuba.com.br\/sobre\/wp-json\/wp\/v2\/comments?post=1820"}],"version-history":[{"count":0,"href":"https:\/\/www.encontraitaquaquecetuba.com.br\/sobre\/wp-json\/wp\/v2\/posts\/1820\/revisions"}],"wp:attachment":[{"href":"https:\/\/www.encontraitaquaquecetuba.com.br\/sobre\/wp-json\/wp\/v2\/media?parent=1820"}],"wp:term":[{"taxonomy":"category","embeddable":true,"href":"https:\/\/www.encontraitaquaquecetuba.com.br\/sobre\/wp-json\/wp\/v2\/categories?post=1820"},{"taxonomy":"post_tag","embeddable":true,"href":"https:\/\/www.encontraitaquaquecetuba.com.br\/sobre\/wp-json\/wp\/v2\/tags?post=1820"}],"curies":[{"name":"wp","href":"https:\/\/api.w.org\/{rel}","templated":true}]}}