{"id":185,"date":"2011-09-29T18:25:20","date_gmt":"2011-09-29T18:25:20","guid":{"rendered":"http:\/\/www.encontraitaquaquecetuba.com.br\/noticias\/?p=185"},"modified":"2021-09-13T15:23:00","modified_gmt":"2021-09-13T15:23:00","slug":"itaquaquecetuba-recebe-exposicao-sobre-a-historia-da-televisao-brasileira","status":"publish","type":"post","link":"https:\/\/www.encontraitaquaquecetuba.com.br\/sobre\/itaquaquecetuba-recebe-exposicao-sobre-a-historia-da-televisao-brasileira\/","title":{"rendered":"Itaquaquecetuba recebe exposi\u00e7\u00e3o sobre a hist\u00f3ria da televis\u00e3o brasileira"},"content":{"rendered":"<div class=\"80eb2665678f8e3864bb9a528523815b\" data-index=\"1\" style=\"float: none; margin:5px 0 5px 0; text-align:center;\">\n<!-- PUB 73 - Responsivo Horizontal -->\r\n<ins class=\"adsbygoogle\"\r\n     style=\"display:block\"\r\n     data-ad-client=\"ca-pub-7321736592693252\"\r\n     data-ad-slot=\"3087950420\"\r\n     data-ad-format=\"auto\"\r\n     data-full-width-responsive=\"true\"><\/ins>\r\n<script>\r\n     (adsbygoogle = window.adsbygoogle || []).push({});\r\n<\/script>\n<\/div>\n<p>A Secretaria de Estado da Cultura, por meio do Sistema Estadual de Museus (SISEM-SP), realiza na cidade de Itaquaquecetuba a exposi\u00e7\u00e3o Marcos da Televis\u00e3o Brasileira, a partir de 30 de setembro, \u00e0s 10h, no Museu Municipal. A mostra tem parceria da Associa\u00e7\u00e3o Cultural de Amigos do Museu Casa de Portinari (ACAM Portinari) e da prefeitura. No mesmo dia, \u00e0s 14h, acontece um bate-papo com a atriz Vida Alves, presidente da Pr\u00f3-TV, na sede da Secretaria Municipal de Educa\u00e7\u00e3o.<\/p>\n<p>O Secret\u00e1rio de Estado da Cultura, Andrea Matarazzo, destaca a import\u00e2ncia das exposi\u00e7\u00f5es itinerantes. \u201cA\u00e7\u00f5es como esta aproximam a cultura da popula\u00e7\u00e3o. Nesta mostra, o p\u00fablico ter\u00e1 a oportunidade de recordar os artistas, fatos e programas que marcaram a televis\u00e3o brasileira e a mem\u00f3ria dos telespectadores\u201d, afirma.<\/p>\n<p>Idealizada e organizada pela Pr\u00f3-TV, a exposi\u00e7\u00e3o apresenta ao p\u00fablico reprodu\u00e7\u00f5es de momentos que influenciaram, cultural e historicamente, na forma\u00e7\u00e3o da sociedade atual, como a chegada do homem \u00e0 Lua, o primeiro beijo na TV brasileira, a primeira novela colorida e o in\u00edcio do Jornal Nacional.<\/p>\n<p>A palestra \u00e9 gratuita e acontece no audit\u00f3rio da Secretaria da Educa\u00e7\u00e3o, que tem capacidade para 120 pessoas. O endere\u00e7o \u00e9 rua Jo\u00e3o Vagnotti, 40, Centro.<\/p>\n<p>Tamb\u00e9m gratuita, a mostra pode ser vista at\u00e9 10\/11, de ter\u00e7a a sexta-feira, das 8h \u00e0s 17h, e aos s\u00e1bados, domingos e feriados, das 10h \u00e0s 17h. O Museu Municipal fica localizado \u00e0 pra\u00e7a Padre Jo\u00e3o \u00c1lvares, 49 \u2013 Centro.<\/p>\n<p>Marcos da Televis\u00e3o Brasileira faz parte das a\u00e7\u00f5es itinerantes do SISEM-SP que buscam levar a outros p\u00fablicos, do interior e litoral, conte\u00fado art\u00edstico e cultural antes apenas encontrado na capital.<\/p>\n<p><strong>Servi\u00e7o:<\/strong><\/p>\n<p><strong>Exposi\u00e7\u00e3o Marcos da Televis\u00e3o Brasileira<\/strong><br \/>\nData: de 30\/9\/2011 a 10\/11\/2011<br \/>\nLocal: Museu Municipal (pra\u00e7a Padre Jo\u00e3o \u00c1lvares, 49 \u2013 Centro \u2013 Itaquaquecetuba\/SP)<br \/>\nHor\u00e1rio: de ter\u00e7a a sexta, das 8h \u00e0s 17h; aos s\u00e1bados, domingos e feriados, das 10h \u00e0s 17h<br \/>\nInforma\u00e7\u00f5es: (11) 4642-5076<br \/>\nEntrada: gratuita<\/p>\n<p><strong>Palestra com a atriz Vida Alves<\/strong><br \/>\nData: 30\/9\/2011<br \/>\nLocal: Secretaria Municipal de Educa\u00e7\u00e3o (rua Jo\u00e3o Vagnotti, 40, Centro \u2013 Itaquaquecetuba\/SP)<br \/>\nHor\u00e1rio: \u00e0s 14h<br \/>\nInforma\u00e7\u00f5es: (11) 4647-5200<br \/>\nVagas: 120<br \/>\nEntrada: gratuita<\/p>\n\n<div style=\"font-size: 0px; height: 0px; line-height: 0px; margin: 0; padding: 0; clear: both;\"><\/div>","protected":false},"excerpt":{"rendered":"<p>A Secretaria de Estado da Cultura, por meio do Sistema Estadual de Museus (SISEM-SP), realiza na cidade de Itaquaquecetuba a exposi\u00e7\u00e3o Marcos da Televis\u00e3o Brasileira, a partir de 30 de setembro, \u00e0s 10h, no Museu Municipal. A mostra tem parceria da Associa\u00e7\u00e3o Cultural de Amigos do Museu Casa de Portinari (ACAM Portinari) e da prefeitura. No mesmo dia, \u00e0s 14h, acontece um bate-papo com a atriz Vida Alves, presidente da Pr\u00f3-TV, na sede da Secretaria Municipal de Educa\u00e7\u00e3o. O Secret\u00e1rio de Estado da Cultura, Andrea Matarazzo, destaca a import\u00e2ncia das exposi\u00e7\u00f5es itinerantes. \u201cA\u00e7\u00f5es como esta aproximam a cultura da popula\u00e7\u00e3o. <\/p>\n","protected":false},"author":1,"featured_media":0,"comment_status":"open","ping_status":"open","sticky":false,"template":"","format":"standard","meta":[],"categories":[15],"tags":[14],"yoast_head":"<!-- This site is optimized with the Yoast SEO plugin v19.6.1 - https:\/\/yoast.com\/wordpress\/plugins\/seo\/ -->\n<title>Itaquaquecetuba recebe exposi\u00e7\u00e3o sobre a hist\u00f3ria da televis\u00e3o brasileira - Encontra Itaquaquecetuba<\/title>\n<meta name=\"robots\" content=\"index, follow, max-snippet:-1, max-image-preview:large, max-video-preview:-1\" \/>\n<link rel=\"canonical\" href=\"https:\/\/www.encontraitaquaquecetuba.com.br\/sobre\/itaquaquecetuba-recebe-exposicao-sobre-a-historia-da-televisao-brasileira\/\" \/>\n<meta property=\"og:locale\" content=\"pt_BR\" \/>\n<meta property=\"og:type\" content=\"article\" \/>\n<meta property=\"og:title\" content=\"Itaquaquecetuba recebe exposi\u00e7\u00e3o sobre a hist\u00f3ria da televis\u00e3o brasileira - Encontra Itaquaquecetuba\" \/>\n<meta property=\"og:description\" content=\"A Secretaria de Estado da Cultura, por meio do Sistema Estadual de Museus (SISEM-SP), realiza na cidade de Itaquaquecetuba a exposi\u00e7\u00e3o Marcos da Televis\u00e3o Brasileira, a partir de 30 de setembro, \u00e0s 10h, no Museu Municipal. A mostra tem parceria da Associa\u00e7\u00e3o Cultural de Amigos do Museu Casa de Portinari (ACAM Portinari) e da prefeitura. No mesmo dia, \u00e0s 14h, acontece um bate-papo com a atriz Vida Alves, presidente da Pr\u00f3-TV, na sede da Secretaria Municipal de Educa\u00e7\u00e3o. O Secret\u00e1rio de Estado da Cultura, Andrea Matarazzo, destaca a import\u00e2ncia das exposi\u00e7\u00f5es itinerantes. \u201cA\u00e7\u00f5es como esta aproximam a cultura da popula\u00e7\u00e3o.\" \/>\n<meta property=\"og:url\" content=\"https:\/\/www.encontraitaquaquecetuba.com.br\/sobre\/itaquaquecetuba-recebe-exposicao-sobre-a-historia-da-televisao-brasileira\/\" \/>\n<meta property=\"og:site_name\" content=\"Encontra Itaquaquecetuba\" \/>\n<meta property=\"article:published_time\" content=\"2011-09-29T18:25:20+00:00\" \/>\n<meta property=\"article:modified_time\" content=\"2021-09-13T15:23:00+00:00\" \/>\n<meta name=\"author\" content=\"Encontra Itaquaquecetuba\" \/>\n<meta name=\"twitter:card\" content=\"summary_large_image\" \/>\n<meta name=\"twitter:label1\" content=\"Escrito por\" \/>\n\t<meta name=\"twitter:data1\" content=\"Encontra Itaquaquecetuba\" \/>\n\t<meta name=\"twitter:label2\" content=\"Est. tempo de leitura\" \/>\n\t<meta name=\"twitter:data2\" content=\"2 minutos\" \/>\n<script type=\"application\/ld+json\" class=\"yoast-schema-graph\">{\"@context\":\"https:\/\/schema.org\",\"@graph\":[{\"@type\":\"WebPage\",\"@id\":\"https:\/\/www.encontraitaquaquecetuba.com.br\/sobre\/itaquaquecetuba-recebe-exposicao-sobre-a-historia-da-televisao-brasileira\/\",\"url\":\"https:\/\/www.encontraitaquaquecetuba.com.br\/sobre\/itaquaquecetuba-recebe-exposicao-sobre-a-historia-da-televisao-brasileira\/\",\"name\":\"Itaquaquecetuba recebe exposi\u00e7\u00e3o sobre a hist\u00f3ria da televis\u00e3o brasileira - Encontra Itaquaquecetuba\",\"isPartOf\":{\"@id\":\"https:\/\/www.encontraitaquaquecetuba.com.br\/sobre\/#website\"},\"datePublished\":\"2011-09-29T18:25:20+00:00\",\"dateModified\":\"2021-09-13T15:23:00+00:00\",\"author\":{\"@id\":\"https:\/\/www.encontraitaquaquecetuba.com.br\/sobre\/#\/schema\/person\/a8a866dc746e447abf8ca22b02eae6ea\"},\"breadcrumb\":{\"@id\":\"https:\/\/www.encontraitaquaquecetuba.com.br\/sobre\/itaquaquecetuba-recebe-exposicao-sobre-a-historia-da-televisao-brasileira\/#breadcrumb\"},\"inLanguage\":\"pt-BR\",\"potentialAction\":[{\"@type\":\"ReadAction\",\"target\":[\"https:\/\/www.encontraitaquaquecetuba.com.br\/sobre\/itaquaquecetuba-recebe-exposicao-sobre-a-historia-da-televisao-brasileira\/\"]}]},{\"@type\":\"BreadcrumbList\",\"@id\":\"https:\/\/www.encontraitaquaquecetuba.com.br\/sobre\/itaquaquecetuba-recebe-exposicao-sobre-a-historia-da-televisao-brasileira\/#breadcrumb\",\"itemListElement\":[{\"@type\":\"ListItem\",\"position\":1,\"name\":\"In\u00edcio\",\"item\":\"https:\/\/www.encontraitaquaquecetuba.com.br\/sobre\/\"},{\"@type\":\"ListItem\",\"position\":2,\"name\":\"Itaquaquecetuba recebe exposi\u00e7\u00e3o sobre a hist\u00f3ria da televis\u00e3o brasileira\"}]},{\"@type\":\"WebSite\",\"@id\":\"https:\/\/www.encontraitaquaquecetuba.com.br\/sobre\/#website\",\"url\":\"https:\/\/www.encontraitaquaquecetuba.com.br\/sobre\/\",\"name\":\"Encontra Itaquaquecetuba\",\"description\":\"Not\u00edcias, eventos, informa\u00e7\u00f5es e dicas na cidade de Itaquaquecetuba e regi\u00e3o\",\"potentialAction\":[{\"@type\":\"SearchAction\",\"target\":{\"@type\":\"EntryPoint\",\"urlTemplate\":\"https:\/\/www.encontraitaquaquecetuba.com.br\/sobre\/?s={search_term_string}\"},\"query-input\":\"required name=search_term_string\"}],\"inLanguage\":\"pt-BR\"},{\"@type\":\"Person\",\"@id\":\"https:\/\/www.encontraitaquaquecetuba.com.br\/sobre\/#\/schema\/person\/a8a866dc746e447abf8ca22b02eae6ea\",\"name\":\"Encontra Itaquaquecetuba\",\"image\":{\"@type\":\"ImageObject\",\"inLanguage\":\"pt-BR\",\"@id\":\"https:\/\/www.encontraitaquaquecetuba.com.br\/sobre\/#\/schema\/person\/image\/\",\"url\":\"https:\/\/secure.gravatar.com\/avatar\/f007732be0d27cbf8a336929fe922478?s=96&d=mm&r=g\",\"contentUrl\":\"https:\/\/secure.gravatar.com\/avatar\/f007732be0d27cbf8a336929fe922478?s=96&d=mm&r=g\",\"caption\":\"Encontra Itaquaquecetuba\"},\"sameAs\":[\"http:\/\/www.encontraitaquaquecetuba.com.br\"],\"url\":\"https:\/\/www.encontraitaquaquecetuba.com.br\/sobre\/author\/eitaquaquecetuba\/\"}]}<\/script>\n<!-- \/ Yoast SEO plugin. -->","yoast_head_json":{"title":"Itaquaquecetuba recebe exposi\u00e7\u00e3o sobre a hist\u00f3ria da televis\u00e3o brasileira - Encontra Itaquaquecetuba","robots":{"index":"index","follow":"follow","max-snippet":"max-snippet:-1","max-image-preview":"max-image-preview:large","max-video-preview":"max-video-preview:-1"},"canonical":"https:\/\/www.encontraitaquaquecetuba.com.br\/sobre\/itaquaquecetuba-recebe-exposicao-sobre-a-historia-da-televisao-brasileira\/","og_locale":"pt_BR","og_type":"article","og_title":"Itaquaquecetuba recebe exposi\u00e7\u00e3o sobre a hist\u00f3ria da televis\u00e3o brasileira - Encontra Itaquaquecetuba","og_description":"A Secretaria de Estado da Cultura, por meio do Sistema Estadual de Museus (SISEM-SP), realiza na cidade de Itaquaquecetuba a exposi\u00e7\u00e3o Marcos da Televis\u00e3o Brasileira, a partir de 30 de setembro, \u00e0s 10h, no Museu Municipal. A mostra tem parceria da Associa\u00e7\u00e3o Cultural de Amigos do Museu Casa de Portinari (ACAM Portinari) e da prefeitura. No mesmo dia, \u00e0s 14h, acontece um bate-papo com a atriz Vida Alves, presidente da Pr\u00f3-TV, na sede da Secretaria Municipal de Educa\u00e7\u00e3o. O Secret\u00e1rio de Estado da Cultura, Andrea Matarazzo, destaca a import\u00e2ncia das exposi\u00e7\u00f5es itinerantes. \u201cA\u00e7\u00f5es como esta aproximam a cultura da popula\u00e7\u00e3o.","og_url":"https:\/\/www.encontraitaquaquecetuba.com.br\/sobre\/itaquaquecetuba-recebe-exposicao-sobre-a-historia-da-televisao-brasileira\/","og_site_name":"Encontra Itaquaquecetuba","article_published_time":"2011-09-29T18:25:20+00:00","article_modified_time":"2021-09-13T15:23:00+00:00","author":"Encontra Itaquaquecetuba","twitter_card":"summary_large_image","twitter_misc":{"Escrito por":"Encontra Itaquaquecetuba","Est. tempo de leitura":"2 minutos"},"schema":{"@context":"https:\/\/schema.org","@graph":[{"@type":"WebPage","@id":"https:\/\/www.encontraitaquaquecetuba.com.br\/sobre\/itaquaquecetuba-recebe-exposicao-sobre-a-historia-da-televisao-brasileira\/","url":"https:\/\/www.encontraitaquaquecetuba.com.br\/sobre\/itaquaquecetuba-recebe-exposicao-sobre-a-historia-da-televisao-brasileira\/","name":"Itaquaquecetuba recebe exposi\u00e7\u00e3o sobre a hist\u00f3ria da televis\u00e3o brasileira - Encontra Itaquaquecetuba","isPartOf":{"@id":"https:\/\/www.encontraitaquaquecetuba.com.br\/sobre\/#website"},"datePublished":"2011-09-29T18:25:20+00:00","dateModified":"2021-09-13T15:23:00+00:00","author":{"@id":"https:\/\/www.encontraitaquaquecetuba.com.br\/sobre\/#\/schema\/person\/a8a866dc746e447abf8ca22b02eae6ea"},"breadcrumb":{"@id":"https:\/\/www.encontraitaquaquecetuba.com.br\/sobre\/itaquaquecetuba-recebe-exposicao-sobre-a-historia-da-televisao-brasileira\/#breadcrumb"},"inLanguage":"pt-BR","potentialAction":[{"@type":"ReadAction","target":["https:\/\/www.encontraitaquaquecetuba.com.br\/sobre\/itaquaquecetuba-recebe-exposicao-sobre-a-historia-da-televisao-brasileira\/"]}]},{"@type":"BreadcrumbList","@id":"https:\/\/www.encontraitaquaquecetuba.com.br\/sobre\/itaquaquecetuba-recebe-exposicao-sobre-a-historia-da-televisao-brasileira\/#breadcrumb","itemListElement":[{"@type":"ListItem","position":1,"name":"In\u00edcio","item":"https:\/\/www.encontraitaquaquecetuba.com.br\/sobre\/"},{"@type":"ListItem","position":2,"name":"Itaquaquecetuba recebe exposi\u00e7\u00e3o sobre a hist\u00f3ria da televis\u00e3o brasileira"}]},{"@type":"WebSite","@id":"https:\/\/www.encontraitaquaquecetuba.com.br\/sobre\/#website","url":"https:\/\/www.encontraitaquaquecetuba.com.br\/sobre\/","name":"Encontra Itaquaquecetuba","description":"Not\u00edcias, eventos, informa\u00e7\u00f5es e dicas na cidade de Itaquaquecetuba e regi\u00e3o","potentialAction":[{"@type":"SearchAction","target":{"@type":"EntryPoint","urlTemplate":"https:\/\/www.encontraitaquaquecetuba.com.br\/sobre\/?s={search_term_string}"},"query-input":"required name=search_term_string"}],"inLanguage":"pt-BR"},{"@type":"Person","@id":"https:\/\/www.encontraitaquaquecetuba.com.br\/sobre\/#\/schema\/person\/a8a866dc746e447abf8ca22b02eae6ea","name":"Encontra Itaquaquecetuba","image":{"@type":"ImageObject","inLanguage":"pt-BR","@id":"https:\/\/www.encontraitaquaquecetuba.com.br\/sobre\/#\/schema\/person\/image\/","url":"https:\/\/secure.gravatar.com\/avatar\/f007732be0d27cbf8a336929fe922478?s=96&d=mm&r=g","contentUrl":"https:\/\/secure.gravatar.com\/avatar\/f007732be0d27cbf8a336929fe922478?s=96&d=mm&r=g","caption":"Encontra Itaquaquecetuba"},"sameAs":["http:\/\/www.encontraitaquaquecetuba.com.br"],"url":"https:\/\/www.encontraitaquaquecetuba.com.br\/sobre\/author\/eitaquaquecetuba\/"}]}},"_links":{"self":[{"href":"https:\/\/www.encontraitaquaquecetuba.com.br\/sobre\/wp-json\/wp\/v2\/posts\/185"}],"collection":[{"href":"https:\/\/www.encontraitaquaquecetuba.com.br\/sobre\/wp-json\/wp\/v2\/posts"}],"about":[{"href":"https:\/\/www.encontraitaquaquecetuba.com.br\/sobre\/wp-json\/wp\/v2\/types\/post"}],"author":[{"embeddable":true,"href":"https:\/\/www.encontraitaquaquecetuba.com.br\/sobre\/wp-json\/wp\/v2\/users\/1"}],"replies":[{"embeddable":true,"href":"https:\/\/www.encontraitaquaquecetuba.com.br\/sobre\/wp-json\/wp\/v2\/comments?post=185"}],"version-history":[{"count":0,"href":"https:\/\/www.encontraitaquaquecetuba.com.br\/sobre\/wp-json\/wp\/v2\/posts\/185\/revisions"}],"wp:attachment":[{"href":"https:\/\/www.encontraitaquaquecetuba.com.br\/sobre\/wp-json\/wp\/v2\/media?parent=185"}],"wp:term":[{"taxonomy":"category","embeddable":true,"href":"https:\/\/www.encontraitaquaquecetuba.com.br\/sobre\/wp-json\/wp\/v2\/categories?post=185"},{"taxonomy":"post_tag","embeddable":true,"href":"https:\/\/www.encontraitaquaquecetuba.com.br\/sobre\/wp-json\/wp\/v2\/tags?post=185"}],"curies":[{"name":"wp","href":"https:\/\/api.w.org\/{rel}","templated":true}]}}