{"id":1851,"date":"2014-02-19T13:11:14","date_gmt":"2014-02-19T13:11:14","guid":{"rendered":"http:\/\/www.encontraitaquaquecetuba.com.br\/noticias\/?p=1851"},"modified":"2014-02-19T13:11:14","modified_gmt":"2014-02-19T13:11:14","slug":"itaquaquecetuba-recebe-a-exposicao-itinerante-a-mata-atlantica-e-aqui","status":"publish","type":"post","link":"https:\/\/www.encontraitaquaquecetuba.com.br\/sobre\/itaquaquecetuba-recebe-a-exposicao-itinerante-a-mata-atlantica-e-aqui\/","title":{"rendered":"Itaquaquecetuba recebe a exposi\u00e7\u00e3o itinerante A Mata Atl\u00e2ntica \u00e9 Aqui"},"content":{"rendered":"<div class=\"80eb2665678f8e3864bb9a528523815b\" data-index=\"1\" style=\"float: none; margin:5px 0 5px 0; text-align:center;\">\n<!-- PUB 73 - Responsivo Horizontal -->\r\n<ins class=\"adsbygoogle\"\r\n     style=\"display:block\"\r\n     data-ad-client=\"ca-pub-7321736592693252\"\r\n     data-ad-slot=\"3087950420\"\r\n     data-ad-format=\"auto\"\r\n     data-full-width-responsive=\"true\"><\/ins>\r\n<script>\r\n     (adsbygoogle = window.adsbygoogle || []).push({});\r\n<\/script>\n<\/div>\n<p>Entre os dias 20 de fevereiro a 01 de mar\u00e7o, a cidade de Itaquaquecetuba receber\u00e1 o projeto \u201cA Mata Atl\u00e2ntica \u00e9 Aqui \u2013 Exposi\u00e7\u00e3o Itinerante do Cidad\u00e3o Atuante\u201d, da Funda\u00e7\u00e3o SOS Mata Atl\u00e2ntica.\u00a0 O objetivo da a\u00e7\u00e3o \u00e9 de estimular a conscientiza\u00e7\u00e3o ambiental da popula\u00e7\u00e3o local e regional, com atividades educativas.<\/p>\n<p>Gratuito e aberto ao p\u00fablico em geral, o projeto consiste em um caminh\u00e3o adaptado que percorre diversas cidades brasileiras, ao longo do ano, onde os interessados podem participar de palestras, oficinas, jogos educativos, exposi\u00e7\u00f5es, apresenta\u00e7\u00f5es art\u00edsticas e exibi\u00e7\u00f5es de v\u00eddeos, entre outras atividades, al\u00e9m da possibilidade de se tornar um volunt\u00e1rio do projeto. O caminh\u00e3o, que recebe grupos e escolas com visitas monitoradas, tamb\u00e9m conta com uma estrutura adequada para pessoas com defici\u00eancia. Para agendamento dos grupos, \u00e9 necess\u00e1rio entrar em contato pelo e-mail\u00a0 projeto.itinerante@sosma.org.br.<\/p>\n<p>Al\u00e9m disso, em toda a cidade que o projeto visita, a Funda\u00e7\u00e3o SOS Mata Atl\u00e2ntica realiza a an\u00e1lise da qualidade da \u00e1gua local, seja de um rio, c\u00f3rrego ou lago. Esse monitoramento \u00e9 desenvolvido pelo programa Rede das \u00c1guas, da pr\u00f3pria ONG e \u00e9 poss\u00edvel determinar por 14 par\u00e2metros f\u00edsico-qu\u00edmicos uma an\u00e1lise que envolve itens como a transpar\u00eancia da \u00e1gua, lixo e odor, entre outros e classifica em p\u00e9ssimo, ruim, regular, bom e \u00f3timo. O resultado \u00e9 divulgado no blog da Funda\u00e7\u00e3o: sosma.org.br\/blog\/.<\/p>\n<p>O projeto tem o patroc\u00ednio do Bradesco Cart\u00f5es, Natura e Volkswagen Caminh\u00f5es &amp; \u00d4nibus, e parceria local da Prefeitura de Itaquaquecetuba e Secretaria de Meio Ambiente e Saneamento.<\/p>\n<p>Confira a programa\u00e7\u00e3o do evento:<\/p>\n<p align=\"center\"><b><span style=\"text-decoration: underline;\">Programa\u00e7\u00e3o<\/span><\/b><\/p>\n<p><b>\u00a020 de fevereiro (qui) \u2013 <\/b>Parque M\u00e1rio do Canto (Parque Ecol\u00f3gico Municipal)<\/p>\n<p><span style=\"text-decoration: underline;\">Atividades abertas ao p\u00fablico durante todo o tempo das 10h \u00e0s 17h<\/span><\/p>\n<p>10h \u2013 Solenidade de abertura.<\/p>\n<p>10h \u2013 Jogos educativos: Jogo A Mata \u00e9 o Bicho.<\/p>\n<p>14h \u2013 Maquete din\u00e2mica: aprenda a import\u00e2ncia das florestas.<\/p>\n<p>15h \u2013 Oficina: Casinha: boas pr\u00e1ticas.<\/p>\n<p>16h \u2013 CineMata: Exibi\u00e7\u00e3o de v\u00eddeos com temas socioambientais.<\/p>\n<p><b>21 de fevereiro (sex) \u2013 <\/b>Parque M\u00e1rio do Canto (Parque Ecol\u00f3gico Municipal)<\/p>\n<p><span style=\"text-decoration: underline;\">Atividades abertas ao p\u00fablico durante todo o tempo das 10h \u00e0s 17h<\/span><\/p>\n<p>10h \u2013 Jogos educativos: Jogo da mem\u00f3ria.<\/p>\n<p>11h \u2013 CineMata: Exibi\u00e7\u00e3o de v\u00eddeos com temas socioambientais.<\/p>\n<p>13h \u2013 Oficina de desenho de animais da Mata Atl\u00e2ntica.<\/p>\n<p>15h \u2013 Maquete din\u00e2mica: aprenda a import\u00e2ncia das florestas.<\/p>\n<p><b>22 de fevereiro (sab) \u2013 <\/b>Parque M\u00e1rio do Canto (Parque Ecol\u00f3gico Municipal)<\/p>\n<p><span style=\"text-decoration: underline;\">Atividades abertas ao p\u00fablico durante todo o tempo das 10h \u00e0s 17h<\/span><\/p>\n<p>10h \u2013 Palestra: A Mata Atl\u00e2ntica \u00e9 aqui em Itaquaquecetuba.<\/p>\n<p>11h \u2013 Maquete din\u00e2mica: aprenda a import\u00e2ncia das florestas.<\/p>\n<p>13h \u2013 CineMata: Exibi\u00e7\u00e3o de v\u00eddeos com temas socioambientais.<\/p>\n<p>14h \u2013 Conta\u00e7\u00e3o de hist\u00f3rias \u201cDe olho nos bichos\u201d.<\/p>\n<p>15h \u2013 Coleta da \u00e1gua do Rio Tiet\u00ea para an\u00e1lise.<\/p>\n<p><b>23 de fevereiro (dom) \u2013 <\/b>Parque M\u00e1rio do Canto (Parque Ecol\u00f3gico Municipal)<\/p>\n<p><span style=\"text-decoration: underline;\">Atividades abertas ao p\u00fablico durante todo o tempo das 10h \u00e0s 17h<\/span><\/p>\n<p>10h \u2013 Oficina de confec\u00e7\u00e3o de casinha com caixa de papel\u00e3o.<\/p>\n<p>11h \u2013 CineMata: Exibi\u00e7\u00e3o de v\u00eddeos com temas socioambientais.<\/p>\n<p>14h \u2013 Maquete din\u00e2mica: aprenda a import\u00e2ncia das florestas.<\/p>\n<p>15h \u2013 Jogos educativos: Jogo A Mata \u00e9 o Bicho.<\/p>\n<p>16h \u2013 Oficina: Casinha: boas pr\u00e1ticas.<\/p>\n<p><b>24 de fevereiro (seg) \u2013 <\/b>Parque M\u00e1rio do Canto (Parque Ecol\u00f3gico Municipal)<\/p>\n<p><span style=\"text-decoration: underline;\">Atividades abertas ao p\u00fablico durante todo o tempo das 10h \u00e0s 17h<\/span><\/p>\n<p>11h \u2013 Jogos educativos: Jogo da Mem\u00f3ria e Jogo Ludo Ambiental.<\/p>\n<p>15h \u2013 Maquete din\u00e2mica: aprenda a import\u00e2ncia das florestas.<\/p>\n<p>16h \u2013 Oficina: Casinha: boas pr\u00e1ticas.<\/p>\n<p><b>25 de fevereiro (ter) \u2013 <\/b>Parque M\u00e1rio do Canto (Parque Ecol\u00f3gico Municipal)<\/p>\n<p><span style=\"text-decoration: underline;\">Atividades abertas ao p\u00fablico durante todo o tempo das 10h \u00e0s 17h<\/span><\/p>\n<p>10h \u2013 Maquete din\u00e2mica: aprenda a import\u00e2ncia das florestas.<\/p>\n<p>11h \u2013 Jogos educativos: Jogo A Mata \u00e9 o Bicho.<\/p>\n<p>13h \u2013 CineMata: Exibi\u00e7\u00e3o de v\u00eddeos com temas socioambientais.<\/p>\n<p>14h \u2013 Oficina de pintura de m\u00e1scaras de animais da Mata Atl\u00e2ntica.<\/p>\n<p><b>26 de fevereiro (qua) \u2013 <\/b>Parque M\u00e1rio do Canto (Parque Ecol\u00f3gico Municipal)<\/p>\n<p><span style=\"text-decoration: underline;\">Atividades abertas ao p\u00fablico durante todo o tempo das 10h \u00e0s 17h<\/span><\/p>\n<p>10h \u2013 CineMata: Exibi\u00e7\u00e3o de v\u00eddeos com temas socioambientais.<\/p>\n<p>11h \u2013 Maquete din\u00e2mica: aprenda a import\u00e2ncia das florestas.<\/p>\n<p>15h \u2013 Jogos educativos: Jogo da Mem\u00f3ria e Jogo Ludo Ambiental.<\/p>\n<p>16h \u2013 Oficina: Casinha: boas pr\u00e1ticas.<\/p>\n<p><b>27 de fevereiro (qui) \u2013 <\/b>Parque M\u00e1rio do Canto (Parque Ecol\u00f3gico Municipal)<\/p>\n<p><span style=\"text-decoration: underline;\">Atividades abertas ao p\u00fablico durante todo o tempo das 10h \u00e0s 17h<\/span><\/p>\n<p>11h \u2013 Maquete din\u00e2mica: aprenda a import\u00e2ncia das florestas.<\/p>\n<p>13h \u2013 Jogos educativos: Jogo da Mem\u00f3ria e Jogo Ludo Ambiental.<\/p>\n<p>15h \u2013 Oficina de desenhos de animais da Mata Atl\u00e2ntica.<\/p>\n<p>16h \u2013 CineMata: Exibi\u00e7\u00e3o de v\u00eddeos com temas socioambientais.<\/p>\n<p><b>28 de fevereiro (sex) \u2013 <\/b>Parque M\u00e1rio do Canto (Parque Ecol\u00f3gico Municipal)<\/p>\n<p><span style=\"text-decoration: underline;\">Atividades abertas ao p\u00fablico durante todo o tempo das 10h \u00e0s 17h<\/span><\/p>\n<p>10h \u2013 CineMata: Exibi\u00e7\u00e3o de v\u00eddeos com temas socioambientais.<\/p>\n<p>11h \u2013 Maquete din\u00e2mica: aprenda a import\u00e2ncia das florestas.<\/p>\n<p>15h \u2013 Jogos educativos: Jogo da Mem\u00f3ria e Jogo Ludo Ambiental.<\/p>\n<p>16h \u2013 Oficina horta suspensa com garrafa pet.<\/p>\n<p><b>01 de mar\u00e7o (sab) \u2013 <\/b>Parque M\u00e1rio do Canto (Parque Ecol\u00f3gico Municipal)<\/p>\n<p><span style=\"text-decoration: underline;\">Atividades abertas ao p\u00fablico durante todo o tempo das 10h \u00e0s 17h<\/span><\/p>\n<p>11h \u2013 Jogos educativos: Jogo da Mem\u00f3ria.<\/p>\n<p>13h \u2013 Oficina de pintura de m\u00e1scaras de animais da Mata Atl\u00e2ntica.<\/p>\n<p>14h \u2013 Oficina: Casinha: boas pr\u00e1ticas.<\/p>\n<p>16h \u2013 Maquete din\u00e2mica: aprenda a import\u00e2ncia das florestas.<\/p>\n<p><b>Atividades que podem ser realizadas a qualquer momento<\/b>: CineMata, jogo Ludo Ambiental, quiz nos IPADs (teste seu conhecimento sobre a Mata Atl\u00e2ntica e as regi\u00f5es costeira e marinha), jogo da Mem\u00f3ria, jogo A Mata \u00e9 o Bicho, maquete din\u00e2mica, \u00a0oficina de pintura de m\u00e1scaras de animais da Mata Atl\u00e2ntica, oficina de desenhos, mini biblioteca para consultas, mapa interativo e outros jogos educativos.<\/p>\n<p><b><span style=\"text-decoration: underline;\">Servi\u00e7o:<\/span><\/b><\/p>\n<p><b>Projeto<\/b>: A Mata Atl\u00e2ntica \u00e9 Aqui &#8211; Exposi\u00e7\u00e3o Itinerante do Cidad\u00e3o Atuante.<\/p>\n<p><b>Local<\/b>: Parque M\u00e1rio do Canto (<a title=\"Parque Ecol\u00f3gico Municipal\" href=\"http:\/\/www.encontraitaquaquecetuba.com.br\/itaquaquecetuba\/parque-ecologico-itaquaquecetuba.shtml\" target=\"_blank\">Parque Ecol\u00f3gico Municipal<\/a>) \u2013 Rua Cabr\u00e1lia Paulista, 100 &#8211; Bairro da Esta\u00e7\u00e3o, Itaquaquecetuba\/SP.<\/p>\n<p><b>Data<\/b>: 20 de fevereiro a 1\u00ba de mar\u00e7o de 2014.<\/p>\n<p><b>Hor\u00e1rio<\/b>: 10h \u00e0s 17h.<\/p>\n<p><b>Mais informa\u00e7\u00f5es<\/b>: projeto.itinerante@sosma.org.br ou sosma.org.br<\/p>\n<p><b>Telefone:<\/b> (11) 3262-4088.<\/p>\n\n<div style=\"font-size: 0px; height: 0px; line-height: 0px; margin: 0; padding: 0; clear: both;\"><\/div>","protected":false},"excerpt":{"rendered":"<p>Entre os dias 20 de fevereiro a 01 de mar\u00e7o, a cidade de Itaquaquecetuba receber\u00e1 o projeto \u201cA Mata Atl\u00e2ntica \u00e9 Aqui \u2013 Exposi\u00e7\u00e3o Itinerante do Cidad\u00e3o Atuante\u201d, da Funda\u00e7\u00e3o SOS Mata Atl\u00e2ntica.\u00a0 O objetivo da a\u00e7\u00e3o \u00e9 de estimular a conscientiza\u00e7\u00e3o ambiental da popula\u00e7\u00e3o local e regional, com atividades educativas. Gratuito e aberto ao p\u00fablico em geral, o projeto consiste em um caminh\u00e3o adaptado que percorre diversas cidades brasileiras, ao longo do ano, onde os interessados podem participar de palestras, oficinas, jogos educativos, exposi\u00e7\u00f5es, apresenta\u00e7\u00f5es art\u00edsticas e exibi\u00e7\u00f5es de v\u00eddeos, entre outras atividades, al\u00e9m da possibilidade de se tornar <\/p>\n","protected":false},"author":1,"featured_media":0,"comment_status":"open","ping_status":"open","sticky":false,"template":"","format":"standard","meta":[],"categories":[6],"tags":[],"yoast_head":"<!-- This site is optimized with the Yoast SEO plugin v19.6.1 - https:\/\/yoast.com\/wordpress\/plugins\/seo\/ -->\n<title>Itaquaquecetuba recebe a exposi\u00e7\u00e3o itinerante A Mata Atl\u00e2ntica \u00e9 Aqui - Encontra Itaquaquecetuba<\/title>\n<meta name=\"robots\" content=\"index, follow, max-snippet:-1, max-image-preview:large, max-video-preview:-1\" \/>\n<link rel=\"canonical\" href=\"https:\/\/www.encontraitaquaquecetuba.com.br\/sobre\/itaquaquecetuba-recebe-a-exposicao-itinerante-a-mata-atlantica-e-aqui\/\" \/>\n<meta property=\"og:locale\" content=\"pt_BR\" \/>\n<meta property=\"og:type\" content=\"article\" \/>\n<meta property=\"og:title\" content=\"Itaquaquecetuba recebe a exposi\u00e7\u00e3o itinerante A Mata Atl\u00e2ntica \u00e9 Aqui - Encontra Itaquaquecetuba\" \/>\n<meta property=\"og:description\" content=\"Entre os dias 20 de fevereiro a 01 de mar\u00e7o, a cidade de Itaquaquecetuba receber\u00e1 o projeto \u201cA Mata Atl\u00e2ntica \u00e9 Aqui \u2013 Exposi\u00e7\u00e3o Itinerante do Cidad\u00e3o Atuante\u201d, da Funda\u00e7\u00e3o SOS Mata Atl\u00e2ntica.\u00a0 O objetivo da a\u00e7\u00e3o \u00e9 de estimular a conscientiza\u00e7\u00e3o ambiental da popula\u00e7\u00e3o local e regional, com atividades educativas. Gratuito e aberto ao p\u00fablico em geral, o projeto consiste em um caminh\u00e3o adaptado que percorre diversas cidades brasileiras, ao longo do ano, onde os interessados podem participar de palestras, oficinas, jogos educativos, exposi\u00e7\u00f5es, apresenta\u00e7\u00f5es art\u00edsticas e exibi\u00e7\u00f5es de v\u00eddeos, entre outras atividades, al\u00e9m da possibilidade de se tornar\" \/>\n<meta property=\"og:url\" content=\"https:\/\/www.encontraitaquaquecetuba.com.br\/sobre\/itaquaquecetuba-recebe-a-exposicao-itinerante-a-mata-atlantica-e-aqui\/\" \/>\n<meta property=\"og:site_name\" content=\"Encontra Itaquaquecetuba\" \/>\n<meta property=\"article:published_time\" content=\"2014-02-19T13:11:14+00:00\" \/>\n<meta name=\"author\" content=\"Encontra Itaquaquecetuba\" \/>\n<meta name=\"twitter:card\" content=\"summary_large_image\" \/>\n<meta name=\"twitter:label1\" content=\"Escrito por\" \/>\n\t<meta name=\"twitter:data1\" content=\"Encontra Itaquaquecetuba\" \/>\n\t<meta name=\"twitter:label2\" content=\"Est. tempo de leitura\" \/>\n\t<meta name=\"twitter:data2\" content=\"5 minutos\" \/>\n<script type=\"application\/ld+json\" class=\"yoast-schema-graph\">{\"@context\":\"https:\/\/schema.org\",\"@graph\":[{\"@type\":\"WebPage\",\"@id\":\"https:\/\/www.encontraitaquaquecetuba.com.br\/sobre\/itaquaquecetuba-recebe-a-exposicao-itinerante-a-mata-atlantica-e-aqui\/\",\"url\":\"https:\/\/www.encontraitaquaquecetuba.com.br\/sobre\/itaquaquecetuba-recebe-a-exposicao-itinerante-a-mata-atlantica-e-aqui\/\",\"name\":\"Itaquaquecetuba recebe a exposi\u00e7\u00e3o itinerante A Mata Atl\u00e2ntica \u00e9 Aqui - Encontra Itaquaquecetuba\",\"isPartOf\":{\"@id\":\"https:\/\/www.encontraitaquaquecetuba.com.br\/sobre\/#website\"},\"datePublished\":\"2014-02-19T13:11:14+00:00\",\"dateModified\":\"2014-02-19T13:11:14+00:00\",\"author\":{\"@id\":\"https:\/\/www.encontraitaquaquecetuba.com.br\/sobre\/#\/schema\/person\/a8a866dc746e447abf8ca22b02eae6ea\"},\"breadcrumb\":{\"@id\":\"https:\/\/www.encontraitaquaquecetuba.com.br\/sobre\/itaquaquecetuba-recebe-a-exposicao-itinerante-a-mata-atlantica-e-aqui\/#breadcrumb\"},\"inLanguage\":\"pt-BR\",\"potentialAction\":[{\"@type\":\"ReadAction\",\"target\":[\"https:\/\/www.encontraitaquaquecetuba.com.br\/sobre\/itaquaquecetuba-recebe-a-exposicao-itinerante-a-mata-atlantica-e-aqui\/\"]}]},{\"@type\":\"BreadcrumbList\",\"@id\":\"https:\/\/www.encontraitaquaquecetuba.com.br\/sobre\/itaquaquecetuba-recebe-a-exposicao-itinerante-a-mata-atlantica-e-aqui\/#breadcrumb\",\"itemListElement\":[{\"@type\":\"ListItem\",\"position\":1,\"name\":\"In\u00edcio\",\"item\":\"https:\/\/www.encontraitaquaquecetuba.com.br\/sobre\/\"},{\"@type\":\"ListItem\",\"position\":2,\"name\":\"Itaquaquecetuba recebe a exposi\u00e7\u00e3o itinerante A Mata Atl\u00e2ntica \u00e9 Aqui\"}]},{\"@type\":\"WebSite\",\"@id\":\"https:\/\/www.encontraitaquaquecetuba.com.br\/sobre\/#website\",\"url\":\"https:\/\/www.encontraitaquaquecetuba.com.br\/sobre\/\",\"name\":\"Encontra Itaquaquecetuba\",\"description\":\"Not\u00edcias, eventos, informa\u00e7\u00f5es e dicas na cidade de Itaquaquecetuba e regi\u00e3o\",\"potentialAction\":[{\"@type\":\"SearchAction\",\"target\":{\"@type\":\"EntryPoint\",\"urlTemplate\":\"https:\/\/www.encontraitaquaquecetuba.com.br\/sobre\/?s={search_term_string}\"},\"query-input\":\"required name=search_term_string\"}],\"inLanguage\":\"pt-BR\"},{\"@type\":\"Person\",\"@id\":\"https:\/\/www.encontraitaquaquecetuba.com.br\/sobre\/#\/schema\/person\/a8a866dc746e447abf8ca22b02eae6ea\",\"name\":\"Encontra Itaquaquecetuba\",\"image\":{\"@type\":\"ImageObject\",\"inLanguage\":\"pt-BR\",\"@id\":\"https:\/\/www.encontraitaquaquecetuba.com.br\/sobre\/#\/schema\/person\/image\/\",\"url\":\"https:\/\/secure.gravatar.com\/avatar\/f007732be0d27cbf8a336929fe922478?s=96&d=mm&r=g\",\"contentUrl\":\"https:\/\/secure.gravatar.com\/avatar\/f007732be0d27cbf8a336929fe922478?s=96&d=mm&r=g\",\"caption\":\"Encontra Itaquaquecetuba\"},\"sameAs\":[\"http:\/\/www.encontraitaquaquecetuba.com.br\"],\"url\":\"https:\/\/www.encontraitaquaquecetuba.com.br\/sobre\/author\/eitaquaquecetuba\/\"}]}<\/script>\n<!-- \/ Yoast SEO plugin. -->","yoast_head_json":{"title":"Itaquaquecetuba recebe a exposi\u00e7\u00e3o itinerante A Mata Atl\u00e2ntica \u00e9 Aqui - Encontra Itaquaquecetuba","robots":{"index":"index","follow":"follow","max-snippet":"max-snippet:-1","max-image-preview":"max-image-preview:large","max-video-preview":"max-video-preview:-1"},"canonical":"https:\/\/www.encontraitaquaquecetuba.com.br\/sobre\/itaquaquecetuba-recebe-a-exposicao-itinerante-a-mata-atlantica-e-aqui\/","og_locale":"pt_BR","og_type":"article","og_title":"Itaquaquecetuba recebe a exposi\u00e7\u00e3o itinerante A Mata Atl\u00e2ntica \u00e9 Aqui - Encontra Itaquaquecetuba","og_description":"Entre os dias 20 de fevereiro a 01 de mar\u00e7o, a cidade de Itaquaquecetuba receber\u00e1 o projeto \u201cA Mata Atl\u00e2ntica \u00e9 Aqui \u2013 Exposi\u00e7\u00e3o Itinerante do Cidad\u00e3o Atuante\u201d, da Funda\u00e7\u00e3o SOS Mata Atl\u00e2ntica.\u00a0 O objetivo da a\u00e7\u00e3o \u00e9 de estimular a conscientiza\u00e7\u00e3o ambiental da popula\u00e7\u00e3o local e regional, com atividades educativas. Gratuito e aberto ao p\u00fablico em geral, o projeto consiste em um caminh\u00e3o adaptado que percorre diversas cidades brasileiras, ao longo do ano, onde os interessados podem participar de palestras, oficinas, jogos educativos, exposi\u00e7\u00f5es, apresenta\u00e7\u00f5es art\u00edsticas e exibi\u00e7\u00f5es de v\u00eddeos, entre outras atividades, al\u00e9m da possibilidade de se tornar","og_url":"https:\/\/www.encontraitaquaquecetuba.com.br\/sobre\/itaquaquecetuba-recebe-a-exposicao-itinerante-a-mata-atlantica-e-aqui\/","og_site_name":"Encontra Itaquaquecetuba","article_published_time":"2014-02-19T13:11:14+00:00","author":"Encontra Itaquaquecetuba","twitter_card":"summary_large_image","twitter_misc":{"Escrito por":"Encontra Itaquaquecetuba","Est. tempo de leitura":"5 minutos"},"schema":{"@context":"https:\/\/schema.org","@graph":[{"@type":"WebPage","@id":"https:\/\/www.encontraitaquaquecetuba.com.br\/sobre\/itaquaquecetuba-recebe-a-exposicao-itinerante-a-mata-atlantica-e-aqui\/","url":"https:\/\/www.encontraitaquaquecetuba.com.br\/sobre\/itaquaquecetuba-recebe-a-exposicao-itinerante-a-mata-atlantica-e-aqui\/","name":"Itaquaquecetuba recebe a exposi\u00e7\u00e3o itinerante A Mata Atl\u00e2ntica \u00e9 Aqui - Encontra Itaquaquecetuba","isPartOf":{"@id":"https:\/\/www.encontraitaquaquecetuba.com.br\/sobre\/#website"},"datePublished":"2014-02-19T13:11:14+00:00","dateModified":"2014-02-19T13:11:14+00:00","author":{"@id":"https:\/\/www.encontraitaquaquecetuba.com.br\/sobre\/#\/schema\/person\/a8a866dc746e447abf8ca22b02eae6ea"},"breadcrumb":{"@id":"https:\/\/www.encontraitaquaquecetuba.com.br\/sobre\/itaquaquecetuba-recebe-a-exposicao-itinerante-a-mata-atlantica-e-aqui\/#breadcrumb"},"inLanguage":"pt-BR","potentialAction":[{"@type":"ReadAction","target":["https:\/\/www.encontraitaquaquecetuba.com.br\/sobre\/itaquaquecetuba-recebe-a-exposicao-itinerante-a-mata-atlantica-e-aqui\/"]}]},{"@type":"BreadcrumbList","@id":"https:\/\/www.encontraitaquaquecetuba.com.br\/sobre\/itaquaquecetuba-recebe-a-exposicao-itinerante-a-mata-atlantica-e-aqui\/#breadcrumb","itemListElement":[{"@type":"ListItem","position":1,"name":"In\u00edcio","item":"https:\/\/www.encontraitaquaquecetuba.com.br\/sobre\/"},{"@type":"ListItem","position":2,"name":"Itaquaquecetuba recebe a exposi\u00e7\u00e3o itinerante A Mata Atl\u00e2ntica \u00e9 Aqui"}]},{"@type":"WebSite","@id":"https:\/\/www.encontraitaquaquecetuba.com.br\/sobre\/#website","url":"https:\/\/www.encontraitaquaquecetuba.com.br\/sobre\/","name":"Encontra Itaquaquecetuba","description":"Not\u00edcias, eventos, informa\u00e7\u00f5es e dicas na cidade de Itaquaquecetuba e regi\u00e3o","potentialAction":[{"@type":"SearchAction","target":{"@type":"EntryPoint","urlTemplate":"https:\/\/www.encontraitaquaquecetuba.com.br\/sobre\/?s={search_term_string}"},"query-input":"required name=search_term_string"}],"inLanguage":"pt-BR"},{"@type":"Person","@id":"https:\/\/www.encontraitaquaquecetuba.com.br\/sobre\/#\/schema\/person\/a8a866dc746e447abf8ca22b02eae6ea","name":"Encontra Itaquaquecetuba","image":{"@type":"ImageObject","inLanguage":"pt-BR","@id":"https:\/\/www.encontraitaquaquecetuba.com.br\/sobre\/#\/schema\/person\/image\/","url":"https:\/\/secure.gravatar.com\/avatar\/f007732be0d27cbf8a336929fe922478?s=96&d=mm&r=g","contentUrl":"https:\/\/secure.gravatar.com\/avatar\/f007732be0d27cbf8a336929fe922478?s=96&d=mm&r=g","caption":"Encontra Itaquaquecetuba"},"sameAs":["http:\/\/www.encontraitaquaquecetuba.com.br"],"url":"https:\/\/www.encontraitaquaquecetuba.com.br\/sobre\/author\/eitaquaquecetuba\/"}]}},"_links":{"self":[{"href":"https:\/\/www.encontraitaquaquecetuba.com.br\/sobre\/wp-json\/wp\/v2\/posts\/1851"}],"collection":[{"href":"https:\/\/www.encontraitaquaquecetuba.com.br\/sobre\/wp-json\/wp\/v2\/posts"}],"about":[{"href":"https:\/\/www.encontraitaquaquecetuba.com.br\/sobre\/wp-json\/wp\/v2\/types\/post"}],"author":[{"embeddable":true,"href":"https:\/\/www.encontraitaquaquecetuba.com.br\/sobre\/wp-json\/wp\/v2\/users\/1"}],"replies":[{"embeddable":true,"href":"https:\/\/www.encontraitaquaquecetuba.com.br\/sobre\/wp-json\/wp\/v2\/comments?post=1851"}],"version-history":[{"count":0,"href":"https:\/\/www.encontraitaquaquecetuba.com.br\/sobre\/wp-json\/wp\/v2\/posts\/1851\/revisions"}],"wp:attachment":[{"href":"https:\/\/www.encontraitaquaquecetuba.com.br\/sobre\/wp-json\/wp\/v2\/media?parent=1851"}],"wp:term":[{"taxonomy":"category","embeddable":true,"href":"https:\/\/www.encontraitaquaquecetuba.com.br\/sobre\/wp-json\/wp\/v2\/categories?post=1851"},{"taxonomy":"post_tag","embeddable":true,"href":"https:\/\/www.encontraitaquaquecetuba.com.br\/sobre\/wp-json\/wp\/v2\/tags?post=1851"}],"curies":[{"name":"wp","href":"https:\/\/api.w.org\/{rel}","templated":true}]}}