{"id":218,"date":"2011-10-20T17:02:22","date_gmt":"2011-10-20T17:02:22","guid":{"rendered":"http:\/\/www.encontraitaquaquecetuba.com.br\/noticias\/?p=218"},"modified":"2021-09-13T15:21:54","modified_gmt":"2021-09-13T15:21:54","slug":"executitaquaquecetuba-promove-evento-em-comemoracao-ao-dia-mundial-da-alimentacao","status":"publish","type":"post","link":"https:\/\/www.encontraitaquaquecetuba.com.br\/sobre\/executitaquaquecetuba-promove-evento-em-comemoracao-ao-dia-mundial-da-alimentacao\/","title":{"rendered":"Itaquaquecetuba promove evento em comemora\u00e7\u00e3o ao \u201cDia Mundial da Alimenta\u00e7\u00e3o\u201d"},"content":{"rendered":"<div class=\"80eb2665678f8e3864bb9a528523815b\" data-index=\"1\" style=\"float: none; margin:5px 0 5px 0; text-align:center;\">\n<!-- PUB 73 - Responsivo Horizontal -->\r\n<ins class=\"adsbygoogle\"\r\n     style=\"display:block\"\r\n     data-ad-client=\"ca-pub-7321736592693252\"\r\n     data-ad-slot=\"3087950420\"\r\n     data-ad-format=\"auto\"\r\n     data-full-width-responsive=\"true\"><\/ins>\r\n<script>\r\n     (adsbygoogle = window.adsbygoogle || []).push({});\r\n<\/script>\n<\/div>\n<p>Tendo em vista o \u201cDia Mundial da Alimenta\u00e7\u00e3o\u201d, a cidade Itaquaquecetuba, por meio do Banco de Alimentos mobiliza-se para a realiza\u00e7\u00e3o de um evento especial, previsto para o pr\u00f3ximo s\u00e1bado, 22, na Pra\u00e7a Padre Jo\u00e3o \u00c1lvares, a partir das 10:00 horas.<\/p>\n<p>Trata-se de uma parceria entre as secretarias municipais de: Promo\u00e7\u00e3o Social, Cultura e Turismo, Sa\u00fade e Seguran\u00e7a, al\u00e9m de parceiros diversos.<\/p>\n<p>Este ano o tema central \u00e9 \u201cPre\u00e7os da Alimenta\u00e7\u00e3o: da crise \u00e0 estabilidade\u201d e, segundo a coordenadora do B.A, Regina Aparecida Costa dos Santos o evento tem por objetivo \u201cpromover o sentimento de solidariedade nacional e internacional na luta contra a fome, a desnutri\u00e7\u00e3o e a pobreza\u201d.<\/p>\n<p>O dia especial ser\u00e1 marcado por atra\u00e7\u00f5es diversas. Confira a programa\u00e7\u00e3o:<\/p>\n<p>10:00 \u00e0s 10:30\tABERTURA OFICIAL DO EVENTO<br \/>\n10:30 \u00e0s 10:45\tAPRESENTA\u00c7\u00c3O: GRUPO DE CAPOEIRA &#8211; SECRETARIA MUNIC. DE CULTURA E TURISMO<br \/>\n10:45 \u00e0s 11:30\tATRA\u00c7\u00d5ES: PROGRAMA ITAQUA FAZ O SHOW<br \/>\n11:30 \u00e0s 12:00\tAPRESENTA\u00c7\u00c3O: DAN\u00c7A DO VENTRE \u2013 SECRETARIA MUNICIPAL CULTURA E TURISMO<br \/>\n12:00 \u00e0s 12:30\tAPRESENTA\u00c7\u00c3O: DAN\u00c7A RITIMICA &#8211; SECRETARIA MUNCIPAL DE CULTURA E TURISMO<br \/>\n12:30 \u00e0s 14:00\tATRA\u00c7\u00d5ES: PROGRAMA ITAQUA FAZ O SHOW<br \/>\n14:00 \u00e0s 14:20 APRESENTA\u00c7\u00c3O: BAL\u00c9 INFANTIL \u2013 ASSOC. ESPIRITA KARDECISTA DE ITAQUA.<br \/>\n14:20 \u00e0s 14:40 APRESENTA\u00c7\u00c3O: GRUPO DE CAPOEIRA \u2013 ASSOC. DOS MORADORES PEQUENO CORA\u00c7\u00c3O<br \/>\n14:40 \u00e0s 15:00 APRESENTA\u00c7\u00c3O: DAN\u00c7A DO VENTRE \u2013 CASA DO ADOLESCENTE<br \/>\n15:00 \u00e0s 15:15 APRESENTA\u00c7\u00c3O: CORAL \u2013 PROJETO INFANTIL \u2013 MINIST\u00c9RIO CRISTO CENTRO DE ITAQUA<br \/>\n15:20 \u00e0s 15:40 APRESENTA\u00c7\u00c3O: DAN\u00c7A \u2013 PROJETO TEEN \u2013 MINIST\u00c9RIO CRISTO CENTRO DE ITAQUA.<br \/>\n15:45 \u00e0s 16:00\tSORTEIOS E MOMENTO AVON<br \/>\n16:00 \u00e0s 17:00 ENCERRAMENTO COM APRESENTA\u00c7\u00c3O: ESCOLA DE SAMBA UNIDOS DA FIEL DE ITAQUAQUECETUBA<\/p>\n<p>Sobre o Banco de Alimentos:<\/p>\n<p>Trata-se de uma iniciativa pioneira no Alto Tiet\u00ea que tem por objetivo a distribui\u00e7\u00e3o de alimentos \u00e0s entidades do munic\u00edpio de Itaquaquecetuba. Estes, por sua vez, s\u00e3o doados por supermercados, feiras-livres, varej\u00f5es etc; armazenados e doados pelo executivo para 64 entidades filantr\u00f3picas da cidade, sendo: associa\u00e7\u00f5es amigos de bairro, pastorais, abrigos etc.<\/p>\n<p>Para estes casos, sob a anu\u00eancia do Conselho Municipal de Seguran\u00e7a Alimentar e Nutricional da cidade, os alimentos fora dos padr\u00f5es aceitos para comercializa\u00e7\u00e3o s\u00e3o devidamente inspecionados antes de serem encaminhados para consumo.<\/p>\n<p>\u201cO alimento selecionado que estiver dentro do prazo de validade e apto para consumo ser\u00e1 devidamente encaminhado para entidades sociais do munic\u00edpio&#8230;\u201d, informa a coordenadora do programa, Regina Aparecida Costa dos Santos.<br \/>\nAl\u00e9m destes estabelecimentos, os alimentos tamb\u00e9m s\u00e3o provenientes de outra iniciativa p\u00fablica denominada \u201cPrograma de Aquisi\u00e7\u00e3o de Alimentos\u201d. Funciona assim: os alimentos provenientes de agricultura familiar das cidades de Guapiara e Ribeir\u00e3o Branco. Esta \u00faltima providencia o transporte at\u00e9 o destino final: o munic\u00edpio de Itaquaquecetuba.<\/p>\n<p>Voluntariado: al\u00e9m da iniciativa p\u00fablica (municipal e federal), o projeto conta com a participa\u00e7\u00e3o de volunt\u00e1rios (membros das comunidades beneficiadas) que auxiliam no descarregamento e embalagem dos alimentos a serem doados. A a\u00e7\u00e3o acontece 2 vezes por semana (geralmente \u00e0s ter\u00e7as e quintas-feiras, no per\u00edodo da manh\u00e3).<\/p>\n<p>Cursos: o Banco de Alimentos tamb\u00e9m oferece cursos gratuitos diversos para a comunidade, tais como: arte e decora\u00e7\u00e3o em legumes e frutas, consci\u00eancia alimentar, culin\u00e1ria e o \u201cmestre cuquinha\u201d \u2013 espec\u00edfico para crian\u00e7as.<\/p>\n<p>Equipe T\u00e9cnica: 01 nutricionista e 04 auxiliares.<br \/>\nEndere\u00e7o: Rua Cabr\u00e1lia Paulista, s\/n\u00ba, Parque Ecol\u00f3gico Municipal.<br \/>\nAtendimento: de segunda a sexta-feira, das 08:00 horas as 17:00 horas.<br \/>\nContato: 4642-9167 ou 7115-0550 (Regina Ap\u00aa Costa dos Santos \u2013 coordenadora).<\/p>\n<p><em>Fonte: Prefeitura de Itaquaquecetuba<\/em><\/p>\n\n<div style=\"font-size: 0px; height: 0px; line-height: 0px; margin: 0; padding: 0; clear: both;\"><\/div>","protected":false},"excerpt":{"rendered":"<p>Tendo em vista o \u201cDia Mundial da Alimenta\u00e7\u00e3o\u201d, a cidade Itaquaquecetuba, por meio do Banco de Alimentos mobiliza-se para a realiza\u00e7\u00e3o de um evento especial, previsto para o pr\u00f3ximo s\u00e1bado, 22, na Pra\u00e7a Padre Jo\u00e3o \u00c1lvares, a partir das 10:00 horas. Trata-se de uma parceria entre as secretarias municipais de: Promo\u00e7\u00e3o Social, Cultura e Turismo, Sa\u00fade e Seguran\u00e7a, al\u00e9m de parceiros diversos. Este ano o tema central \u00e9 \u201cPre\u00e7os da Alimenta\u00e7\u00e3o: da crise \u00e0 estabilidade\u201d e, segundo a coordenadora do B.A, Regina Aparecida Costa dos Santos o evento tem por objetivo \u201cpromover o sentimento de solidariedade nacional e internacional na <\/p>\n","protected":false},"author":1,"featured_media":0,"comment_status":"open","ping_status":"open","sticky":false,"template":"","format":"standard","meta":[],"categories":[6],"tags":[14],"yoast_head":"<!-- This site is optimized with the Yoast SEO plugin v19.6.1 - https:\/\/yoast.com\/wordpress\/plugins\/seo\/ -->\n<title>Itaquaquecetuba promove evento em comemora\u00e7\u00e3o ao \u201cDia Mundial da Alimenta\u00e7\u00e3o\u201d - Encontra Itaquaquecetuba<\/title>\n<meta name=\"robots\" content=\"index, follow, max-snippet:-1, max-image-preview:large, max-video-preview:-1\" \/>\n<link rel=\"canonical\" href=\"https:\/\/www.encontraitaquaquecetuba.com.br\/sobre\/executitaquaquecetuba-promove-evento-em-comemoracao-ao-dia-mundial-da-alimentacao\/\" \/>\n<meta property=\"og:locale\" content=\"pt_BR\" \/>\n<meta property=\"og:type\" content=\"article\" \/>\n<meta property=\"og:title\" content=\"Itaquaquecetuba promove evento em comemora\u00e7\u00e3o ao \u201cDia Mundial da Alimenta\u00e7\u00e3o\u201d - Encontra Itaquaquecetuba\" \/>\n<meta property=\"og:description\" content=\"Tendo em vista o \u201cDia Mundial da Alimenta\u00e7\u00e3o\u201d, a cidade Itaquaquecetuba, por meio do Banco de Alimentos mobiliza-se para a realiza\u00e7\u00e3o de um evento especial, previsto para o pr\u00f3ximo s\u00e1bado, 22, na Pra\u00e7a Padre Jo\u00e3o \u00c1lvares, a partir das 10:00 horas. Trata-se de uma parceria entre as secretarias municipais de: Promo\u00e7\u00e3o Social, Cultura e Turismo, Sa\u00fade e Seguran\u00e7a, al\u00e9m de parceiros diversos. Este ano o tema central \u00e9 \u201cPre\u00e7os da Alimenta\u00e7\u00e3o: da crise \u00e0 estabilidade\u201d e, segundo a coordenadora do B.A, Regina Aparecida Costa dos Santos o evento tem por objetivo \u201cpromover o sentimento de solidariedade nacional e internacional na\" \/>\n<meta property=\"og:url\" content=\"https:\/\/www.encontraitaquaquecetuba.com.br\/sobre\/executitaquaquecetuba-promove-evento-em-comemoracao-ao-dia-mundial-da-alimentacao\/\" \/>\n<meta property=\"og:site_name\" content=\"Encontra Itaquaquecetuba\" \/>\n<meta property=\"article:published_time\" content=\"2011-10-20T17:02:22+00:00\" \/>\n<meta property=\"article:modified_time\" content=\"2021-09-13T15:21:54+00:00\" \/>\n<meta name=\"author\" content=\"Encontra Itaquaquecetuba\" \/>\n<meta name=\"twitter:card\" content=\"summary_large_image\" \/>\n<meta name=\"twitter:label1\" content=\"Escrito por\" \/>\n\t<meta name=\"twitter:data1\" content=\"Encontra Itaquaquecetuba\" \/>\n\t<meta name=\"twitter:label2\" content=\"Est. tempo de leitura\" \/>\n\t<meta name=\"twitter:data2\" content=\"3 minutos\" \/>\n<script type=\"application\/ld+json\" class=\"yoast-schema-graph\">{\"@context\":\"https:\/\/schema.org\",\"@graph\":[{\"@type\":\"WebPage\",\"@id\":\"https:\/\/www.encontraitaquaquecetuba.com.br\/sobre\/executitaquaquecetuba-promove-evento-em-comemoracao-ao-dia-mundial-da-alimentacao\/\",\"url\":\"https:\/\/www.encontraitaquaquecetuba.com.br\/sobre\/executitaquaquecetuba-promove-evento-em-comemoracao-ao-dia-mundial-da-alimentacao\/\",\"name\":\"Itaquaquecetuba promove evento em comemora\u00e7\u00e3o ao \u201cDia Mundial da Alimenta\u00e7\u00e3o\u201d - Encontra Itaquaquecetuba\",\"isPartOf\":{\"@id\":\"https:\/\/www.encontraitaquaquecetuba.com.br\/sobre\/#website\"},\"datePublished\":\"2011-10-20T17:02:22+00:00\",\"dateModified\":\"2021-09-13T15:21:54+00:00\",\"author\":{\"@id\":\"https:\/\/www.encontraitaquaquecetuba.com.br\/sobre\/#\/schema\/person\/a8a866dc746e447abf8ca22b02eae6ea\"},\"breadcrumb\":{\"@id\":\"https:\/\/www.encontraitaquaquecetuba.com.br\/sobre\/executitaquaquecetuba-promove-evento-em-comemoracao-ao-dia-mundial-da-alimentacao\/#breadcrumb\"},\"inLanguage\":\"pt-BR\",\"potentialAction\":[{\"@type\":\"ReadAction\",\"target\":[\"https:\/\/www.encontraitaquaquecetuba.com.br\/sobre\/executitaquaquecetuba-promove-evento-em-comemoracao-ao-dia-mundial-da-alimentacao\/\"]}]},{\"@type\":\"BreadcrumbList\",\"@id\":\"https:\/\/www.encontraitaquaquecetuba.com.br\/sobre\/executitaquaquecetuba-promove-evento-em-comemoracao-ao-dia-mundial-da-alimentacao\/#breadcrumb\",\"itemListElement\":[{\"@type\":\"ListItem\",\"position\":1,\"name\":\"In\u00edcio\",\"item\":\"https:\/\/www.encontraitaquaquecetuba.com.br\/sobre\/\"},{\"@type\":\"ListItem\",\"position\":2,\"name\":\"Itaquaquecetuba promove evento em comemora\u00e7\u00e3o ao \u201cDia Mundial da Alimenta\u00e7\u00e3o\u201d\"}]},{\"@type\":\"WebSite\",\"@id\":\"https:\/\/www.encontraitaquaquecetuba.com.br\/sobre\/#website\",\"url\":\"https:\/\/www.encontraitaquaquecetuba.com.br\/sobre\/\",\"name\":\"Encontra Itaquaquecetuba\",\"description\":\"Not\u00edcias, eventos, informa\u00e7\u00f5es e dicas na cidade de Itaquaquecetuba e regi\u00e3o\",\"potentialAction\":[{\"@type\":\"SearchAction\",\"target\":{\"@type\":\"EntryPoint\",\"urlTemplate\":\"https:\/\/www.encontraitaquaquecetuba.com.br\/sobre\/?s={search_term_string}\"},\"query-input\":\"required name=search_term_string\"}],\"inLanguage\":\"pt-BR\"},{\"@type\":\"Person\",\"@id\":\"https:\/\/www.encontraitaquaquecetuba.com.br\/sobre\/#\/schema\/person\/a8a866dc746e447abf8ca22b02eae6ea\",\"name\":\"Encontra Itaquaquecetuba\",\"image\":{\"@type\":\"ImageObject\",\"inLanguage\":\"pt-BR\",\"@id\":\"https:\/\/www.encontraitaquaquecetuba.com.br\/sobre\/#\/schema\/person\/image\/\",\"url\":\"https:\/\/secure.gravatar.com\/avatar\/f007732be0d27cbf8a336929fe922478?s=96&d=mm&r=g\",\"contentUrl\":\"https:\/\/secure.gravatar.com\/avatar\/f007732be0d27cbf8a336929fe922478?s=96&d=mm&r=g\",\"caption\":\"Encontra Itaquaquecetuba\"},\"sameAs\":[\"http:\/\/www.encontraitaquaquecetuba.com.br\"],\"url\":\"https:\/\/www.encontraitaquaquecetuba.com.br\/sobre\/author\/eitaquaquecetuba\/\"}]}<\/script>\n<!-- \/ Yoast SEO plugin. -->","yoast_head_json":{"title":"Itaquaquecetuba promove evento em comemora\u00e7\u00e3o ao \u201cDia Mundial da Alimenta\u00e7\u00e3o\u201d - Encontra Itaquaquecetuba","robots":{"index":"index","follow":"follow","max-snippet":"max-snippet:-1","max-image-preview":"max-image-preview:large","max-video-preview":"max-video-preview:-1"},"canonical":"https:\/\/www.encontraitaquaquecetuba.com.br\/sobre\/executitaquaquecetuba-promove-evento-em-comemoracao-ao-dia-mundial-da-alimentacao\/","og_locale":"pt_BR","og_type":"article","og_title":"Itaquaquecetuba promove evento em comemora\u00e7\u00e3o ao \u201cDia Mundial da Alimenta\u00e7\u00e3o\u201d - Encontra Itaquaquecetuba","og_description":"Tendo em vista o \u201cDia Mundial da Alimenta\u00e7\u00e3o\u201d, a cidade Itaquaquecetuba, por meio do Banco de Alimentos mobiliza-se para a realiza\u00e7\u00e3o de um evento especial, previsto para o pr\u00f3ximo s\u00e1bado, 22, na Pra\u00e7a Padre Jo\u00e3o \u00c1lvares, a partir das 10:00 horas. Trata-se de uma parceria entre as secretarias municipais de: Promo\u00e7\u00e3o Social, Cultura e Turismo, Sa\u00fade e Seguran\u00e7a, al\u00e9m de parceiros diversos. Este ano o tema central \u00e9 \u201cPre\u00e7os da Alimenta\u00e7\u00e3o: da crise \u00e0 estabilidade\u201d e, segundo a coordenadora do B.A, Regina Aparecida Costa dos Santos o evento tem por objetivo \u201cpromover o sentimento de solidariedade nacional e internacional na","og_url":"https:\/\/www.encontraitaquaquecetuba.com.br\/sobre\/executitaquaquecetuba-promove-evento-em-comemoracao-ao-dia-mundial-da-alimentacao\/","og_site_name":"Encontra Itaquaquecetuba","article_published_time":"2011-10-20T17:02:22+00:00","article_modified_time":"2021-09-13T15:21:54+00:00","author":"Encontra Itaquaquecetuba","twitter_card":"summary_large_image","twitter_misc":{"Escrito por":"Encontra Itaquaquecetuba","Est. tempo de leitura":"3 minutos"},"schema":{"@context":"https:\/\/schema.org","@graph":[{"@type":"WebPage","@id":"https:\/\/www.encontraitaquaquecetuba.com.br\/sobre\/executitaquaquecetuba-promove-evento-em-comemoracao-ao-dia-mundial-da-alimentacao\/","url":"https:\/\/www.encontraitaquaquecetuba.com.br\/sobre\/executitaquaquecetuba-promove-evento-em-comemoracao-ao-dia-mundial-da-alimentacao\/","name":"Itaquaquecetuba promove evento em comemora\u00e7\u00e3o ao \u201cDia Mundial da Alimenta\u00e7\u00e3o\u201d - Encontra Itaquaquecetuba","isPartOf":{"@id":"https:\/\/www.encontraitaquaquecetuba.com.br\/sobre\/#website"},"datePublished":"2011-10-20T17:02:22+00:00","dateModified":"2021-09-13T15:21:54+00:00","author":{"@id":"https:\/\/www.encontraitaquaquecetuba.com.br\/sobre\/#\/schema\/person\/a8a866dc746e447abf8ca22b02eae6ea"},"breadcrumb":{"@id":"https:\/\/www.encontraitaquaquecetuba.com.br\/sobre\/executitaquaquecetuba-promove-evento-em-comemoracao-ao-dia-mundial-da-alimentacao\/#breadcrumb"},"inLanguage":"pt-BR","potentialAction":[{"@type":"ReadAction","target":["https:\/\/www.encontraitaquaquecetuba.com.br\/sobre\/executitaquaquecetuba-promove-evento-em-comemoracao-ao-dia-mundial-da-alimentacao\/"]}]},{"@type":"BreadcrumbList","@id":"https:\/\/www.encontraitaquaquecetuba.com.br\/sobre\/executitaquaquecetuba-promove-evento-em-comemoracao-ao-dia-mundial-da-alimentacao\/#breadcrumb","itemListElement":[{"@type":"ListItem","position":1,"name":"In\u00edcio","item":"https:\/\/www.encontraitaquaquecetuba.com.br\/sobre\/"},{"@type":"ListItem","position":2,"name":"Itaquaquecetuba promove evento em comemora\u00e7\u00e3o ao \u201cDia Mundial da Alimenta\u00e7\u00e3o\u201d"}]},{"@type":"WebSite","@id":"https:\/\/www.encontraitaquaquecetuba.com.br\/sobre\/#website","url":"https:\/\/www.encontraitaquaquecetuba.com.br\/sobre\/","name":"Encontra Itaquaquecetuba","description":"Not\u00edcias, eventos, informa\u00e7\u00f5es e dicas na cidade de Itaquaquecetuba e regi\u00e3o","potentialAction":[{"@type":"SearchAction","target":{"@type":"EntryPoint","urlTemplate":"https:\/\/www.encontraitaquaquecetuba.com.br\/sobre\/?s={search_term_string}"},"query-input":"required name=search_term_string"}],"inLanguage":"pt-BR"},{"@type":"Person","@id":"https:\/\/www.encontraitaquaquecetuba.com.br\/sobre\/#\/schema\/person\/a8a866dc746e447abf8ca22b02eae6ea","name":"Encontra Itaquaquecetuba","image":{"@type":"ImageObject","inLanguage":"pt-BR","@id":"https:\/\/www.encontraitaquaquecetuba.com.br\/sobre\/#\/schema\/person\/image\/","url":"https:\/\/secure.gravatar.com\/avatar\/f007732be0d27cbf8a336929fe922478?s=96&d=mm&r=g","contentUrl":"https:\/\/secure.gravatar.com\/avatar\/f007732be0d27cbf8a336929fe922478?s=96&d=mm&r=g","caption":"Encontra Itaquaquecetuba"},"sameAs":["http:\/\/www.encontraitaquaquecetuba.com.br"],"url":"https:\/\/www.encontraitaquaquecetuba.com.br\/sobre\/author\/eitaquaquecetuba\/"}]}},"_links":{"self":[{"href":"https:\/\/www.encontraitaquaquecetuba.com.br\/sobre\/wp-json\/wp\/v2\/posts\/218"}],"collection":[{"href":"https:\/\/www.encontraitaquaquecetuba.com.br\/sobre\/wp-json\/wp\/v2\/posts"}],"about":[{"href":"https:\/\/www.encontraitaquaquecetuba.com.br\/sobre\/wp-json\/wp\/v2\/types\/post"}],"author":[{"embeddable":true,"href":"https:\/\/www.encontraitaquaquecetuba.com.br\/sobre\/wp-json\/wp\/v2\/users\/1"}],"replies":[{"embeddable":true,"href":"https:\/\/www.encontraitaquaquecetuba.com.br\/sobre\/wp-json\/wp\/v2\/comments?post=218"}],"version-history":[{"count":0,"href":"https:\/\/www.encontraitaquaquecetuba.com.br\/sobre\/wp-json\/wp\/v2\/posts\/218\/revisions"}],"wp:attachment":[{"href":"https:\/\/www.encontraitaquaquecetuba.com.br\/sobre\/wp-json\/wp\/v2\/media?parent=218"}],"wp:term":[{"taxonomy":"category","embeddable":true,"href":"https:\/\/www.encontraitaquaquecetuba.com.br\/sobre\/wp-json\/wp\/v2\/categories?post=218"},{"taxonomy":"post_tag","embeddable":true,"href":"https:\/\/www.encontraitaquaquecetuba.com.br\/sobre\/wp-json\/wp\/v2\/tags?post=218"}],"curies":[{"name":"wp","href":"https:\/\/api.w.org\/{rel}","templated":true}]}}