{"id":225,"date":"2011-10-25T18:27:31","date_gmt":"2011-10-25T18:27:31","guid":{"rendered":"http:\/\/www.encontraitaquaquecetuba.com.br\/noticias\/?p=225"},"modified":"2021-09-13T15:21:54","modified_gmt":"2021-09-13T15:21:54","slug":"itaquaquecetuba-promove-feira-de-educacao-ambiental","status":"publish","type":"post","link":"https:\/\/www.encontraitaquaquecetuba.com.br\/sobre\/itaquaquecetuba-promove-feira-de-educacao-ambiental\/","title":{"rendered":"Itaquaquecetuba promove Feira de Educa\u00e7\u00e3o Ambiental"},"content":{"rendered":"<div class=\"80eb2665678f8e3864bb9a528523815b\" data-index=\"1\" style=\"float: none; margin:5px 0 5px 0; text-align:center;\">\n<!-- PUB 73 - Responsivo Horizontal -->\r\n<ins class=\"adsbygoogle\"\r\n     style=\"display:block\"\r\n     data-ad-client=\"ca-pub-7321736592693252\"\r\n     data-ad-slot=\"3087950420\"\r\n     data-ad-format=\"auto\"\r\n     data-full-width-responsive=\"true\"><\/ins>\r\n<script>\r\n     (adsbygoogle = window.adsbygoogle || []).push({});\r\n<\/script>\n<\/div>\n<p>No dia 27 de outubro, das 18h30 \u00e0s 22h, haver\u00e1 no audit\u00f3rio Professora Leia Leite de Paula, na Secretaria Municipal de Educa\u00e7\u00e3o da cidade Itaquaquecetuba, Semei, A Feira de Educa\u00e7\u00e3o Ambiental do Projeto Transformadores.<\/p>\n<p>As empresas Furnas Centrais El\u00e9tricas S\/A e Katu Gente &amp; Ambiente trabalharam juntas para desenvolver o Programa de Educa\u00e7\u00e3o Ambiental com cerca de 35 educadores e tamb\u00e9m alunos da Educa\u00e7\u00e3o de Jovens e Adultos das unidades escolares (EM. Virg\u00edlio Marinho e EM. Prof\u00aa Roseli Aparecida Mendes), que se situam pr\u00f3ximas a futura instala\u00e7\u00e3o do Sistema de Transmiss\u00e3o de Furnas e Katu Gente &amp; Ambiente.\u00a0Essas empresas s\u00e3o respons\u00e1veis por esse empreendimento, por isso foi importante os encontros de forma\u00e7\u00e3o para esses grupos focais que se localizavam pr\u00f3ximos da linha de transmiss\u00e3o 345 Kv Tijuco Preto-Itapeti.<\/p>\n<p>O Programa trabalhou os ecossistemas de forma educativos, com tecnologias de informa\u00e7\u00f5es dando prioridade ao trabalho com os educadores. No trecho situado em Itaquaquecetuba foi solicitado \u00e0 equipe t\u00e9cnica do Departamento de Avalia\u00e7\u00e3o de Impacto Ambiental, DAIA, estudos e alternativas. O objetivo desse empreendimento \u00e9 gerar e transmitir energia de forma econ\u00f4mica, pensando no futuro do Brasil.<\/p>\n<p>Para a Secret\u00e1ria de Educa\u00e7\u00e3o, professora Vera Garcia, \u201c\u00e9 muito importante garantir energia necess\u00e1ria para todos, respeitar o meio ambiente e compartilhar esse projeto com a comunidade. A administra\u00e7\u00e3o municipal trabalha com esse olhar no futuro, na busca da sustentabilidade e no planejamento de novos caminhos de crescimento\u201d, disse.<\/p>\n<p><em>Fonte: Prefeitura de Itaquaquecetuba<\/em><\/p>\n\n<div style=\"font-size: 0px; height: 0px; line-height: 0px; margin: 0; padding: 0; clear: both;\"><\/div>","protected":false},"excerpt":{"rendered":"<p>No dia 27 de outubro, das 18h30 \u00e0s 22h, haver\u00e1 no audit\u00f3rio Professora Leia Leite de Paula, na Secretaria Municipal de Educa\u00e7\u00e3o da cidade Itaquaquecetuba, Semei, A Feira de Educa\u00e7\u00e3o Ambiental do Projeto Transformadores. As empresas Furnas Centrais El\u00e9tricas S\/A e Katu Gente &amp; Ambiente trabalharam juntas para desenvolver o Programa de Educa\u00e7\u00e3o Ambiental com cerca de 35 educadores e tamb\u00e9m alunos da Educa\u00e7\u00e3o de Jovens e Adultos das unidades escolares (EM. Virg\u00edlio Marinho e EM. Prof\u00aa Roseli Aparecida Mendes), que se situam pr\u00f3ximas a futura instala\u00e7\u00e3o do Sistema de Transmiss\u00e3o de Furnas e Katu Gente &amp; Ambiente.\u00a0Essas empresas s\u00e3o <\/p>\n","protected":false},"author":1,"featured_media":0,"comment_status":"open","ping_status":"open","sticky":false,"template":"","format":"standard","meta":[],"categories":[6],"tags":[14],"yoast_head":"<!-- This site is optimized with the Yoast SEO plugin v19.6.1 - https:\/\/yoast.com\/wordpress\/plugins\/seo\/ -->\n<title>Itaquaquecetuba promove Feira de Educa\u00e7\u00e3o Ambiental - Encontra Itaquaquecetuba<\/title>\n<meta name=\"robots\" content=\"index, follow, max-snippet:-1, max-image-preview:large, max-video-preview:-1\" \/>\n<link rel=\"canonical\" href=\"https:\/\/www.encontraitaquaquecetuba.com.br\/sobre\/itaquaquecetuba-promove-feira-de-educacao-ambiental\/\" \/>\n<meta property=\"og:locale\" content=\"pt_BR\" \/>\n<meta property=\"og:type\" content=\"article\" \/>\n<meta property=\"og:title\" content=\"Itaquaquecetuba promove Feira de Educa\u00e7\u00e3o Ambiental - Encontra Itaquaquecetuba\" \/>\n<meta property=\"og:description\" content=\"No dia 27 de outubro, das 18h30 \u00e0s 22h, haver\u00e1 no audit\u00f3rio Professora Leia Leite de Paula, na Secretaria Municipal de Educa\u00e7\u00e3o da cidade Itaquaquecetuba, Semei, A Feira de Educa\u00e7\u00e3o Ambiental do Projeto Transformadores. As empresas Furnas Centrais El\u00e9tricas S\/A e Katu Gente &amp; Ambiente trabalharam juntas para desenvolver o Programa de Educa\u00e7\u00e3o Ambiental com cerca de 35 educadores e tamb\u00e9m alunos da Educa\u00e7\u00e3o de Jovens e Adultos das unidades escolares (EM. Virg\u00edlio Marinho e EM. Prof\u00aa Roseli Aparecida Mendes), que se situam pr\u00f3ximas a futura instala\u00e7\u00e3o do Sistema de Transmiss\u00e3o de Furnas e Katu Gente &amp; Ambiente.\u00a0Essas empresas s\u00e3o\" \/>\n<meta property=\"og:url\" content=\"https:\/\/www.encontraitaquaquecetuba.com.br\/sobre\/itaquaquecetuba-promove-feira-de-educacao-ambiental\/\" \/>\n<meta property=\"og:site_name\" content=\"Encontra Itaquaquecetuba\" \/>\n<meta property=\"article:published_time\" content=\"2011-10-25T18:27:31+00:00\" \/>\n<meta property=\"article:modified_time\" content=\"2021-09-13T15:21:54+00:00\" \/>\n<meta name=\"author\" content=\"Encontra Itaquaquecetuba\" \/>\n<meta name=\"twitter:card\" content=\"summary_large_image\" \/>\n<meta name=\"twitter:label1\" content=\"Escrito por\" \/>\n\t<meta name=\"twitter:data1\" content=\"Encontra Itaquaquecetuba\" \/>\n\t<meta name=\"twitter:label2\" content=\"Est. tempo de leitura\" \/>\n\t<meta name=\"twitter:data2\" content=\"1 minuto\" \/>\n<script type=\"application\/ld+json\" class=\"yoast-schema-graph\">{\"@context\":\"https:\/\/schema.org\",\"@graph\":[{\"@type\":\"WebPage\",\"@id\":\"https:\/\/www.encontraitaquaquecetuba.com.br\/sobre\/itaquaquecetuba-promove-feira-de-educacao-ambiental\/\",\"url\":\"https:\/\/www.encontraitaquaquecetuba.com.br\/sobre\/itaquaquecetuba-promove-feira-de-educacao-ambiental\/\",\"name\":\"Itaquaquecetuba promove Feira de Educa\u00e7\u00e3o Ambiental - Encontra Itaquaquecetuba\",\"isPartOf\":{\"@id\":\"https:\/\/www.encontraitaquaquecetuba.com.br\/sobre\/#website\"},\"datePublished\":\"2011-10-25T18:27:31+00:00\",\"dateModified\":\"2021-09-13T15:21:54+00:00\",\"author\":{\"@id\":\"https:\/\/www.encontraitaquaquecetuba.com.br\/sobre\/#\/schema\/person\/a8a866dc746e447abf8ca22b02eae6ea\"},\"breadcrumb\":{\"@id\":\"https:\/\/www.encontraitaquaquecetuba.com.br\/sobre\/itaquaquecetuba-promove-feira-de-educacao-ambiental\/#breadcrumb\"},\"inLanguage\":\"pt-BR\",\"potentialAction\":[{\"@type\":\"ReadAction\",\"target\":[\"https:\/\/www.encontraitaquaquecetuba.com.br\/sobre\/itaquaquecetuba-promove-feira-de-educacao-ambiental\/\"]}]},{\"@type\":\"BreadcrumbList\",\"@id\":\"https:\/\/www.encontraitaquaquecetuba.com.br\/sobre\/itaquaquecetuba-promove-feira-de-educacao-ambiental\/#breadcrumb\",\"itemListElement\":[{\"@type\":\"ListItem\",\"position\":1,\"name\":\"In\u00edcio\",\"item\":\"https:\/\/www.encontraitaquaquecetuba.com.br\/sobre\/\"},{\"@type\":\"ListItem\",\"position\":2,\"name\":\"Itaquaquecetuba promove Feira de Educa\u00e7\u00e3o Ambiental\"}]},{\"@type\":\"WebSite\",\"@id\":\"https:\/\/www.encontraitaquaquecetuba.com.br\/sobre\/#website\",\"url\":\"https:\/\/www.encontraitaquaquecetuba.com.br\/sobre\/\",\"name\":\"Encontra Itaquaquecetuba\",\"description\":\"Not\u00edcias, eventos, informa\u00e7\u00f5es e dicas na cidade de Itaquaquecetuba e regi\u00e3o\",\"potentialAction\":[{\"@type\":\"SearchAction\",\"target\":{\"@type\":\"EntryPoint\",\"urlTemplate\":\"https:\/\/www.encontraitaquaquecetuba.com.br\/sobre\/?s={search_term_string}\"},\"query-input\":\"required name=search_term_string\"}],\"inLanguage\":\"pt-BR\"},{\"@type\":\"Person\",\"@id\":\"https:\/\/www.encontraitaquaquecetuba.com.br\/sobre\/#\/schema\/person\/a8a866dc746e447abf8ca22b02eae6ea\",\"name\":\"Encontra Itaquaquecetuba\",\"image\":{\"@type\":\"ImageObject\",\"inLanguage\":\"pt-BR\",\"@id\":\"https:\/\/www.encontraitaquaquecetuba.com.br\/sobre\/#\/schema\/person\/image\/\",\"url\":\"https:\/\/secure.gravatar.com\/avatar\/f007732be0d27cbf8a336929fe922478?s=96&d=mm&r=g\",\"contentUrl\":\"https:\/\/secure.gravatar.com\/avatar\/f007732be0d27cbf8a336929fe922478?s=96&d=mm&r=g\",\"caption\":\"Encontra Itaquaquecetuba\"},\"sameAs\":[\"http:\/\/www.encontraitaquaquecetuba.com.br\"],\"url\":\"https:\/\/www.encontraitaquaquecetuba.com.br\/sobre\/author\/eitaquaquecetuba\/\"}]}<\/script>\n<!-- \/ Yoast SEO plugin. -->","yoast_head_json":{"title":"Itaquaquecetuba promove Feira de Educa\u00e7\u00e3o Ambiental - Encontra Itaquaquecetuba","robots":{"index":"index","follow":"follow","max-snippet":"max-snippet:-1","max-image-preview":"max-image-preview:large","max-video-preview":"max-video-preview:-1"},"canonical":"https:\/\/www.encontraitaquaquecetuba.com.br\/sobre\/itaquaquecetuba-promove-feira-de-educacao-ambiental\/","og_locale":"pt_BR","og_type":"article","og_title":"Itaquaquecetuba promove Feira de Educa\u00e7\u00e3o Ambiental - Encontra Itaquaquecetuba","og_description":"No dia 27 de outubro, das 18h30 \u00e0s 22h, haver\u00e1 no audit\u00f3rio Professora Leia Leite de Paula, na Secretaria Municipal de Educa\u00e7\u00e3o da cidade Itaquaquecetuba, Semei, A Feira de Educa\u00e7\u00e3o Ambiental do Projeto Transformadores. As empresas Furnas Centrais El\u00e9tricas S\/A e Katu Gente &amp; Ambiente trabalharam juntas para desenvolver o Programa de Educa\u00e7\u00e3o Ambiental com cerca de 35 educadores e tamb\u00e9m alunos da Educa\u00e7\u00e3o de Jovens e Adultos das unidades escolares (EM. Virg\u00edlio Marinho e EM. Prof\u00aa Roseli Aparecida Mendes), que se situam pr\u00f3ximas a futura instala\u00e7\u00e3o do Sistema de Transmiss\u00e3o de Furnas e Katu Gente &amp; Ambiente.\u00a0Essas empresas s\u00e3o","og_url":"https:\/\/www.encontraitaquaquecetuba.com.br\/sobre\/itaquaquecetuba-promove-feira-de-educacao-ambiental\/","og_site_name":"Encontra Itaquaquecetuba","article_published_time":"2011-10-25T18:27:31+00:00","article_modified_time":"2021-09-13T15:21:54+00:00","author":"Encontra Itaquaquecetuba","twitter_card":"summary_large_image","twitter_misc":{"Escrito por":"Encontra Itaquaquecetuba","Est. tempo de leitura":"1 minuto"},"schema":{"@context":"https:\/\/schema.org","@graph":[{"@type":"WebPage","@id":"https:\/\/www.encontraitaquaquecetuba.com.br\/sobre\/itaquaquecetuba-promove-feira-de-educacao-ambiental\/","url":"https:\/\/www.encontraitaquaquecetuba.com.br\/sobre\/itaquaquecetuba-promove-feira-de-educacao-ambiental\/","name":"Itaquaquecetuba promove Feira de Educa\u00e7\u00e3o Ambiental - Encontra Itaquaquecetuba","isPartOf":{"@id":"https:\/\/www.encontraitaquaquecetuba.com.br\/sobre\/#website"},"datePublished":"2011-10-25T18:27:31+00:00","dateModified":"2021-09-13T15:21:54+00:00","author":{"@id":"https:\/\/www.encontraitaquaquecetuba.com.br\/sobre\/#\/schema\/person\/a8a866dc746e447abf8ca22b02eae6ea"},"breadcrumb":{"@id":"https:\/\/www.encontraitaquaquecetuba.com.br\/sobre\/itaquaquecetuba-promove-feira-de-educacao-ambiental\/#breadcrumb"},"inLanguage":"pt-BR","potentialAction":[{"@type":"ReadAction","target":["https:\/\/www.encontraitaquaquecetuba.com.br\/sobre\/itaquaquecetuba-promove-feira-de-educacao-ambiental\/"]}]},{"@type":"BreadcrumbList","@id":"https:\/\/www.encontraitaquaquecetuba.com.br\/sobre\/itaquaquecetuba-promove-feira-de-educacao-ambiental\/#breadcrumb","itemListElement":[{"@type":"ListItem","position":1,"name":"In\u00edcio","item":"https:\/\/www.encontraitaquaquecetuba.com.br\/sobre\/"},{"@type":"ListItem","position":2,"name":"Itaquaquecetuba promove Feira de Educa\u00e7\u00e3o Ambiental"}]},{"@type":"WebSite","@id":"https:\/\/www.encontraitaquaquecetuba.com.br\/sobre\/#website","url":"https:\/\/www.encontraitaquaquecetuba.com.br\/sobre\/","name":"Encontra Itaquaquecetuba","description":"Not\u00edcias, eventos, informa\u00e7\u00f5es e dicas na cidade de Itaquaquecetuba e regi\u00e3o","potentialAction":[{"@type":"SearchAction","target":{"@type":"EntryPoint","urlTemplate":"https:\/\/www.encontraitaquaquecetuba.com.br\/sobre\/?s={search_term_string}"},"query-input":"required name=search_term_string"}],"inLanguage":"pt-BR"},{"@type":"Person","@id":"https:\/\/www.encontraitaquaquecetuba.com.br\/sobre\/#\/schema\/person\/a8a866dc746e447abf8ca22b02eae6ea","name":"Encontra Itaquaquecetuba","image":{"@type":"ImageObject","inLanguage":"pt-BR","@id":"https:\/\/www.encontraitaquaquecetuba.com.br\/sobre\/#\/schema\/person\/image\/","url":"https:\/\/secure.gravatar.com\/avatar\/f007732be0d27cbf8a336929fe922478?s=96&d=mm&r=g","contentUrl":"https:\/\/secure.gravatar.com\/avatar\/f007732be0d27cbf8a336929fe922478?s=96&d=mm&r=g","caption":"Encontra Itaquaquecetuba"},"sameAs":["http:\/\/www.encontraitaquaquecetuba.com.br"],"url":"https:\/\/www.encontraitaquaquecetuba.com.br\/sobre\/author\/eitaquaquecetuba\/"}]}},"_links":{"self":[{"href":"https:\/\/www.encontraitaquaquecetuba.com.br\/sobre\/wp-json\/wp\/v2\/posts\/225"}],"collection":[{"href":"https:\/\/www.encontraitaquaquecetuba.com.br\/sobre\/wp-json\/wp\/v2\/posts"}],"about":[{"href":"https:\/\/www.encontraitaquaquecetuba.com.br\/sobre\/wp-json\/wp\/v2\/types\/post"}],"author":[{"embeddable":true,"href":"https:\/\/www.encontraitaquaquecetuba.com.br\/sobre\/wp-json\/wp\/v2\/users\/1"}],"replies":[{"embeddable":true,"href":"https:\/\/www.encontraitaquaquecetuba.com.br\/sobre\/wp-json\/wp\/v2\/comments?post=225"}],"version-history":[{"count":0,"href":"https:\/\/www.encontraitaquaquecetuba.com.br\/sobre\/wp-json\/wp\/v2\/posts\/225\/revisions"}],"wp:attachment":[{"href":"https:\/\/www.encontraitaquaquecetuba.com.br\/sobre\/wp-json\/wp\/v2\/media?parent=225"}],"wp:term":[{"taxonomy":"category","embeddable":true,"href":"https:\/\/www.encontraitaquaquecetuba.com.br\/sobre\/wp-json\/wp\/v2\/categories?post=225"},{"taxonomy":"post_tag","embeddable":true,"href":"https:\/\/www.encontraitaquaquecetuba.com.br\/sobre\/wp-json\/wp\/v2\/tags?post=225"}],"curies":[{"name":"wp","href":"https:\/\/api.w.org\/{rel}","templated":true}]}}