{"id":246,"date":"2011-11-10T13:39:49","date_gmt":"2011-11-10T13:39:49","guid":{"rendered":"http:\/\/www.encontraitaquaquecetuba.com.br\/noticias\/?p=246"},"modified":"2013-08-14T04:50:58","modified_gmt":"2013-08-14T04:50:58","slug":"itaquaquecetuba-e-contemplada-com-polo-regional-da-escola-de-moda","status":"publish","type":"post","link":"https:\/\/www.encontraitaquaquecetuba.com.br\/sobre\/itaquaquecetuba-e-contemplada-com-polo-regional-da-escola-de-moda\/","title":{"rendered":"Itaquaquecetuba \u00e9 contemplada com p\u00f3lo regional da Escola de Moda"},"content":{"rendered":"<div class=\"80eb2665678f8e3864bb9a528523815b\" data-index=\"1\" style=\"float: none; margin:5px 0 5px 0; text-align:center;\">\n<!-- PUB 73 - Responsivo Horizontal -->\r\n<ins class=\"adsbygoogle\"\r\n     style=\"display:block\"\r\n     data-ad-client=\"ca-pub-7321736592693252\"\r\n     data-ad-slot=\"3087950420\"\r\n     data-ad-format=\"auto\"\r\n     data-full-width-responsive=\"true\"><\/ins>\r\n<script>\r\n     (adsbygoogle = window.adsbygoogle || []).push({});\r\n<\/script>\n<\/div>\n<p>H\u00e1 poucos dias, o munic\u00edpio de Itaquaquecetuba foi contemplado com o p\u00f3lo regional da Escola de Moda, que disponibiliza o curso \u201cCorte, Costura e Modelagem\u201d, oferecido pelo governo do estado (Fundo Social de Solidariedade).<\/p>\n<p>O objetivo da escola \u00e9 a capacita\u00e7\u00e3o profissional e gera\u00e7\u00e3o de renda, em um curso r\u00e1pido e seguindo as tend\u00eancias do mercado. Depois de formado, o aluno poder\u00e1 costurar em casa, comercializar, montar cooperativa ou at\u00e9 mesmo conseguir uma vaga em uma empresa especializada.<\/p>\n<p>Ap\u00f3s a assinatura da parceria, (ocorrida em meados de outubro, no Pal\u00e1cio dos Bandeirantes em S\u00e3o Paulo ), o FSS municipal aguarda a chegada de 10 m\u00e1quinas de costura, cadeiras, mesas, t\u00e1buas de passar e ferro de passar roupa, conte\u00fado did\u00e1tico e suporte t\u00e9cnico; al\u00e9m do repasse de cerca de R$ 21 mil reais para a aquisi\u00e7\u00e3o do material de custeio.<\/p>\n<p>Em contrapartida, a prefeitura se responsabilizar\u00e1 pela disponibiliza\u00e7\u00e3o e custeio do espa\u00e7o (nova sede do FSS), pagamento dos instrutores (que j\u00e1 foram devidamente capacitados) e manuten\u00e7\u00e3o do maquin\u00e1rio.<\/p>\n<p>Segundo a presidente do Fundo Social de Solidariedade do munic\u00edpio, Ant\u00f4nia de F\u00e1tima Mosca Cintra, o curso dever\u00e1 ser iniciado em janeiro pr\u00f3ximo.<\/p>\n<p>O primeiro grupo ser\u00e1 de 60 alunos, divididos em tr\u00eas turmas. A dura\u00e7\u00e3o m\u00e9dia do curso ser\u00e1 de 02 meses, com aulas di\u00e1rias (04 horas\/aula).<\/p>\n<p>As inscri\u00e7\u00f5es aos interessados (homens e mulheres) s\u00e3o realizadas na unidade, sito \u00e0 Rua Evangelho Quadrangular, 274, Vila Virg\u00ednia (pr\u00f3ximo \u00e0 prefeitura).<\/p>\n<p>Vale lembrar que, al\u00e9m da presidente do Fundo Social de Solidariedade do Estado de S\u00e3o Paulo, Lu Alckmin e demais representantes do governo estadual, a assinatura da parceria foi prestigiada pela deputada estadual e primeira-dama de guia Itaquaquecetuba, Heroilma Soares Tavares; pela secret\u00e1ria municipal de Promo\u00e7\u00e3o Social, Guiomar Soares Tavares (representando o prefeito Armando Tavares Filho, o Armando da Farm\u00e1cia) e pela presidente do Fundo Social de Solidariedade do munic\u00edpio, Ant\u00f4nia de F\u00e1tima Mosca Cintra.<\/p>\n<p>O telefone para mais informa\u00e7\u00f5es sobre o novo p\u00f3lo regional da Escola de Moda \u00e9: 4732-3643.<\/p>\n<p><em>Fonte: Prefeitura de Itaquaquecetuba<\/em><\/p>\n\n<div style=\"font-size: 0px; height: 0px; line-height: 0px; margin: 0; padding: 0; clear: both;\"><\/div>","protected":false},"excerpt":{"rendered":"<p>H\u00e1 poucos dias, o munic\u00edpio de Itaquaquecetuba foi contemplado com o p\u00f3lo regional da Escola de Moda, que disponibiliza o curso \u201cCorte, Costura e Modelagem\u201d, oferecido pelo governo do estado (Fundo Social de Solidariedade). O objetivo da escola \u00e9 a capacita\u00e7\u00e3o profissional e gera\u00e7\u00e3o de renda, em um curso r\u00e1pido e seguindo as tend\u00eancias do mercado. Depois de formado, o aluno poder\u00e1 costurar em casa, comercializar, montar cooperativa ou at\u00e9 mesmo conseguir uma vaga em uma empresa especializada. Ap\u00f3s a assinatura da parceria, (ocorrida em meados de outubro, no Pal\u00e1cio dos Bandeirantes em S\u00e3o Paulo ), o FSS municipal aguarda <\/p>\n","protected":false},"author":1,"featured_media":0,"comment_status":"closed","ping_status":"closed","sticky":false,"template":"","format":"standard","meta":[],"categories":[6],"tags":[14],"yoast_head":"<!-- This site is optimized with the Yoast SEO plugin v19.6.1 - https:\/\/yoast.com\/wordpress\/plugins\/seo\/ -->\n<title>Itaquaquecetuba \u00e9 contemplada com p\u00f3lo regional da Escola de Moda - Encontra Itaquaquecetuba<\/title>\n<meta name=\"robots\" content=\"index, follow, max-snippet:-1, max-image-preview:large, max-video-preview:-1\" \/>\n<link rel=\"canonical\" href=\"https:\/\/www.encontraitaquaquecetuba.com.br\/sobre\/itaquaquecetuba-e-contemplada-com-polo-regional-da-escola-de-moda\/\" \/>\n<meta property=\"og:locale\" content=\"pt_BR\" \/>\n<meta property=\"og:type\" content=\"article\" \/>\n<meta property=\"og:title\" content=\"Itaquaquecetuba \u00e9 contemplada com p\u00f3lo regional da Escola de Moda - Encontra Itaquaquecetuba\" \/>\n<meta property=\"og:description\" content=\"H\u00e1 poucos dias, o munic\u00edpio de Itaquaquecetuba foi contemplado com o p\u00f3lo regional da Escola de Moda, que disponibiliza o curso \u201cCorte, Costura e Modelagem\u201d, oferecido pelo governo do estado (Fundo Social de Solidariedade). O objetivo da escola \u00e9 a capacita\u00e7\u00e3o profissional e gera\u00e7\u00e3o de renda, em um curso r\u00e1pido e seguindo as tend\u00eancias do mercado. Depois de formado, o aluno poder\u00e1 costurar em casa, comercializar, montar cooperativa ou at\u00e9 mesmo conseguir uma vaga em uma empresa especializada. Ap\u00f3s a assinatura da parceria, (ocorrida em meados de outubro, no Pal\u00e1cio dos Bandeirantes em S\u00e3o Paulo ), o FSS municipal aguarda\" \/>\n<meta property=\"og:url\" content=\"https:\/\/www.encontraitaquaquecetuba.com.br\/sobre\/itaquaquecetuba-e-contemplada-com-polo-regional-da-escola-de-moda\/\" \/>\n<meta property=\"og:site_name\" content=\"Encontra Itaquaquecetuba\" \/>\n<meta property=\"article:published_time\" content=\"2011-11-10T13:39:49+00:00\" \/>\n<meta property=\"article:modified_time\" content=\"2013-08-14T04:50:58+00:00\" \/>\n<meta name=\"author\" content=\"Encontra Itaquaquecetuba\" \/>\n<meta name=\"twitter:card\" content=\"summary_large_image\" \/>\n<meta name=\"twitter:label1\" content=\"Escrito por\" \/>\n\t<meta name=\"twitter:data1\" content=\"Encontra Itaquaquecetuba\" \/>\n\t<meta name=\"twitter:label2\" content=\"Est. tempo de leitura\" \/>\n\t<meta name=\"twitter:data2\" content=\"2 minutos\" \/>\n<script type=\"application\/ld+json\" class=\"yoast-schema-graph\">{\"@context\":\"https:\/\/schema.org\",\"@graph\":[{\"@type\":\"WebPage\",\"@id\":\"https:\/\/www.encontraitaquaquecetuba.com.br\/sobre\/itaquaquecetuba-e-contemplada-com-polo-regional-da-escola-de-moda\/\",\"url\":\"https:\/\/www.encontraitaquaquecetuba.com.br\/sobre\/itaquaquecetuba-e-contemplada-com-polo-regional-da-escola-de-moda\/\",\"name\":\"Itaquaquecetuba \u00e9 contemplada com p\u00f3lo regional da Escola de Moda - Encontra Itaquaquecetuba\",\"isPartOf\":{\"@id\":\"https:\/\/www.encontraitaquaquecetuba.com.br\/sobre\/#website\"},\"datePublished\":\"2011-11-10T13:39:49+00:00\",\"dateModified\":\"2013-08-14T04:50:58+00:00\",\"author\":{\"@id\":\"https:\/\/www.encontraitaquaquecetuba.com.br\/sobre\/#\/schema\/person\/a8a866dc746e447abf8ca22b02eae6ea\"},\"breadcrumb\":{\"@id\":\"https:\/\/www.encontraitaquaquecetuba.com.br\/sobre\/itaquaquecetuba-e-contemplada-com-polo-regional-da-escola-de-moda\/#breadcrumb\"},\"inLanguage\":\"pt-BR\",\"potentialAction\":[{\"@type\":\"ReadAction\",\"target\":[\"https:\/\/www.encontraitaquaquecetuba.com.br\/sobre\/itaquaquecetuba-e-contemplada-com-polo-regional-da-escola-de-moda\/\"]}]},{\"@type\":\"BreadcrumbList\",\"@id\":\"https:\/\/www.encontraitaquaquecetuba.com.br\/sobre\/itaquaquecetuba-e-contemplada-com-polo-regional-da-escola-de-moda\/#breadcrumb\",\"itemListElement\":[{\"@type\":\"ListItem\",\"position\":1,\"name\":\"In\u00edcio\",\"item\":\"https:\/\/www.encontraitaquaquecetuba.com.br\/sobre\/\"},{\"@type\":\"ListItem\",\"position\":2,\"name\":\"Itaquaquecetuba \u00e9 contemplada com p\u00f3lo regional da Escola de Moda\"}]},{\"@type\":\"WebSite\",\"@id\":\"https:\/\/www.encontraitaquaquecetuba.com.br\/sobre\/#website\",\"url\":\"https:\/\/www.encontraitaquaquecetuba.com.br\/sobre\/\",\"name\":\"Encontra Itaquaquecetuba\",\"description\":\"Not\u00edcias, eventos, informa\u00e7\u00f5es e dicas na cidade de Itaquaquecetuba e regi\u00e3o\",\"potentialAction\":[{\"@type\":\"SearchAction\",\"target\":{\"@type\":\"EntryPoint\",\"urlTemplate\":\"https:\/\/www.encontraitaquaquecetuba.com.br\/sobre\/?s={search_term_string}\"},\"query-input\":\"required name=search_term_string\"}],\"inLanguage\":\"pt-BR\"},{\"@type\":\"Person\",\"@id\":\"https:\/\/www.encontraitaquaquecetuba.com.br\/sobre\/#\/schema\/person\/a8a866dc746e447abf8ca22b02eae6ea\",\"name\":\"Encontra Itaquaquecetuba\",\"image\":{\"@type\":\"ImageObject\",\"inLanguage\":\"pt-BR\",\"@id\":\"https:\/\/www.encontraitaquaquecetuba.com.br\/sobre\/#\/schema\/person\/image\/\",\"url\":\"https:\/\/secure.gravatar.com\/avatar\/f007732be0d27cbf8a336929fe922478?s=96&d=mm&r=g\",\"contentUrl\":\"https:\/\/secure.gravatar.com\/avatar\/f007732be0d27cbf8a336929fe922478?s=96&d=mm&r=g\",\"caption\":\"Encontra Itaquaquecetuba\"},\"sameAs\":[\"http:\/\/www.encontraitaquaquecetuba.com.br\"],\"url\":\"https:\/\/www.encontraitaquaquecetuba.com.br\/sobre\/author\/eitaquaquecetuba\/\"}]}<\/script>\n<!-- \/ Yoast SEO plugin. -->","yoast_head_json":{"title":"Itaquaquecetuba \u00e9 contemplada com p\u00f3lo regional da Escola de Moda - Encontra Itaquaquecetuba","robots":{"index":"index","follow":"follow","max-snippet":"max-snippet:-1","max-image-preview":"max-image-preview:large","max-video-preview":"max-video-preview:-1"},"canonical":"https:\/\/www.encontraitaquaquecetuba.com.br\/sobre\/itaquaquecetuba-e-contemplada-com-polo-regional-da-escola-de-moda\/","og_locale":"pt_BR","og_type":"article","og_title":"Itaquaquecetuba \u00e9 contemplada com p\u00f3lo regional da Escola de Moda - Encontra Itaquaquecetuba","og_description":"H\u00e1 poucos dias, o munic\u00edpio de Itaquaquecetuba foi contemplado com o p\u00f3lo regional da Escola de Moda, que disponibiliza o curso \u201cCorte, Costura e Modelagem\u201d, oferecido pelo governo do estado (Fundo Social de Solidariedade). O objetivo da escola \u00e9 a capacita\u00e7\u00e3o profissional e gera\u00e7\u00e3o de renda, em um curso r\u00e1pido e seguindo as tend\u00eancias do mercado. Depois de formado, o aluno poder\u00e1 costurar em casa, comercializar, montar cooperativa ou at\u00e9 mesmo conseguir uma vaga em uma empresa especializada. Ap\u00f3s a assinatura da parceria, (ocorrida em meados de outubro, no Pal\u00e1cio dos Bandeirantes em S\u00e3o Paulo ), o FSS municipal aguarda","og_url":"https:\/\/www.encontraitaquaquecetuba.com.br\/sobre\/itaquaquecetuba-e-contemplada-com-polo-regional-da-escola-de-moda\/","og_site_name":"Encontra Itaquaquecetuba","article_published_time":"2011-11-10T13:39:49+00:00","article_modified_time":"2013-08-14T04:50:58+00:00","author":"Encontra Itaquaquecetuba","twitter_card":"summary_large_image","twitter_misc":{"Escrito por":"Encontra Itaquaquecetuba","Est. tempo de leitura":"2 minutos"},"schema":{"@context":"https:\/\/schema.org","@graph":[{"@type":"WebPage","@id":"https:\/\/www.encontraitaquaquecetuba.com.br\/sobre\/itaquaquecetuba-e-contemplada-com-polo-regional-da-escola-de-moda\/","url":"https:\/\/www.encontraitaquaquecetuba.com.br\/sobre\/itaquaquecetuba-e-contemplada-com-polo-regional-da-escola-de-moda\/","name":"Itaquaquecetuba \u00e9 contemplada com p\u00f3lo regional da Escola de Moda - Encontra Itaquaquecetuba","isPartOf":{"@id":"https:\/\/www.encontraitaquaquecetuba.com.br\/sobre\/#website"},"datePublished":"2011-11-10T13:39:49+00:00","dateModified":"2013-08-14T04:50:58+00:00","author":{"@id":"https:\/\/www.encontraitaquaquecetuba.com.br\/sobre\/#\/schema\/person\/a8a866dc746e447abf8ca22b02eae6ea"},"breadcrumb":{"@id":"https:\/\/www.encontraitaquaquecetuba.com.br\/sobre\/itaquaquecetuba-e-contemplada-com-polo-regional-da-escola-de-moda\/#breadcrumb"},"inLanguage":"pt-BR","potentialAction":[{"@type":"ReadAction","target":["https:\/\/www.encontraitaquaquecetuba.com.br\/sobre\/itaquaquecetuba-e-contemplada-com-polo-regional-da-escola-de-moda\/"]}]},{"@type":"BreadcrumbList","@id":"https:\/\/www.encontraitaquaquecetuba.com.br\/sobre\/itaquaquecetuba-e-contemplada-com-polo-regional-da-escola-de-moda\/#breadcrumb","itemListElement":[{"@type":"ListItem","position":1,"name":"In\u00edcio","item":"https:\/\/www.encontraitaquaquecetuba.com.br\/sobre\/"},{"@type":"ListItem","position":2,"name":"Itaquaquecetuba \u00e9 contemplada com p\u00f3lo regional da Escola de Moda"}]},{"@type":"WebSite","@id":"https:\/\/www.encontraitaquaquecetuba.com.br\/sobre\/#website","url":"https:\/\/www.encontraitaquaquecetuba.com.br\/sobre\/","name":"Encontra Itaquaquecetuba","description":"Not\u00edcias, eventos, informa\u00e7\u00f5es e dicas na cidade de Itaquaquecetuba e regi\u00e3o","potentialAction":[{"@type":"SearchAction","target":{"@type":"EntryPoint","urlTemplate":"https:\/\/www.encontraitaquaquecetuba.com.br\/sobre\/?s={search_term_string}"},"query-input":"required name=search_term_string"}],"inLanguage":"pt-BR"},{"@type":"Person","@id":"https:\/\/www.encontraitaquaquecetuba.com.br\/sobre\/#\/schema\/person\/a8a866dc746e447abf8ca22b02eae6ea","name":"Encontra Itaquaquecetuba","image":{"@type":"ImageObject","inLanguage":"pt-BR","@id":"https:\/\/www.encontraitaquaquecetuba.com.br\/sobre\/#\/schema\/person\/image\/","url":"https:\/\/secure.gravatar.com\/avatar\/f007732be0d27cbf8a336929fe922478?s=96&d=mm&r=g","contentUrl":"https:\/\/secure.gravatar.com\/avatar\/f007732be0d27cbf8a336929fe922478?s=96&d=mm&r=g","caption":"Encontra Itaquaquecetuba"},"sameAs":["http:\/\/www.encontraitaquaquecetuba.com.br"],"url":"https:\/\/www.encontraitaquaquecetuba.com.br\/sobre\/author\/eitaquaquecetuba\/"}]}},"_links":{"self":[{"href":"https:\/\/www.encontraitaquaquecetuba.com.br\/sobre\/wp-json\/wp\/v2\/posts\/246"}],"collection":[{"href":"https:\/\/www.encontraitaquaquecetuba.com.br\/sobre\/wp-json\/wp\/v2\/posts"}],"about":[{"href":"https:\/\/www.encontraitaquaquecetuba.com.br\/sobre\/wp-json\/wp\/v2\/types\/post"}],"author":[{"embeddable":true,"href":"https:\/\/www.encontraitaquaquecetuba.com.br\/sobre\/wp-json\/wp\/v2\/users\/1"}],"replies":[{"embeddable":true,"href":"https:\/\/www.encontraitaquaquecetuba.com.br\/sobre\/wp-json\/wp\/v2\/comments?post=246"}],"version-history":[{"count":0,"href":"https:\/\/www.encontraitaquaquecetuba.com.br\/sobre\/wp-json\/wp\/v2\/posts\/246\/revisions"}],"wp:attachment":[{"href":"https:\/\/www.encontraitaquaquecetuba.com.br\/sobre\/wp-json\/wp\/v2\/media?parent=246"}],"wp:term":[{"taxonomy":"category","embeddable":true,"href":"https:\/\/www.encontraitaquaquecetuba.com.br\/sobre\/wp-json\/wp\/v2\/categories?post=246"},{"taxonomy":"post_tag","embeddable":true,"href":"https:\/\/www.encontraitaquaquecetuba.com.br\/sobre\/wp-json\/wp\/v2\/tags?post=246"}],"curies":[{"name":"wp","href":"https:\/\/api.w.org\/{rel}","templated":true}]}}