{"id":260,"date":"2011-11-24T19:54:23","date_gmt":"2011-11-24T19:54:23","guid":{"rendered":"http:\/\/www.encontraitaquaquecetuba.com.br\/noticias\/?p=260"},"modified":"2021-09-13T15:21:38","modified_gmt":"2021-09-13T15:21:38","slug":"grupo-de-teatro-de-itaquaquecetuba-se-apresenta-em-festival-de-atibaia","status":"publish","type":"post","link":"https:\/\/www.encontraitaquaquecetuba.com.br\/sobre\/grupo-de-teatro-de-itaquaquecetuba-se-apresenta-em-festival-de-atibaia\/","title":{"rendered":"Grupo de Teatro de Itaquaquecetuba se apresenta em festival de Atibaia"},"content":{"rendered":"<div class=\"80eb2665678f8e3864bb9a528523815b\" data-index=\"1\" style=\"float: none; margin:5px 0 5px 0; text-align:center;\">\n<!-- PUB 73 - Responsivo Horizontal -->\r\n<ins class=\"adsbygoogle\"\r\n     style=\"display:block\"\r\n     data-ad-client=\"ca-pub-7321736592693252\"\r\n     data-ad-slot=\"3087950420\"\r\n     data-ad-format=\"auto\"\r\n     data-full-width-responsive=\"true\"><\/ins>\r\n<script>\r\n     (adsbygoogle = window.adsbygoogle || []).push({});\r\n<\/script>\n<\/div>\n<p>H\u00e1 poucos dias, o grupo de Teatro da cidade de Itaquaquecetuba foi convidado a participar a 5\u00aa Mostra Estudantil de Teatro de Atibaia.\u00a0Com o espet\u00e1culo \u201cDe Maria do Morro a Merlilyn Monrroe\u201d (censura 14 anos), o grupo municipal apresentou-se para um p\u00fablico de cerca de 200 pessoas, no Centro de Conven\u00e7\u00f5es e Eventos Victor Brechet, no Parque das \u00c1guas.<\/p>\n<p>O texto de autoria de Ad\u00e3o Faustino trata-se de uma \u201ctragicom\u00e9dia\u201d, de 90 minutos de dura\u00e7\u00e3o que conta a hist\u00f3ria de Maria, uma t\u00edpica moradora do morro que sonha e sonha alto. Sonha com a fama, com o deslumbre, com o lugar que s\u00f3 as mais brilhantes estrelas alcan\u00e7aram. Em sua jornada, a encantadora Maria conhece os mais diferentes tipos de pessoa e descobre que optar por brilhar \u00e9 uma quest\u00e3o de sentimentos, de interior.<\/p>\n<p>Al\u00e9m de autor, Faustino \u00e9 diretor, figurinista e cen\u00f3grafo do espet\u00e1culo.\u00a0A sonoplastia \u00e9 de Alex Domingues e o apoio t\u00e9cnico e marketing \u00e9 de Elisang\u00eala Sanches.\u00a0\u201cA apresenta\u00e7\u00e3o itaquaquecetubense foi um sucesso&#8230; n\u00edtida a fei\u00e7\u00e3o de alegria e contentamento dos atores e do p\u00fablico que vibrava e se emocionava a cada cena&#8230;\u201d, frisou o secret\u00e1rio municipal de Cultura e Turismo, Jandir Jorge Souto.<\/p>\n<p><em>Fonte: Prefeitura de Itaquaquecetuba<\/em><\/p>\n\n<div style=\"font-size: 0px; height: 0px; line-height: 0px; margin: 0; padding: 0; clear: both;\"><\/div>","protected":false},"excerpt":{"rendered":"<p>H\u00e1 poucos dias, o grupo de Teatro da cidade de Itaquaquecetuba foi convidado a participar a 5\u00aa Mostra Estudantil de Teatro de Atibaia.\u00a0Com o espet\u00e1culo \u201cDe Maria do Morro a Merlilyn Monrroe\u201d (censura 14 anos), o grupo municipal apresentou-se para um p\u00fablico de cerca de 200 pessoas, no Centro de Conven\u00e7\u00f5es e Eventos Victor Brechet, no Parque das \u00c1guas. O texto de autoria de Ad\u00e3o Faustino trata-se de uma \u201ctragicom\u00e9dia\u201d, de 90 minutos de dura\u00e7\u00e3o que conta a hist\u00f3ria de Maria, uma t\u00edpica moradora do morro que sonha e sonha alto. Sonha com a fama, com o deslumbre, com o <\/p>\n","protected":false},"author":1,"featured_media":0,"comment_status":"open","ping_status":"open","sticky":false,"template":"","format":"standard","meta":[],"categories":[6],"tags":[14],"yoast_head":"<!-- This site is optimized with the Yoast SEO plugin v19.6.1 - https:\/\/yoast.com\/wordpress\/plugins\/seo\/ -->\n<title>Grupo de Teatro de Itaquaquecetuba se apresenta em festival de Atibaia - Encontra Itaquaquecetuba<\/title>\n<meta name=\"robots\" content=\"index, follow, max-snippet:-1, max-image-preview:large, max-video-preview:-1\" \/>\n<link rel=\"canonical\" href=\"https:\/\/www.encontraitaquaquecetuba.com.br\/sobre\/grupo-de-teatro-de-itaquaquecetuba-se-apresenta-em-festival-de-atibaia\/\" \/>\n<meta property=\"og:locale\" content=\"pt_BR\" \/>\n<meta property=\"og:type\" content=\"article\" \/>\n<meta property=\"og:title\" content=\"Grupo de Teatro de Itaquaquecetuba se apresenta em festival de Atibaia - Encontra Itaquaquecetuba\" \/>\n<meta property=\"og:description\" content=\"H\u00e1 poucos dias, o grupo de Teatro da cidade de Itaquaquecetuba foi convidado a participar a 5\u00aa Mostra Estudantil de Teatro de Atibaia.\u00a0Com o espet\u00e1culo \u201cDe Maria do Morro a Merlilyn Monrroe\u201d (censura 14 anos), o grupo municipal apresentou-se para um p\u00fablico de cerca de 200 pessoas, no Centro de Conven\u00e7\u00f5es e Eventos Victor Brechet, no Parque das \u00c1guas. O texto de autoria de Ad\u00e3o Faustino trata-se de uma \u201ctragicom\u00e9dia\u201d, de 90 minutos de dura\u00e7\u00e3o que conta a hist\u00f3ria de Maria, uma t\u00edpica moradora do morro que sonha e sonha alto. Sonha com a fama, com o deslumbre, com o\" \/>\n<meta property=\"og:url\" content=\"https:\/\/www.encontraitaquaquecetuba.com.br\/sobre\/grupo-de-teatro-de-itaquaquecetuba-se-apresenta-em-festival-de-atibaia\/\" \/>\n<meta property=\"og:site_name\" content=\"Encontra Itaquaquecetuba\" \/>\n<meta property=\"article:published_time\" content=\"2011-11-24T19:54:23+00:00\" \/>\n<meta property=\"article:modified_time\" content=\"2021-09-13T15:21:38+00:00\" \/>\n<meta name=\"author\" content=\"Encontra Itaquaquecetuba\" \/>\n<meta name=\"twitter:card\" content=\"summary_large_image\" \/>\n<meta name=\"twitter:label1\" content=\"Escrito por\" \/>\n\t<meta name=\"twitter:data1\" content=\"Encontra Itaquaquecetuba\" \/>\n\t<meta name=\"twitter:label2\" content=\"Est. tempo de leitura\" \/>\n\t<meta name=\"twitter:data2\" content=\"1 minuto\" \/>\n<script type=\"application\/ld+json\" class=\"yoast-schema-graph\">{\"@context\":\"https:\/\/schema.org\",\"@graph\":[{\"@type\":\"WebPage\",\"@id\":\"https:\/\/www.encontraitaquaquecetuba.com.br\/sobre\/grupo-de-teatro-de-itaquaquecetuba-se-apresenta-em-festival-de-atibaia\/\",\"url\":\"https:\/\/www.encontraitaquaquecetuba.com.br\/sobre\/grupo-de-teatro-de-itaquaquecetuba-se-apresenta-em-festival-de-atibaia\/\",\"name\":\"Grupo de Teatro de Itaquaquecetuba se apresenta em festival de Atibaia - Encontra Itaquaquecetuba\",\"isPartOf\":{\"@id\":\"https:\/\/www.encontraitaquaquecetuba.com.br\/sobre\/#website\"},\"datePublished\":\"2011-11-24T19:54:23+00:00\",\"dateModified\":\"2021-09-13T15:21:38+00:00\",\"author\":{\"@id\":\"https:\/\/www.encontraitaquaquecetuba.com.br\/sobre\/#\/schema\/person\/a8a866dc746e447abf8ca22b02eae6ea\"},\"breadcrumb\":{\"@id\":\"https:\/\/www.encontraitaquaquecetuba.com.br\/sobre\/grupo-de-teatro-de-itaquaquecetuba-se-apresenta-em-festival-de-atibaia\/#breadcrumb\"},\"inLanguage\":\"pt-BR\",\"potentialAction\":[{\"@type\":\"ReadAction\",\"target\":[\"https:\/\/www.encontraitaquaquecetuba.com.br\/sobre\/grupo-de-teatro-de-itaquaquecetuba-se-apresenta-em-festival-de-atibaia\/\"]}]},{\"@type\":\"BreadcrumbList\",\"@id\":\"https:\/\/www.encontraitaquaquecetuba.com.br\/sobre\/grupo-de-teatro-de-itaquaquecetuba-se-apresenta-em-festival-de-atibaia\/#breadcrumb\",\"itemListElement\":[{\"@type\":\"ListItem\",\"position\":1,\"name\":\"In\u00edcio\",\"item\":\"https:\/\/www.encontraitaquaquecetuba.com.br\/sobre\/\"},{\"@type\":\"ListItem\",\"position\":2,\"name\":\"Grupo de Teatro de Itaquaquecetuba se apresenta em festival de Atibaia\"}]},{\"@type\":\"WebSite\",\"@id\":\"https:\/\/www.encontraitaquaquecetuba.com.br\/sobre\/#website\",\"url\":\"https:\/\/www.encontraitaquaquecetuba.com.br\/sobre\/\",\"name\":\"Encontra Itaquaquecetuba\",\"description\":\"Not\u00edcias, eventos, informa\u00e7\u00f5es e dicas na cidade de Itaquaquecetuba e regi\u00e3o\",\"potentialAction\":[{\"@type\":\"SearchAction\",\"target\":{\"@type\":\"EntryPoint\",\"urlTemplate\":\"https:\/\/www.encontraitaquaquecetuba.com.br\/sobre\/?s={search_term_string}\"},\"query-input\":\"required name=search_term_string\"}],\"inLanguage\":\"pt-BR\"},{\"@type\":\"Person\",\"@id\":\"https:\/\/www.encontraitaquaquecetuba.com.br\/sobre\/#\/schema\/person\/a8a866dc746e447abf8ca22b02eae6ea\",\"name\":\"Encontra Itaquaquecetuba\",\"image\":{\"@type\":\"ImageObject\",\"inLanguage\":\"pt-BR\",\"@id\":\"https:\/\/www.encontraitaquaquecetuba.com.br\/sobre\/#\/schema\/person\/image\/\",\"url\":\"https:\/\/secure.gravatar.com\/avatar\/f007732be0d27cbf8a336929fe922478?s=96&d=mm&r=g\",\"contentUrl\":\"https:\/\/secure.gravatar.com\/avatar\/f007732be0d27cbf8a336929fe922478?s=96&d=mm&r=g\",\"caption\":\"Encontra Itaquaquecetuba\"},\"sameAs\":[\"http:\/\/www.encontraitaquaquecetuba.com.br\"],\"url\":\"https:\/\/www.encontraitaquaquecetuba.com.br\/sobre\/author\/eitaquaquecetuba\/\"}]}<\/script>\n<!-- \/ Yoast SEO plugin. -->","yoast_head_json":{"title":"Grupo de Teatro de Itaquaquecetuba se apresenta em festival de Atibaia - Encontra Itaquaquecetuba","robots":{"index":"index","follow":"follow","max-snippet":"max-snippet:-1","max-image-preview":"max-image-preview:large","max-video-preview":"max-video-preview:-1"},"canonical":"https:\/\/www.encontraitaquaquecetuba.com.br\/sobre\/grupo-de-teatro-de-itaquaquecetuba-se-apresenta-em-festival-de-atibaia\/","og_locale":"pt_BR","og_type":"article","og_title":"Grupo de Teatro de Itaquaquecetuba se apresenta em festival de Atibaia - Encontra Itaquaquecetuba","og_description":"H\u00e1 poucos dias, o grupo de Teatro da cidade de Itaquaquecetuba foi convidado a participar a 5\u00aa Mostra Estudantil de Teatro de Atibaia.\u00a0Com o espet\u00e1culo \u201cDe Maria do Morro a Merlilyn Monrroe\u201d (censura 14 anos), o grupo municipal apresentou-se para um p\u00fablico de cerca de 200 pessoas, no Centro de Conven\u00e7\u00f5es e Eventos Victor Brechet, no Parque das \u00c1guas. O texto de autoria de Ad\u00e3o Faustino trata-se de uma \u201ctragicom\u00e9dia\u201d, de 90 minutos de dura\u00e7\u00e3o que conta a hist\u00f3ria de Maria, uma t\u00edpica moradora do morro que sonha e sonha alto. Sonha com a fama, com o deslumbre, com o","og_url":"https:\/\/www.encontraitaquaquecetuba.com.br\/sobre\/grupo-de-teatro-de-itaquaquecetuba-se-apresenta-em-festival-de-atibaia\/","og_site_name":"Encontra Itaquaquecetuba","article_published_time":"2011-11-24T19:54:23+00:00","article_modified_time":"2021-09-13T15:21:38+00:00","author":"Encontra Itaquaquecetuba","twitter_card":"summary_large_image","twitter_misc":{"Escrito por":"Encontra Itaquaquecetuba","Est. tempo de leitura":"1 minuto"},"schema":{"@context":"https:\/\/schema.org","@graph":[{"@type":"WebPage","@id":"https:\/\/www.encontraitaquaquecetuba.com.br\/sobre\/grupo-de-teatro-de-itaquaquecetuba-se-apresenta-em-festival-de-atibaia\/","url":"https:\/\/www.encontraitaquaquecetuba.com.br\/sobre\/grupo-de-teatro-de-itaquaquecetuba-se-apresenta-em-festival-de-atibaia\/","name":"Grupo de Teatro de Itaquaquecetuba se apresenta em festival de Atibaia - Encontra Itaquaquecetuba","isPartOf":{"@id":"https:\/\/www.encontraitaquaquecetuba.com.br\/sobre\/#website"},"datePublished":"2011-11-24T19:54:23+00:00","dateModified":"2021-09-13T15:21:38+00:00","author":{"@id":"https:\/\/www.encontraitaquaquecetuba.com.br\/sobre\/#\/schema\/person\/a8a866dc746e447abf8ca22b02eae6ea"},"breadcrumb":{"@id":"https:\/\/www.encontraitaquaquecetuba.com.br\/sobre\/grupo-de-teatro-de-itaquaquecetuba-se-apresenta-em-festival-de-atibaia\/#breadcrumb"},"inLanguage":"pt-BR","potentialAction":[{"@type":"ReadAction","target":["https:\/\/www.encontraitaquaquecetuba.com.br\/sobre\/grupo-de-teatro-de-itaquaquecetuba-se-apresenta-em-festival-de-atibaia\/"]}]},{"@type":"BreadcrumbList","@id":"https:\/\/www.encontraitaquaquecetuba.com.br\/sobre\/grupo-de-teatro-de-itaquaquecetuba-se-apresenta-em-festival-de-atibaia\/#breadcrumb","itemListElement":[{"@type":"ListItem","position":1,"name":"In\u00edcio","item":"https:\/\/www.encontraitaquaquecetuba.com.br\/sobre\/"},{"@type":"ListItem","position":2,"name":"Grupo de Teatro de Itaquaquecetuba se apresenta em festival de Atibaia"}]},{"@type":"WebSite","@id":"https:\/\/www.encontraitaquaquecetuba.com.br\/sobre\/#website","url":"https:\/\/www.encontraitaquaquecetuba.com.br\/sobre\/","name":"Encontra Itaquaquecetuba","description":"Not\u00edcias, eventos, informa\u00e7\u00f5es e dicas na cidade de Itaquaquecetuba e regi\u00e3o","potentialAction":[{"@type":"SearchAction","target":{"@type":"EntryPoint","urlTemplate":"https:\/\/www.encontraitaquaquecetuba.com.br\/sobre\/?s={search_term_string}"},"query-input":"required name=search_term_string"}],"inLanguage":"pt-BR"},{"@type":"Person","@id":"https:\/\/www.encontraitaquaquecetuba.com.br\/sobre\/#\/schema\/person\/a8a866dc746e447abf8ca22b02eae6ea","name":"Encontra Itaquaquecetuba","image":{"@type":"ImageObject","inLanguage":"pt-BR","@id":"https:\/\/www.encontraitaquaquecetuba.com.br\/sobre\/#\/schema\/person\/image\/","url":"https:\/\/secure.gravatar.com\/avatar\/f007732be0d27cbf8a336929fe922478?s=96&d=mm&r=g","contentUrl":"https:\/\/secure.gravatar.com\/avatar\/f007732be0d27cbf8a336929fe922478?s=96&d=mm&r=g","caption":"Encontra Itaquaquecetuba"},"sameAs":["http:\/\/www.encontraitaquaquecetuba.com.br"],"url":"https:\/\/www.encontraitaquaquecetuba.com.br\/sobre\/author\/eitaquaquecetuba\/"}]}},"_links":{"self":[{"href":"https:\/\/www.encontraitaquaquecetuba.com.br\/sobre\/wp-json\/wp\/v2\/posts\/260"}],"collection":[{"href":"https:\/\/www.encontraitaquaquecetuba.com.br\/sobre\/wp-json\/wp\/v2\/posts"}],"about":[{"href":"https:\/\/www.encontraitaquaquecetuba.com.br\/sobre\/wp-json\/wp\/v2\/types\/post"}],"author":[{"embeddable":true,"href":"https:\/\/www.encontraitaquaquecetuba.com.br\/sobre\/wp-json\/wp\/v2\/users\/1"}],"replies":[{"embeddable":true,"href":"https:\/\/www.encontraitaquaquecetuba.com.br\/sobre\/wp-json\/wp\/v2\/comments?post=260"}],"version-history":[{"count":0,"href":"https:\/\/www.encontraitaquaquecetuba.com.br\/sobre\/wp-json\/wp\/v2\/posts\/260\/revisions"}],"wp:attachment":[{"href":"https:\/\/www.encontraitaquaquecetuba.com.br\/sobre\/wp-json\/wp\/v2\/media?parent=260"}],"wp:term":[{"taxonomy":"category","embeddable":true,"href":"https:\/\/www.encontraitaquaquecetuba.com.br\/sobre\/wp-json\/wp\/v2\/categories?post=260"},{"taxonomy":"post_tag","embeddable":true,"href":"https:\/\/www.encontraitaquaquecetuba.com.br\/sobre\/wp-json\/wp\/v2\/tags?post=260"}],"curies":[{"name":"wp","href":"https:\/\/api.w.org\/{rel}","templated":true}]}}