{"id":268,"date":"2011-12-01T19:16:30","date_gmt":"2011-12-01T19:16:30","guid":{"rendered":"http:\/\/www.encontraitaquaquecetuba.com.br\/noticias\/?p=268"},"modified":"2013-08-14T04:50:56","modified_gmt":"2013-08-14T04:50:56","slug":"itaquaquecetuba-realiza-busca-ativa-para-o-programa-bandeirantes","status":"publish","type":"post","link":"https:\/\/www.encontraitaquaquecetuba.com.br\/sobre\/itaquaquecetuba-realiza-busca-ativa-para-o-programa-bandeirantes\/","title":{"rendered":"Itaquaquecetuba realiza Busca Ativa para o \u201cPrograma Bandeirantes\u201d"},"content":{"rendered":"<div class=\"80eb2665678f8e3864bb9a528523815b\" data-index=\"1\" style=\"float: none; margin:5px 0 5px 0; text-align:center;\">\n<!-- PUB 73 - Responsivo Horizontal -->\r\n<ins class=\"adsbygoogle\"\r\n     style=\"display:block\"\r\n     data-ad-client=\"ca-pub-7321736592693252\"\r\n     data-ad-slot=\"3087950420\"\r\n     data-ad-format=\"auto\"\r\n     data-full-width-responsive=\"true\"><\/ins>\r\n<script>\r\n     (adsbygoogle = window.adsbygoogle || []).push({});\r\n<\/script>\n<\/div>\n<p>Tendo em vista a implanta\u00e7\u00e3o do programa \u201cBrasil Sem Mis\u00e9ria\u201d, a prefeitura de Itaquaquecetuba , por meio da secretaria municipal de Promo\u00e7\u00e3o Social realiza a\u00e7\u00f5es segmentadas.<\/p>\n<p>Antes de chegar \u00e0 esfera federal, o munic\u00edpio deve atender \u00e0s especifica\u00e7\u00f5es de um outro projeto, em n\u00edvel estadual, denominado \u201cPrograma Bandeirantes\u201d, que tamb\u00e9m tem por objetivo superar a extrema pobreza no estado e promover a mobilidade social, promovendo a articula\u00e7\u00e3o entre o \u201cBolsa Fam\u00edlia\u201d e o \u201cRenda Cidad\u00e3\u201d.<\/p>\n<p>H\u00e1 alguns dias, tr\u00eas equipes da secretaria municipal de Promo\u00e7\u00e3o Social realizam a chamada \u201cBusca Ativa\u201d das fam\u00edlias em situa\u00e7\u00e3o de vulnerabilidade, cuja renda n\u00e3o alcan\u00e7a R$ 70 per capita mensais.<\/p>\n<p>Acompanhadas de assistentes sociais e demais t\u00e9cnicos da pasta, os visitadores visam identificar as priva\u00e7\u00f5es a partir de um instrumento de coleta de dados elaborado com base no \u00edndice de Pobreza Multidimensional \u2013 IPM, criado pelo Programa das Na\u00e7\u00f5es Unidades para o Desenvolvimento \u2013 PNUD.<\/p>\n<p>Devidamente uniformizados e identificados, em um primeiro momento o trabalho bairro a bairro \u00e9 realizado nas localidades que representam \u00e1reas irregulares, de risco e\/ou divisas (tais como: Bartira, Recanto M\u00f4nica, Quinta da Boa Vista, entre outros).<\/p>\n<p>Segundo a coordenadora da pasta, Helena Cimeno: \u201c&#8230; num primeiro momento, a estimativa \u00e9 de que sejam identificadas cerca de 24 mil fam\u00edlias&#8230;\u201d.<\/p>\n<p>Os agentes preenchem um question\u00e1rio bem simples que aborda as \u00e1reas da educa\u00e7\u00e3o, sa\u00fade e padr\u00e3o de vida (baseados no IPM).<\/p>\n<p>A secret\u00e1ria, Guiomar Soares Tavares confirma que \u201c&#8230;com base nos resultados obtidos por meio deste estudo ser\u00e1 poss\u00edvel a capta\u00e7\u00e3o de recursos para a imediata assist\u00eancia a estas fam\u00edlias&#8230;\u201d.<\/p>\n<p>Neste sentido, \u00e9 importante que as fam\u00edlias sejam receptivas ao receberem a visita das equipes da Promo\u00e7\u00e3o Social, tendo em vista a pol\u00edtica p\u00fablica de erradica\u00e7\u00e3o da pobreza extrema na cidade de Itaquaquecetuba.<\/p>\n<p><em>Fonte: Prefeitura de Itaquaquecetuba<\/em><\/p>\n\n<div style=\"font-size: 0px; height: 0px; line-height: 0px; margin: 0; padding: 0; clear: both;\"><\/div>","protected":false},"excerpt":{"rendered":"<p>Tendo em vista a implanta\u00e7\u00e3o do programa \u201cBrasil Sem Mis\u00e9ria\u201d, a prefeitura de Itaquaquecetuba , por meio da secretaria municipal de Promo\u00e7\u00e3o Social realiza a\u00e7\u00f5es segmentadas. Antes de chegar \u00e0 esfera federal, o munic\u00edpio deve atender \u00e0s especifica\u00e7\u00f5es de um outro projeto, em n\u00edvel estadual, denominado \u201cPrograma Bandeirantes\u201d, que tamb\u00e9m tem por objetivo superar a extrema pobreza no estado e promover a mobilidade social, promovendo a articula\u00e7\u00e3o entre o \u201cBolsa Fam\u00edlia\u201d e o \u201cRenda Cidad\u00e3\u201d. H\u00e1 alguns dias, tr\u00eas equipes da secretaria municipal de Promo\u00e7\u00e3o Social realizam a chamada \u201cBusca Ativa\u201d das fam\u00edlias em situa\u00e7\u00e3o de vulnerabilidade, cuja renda n\u00e3o <\/p>\n","protected":false},"author":1,"featured_media":0,"comment_status":"open","ping_status":"open","sticky":false,"template":"","format":"standard","meta":[],"categories":[6],"tags":[14],"yoast_head":"<!-- This site is optimized with the Yoast SEO plugin v19.6.1 - https:\/\/yoast.com\/wordpress\/plugins\/seo\/ -->\n<title>Itaquaquecetuba realiza Busca Ativa para o \u201cPrograma Bandeirantes\u201d - Encontra Itaquaquecetuba<\/title>\n<meta name=\"robots\" content=\"index, follow, max-snippet:-1, max-image-preview:large, max-video-preview:-1\" \/>\n<link rel=\"canonical\" href=\"https:\/\/www.encontraitaquaquecetuba.com.br\/sobre\/itaquaquecetuba-realiza-busca-ativa-para-o-programa-bandeirantes\/\" \/>\n<meta property=\"og:locale\" content=\"pt_BR\" \/>\n<meta property=\"og:type\" content=\"article\" \/>\n<meta property=\"og:title\" content=\"Itaquaquecetuba realiza Busca Ativa para o \u201cPrograma Bandeirantes\u201d - Encontra Itaquaquecetuba\" \/>\n<meta property=\"og:description\" content=\"Tendo em vista a implanta\u00e7\u00e3o do programa \u201cBrasil Sem Mis\u00e9ria\u201d, a prefeitura de Itaquaquecetuba , por meio da secretaria municipal de Promo\u00e7\u00e3o Social realiza a\u00e7\u00f5es segmentadas. Antes de chegar \u00e0 esfera federal, o munic\u00edpio deve atender \u00e0s especifica\u00e7\u00f5es de um outro projeto, em n\u00edvel estadual, denominado \u201cPrograma Bandeirantes\u201d, que tamb\u00e9m tem por objetivo superar a extrema pobreza no estado e promover a mobilidade social, promovendo a articula\u00e7\u00e3o entre o \u201cBolsa Fam\u00edlia\u201d e o \u201cRenda Cidad\u00e3\u201d. H\u00e1 alguns dias, tr\u00eas equipes da secretaria municipal de Promo\u00e7\u00e3o Social realizam a chamada \u201cBusca Ativa\u201d das fam\u00edlias em situa\u00e7\u00e3o de vulnerabilidade, cuja renda n\u00e3o\" \/>\n<meta property=\"og:url\" content=\"https:\/\/www.encontraitaquaquecetuba.com.br\/sobre\/itaquaquecetuba-realiza-busca-ativa-para-o-programa-bandeirantes\/\" \/>\n<meta property=\"og:site_name\" content=\"Encontra Itaquaquecetuba\" \/>\n<meta property=\"article:published_time\" content=\"2011-12-01T19:16:30+00:00\" \/>\n<meta property=\"article:modified_time\" content=\"2013-08-14T04:50:56+00:00\" \/>\n<meta name=\"author\" content=\"Encontra Itaquaquecetuba\" \/>\n<meta name=\"twitter:card\" content=\"summary_large_image\" \/>\n<meta name=\"twitter:label1\" content=\"Escrito por\" \/>\n\t<meta name=\"twitter:data1\" content=\"Encontra Itaquaquecetuba\" \/>\n\t<meta name=\"twitter:label2\" content=\"Est. tempo de leitura\" \/>\n\t<meta name=\"twitter:data2\" content=\"2 minutos\" \/>\n<script type=\"application\/ld+json\" class=\"yoast-schema-graph\">{\"@context\":\"https:\/\/schema.org\",\"@graph\":[{\"@type\":\"WebPage\",\"@id\":\"https:\/\/www.encontraitaquaquecetuba.com.br\/sobre\/itaquaquecetuba-realiza-busca-ativa-para-o-programa-bandeirantes\/\",\"url\":\"https:\/\/www.encontraitaquaquecetuba.com.br\/sobre\/itaquaquecetuba-realiza-busca-ativa-para-o-programa-bandeirantes\/\",\"name\":\"Itaquaquecetuba realiza Busca Ativa para o \u201cPrograma Bandeirantes\u201d - Encontra Itaquaquecetuba\",\"isPartOf\":{\"@id\":\"https:\/\/www.encontraitaquaquecetuba.com.br\/sobre\/#website\"},\"datePublished\":\"2011-12-01T19:16:30+00:00\",\"dateModified\":\"2013-08-14T04:50:56+00:00\",\"author\":{\"@id\":\"https:\/\/www.encontraitaquaquecetuba.com.br\/sobre\/#\/schema\/person\/a8a866dc746e447abf8ca22b02eae6ea\"},\"breadcrumb\":{\"@id\":\"https:\/\/www.encontraitaquaquecetuba.com.br\/sobre\/itaquaquecetuba-realiza-busca-ativa-para-o-programa-bandeirantes\/#breadcrumb\"},\"inLanguage\":\"pt-BR\",\"potentialAction\":[{\"@type\":\"ReadAction\",\"target\":[\"https:\/\/www.encontraitaquaquecetuba.com.br\/sobre\/itaquaquecetuba-realiza-busca-ativa-para-o-programa-bandeirantes\/\"]}]},{\"@type\":\"BreadcrumbList\",\"@id\":\"https:\/\/www.encontraitaquaquecetuba.com.br\/sobre\/itaquaquecetuba-realiza-busca-ativa-para-o-programa-bandeirantes\/#breadcrumb\",\"itemListElement\":[{\"@type\":\"ListItem\",\"position\":1,\"name\":\"In\u00edcio\",\"item\":\"https:\/\/www.encontraitaquaquecetuba.com.br\/sobre\/\"},{\"@type\":\"ListItem\",\"position\":2,\"name\":\"Itaquaquecetuba realiza Busca Ativa para o \u201cPrograma Bandeirantes\u201d\"}]},{\"@type\":\"WebSite\",\"@id\":\"https:\/\/www.encontraitaquaquecetuba.com.br\/sobre\/#website\",\"url\":\"https:\/\/www.encontraitaquaquecetuba.com.br\/sobre\/\",\"name\":\"Encontra Itaquaquecetuba\",\"description\":\"Not\u00edcias, eventos, informa\u00e7\u00f5es e dicas na cidade de Itaquaquecetuba e regi\u00e3o\",\"potentialAction\":[{\"@type\":\"SearchAction\",\"target\":{\"@type\":\"EntryPoint\",\"urlTemplate\":\"https:\/\/www.encontraitaquaquecetuba.com.br\/sobre\/?s={search_term_string}\"},\"query-input\":\"required name=search_term_string\"}],\"inLanguage\":\"pt-BR\"},{\"@type\":\"Person\",\"@id\":\"https:\/\/www.encontraitaquaquecetuba.com.br\/sobre\/#\/schema\/person\/a8a866dc746e447abf8ca22b02eae6ea\",\"name\":\"Encontra Itaquaquecetuba\",\"image\":{\"@type\":\"ImageObject\",\"inLanguage\":\"pt-BR\",\"@id\":\"https:\/\/www.encontraitaquaquecetuba.com.br\/sobre\/#\/schema\/person\/image\/\",\"url\":\"https:\/\/secure.gravatar.com\/avatar\/f007732be0d27cbf8a336929fe922478?s=96&d=mm&r=g\",\"contentUrl\":\"https:\/\/secure.gravatar.com\/avatar\/f007732be0d27cbf8a336929fe922478?s=96&d=mm&r=g\",\"caption\":\"Encontra Itaquaquecetuba\"},\"sameAs\":[\"http:\/\/www.encontraitaquaquecetuba.com.br\"],\"url\":\"https:\/\/www.encontraitaquaquecetuba.com.br\/sobre\/author\/eitaquaquecetuba\/\"}]}<\/script>\n<!-- \/ Yoast SEO plugin. -->","yoast_head_json":{"title":"Itaquaquecetuba realiza Busca Ativa para o \u201cPrograma Bandeirantes\u201d - Encontra Itaquaquecetuba","robots":{"index":"index","follow":"follow","max-snippet":"max-snippet:-1","max-image-preview":"max-image-preview:large","max-video-preview":"max-video-preview:-1"},"canonical":"https:\/\/www.encontraitaquaquecetuba.com.br\/sobre\/itaquaquecetuba-realiza-busca-ativa-para-o-programa-bandeirantes\/","og_locale":"pt_BR","og_type":"article","og_title":"Itaquaquecetuba realiza Busca Ativa para o \u201cPrograma Bandeirantes\u201d - Encontra Itaquaquecetuba","og_description":"Tendo em vista a implanta\u00e7\u00e3o do programa \u201cBrasil Sem Mis\u00e9ria\u201d, a prefeitura de Itaquaquecetuba , por meio da secretaria municipal de Promo\u00e7\u00e3o Social realiza a\u00e7\u00f5es segmentadas. Antes de chegar \u00e0 esfera federal, o munic\u00edpio deve atender \u00e0s especifica\u00e7\u00f5es de um outro projeto, em n\u00edvel estadual, denominado \u201cPrograma Bandeirantes\u201d, que tamb\u00e9m tem por objetivo superar a extrema pobreza no estado e promover a mobilidade social, promovendo a articula\u00e7\u00e3o entre o \u201cBolsa Fam\u00edlia\u201d e o \u201cRenda Cidad\u00e3\u201d. H\u00e1 alguns dias, tr\u00eas equipes da secretaria municipal de Promo\u00e7\u00e3o Social realizam a chamada \u201cBusca Ativa\u201d das fam\u00edlias em situa\u00e7\u00e3o de vulnerabilidade, cuja renda n\u00e3o","og_url":"https:\/\/www.encontraitaquaquecetuba.com.br\/sobre\/itaquaquecetuba-realiza-busca-ativa-para-o-programa-bandeirantes\/","og_site_name":"Encontra Itaquaquecetuba","article_published_time":"2011-12-01T19:16:30+00:00","article_modified_time":"2013-08-14T04:50:56+00:00","author":"Encontra Itaquaquecetuba","twitter_card":"summary_large_image","twitter_misc":{"Escrito por":"Encontra Itaquaquecetuba","Est. tempo de leitura":"2 minutos"},"schema":{"@context":"https:\/\/schema.org","@graph":[{"@type":"WebPage","@id":"https:\/\/www.encontraitaquaquecetuba.com.br\/sobre\/itaquaquecetuba-realiza-busca-ativa-para-o-programa-bandeirantes\/","url":"https:\/\/www.encontraitaquaquecetuba.com.br\/sobre\/itaquaquecetuba-realiza-busca-ativa-para-o-programa-bandeirantes\/","name":"Itaquaquecetuba realiza Busca Ativa para o \u201cPrograma Bandeirantes\u201d - Encontra Itaquaquecetuba","isPartOf":{"@id":"https:\/\/www.encontraitaquaquecetuba.com.br\/sobre\/#website"},"datePublished":"2011-12-01T19:16:30+00:00","dateModified":"2013-08-14T04:50:56+00:00","author":{"@id":"https:\/\/www.encontraitaquaquecetuba.com.br\/sobre\/#\/schema\/person\/a8a866dc746e447abf8ca22b02eae6ea"},"breadcrumb":{"@id":"https:\/\/www.encontraitaquaquecetuba.com.br\/sobre\/itaquaquecetuba-realiza-busca-ativa-para-o-programa-bandeirantes\/#breadcrumb"},"inLanguage":"pt-BR","potentialAction":[{"@type":"ReadAction","target":["https:\/\/www.encontraitaquaquecetuba.com.br\/sobre\/itaquaquecetuba-realiza-busca-ativa-para-o-programa-bandeirantes\/"]}]},{"@type":"BreadcrumbList","@id":"https:\/\/www.encontraitaquaquecetuba.com.br\/sobre\/itaquaquecetuba-realiza-busca-ativa-para-o-programa-bandeirantes\/#breadcrumb","itemListElement":[{"@type":"ListItem","position":1,"name":"In\u00edcio","item":"https:\/\/www.encontraitaquaquecetuba.com.br\/sobre\/"},{"@type":"ListItem","position":2,"name":"Itaquaquecetuba realiza Busca Ativa para o \u201cPrograma Bandeirantes\u201d"}]},{"@type":"WebSite","@id":"https:\/\/www.encontraitaquaquecetuba.com.br\/sobre\/#website","url":"https:\/\/www.encontraitaquaquecetuba.com.br\/sobre\/","name":"Encontra Itaquaquecetuba","description":"Not\u00edcias, eventos, informa\u00e7\u00f5es e dicas na cidade de Itaquaquecetuba e regi\u00e3o","potentialAction":[{"@type":"SearchAction","target":{"@type":"EntryPoint","urlTemplate":"https:\/\/www.encontraitaquaquecetuba.com.br\/sobre\/?s={search_term_string}"},"query-input":"required name=search_term_string"}],"inLanguage":"pt-BR"},{"@type":"Person","@id":"https:\/\/www.encontraitaquaquecetuba.com.br\/sobre\/#\/schema\/person\/a8a866dc746e447abf8ca22b02eae6ea","name":"Encontra Itaquaquecetuba","image":{"@type":"ImageObject","inLanguage":"pt-BR","@id":"https:\/\/www.encontraitaquaquecetuba.com.br\/sobre\/#\/schema\/person\/image\/","url":"https:\/\/secure.gravatar.com\/avatar\/f007732be0d27cbf8a336929fe922478?s=96&d=mm&r=g","contentUrl":"https:\/\/secure.gravatar.com\/avatar\/f007732be0d27cbf8a336929fe922478?s=96&d=mm&r=g","caption":"Encontra Itaquaquecetuba"},"sameAs":["http:\/\/www.encontraitaquaquecetuba.com.br"],"url":"https:\/\/www.encontraitaquaquecetuba.com.br\/sobre\/author\/eitaquaquecetuba\/"}]}},"_links":{"self":[{"href":"https:\/\/www.encontraitaquaquecetuba.com.br\/sobre\/wp-json\/wp\/v2\/posts\/268"}],"collection":[{"href":"https:\/\/www.encontraitaquaquecetuba.com.br\/sobre\/wp-json\/wp\/v2\/posts"}],"about":[{"href":"https:\/\/www.encontraitaquaquecetuba.com.br\/sobre\/wp-json\/wp\/v2\/types\/post"}],"author":[{"embeddable":true,"href":"https:\/\/www.encontraitaquaquecetuba.com.br\/sobre\/wp-json\/wp\/v2\/users\/1"}],"replies":[{"embeddable":true,"href":"https:\/\/www.encontraitaquaquecetuba.com.br\/sobre\/wp-json\/wp\/v2\/comments?post=268"}],"version-history":[{"count":0,"href":"https:\/\/www.encontraitaquaquecetuba.com.br\/sobre\/wp-json\/wp\/v2\/posts\/268\/revisions"}],"wp:attachment":[{"href":"https:\/\/www.encontraitaquaquecetuba.com.br\/sobre\/wp-json\/wp\/v2\/media?parent=268"}],"wp:term":[{"taxonomy":"category","embeddable":true,"href":"https:\/\/www.encontraitaquaquecetuba.com.br\/sobre\/wp-json\/wp\/v2\/categories?post=268"},{"taxonomy":"post_tag","embeddable":true,"href":"https:\/\/www.encontraitaquaquecetuba.com.br\/sobre\/wp-json\/wp\/v2\/tags?post=268"}],"curies":[{"name":"wp","href":"https:\/\/api.w.org\/{rel}","templated":true}]}}