{"id":273,"date":"2011-12-06T19:01:06","date_gmt":"2011-12-06T19:01:06","guid":{"rendered":"http:\/\/www.encontraitaquaquecetuba.com.br\/noticias\/?p=273"},"modified":"2013-08-14T04:51:00","modified_gmt":"2013-08-14T04:51:00","slug":"policia-prende-suspeito-de-oito-mortes-em-itaquaquecetuba","status":"publish","type":"post","link":"https:\/\/www.encontraitaquaquecetuba.com.br\/sobre\/policia-prende-suspeito-de-oito-mortes-em-itaquaquecetuba\/","title":{"rendered":"Pol\u00edcia prende suspeito de oito mortes em Itaquaquecetuba"},"content":{"rendered":"<div class=\"80eb2665678f8e3864bb9a528523815b\" data-index=\"1\" style=\"float: none; margin:5px 0 5px 0; text-align:center;\">\n<!-- PUB 73 - Responsivo Horizontal -->\r\n<ins class=\"adsbygoogle\"\r\n     style=\"display:block\"\r\n     data-ad-client=\"ca-pub-7321736592693252\"\r\n     data-ad-slot=\"3087950420\"\r\n     data-ad-format=\"auto\"\r\n     data-full-width-responsive=\"true\"><\/ins>\r\n<script>\r\n     (adsbygoogle = window.adsbygoogle || []).push({});\r\n<\/script>\n<\/div>\n<p>Um homem de 22 anos foi preso nesta segunda-feira (5) em guia de Itaquaquecetuba, na Grande S\u00e3o Paulo, por suspeita de assassinar oito pessoas e tentar matar outras duas. Todos os crimes aconteceram em um per\u00edodo de 60 dias. Junto com o suspeito estavam uma arma e uma touca ninja, que foram apreendidos.<\/p>\n<p>A pol\u00edcia suspeita que ele seja um assassino em s\u00e9rie. O primeiro crime ocorreu no come\u00e7o de outubro e, desde ent\u00e3o, outros casos semelhantes ocorreram. A pol\u00edcia come\u00e7ou a procurar por um homem com as mesmas caracter\u00edsticas do preso em bairros da cidade onde as v\u00edtimas foram encontradas. Uma das pessoas que conseguiu sobreviver deu \u00e0 pol\u00edcia uma descri\u00e7\u00e3o do assassino.<\/p>\n<p>As v\u00edtimas eram abordadas em uma via entre Itaquaquecetuba e Po\u00e1 quando passavam a p\u00e9. Segundo a pol\u00edcia, o homem morava em uma casa na mesma regi\u00e3o com a m\u00e3e. Ela tentou entreg\u00e1-lo \u00e0 pol\u00edcia, mas foi amea\u00e7ada de morte e resolveu se mudar para o Sul do pa\u00eds. O suspeito levava uma vida aparentemente normal \u2013 era feirante autorizado pela Prefeitura de Itaquaquecetuba.<\/p>\n<p>O delegado Eduardo Queiroz, respons\u00e1vel pelo caso, informou que at\u00e9 a noite desta segunda-feira o suspeito havia confessado apenas um assassinato. Cinco testemunhas o reconheceram. O exame de bal\u00edstica deve apontar se o preso \u00e9 o respons\u00e1vel pelas outras mortes &#8211; o criminoso deixava as balas usadas ao lado das v\u00edtimas. A pol\u00edcia suspeita que o preso possa ter problemas mentais.<\/p>\n<p><em>Fonte: G1<\/em><\/p>\n\n<div style=\"font-size: 0px; height: 0px; line-height: 0px; margin: 0; padding: 0; clear: both;\"><\/div>","protected":false},"excerpt":{"rendered":"<p>Um homem de 22 anos foi preso nesta segunda-feira (5) em guia de Itaquaquecetuba, na Grande S\u00e3o Paulo, por suspeita de assassinar oito pessoas e tentar matar outras duas. Todos os crimes aconteceram em um per\u00edodo de 60 dias. Junto com o suspeito estavam uma arma e uma touca ninja, que foram apreendidos. A pol\u00edcia suspeita que ele seja um assassino em s\u00e9rie. O primeiro crime ocorreu no come\u00e7o de outubro e, desde ent\u00e3o, outros casos semelhantes ocorreram. A pol\u00edcia come\u00e7ou a procurar por um homem com as mesmas caracter\u00edsticas do preso em bairros da cidade onde as v\u00edtimas foram <\/p>\n","protected":false},"author":1,"featured_media":0,"comment_status":"open","ping_status":"open","sticky":false,"template":"","format":"standard","meta":[],"categories":[6],"tags":[14],"yoast_head":"<!-- This site is optimized with the Yoast SEO plugin v19.6.1 - https:\/\/yoast.com\/wordpress\/plugins\/seo\/ -->\n<title>Pol\u00edcia prende suspeito de oito mortes em Itaquaquecetuba - Encontra Itaquaquecetuba<\/title>\n<meta name=\"robots\" content=\"index, follow, max-snippet:-1, max-image-preview:large, max-video-preview:-1\" \/>\n<link rel=\"canonical\" href=\"https:\/\/www.encontraitaquaquecetuba.com.br\/sobre\/policia-prende-suspeito-de-oito-mortes-em-itaquaquecetuba\/\" \/>\n<meta property=\"og:locale\" content=\"pt_BR\" \/>\n<meta property=\"og:type\" content=\"article\" \/>\n<meta property=\"og:title\" content=\"Pol\u00edcia prende suspeito de oito mortes em Itaquaquecetuba - Encontra Itaquaquecetuba\" \/>\n<meta property=\"og:description\" content=\"Um homem de 22 anos foi preso nesta segunda-feira (5) em guia de Itaquaquecetuba, na Grande S\u00e3o Paulo, por suspeita de assassinar oito pessoas e tentar matar outras duas. Todos os crimes aconteceram em um per\u00edodo de 60 dias. Junto com o suspeito estavam uma arma e uma touca ninja, que foram apreendidos. A pol\u00edcia suspeita que ele seja um assassino em s\u00e9rie. O primeiro crime ocorreu no come\u00e7o de outubro e, desde ent\u00e3o, outros casos semelhantes ocorreram. A pol\u00edcia come\u00e7ou a procurar por um homem com as mesmas caracter\u00edsticas do preso em bairros da cidade onde as v\u00edtimas foram\" \/>\n<meta property=\"og:url\" content=\"https:\/\/www.encontraitaquaquecetuba.com.br\/sobre\/policia-prende-suspeito-de-oito-mortes-em-itaquaquecetuba\/\" \/>\n<meta property=\"og:site_name\" content=\"Encontra Itaquaquecetuba\" \/>\n<meta property=\"article:published_time\" content=\"2011-12-06T19:01:06+00:00\" \/>\n<meta property=\"article:modified_time\" content=\"2013-08-14T04:51:00+00:00\" \/>\n<meta name=\"author\" content=\"Encontra Itaquaquecetuba\" \/>\n<meta name=\"twitter:card\" content=\"summary_large_image\" \/>\n<meta name=\"twitter:label1\" content=\"Escrito por\" \/>\n\t<meta name=\"twitter:data1\" content=\"Encontra Itaquaquecetuba\" \/>\n\t<meta name=\"twitter:label2\" content=\"Est. tempo de leitura\" \/>\n\t<meta name=\"twitter:data2\" content=\"1 minuto\" \/>\n<script type=\"application\/ld+json\" class=\"yoast-schema-graph\">{\"@context\":\"https:\/\/schema.org\",\"@graph\":[{\"@type\":\"WebPage\",\"@id\":\"https:\/\/www.encontraitaquaquecetuba.com.br\/sobre\/policia-prende-suspeito-de-oito-mortes-em-itaquaquecetuba\/\",\"url\":\"https:\/\/www.encontraitaquaquecetuba.com.br\/sobre\/policia-prende-suspeito-de-oito-mortes-em-itaquaquecetuba\/\",\"name\":\"Pol\u00edcia prende suspeito de oito mortes em Itaquaquecetuba - Encontra Itaquaquecetuba\",\"isPartOf\":{\"@id\":\"https:\/\/www.encontraitaquaquecetuba.com.br\/sobre\/#website\"},\"datePublished\":\"2011-12-06T19:01:06+00:00\",\"dateModified\":\"2013-08-14T04:51:00+00:00\",\"author\":{\"@id\":\"https:\/\/www.encontraitaquaquecetuba.com.br\/sobre\/#\/schema\/person\/a8a866dc746e447abf8ca22b02eae6ea\"},\"breadcrumb\":{\"@id\":\"https:\/\/www.encontraitaquaquecetuba.com.br\/sobre\/policia-prende-suspeito-de-oito-mortes-em-itaquaquecetuba\/#breadcrumb\"},\"inLanguage\":\"pt-BR\",\"potentialAction\":[{\"@type\":\"ReadAction\",\"target\":[\"https:\/\/www.encontraitaquaquecetuba.com.br\/sobre\/policia-prende-suspeito-de-oito-mortes-em-itaquaquecetuba\/\"]}]},{\"@type\":\"BreadcrumbList\",\"@id\":\"https:\/\/www.encontraitaquaquecetuba.com.br\/sobre\/policia-prende-suspeito-de-oito-mortes-em-itaquaquecetuba\/#breadcrumb\",\"itemListElement\":[{\"@type\":\"ListItem\",\"position\":1,\"name\":\"In\u00edcio\",\"item\":\"https:\/\/www.encontraitaquaquecetuba.com.br\/sobre\/\"},{\"@type\":\"ListItem\",\"position\":2,\"name\":\"Pol\u00edcia prende suspeito de oito mortes em Itaquaquecetuba\"}]},{\"@type\":\"WebSite\",\"@id\":\"https:\/\/www.encontraitaquaquecetuba.com.br\/sobre\/#website\",\"url\":\"https:\/\/www.encontraitaquaquecetuba.com.br\/sobre\/\",\"name\":\"Encontra Itaquaquecetuba\",\"description\":\"Not\u00edcias, eventos, informa\u00e7\u00f5es e dicas na cidade de Itaquaquecetuba e regi\u00e3o\",\"potentialAction\":[{\"@type\":\"SearchAction\",\"target\":{\"@type\":\"EntryPoint\",\"urlTemplate\":\"https:\/\/www.encontraitaquaquecetuba.com.br\/sobre\/?s={search_term_string}\"},\"query-input\":\"required name=search_term_string\"}],\"inLanguage\":\"pt-BR\"},{\"@type\":\"Person\",\"@id\":\"https:\/\/www.encontraitaquaquecetuba.com.br\/sobre\/#\/schema\/person\/a8a866dc746e447abf8ca22b02eae6ea\",\"name\":\"Encontra Itaquaquecetuba\",\"image\":{\"@type\":\"ImageObject\",\"inLanguage\":\"pt-BR\",\"@id\":\"https:\/\/www.encontraitaquaquecetuba.com.br\/sobre\/#\/schema\/person\/image\/\",\"url\":\"https:\/\/secure.gravatar.com\/avatar\/f007732be0d27cbf8a336929fe922478?s=96&d=mm&r=g\",\"contentUrl\":\"https:\/\/secure.gravatar.com\/avatar\/f007732be0d27cbf8a336929fe922478?s=96&d=mm&r=g\",\"caption\":\"Encontra Itaquaquecetuba\"},\"sameAs\":[\"http:\/\/www.encontraitaquaquecetuba.com.br\"],\"url\":\"https:\/\/www.encontraitaquaquecetuba.com.br\/sobre\/author\/eitaquaquecetuba\/\"}]}<\/script>\n<!-- \/ Yoast SEO plugin. -->","yoast_head_json":{"title":"Pol\u00edcia prende suspeito de oito mortes em Itaquaquecetuba - Encontra Itaquaquecetuba","robots":{"index":"index","follow":"follow","max-snippet":"max-snippet:-1","max-image-preview":"max-image-preview:large","max-video-preview":"max-video-preview:-1"},"canonical":"https:\/\/www.encontraitaquaquecetuba.com.br\/sobre\/policia-prende-suspeito-de-oito-mortes-em-itaquaquecetuba\/","og_locale":"pt_BR","og_type":"article","og_title":"Pol\u00edcia prende suspeito de oito mortes em Itaquaquecetuba - Encontra Itaquaquecetuba","og_description":"Um homem de 22 anos foi preso nesta segunda-feira (5) em guia de Itaquaquecetuba, na Grande S\u00e3o Paulo, por suspeita de assassinar oito pessoas e tentar matar outras duas. Todos os crimes aconteceram em um per\u00edodo de 60 dias. Junto com o suspeito estavam uma arma e uma touca ninja, que foram apreendidos. A pol\u00edcia suspeita que ele seja um assassino em s\u00e9rie. O primeiro crime ocorreu no come\u00e7o de outubro e, desde ent\u00e3o, outros casos semelhantes ocorreram. A pol\u00edcia come\u00e7ou a procurar por um homem com as mesmas caracter\u00edsticas do preso em bairros da cidade onde as v\u00edtimas foram","og_url":"https:\/\/www.encontraitaquaquecetuba.com.br\/sobre\/policia-prende-suspeito-de-oito-mortes-em-itaquaquecetuba\/","og_site_name":"Encontra Itaquaquecetuba","article_published_time":"2011-12-06T19:01:06+00:00","article_modified_time":"2013-08-14T04:51:00+00:00","author":"Encontra Itaquaquecetuba","twitter_card":"summary_large_image","twitter_misc":{"Escrito por":"Encontra Itaquaquecetuba","Est. tempo de leitura":"1 minuto"},"schema":{"@context":"https:\/\/schema.org","@graph":[{"@type":"WebPage","@id":"https:\/\/www.encontraitaquaquecetuba.com.br\/sobre\/policia-prende-suspeito-de-oito-mortes-em-itaquaquecetuba\/","url":"https:\/\/www.encontraitaquaquecetuba.com.br\/sobre\/policia-prende-suspeito-de-oito-mortes-em-itaquaquecetuba\/","name":"Pol\u00edcia prende suspeito de oito mortes em Itaquaquecetuba - Encontra Itaquaquecetuba","isPartOf":{"@id":"https:\/\/www.encontraitaquaquecetuba.com.br\/sobre\/#website"},"datePublished":"2011-12-06T19:01:06+00:00","dateModified":"2013-08-14T04:51:00+00:00","author":{"@id":"https:\/\/www.encontraitaquaquecetuba.com.br\/sobre\/#\/schema\/person\/a8a866dc746e447abf8ca22b02eae6ea"},"breadcrumb":{"@id":"https:\/\/www.encontraitaquaquecetuba.com.br\/sobre\/policia-prende-suspeito-de-oito-mortes-em-itaquaquecetuba\/#breadcrumb"},"inLanguage":"pt-BR","potentialAction":[{"@type":"ReadAction","target":["https:\/\/www.encontraitaquaquecetuba.com.br\/sobre\/policia-prende-suspeito-de-oito-mortes-em-itaquaquecetuba\/"]}]},{"@type":"BreadcrumbList","@id":"https:\/\/www.encontraitaquaquecetuba.com.br\/sobre\/policia-prende-suspeito-de-oito-mortes-em-itaquaquecetuba\/#breadcrumb","itemListElement":[{"@type":"ListItem","position":1,"name":"In\u00edcio","item":"https:\/\/www.encontraitaquaquecetuba.com.br\/sobre\/"},{"@type":"ListItem","position":2,"name":"Pol\u00edcia prende suspeito de oito mortes em Itaquaquecetuba"}]},{"@type":"WebSite","@id":"https:\/\/www.encontraitaquaquecetuba.com.br\/sobre\/#website","url":"https:\/\/www.encontraitaquaquecetuba.com.br\/sobre\/","name":"Encontra Itaquaquecetuba","description":"Not\u00edcias, eventos, informa\u00e7\u00f5es e dicas na cidade de Itaquaquecetuba e regi\u00e3o","potentialAction":[{"@type":"SearchAction","target":{"@type":"EntryPoint","urlTemplate":"https:\/\/www.encontraitaquaquecetuba.com.br\/sobre\/?s={search_term_string}"},"query-input":"required name=search_term_string"}],"inLanguage":"pt-BR"},{"@type":"Person","@id":"https:\/\/www.encontraitaquaquecetuba.com.br\/sobre\/#\/schema\/person\/a8a866dc746e447abf8ca22b02eae6ea","name":"Encontra Itaquaquecetuba","image":{"@type":"ImageObject","inLanguage":"pt-BR","@id":"https:\/\/www.encontraitaquaquecetuba.com.br\/sobre\/#\/schema\/person\/image\/","url":"https:\/\/secure.gravatar.com\/avatar\/f007732be0d27cbf8a336929fe922478?s=96&d=mm&r=g","contentUrl":"https:\/\/secure.gravatar.com\/avatar\/f007732be0d27cbf8a336929fe922478?s=96&d=mm&r=g","caption":"Encontra Itaquaquecetuba"},"sameAs":["http:\/\/www.encontraitaquaquecetuba.com.br"],"url":"https:\/\/www.encontraitaquaquecetuba.com.br\/sobre\/author\/eitaquaquecetuba\/"}]}},"_links":{"self":[{"href":"https:\/\/www.encontraitaquaquecetuba.com.br\/sobre\/wp-json\/wp\/v2\/posts\/273"}],"collection":[{"href":"https:\/\/www.encontraitaquaquecetuba.com.br\/sobre\/wp-json\/wp\/v2\/posts"}],"about":[{"href":"https:\/\/www.encontraitaquaquecetuba.com.br\/sobre\/wp-json\/wp\/v2\/types\/post"}],"author":[{"embeddable":true,"href":"https:\/\/www.encontraitaquaquecetuba.com.br\/sobre\/wp-json\/wp\/v2\/users\/1"}],"replies":[{"embeddable":true,"href":"https:\/\/www.encontraitaquaquecetuba.com.br\/sobre\/wp-json\/wp\/v2\/comments?post=273"}],"version-history":[{"count":0,"href":"https:\/\/www.encontraitaquaquecetuba.com.br\/sobre\/wp-json\/wp\/v2\/posts\/273\/revisions"}],"wp:attachment":[{"href":"https:\/\/www.encontraitaquaquecetuba.com.br\/sobre\/wp-json\/wp\/v2\/media?parent=273"}],"wp:term":[{"taxonomy":"category","embeddable":true,"href":"https:\/\/www.encontraitaquaquecetuba.com.br\/sobre\/wp-json\/wp\/v2\/categories?post=273"},{"taxonomy":"post_tag","embeddable":true,"href":"https:\/\/www.encontraitaquaquecetuba.com.br\/sobre\/wp-json\/wp\/v2\/tags?post=273"}],"curies":[{"name":"wp","href":"https:\/\/api.w.org\/{rel}","templated":true}]}}