{"id":275,"date":"2011-12-06T19:04:42","date_gmt":"2011-12-06T19:04:42","guid":{"rendered":"http:\/\/www.encontraitaquaquecetuba.com.br\/noticias\/?p=275"},"modified":"2021-09-13T15:21:38","modified_gmt":"2021-09-13T15:21:38","slug":"itaquaquecetuba-promove-encenacoes-teatrais-no-centro-da-cidade-nesta-terca","status":"publish","type":"post","link":"https:\/\/www.encontraitaquaquecetuba.com.br\/sobre\/itaquaquecetuba-promove-encenacoes-teatrais-no-centro-da-cidade-nesta-terca\/","title":{"rendered":"Itaquaquecetuba promove encena\u00e7\u00f5es teatrais no centro da cidade nesta ter\u00e7a"},"content":{"rendered":"<div class=\"80eb2665678f8e3864bb9a528523815b\" data-index=\"1\" style=\"float: none; margin:5px 0 5px 0; text-align:center;\">\n<!-- PUB 73 - Responsivo Horizontal -->\r\n<ins class=\"adsbygoogle\"\r\n     style=\"display:block\"\r\n     data-ad-client=\"ca-pub-7321736592693252\"\r\n     data-ad-slot=\"3087950420\"\r\n     data-ad-format=\"auto\"\r\n     data-full-width-responsive=\"true\"><\/ins>\r\n<script>\r\n     (adsbygoogle = window.adsbygoogle || []).push({});\r\n<\/script>\n<\/div>\n<p>A prefeitura da cidade de Itaquaquecetuba (por meio da secretaria municipal de Cultura e Turismo) realiza nesta ter\u00e7a-feira, 6, duas encena\u00e7\u00f5es teatrais pertencentes ao projeto denominado \u201cUm caminh\u00e3o para Jorge Amado\u201d.\u00a0Os eventos s\u00e3o provenientes de uma parceria entre a prefeitura, o Minist\u00e9rio da Cultura e Funda\u00e7\u00e3o CSN.<\/p>\n<p>O primeiro espet\u00e1culo a ser exibido ser\u00e1 \u201cO Gato Malhado e a Andorinha Sinh\u00e1\u201d. O segundo, \u201cCapit\u00e3es da Areia\u201d. As sess\u00f5es acontecem \u00e0s 16:00 horas e 20:00 horas, respectivamente.\u00a0N\u00e3o h\u00e1 restri\u00e7\u00f5es de idade e p p\u00fablico estimado \u00e9 de cerca de 500 pessoas por sess\u00e3o.<\/p>\n<p>Para o secret\u00e1rio municipal de Cultura e Turismo, Jandir Jorge Souto: \u201c&#8230; trata-se de uma excelente oportunidade para que as pessoas apreciem duas das mais belas obras de Jorge Amado&#8230;\u201d.<\/p>\n<p>Vale lembrar que as encena\u00e7\u00f5es acontecer\u00e3o na Pra\u00e7a Padre Jo\u00e3o \u00c1lvares, centro; gratuitamente.<\/p>\n<p><em>Fonte: Prefeitura de Itaquaquecetuba<\/em><\/p>\n\n<div style=\"font-size: 0px; height: 0px; line-height: 0px; margin: 0; padding: 0; clear: both;\"><\/div>","protected":false},"excerpt":{"rendered":"<p>A prefeitura da cidade de Itaquaquecetuba (por meio da secretaria municipal de Cultura e Turismo) realiza nesta ter\u00e7a-feira, 6, duas encena\u00e7\u00f5es teatrais pertencentes ao projeto denominado \u201cUm caminh\u00e3o para Jorge Amado\u201d.\u00a0Os eventos s\u00e3o provenientes de uma parceria entre a prefeitura, o Minist\u00e9rio da Cultura e Funda\u00e7\u00e3o CSN. O primeiro espet\u00e1culo a ser exibido ser\u00e1 \u201cO Gato Malhado e a Andorinha Sinh\u00e1\u201d. O segundo, \u201cCapit\u00e3es da Areia\u201d. As sess\u00f5es acontecem \u00e0s 16:00 horas e 20:00 horas, respectivamente.\u00a0N\u00e3o h\u00e1 restri\u00e7\u00f5es de idade e p p\u00fablico estimado \u00e9 de cerca de 500 pessoas por sess\u00e3o. Para o secret\u00e1rio municipal de Cultura e Turismo, <\/p>\n","protected":false},"author":1,"featured_media":0,"comment_status":"open","ping_status":"open","sticky":false,"template":"","format":"standard","meta":[],"categories":[6],"tags":[14],"yoast_head":"<!-- This site is optimized with the Yoast SEO plugin v19.6.1 - https:\/\/yoast.com\/wordpress\/plugins\/seo\/ -->\n<title>Itaquaquecetuba promove encena\u00e7\u00f5es teatrais no centro da cidade nesta ter\u00e7a - Encontra Itaquaquecetuba<\/title>\n<meta name=\"robots\" content=\"index, follow, max-snippet:-1, max-image-preview:large, max-video-preview:-1\" \/>\n<link rel=\"canonical\" href=\"https:\/\/www.encontraitaquaquecetuba.com.br\/sobre\/itaquaquecetuba-promove-encenacoes-teatrais-no-centro-da-cidade-nesta-terca\/\" \/>\n<meta property=\"og:locale\" content=\"pt_BR\" \/>\n<meta property=\"og:type\" content=\"article\" \/>\n<meta property=\"og:title\" content=\"Itaquaquecetuba promove encena\u00e7\u00f5es teatrais no centro da cidade nesta ter\u00e7a - Encontra Itaquaquecetuba\" \/>\n<meta property=\"og:description\" content=\"A prefeitura da cidade de Itaquaquecetuba (por meio da secretaria municipal de Cultura e Turismo) realiza nesta ter\u00e7a-feira, 6, duas encena\u00e7\u00f5es teatrais pertencentes ao projeto denominado \u201cUm caminh\u00e3o para Jorge Amado\u201d.\u00a0Os eventos s\u00e3o provenientes de uma parceria entre a prefeitura, o Minist\u00e9rio da Cultura e Funda\u00e7\u00e3o CSN. O primeiro espet\u00e1culo a ser exibido ser\u00e1 \u201cO Gato Malhado e a Andorinha Sinh\u00e1\u201d. O segundo, \u201cCapit\u00e3es da Areia\u201d. As sess\u00f5es acontecem \u00e0s 16:00 horas e 20:00 horas, respectivamente.\u00a0N\u00e3o h\u00e1 restri\u00e7\u00f5es de idade e p p\u00fablico estimado \u00e9 de cerca de 500 pessoas por sess\u00e3o. Para o secret\u00e1rio municipal de Cultura e Turismo,\" \/>\n<meta property=\"og:url\" content=\"https:\/\/www.encontraitaquaquecetuba.com.br\/sobre\/itaquaquecetuba-promove-encenacoes-teatrais-no-centro-da-cidade-nesta-terca\/\" \/>\n<meta property=\"og:site_name\" content=\"Encontra Itaquaquecetuba\" \/>\n<meta property=\"article:published_time\" content=\"2011-12-06T19:04:42+00:00\" \/>\n<meta property=\"article:modified_time\" content=\"2021-09-13T15:21:38+00:00\" \/>\n<meta name=\"author\" content=\"Encontra Itaquaquecetuba\" \/>\n<meta name=\"twitter:card\" content=\"summary_large_image\" \/>\n<meta name=\"twitter:label1\" content=\"Escrito por\" \/>\n\t<meta name=\"twitter:data1\" content=\"Encontra Itaquaquecetuba\" \/>\n\t<meta name=\"twitter:label2\" content=\"Est. tempo de leitura\" \/>\n\t<meta name=\"twitter:data2\" content=\"1 minuto\" \/>\n<script type=\"application\/ld+json\" class=\"yoast-schema-graph\">{\"@context\":\"https:\/\/schema.org\",\"@graph\":[{\"@type\":\"WebPage\",\"@id\":\"https:\/\/www.encontraitaquaquecetuba.com.br\/sobre\/itaquaquecetuba-promove-encenacoes-teatrais-no-centro-da-cidade-nesta-terca\/\",\"url\":\"https:\/\/www.encontraitaquaquecetuba.com.br\/sobre\/itaquaquecetuba-promove-encenacoes-teatrais-no-centro-da-cidade-nesta-terca\/\",\"name\":\"Itaquaquecetuba promove encena\u00e7\u00f5es teatrais no centro da cidade nesta ter\u00e7a - Encontra Itaquaquecetuba\",\"isPartOf\":{\"@id\":\"https:\/\/www.encontraitaquaquecetuba.com.br\/sobre\/#website\"},\"datePublished\":\"2011-12-06T19:04:42+00:00\",\"dateModified\":\"2021-09-13T15:21:38+00:00\",\"author\":{\"@id\":\"https:\/\/www.encontraitaquaquecetuba.com.br\/sobre\/#\/schema\/person\/a8a866dc746e447abf8ca22b02eae6ea\"},\"breadcrumb\":{\"@id\":\"https:\/\/www.encontraitaquaquecetuba.com.br\/sobre\/itaquaquecetuba-promove-encenacoes-teatrais-no-centro-da-cidade-nesta-terca\/#breadcrumb\"},\"inLanguage\":\"pt-BR\",\"potentialAction\":[{\"@type\":\"ReadAction\",\"target\":[\"https:\/\/www.encontraitaquaquecetuba.com.br\/sobre\/itaquaquecetuba-promove-encenacoes-teatrais-no-centro-da-cidade-nesta-terca\/\"]}]},{\"@type\":\"BreadcrumbList\",\"@id\":\"https:\/\/www.encontraitaquaquecetuba.com.br\/sobre\/itaquaquecetuba-promove-encenacoes-teatrais-no-centro-da-cidade-nesta-terca\/#breadcrumb\",\"itemListElement\":[{\"@type\":\"ListItem\",\"position\":1,\"name\":\"In\u00edcio\",\"item\":\"https:\/\/www.encontraitaquaquecetuba.com.br\/sobre\/\"},{\"@type\":\"ListItem\",\"position\":2,\"name\":\"Itaquaquecetuba promove encena\u00e7\u00f5es teatrais no centro da cidade nesta ter\u00e7a\"}]},{\"@type\":\"WebSite\",\"@id\":\"https:\/\/www.encontraitaquaquecetuba.com.br\/sobre\/#website\",\"url\":\"https:\/\/www.encontraitaquaquecetuba.com.br\/sobre\/\",\"name\":\"Encontra Itaquaquecetuba\",\"description\":\"Not\u00edcias, eventos, informa\u00e7\u00f5es e dicas na cidade de Itaquaquecetuba e regi\u00e3o\",\"potentialAction\":[{\"@type\":\"SearchAction\",\"target\":{\"@type\":\"EntryPoint\",\"urlTemplate\":\"https:\/\/www.encontraitaquaquecetuba.com.br\/sobre\/?s={search_term_string}\"},\"query-input\":\"required name=search_term_string\"}],\"inLanguage\":\"pt-BR\"},{\"@type\":\"Person\",\"@id\":\"https:\/\/www.encontraitaquaquecetuba.com.br\/sobre\/#\/schema\/person\/a8a866dc746e447abf8ca22b02eae6ea\",\"name\":\"Encontra Itaquaquecetuba\",\"image\":{\"@type\":\"ImageObject\",\"inLanguage\":\"pt-BR\",\"@id\":\"https:\/\/www.encontraitaquaquecetuba.com.br\/sobre\/#\/schema\/person\/image\/\",\"url\":\"https:\/\/secure.gravatar.com\/avatar\/f007732be0d27cbf8a336929fe922478?s=96&d=mm&r=g\",\"contentUrl\":\"https:\/\/secure.gravatar.com\/avatar\/f007732be0d27cbf8a336929fe922478?s=96&d=mm&r=g\",\"caption\":\"Encontra Itaquaquecetuba\"},\"sameAs\":[\"http:\/\/www.encontraitaquaquecetuba.com.br\"],\"url\":\"https:\/\/www.encontraitaquaquecetuba.com.br\/sobre\/author\/eitaquaquecetuba\/\"}]}<\/script>\n<!-- \/ Yoast SEO plugin. -->","yoast_head_json":{"title":"Itaquaquecetuba promove encena\u00e7\u00f5es teatrais no centro da cidade nesta ter\u00e7a - Encontra Itaquaquecetuba","robots":{"index":"index","follow":"follow","max-snippet":"max-snippet:-1","max-image-preview":"max-image-preview:large","max-video-preview":"max-video-preview:-1"},"canonical":"https:\/\/www.encontraitaquaquecetuba.com.br\/sobre\/itaquaquecetuba-promove-encenacoes-teatrais-no-centro-da-cidade-nesta-terca\/","og_locale":"pt_BR","og_type":"article","og_title":"Itaquaquecetuba promove encena\u00e7\u00f5es teatrais no centro da cidade nesta ter\u00e7a - Encontra Itaquaquecetuba","og_description":"A prefeitura da cidade de Itaquaquecetuba (por meio da secretaria municipal de Cultura e Turismo) realiza nesta ter\u00e7a-feira, 6, duas encena\u00e7\u00f5es teatrais pertencentes ao projeto denominado \u201cUm caminh\u00e3o para Jorge Amado\u201d.\u00a0Os eventos s\u00e3o provenientes de uma parceria entre a prefeitura, o Minist\u00e9rio da Cultura e Funda\u00e7\u00e3o CSN. O primeiro espet\u00e1culo a ser exibido ser\u00e1 \u201cO Gato Malhado e a Andorinha Sinh\u00e1\u201d. O segundo, \u201cCapit\u00e3es da Areia\u201d. As sess\u00f5es acontecem \u00e0s 16:00 horas e 20:00 horas, respectivamente.\u00a0N\u00e3o h\u00e1 restri\u00e7\u00f5es de idade e p p\u00fablico estimado \u00e9 de cerca de 500 pessoas por sess\u00e3o. Para o secret\u00e1rio municipal de Cultura e Turismo,","og_url":"https:\/\/www.encontraitaquaquecetuba.com.br\/sobre\/itaquaquecetuba-promove-encenacoes-teatrais-no-centro-da-cidade-nesta-terca\/","og_site_name":"Encontra Itaquaquecetuba","article_published_time":"2011-12-06T19:04:42+00:00","article_modified_time":"2021-09-13T15:21:38+00:00","author":"Encontra Itaquaquecetuba","twitter_card":"summary_large_image","twitter_misc":{"Escrito por":"Encontra Itaquaquecetuba","Est. tempo de leitura":"1 minuto"},"schema":{"@context":"https:\/\/schema.org","@graph":[{"@type":"WebPage","@id":"https:\/\/www.encontraitaquaquecetuba.com.br\/sobre\/itaquaquecetuba-promove-encenacoes-teatrais-no-centro-da-cidade-nesta-terca\/","url":"https:\/\/www.encontraitaquaquecetuba.com.br\/sobre\/itaquaquecetuba-promove-encenacoes-teatrais-no-centro-da-cidade-nesta-terca\/","name":"Itaquaquecetuba promove encena\u00e7\u00f5es teatrais no centro da cidade nesta ter\u00e7a - Encontra Itaquaquecetuba","isPartOf":{"@id":"https:\/\/www.encontraitaquaquecetuba.com.br\/sobre\/#website"},"datePublished":"2011-12-06T19:04:42+00:00","dateModified":"2021-09-13T15:21:38+00:00","author":{"@id":"https:\/\/www.encontraitaquaquecetuba.com.br\/sobre\/#\/schema\/person\/a8a866dc746e447abf8ca22b02eae6ea"},"breadcrumb":{"@id":"https:\/\/www.encontraitaquaquecetuba.com.br\/sobre\/itaquaquecetuba-promove-encenacoes-teatrais-no-centro-da-cidade-nesta-terca\/#breadcrumb"},"inLanguage":"pt-BR","potentialAction":[{"@type":"ReadAction","target":["https:\/\/www.encontraitaquaquecetuba.com.br\/sobre\/itaquaquecetuba-promove-encenacoes-teatrais-no-centro-da-cidade-nesta-terca\/"]}]},{"@type":"BreadcrumbList","@id":"https:\/\/www.encontraitaquaquecetuba.com.br\/sobre\/itaquaquecetuba-promove-encenacoes-teatrais-no-centro-da-cidade-nesta-terca\/#breadcrumb","itemListElement":[{"@type":"ListItem","position":1,"name":"In\u00edcio","item":"https:\/\/www.encontraitaquaquecetuba.com.br\/sobre\/"},{"@type":"ListItem","position":2,"name":"Itaquaquecetuba promove encena\u00e7\u00f5es teatrais no centro da cidade nesta ter\u00e7a"}]},{"@type":"WebSite","@id":"https:\/\/www.encontraitaquaquecetuba.com.br\/sobre\/#website","url":"https:\/\/www.encontraitaquaquecetuba.com.br\/sobre\/","name":"Encontra Itaquaquecetuba","description":"Not\u00edcias, eventos, informa\u00e7\u00f5es e dicas na cidade de Itaquaquecetuba e regi\u00e3o","potentialAction":[{"@type":"SearchAction","target":{"@type":"EntryPoint","urlTemplate":"https:\/\/www.encontraitaquaquecetuba.com.br\/sobre\/?s={search_term_string}"},"query-input":"required name=search_term_string"}],"inLanguage":"pt-BR"},{"@type":"Person","@id":"https:\/\/www.encontraitaquaquecetuba.com.br\/sobre\/#\/schema\/person\/a8a866dc746e447abf8ca22b02eae6ea","name":"Encontra Itaquaquecetuba","image":{"@type":"ImageObject","inLanguage":"pt-BR","@id":"https:\/\/www.encontraitaquaquecetuba.com.br\/sobre\/#\/schema\/person\/image\/","url":"https:\/\/secure.gravatar.com\/avatar\/f007732be0d27cbf8a336929fe922478?s=96&d=mm&r=g","contentUrl":"https:\/\/secure.gravatar.com\/avatar\/f007732be0d27cbf8a336929fe922478?s=96&d=mm&r=g","caption":"Encontra Itaquaquecetuba"},"sameAs":["http:\/\/www.encontraitaquaquecetuba.com.br"],"url":"https:\/\/www.encontraitaquaquecetuba.com.br\/sobre\/author\/eitaquaquecetuba\/"}]}},"_links":{"self":[{"href":"https:\/\/www.encontraitaquaquecetuba.com.br\/sobre\/wp-json\/wp\/v2\/posts\/275"}],"collection":[{"href":"https:\/\/www.encontraitaquaquecetuba.com.br\/sobre\/wp-json\/wp\/v2\/posts"}],"about":[{"href":"https:\/\/www.encontraitaquaquecetuba.com.br\/sobre\/wp-json\/wp\/v2\/types\/post"}],"author":[{"embeddable":true,"href":"https:\/\/www.encontraitaquaquecetuba.com.br\/sobre\/wp-json\/wp\/v2\/users\/1"}],"replies":[{"embeddable":true,"href":"https:\/\/www.encontraitaquaquecetuba.com.br\/sobre\/wp-json\/wp\/v2\/comments?post=275"}],"version-history":[{"count":0,"href":"https:\/\/www.encontraitaquaquecetuba.com.br\/sobre\/wp-json\/wp\/v2\/posts\/275\/revisions"}],"wp:attachment":[{"href":"https:\/\/www.encontraitaquaquecetuba.com.br\/sobre\/wp-json\/wp\/v2\/media?parent=275"}],"wp:term":[{"taxonomy":"category","embeddable":true,"href":"https:\/\/www.encontraitaquaquecetuba.com.br\/sobre\/wp-json\/wp\/v2\/categories?post=275"},{"taxonomy":"post_tag","embeddable":true,"href":"https:\/\/www.encontraitaquaquecetuba.com.br\/sobre\/wp-json\/wp\/v2\/tags?post=275"}],"curies":[{"name":"wp","href":"https:\/\/api.w.org\/{rel}","templated":true}]}}