{"id":28,"date":"2011-05-26T20:43:37","date_gmt":"2011-05-26T20:43:37","guid":{"rendered":"http:\/\/www.encontraitaquaquecetuba.com.br\/noticias\/?p=28"},"modified":"2021-09-13T15:22:14","modified_gmt":"2021-09-13T15:22:14","slug":"prefeitura-realiza-1%c2%ba-forum-de-saude-mental-de-itaquaquecetuba","status":"publish","type":"post","link":"https:\/\/www.encontraitaquaquecetuba.com.br\/sobre\/prefeitura-realiza-1%c2%ba-forum-de-saude-mental-de-itaquaquecetuba\/","title":{"rendered":"Prefeitura realiza \u201c1\u00ba F\u00f3rum de Sa\u00fade Mental de Itaquaquecetuba\u201d"},"content":{"rendered":"<div class=\"80eb2665678f8e3864bb9a528523815b\" data-index=\"1\" style=\"float: none; margin:5px 0 5px 0; text-align:center;\">\n<!-- PUB 73 - Responsivo Horizontal -->\r\n<ins class=\"adsbygoogle\"\r\n     style=\"display:block\"\r\n     data-ad-client=\"ca-pub-7321736592693252\"\r\n     data-ad-slot=\"3087950420\"\r\n     data-ad-format=\"auto\"\r\n     data-full-width-responsive=\"true\"><\/ins>\r\n<script>\r\n     (adsbygoogle = window.adsbygoogle || []).push({});\r\n<\/script>\n<\/div>\n<p>H\u00e1 poucos dias, a prefeitura de Itaquaquecetuba, por meio da secretaria municipal de Sa\u00fade realizou o \u201c1\u00ba F\u00f3rum de Sa\u00fade Mental de Itaquaquecetuba\u201d.<\/p>\n<p>Al\u00e9m de representantes da pasta, como o secret\u00e1rio Ant\u00f4nio Heleno Ant\u00f4nio Pinto; o evento tamb\u00e9m contou com as presen\u00e7as de representantes de funcion\u00e1rios e usu\u00e1rios do Ambulat\u00f3rio de Sa\u00fade Mental, da secretaria estadual de Sa\u00fade, do OSS Santa Marcelina, das secretarias municipais de Promo\u00e7\u00e3o Social e Educa\u00e7\u00e3o, entre outros.<\/p>\n<p>O objetivo foi avaliar os servi\u00e7os, discutir problemas e analisar poss\u00edveis solu\u00e7\u00f5es para os mesmos, em prol de um melhor atendimento \u00e0 popula\u00e7\u00e3o.<\/p>\n<p>De acordo com o diretor do Ambulat\u00f3rio Municipal de Sa\u00fade Mental, Francisco Ivanildo Rodrigues de Alencar \u201c&#8230;seguindo tend\u00eancias nacionais, a experi\u00eancia foi bastante proveitosa e a unidade j\u00e1 elabora um documento com a finalidade de instruir um poss\u00edvel Plano Municipal de Sa\u00fade Mental&#8230;\u201d.<\/p>\n<p>Vale lembrar que o \u201c1\u00ba F\u00f3rum de Sa\u00fade Mental de Itaquaquecetuba\u201d tem o apoio do prefeito Armando da Farm\u00e1cia que acredita que iniciativas como esta s\u00e3o de extrema import\u00e2ncia, no sentido de propiciar troca de experi\u00eancias, coloca\u00e7\u00e3o de preocupa\u00e7\u00f5es e solu\u00e7\u00f5es vi\u00e1veis para os problemas enfrentados pelo setor.<\/p>\n<p><em>Fonte: Prefeitura de Itaquaquecetuba<\/em><\/p>\n\n<div style=\"font-size: 0px; height: 0px; line-height: 0px; margin: 0; padding: 0; clear: both;\"><\/div>","protected":false},"excerpt":{"rendered":"<p>H\u00e1 poucos dias, a prefeitura de Itaquaquecetuba, por meio da secretaria municipal de Sa\u00fade realizou o \u201c1\u00ba F\u00f3rum de Sa\u00fade Mental de Itaquaquecetuba\u201d. Al\u00e9m de representantes da pasta, como o secret\u00e1rio Ant\u00f4nio Heleno Ant\u00f4nio Pinto; o evento tamb\u00e9m contou com as presen\u00e7as de representantes de funcion\u00e1rios e usu\u00e1rios do Ambulat\u00f3rio de Sa\u00fade Mental, da secretaria estadual de Sa\u00fade, do OSS Santa Marcelina, das secretarias municipais de Promo\u00e7\u00e3o Social e Educa\u00e7\u00e3o, entre outros. O objetivo foi avaliar os servi\u00e7os, discutir problemas e analisar poss\u00edveis solu\u00e7\u00f5es para os mesmos, em prol de um melhor atendimento \u00e0 popula\u00e7\u00e3o. De acordo com o diretor <\/p>\n","protected":false},"author":1,"featured_media":0,"comment_status":"open","ping_status":"open","sticky":false,"template":"","format":"standard","meta":[],"categories":[6],"tags":[14],"yoast_head":"<!-- This site is optimized with the Yoast SEO plugin v19.6.1 - https:\/\/yoast.com\/wordpress\/plugins\/seo\/ -->\n<title>Prefeitura realiza \u201c1\u00ba F\u00f3rum de Sa\u00fade Mental de Itaquaquecetuba\u201d - Encontra Itaquaquecetuba<\/title>\n<meta name=\"robots\" content=\"index, follow, max-snippet:-1, max-image-preview:large, max-video-preview:-1\" \/>\n<link rel=\"canonical\" href=\"https:\/\/www.encontraitaquaquecetuba.com.br\/sobre\/prefeitura-realiza-1\u00ba-forum-de-saude-mental-de-itaquaquecetuba\/\" \/>\n<meta property=\"og:locale\" content=\"pt_BR\" \/>\n<meta property=\"og:type\" content=\"article\" \/>\n<meta property=\"og:title\" content=\"Prefeitura realiza \u201c1\u00ba F\u00f3rum de Sa\u00fade Mental de Itaquaquecetuba\u201d - Encontra Itaquaquecetuba\" \/>\n<meta property=\"og:description\" content=\"H\u00e1 poucos dias, a prefeitura de Itaquaquecetuba, por meio da secretaria municipal de Sa\u00fade realizou o \u201c1\u00ba F\u00f3rum de Sa\u00fade Mental de Itaquaquecetuba\u201d. Al\u00e9m de representantes da pasta, como o secret\u00e1rio Ant\u00f4nio Heleno Ant\u00f4nio Pinto; o evento tamb\u00e9m contou com as presen\u00e7as de representantes de funcion\u00e1rios e usu\u00e1rios do Ambulat\u00f3rio de Sa\u00fade Mental, da secretaria estadual de Sa\u00fade, do OSS Santa Marcelina, das secretarias municipais de Promo\u00e7\u00e3o Social e Educa\u00e7\u00e3o, entre outros. O objetivo foi avaliar os servi\u00e7os, discutir problemas e analisar poss\u00edveis solu\u00e7\u00f5es para os mesmos, em prol de um melhor atendimento \u00e0 popula\u00e7\u00e3o. De acordo com o diretor\" \/>\n<meta property=\"og:url\" content=\"https:\/\/www.encontraitaquaquecetuba.com.br\/sobre\/prefeitura-realiza-1\u00ba-forum-de-saude-mental-de-itaquaquecetuba\/\" \/>\n<meta property=\"og:site_name\" content=\"Encontra Itaquaquecetuba\" \/>\n<meta property=\"article:published_time\" content=\"2011-05-26T20:43:37+00:00\" \/>\n<meta property=\"article:modified_time\" content=\"2021-09-13T15:22:14+00:00\" \/>\n<meta name=\"author\" content=\"Encontra Itaquaquecetuba\" \/>\n<meta name=\"twitter:card\" content=\"summary_large_image\" \/>\n<meta name=\"twitter:label1\" content=\"Escrito por\" \/>\n\t<meta name=\"twitter:data1\" content=\"Encontra Itaquaquecetuba\" \/>\n\t<meta name=\"twitter:label2\" content=\"Est. tempo de leitura\" \/>\n\t<meta name=\"twitter:data2\" content=\"1 minuto\" \/>\n<script type=\"application\/ld+json\" class=\"yoast-schema-graph\">{\"@context\":\"https:\/\/schema.org\",\"@graph\":[{\"@type\":\"WebPage\",\"@id\":\"https:\/\/www.encontraitaquaquecetuba.com.br\/sobre\/prefeitura-realiza-1%c2%ba-forum-de-saude-mental-de-itaquaquecetuba\/\",\"url\":\"https:\/\/www.encontraitaquaquecetuba.com.br\/sobre\/prefeitura-realiza-1%c2%ba-forum-de-saude-mental-de-itaquaquecetuba\/\",\"name\":\"Prefeitura realiza \u201c1\u00ba F\u00f3rum de Sa\u00fade Mental de Itaquaquecetuba\u201d - Encontra Itaquaquecetuba\",\"isPartOf\":{\"@id\":\"https:\/\/www.encontraitaquaquecetuba.com.br\/sobre\/#website\"},\"datePublished\":\"2011-05-26T20:43:37+00:00\",\"dateModified\":\"2021-09-13T15:22:14+00:00\",\"author\":{\"@id\":\"https:\/\/www.encontraitaquaquecetuba.com.br\/sobre\/#\/schema\/person\/a8a866dc746e447abf8ca22b02eae6ea\"},\"breadcrumb\":{\"@id\":\"https:\/\/www.encontraitaquaquecetuba.com.br\/sobre\/prefeitura-realiza-1%c2%ba-forum-de-saude-mental-de-itaquaquecetuba\/#breadcrumb\"},\"inLanguage\":\"pt-BR\",\"potentialAction\":[{\"@type\":\"ReadAction\",\"target\":[\"https:\/\/www.encontraitaquaquecetuba.com.br\/sobre\/prefeitura-realiza-1%c2%ba-forum-de-saude-mental-de-itaquaquecetuba\/\"]}]},{\"@type\":\"BreadcrumbList\",\"@id\":\"https:\/\/www.encontraitaquaquecetuba.com.br\/sobre\/prefeitura-realiza-1%c2%ba-forum-de-saude-mental-de-itaquaquecetuba\/#breadcrumb\",\"itemListElement\":[{\"@type\":\"ListItem\",\"position\":1,\"name\":\"In\u00edcio\",\"item\":\"https:\/\/www.encontraitaquaquecetuba.com.br\/sobre\/\"},{\"@type\":\"ListItem\",\"position\":2,\"name\":\"Prefeitura realiza \u201c1\u00ba F\u00f3rum de Sa\u00fade Mental de Itaquaquecetuba\u201d\"}]},{\"@type\":\"WebSite\",\"@id\":\"https:\/\/www.encontraitaquaquecetuba.com.br\/sobre\/#website\",\"url\":\"https:\/\/www.encontraitaquaquecetuba.com.br\/sobre\/\",\"name\":\"Encontra Itaquaquecetuba\",\"description\":\"Not\u00edcias, eventos, informa\u00e7\u00f5es e dicas na cidade de Itaquaquecetuba e regi\u00e3o\",\"potentialAction\":[{\"@type\":\"SearchAction\",\"target\":{\"@type\":\"EntryPoint\",\"urlTemplate\":\"https:\/\/www.encontraitaquaquecetuba.com.br\/sobre\/?s={search_term_string}\"},\"query-input\":\"required name=search_term_string\"}],\"inLanguage\":\"pt-BR\"},{\"@type\":\"Person\",\"@id\":\"https:\/\/www.encontraitaquaquecetuba.com.br\/sobre\/#\/schema\/person\/a8a866dc746e447abf8ca22b02eae6ea\",\"name\":\"Encontra Itaquaquecetuba\",\"image\":{\"@type\":\"ImageObject\",\"inLanguage\":\"pt-BR\",\"@id\":\"https:\/\/www.encontraitaquaquecetuba.com.br\/sobre\/#\/schema\/person\/image\/\",\"url\":\"https:\/\/secure.gravatar.com\/avatar\/f007732be0d27cbf8a336929fe922478?s=96&d=mm&r=g\",\"contentUrl\":\"https:\/\/secure.gravatar.com\/avatar\/f007732be0d27cbf8a336929fe922478?s=96&d=mm&r=g\",\"caption\":\"Encontra Itaquaquecetuba\"},\"sameAs\":[\"http:\/\/www.encontraitaquaquecetuba.com.br\"],\"url\":\"https:\/\/www.encontraitaquaquecetuba.com.br\/sobre\/author\/eitaquaquecetuba\/\"}]}<\/script>\n<!-- \/ Yoast SEO plugin. -->","yoast_head_json":{"title":"Prefeitura realiza \u201c1\u00ba F\u00f3rum de Sa\u00fade Mental de Itaquaquecetuba\u201d - Encontra Itaquaquecetuba","robots":{"index":"index","follow":"follow","max-snippet":"max-snippet:-1","max-image-preview":"max-image-preview:large","max-video-preview":"max-video-preview:-1"},"canonical":"https:\/\/www.encontraitaquaquecetuba.com.br\/sobre\/prefeitura-realiza-1\u00ba-forum-de-saude-mental-de-itaquaquecetuba\/","og_locale":"pt_BR","og_type":"article","og_title":"Prefeitura realiza \u201c1\u00ba F\u00f3rum de Sa\u00fade Mental de Itaquaquecetuba\u201d - Encontra Itaquaquecetuba","og_description":"H\u00e1 poucos dias, a prefeitura de Itaquaquecetuba, por meio da secretaria municipal de Sa\u00fade realizou o \u201c1\u00ba F\u00f3rum de Sa\u00fade Mental de Itaquaquecetuba\u201d. Al\u00e9m de representantes da pasta, como o secret\u00e1rio Ant\u00f4nio Heleno Ant\u00f4nio Pinto; o evento tamb\u00e9m contou com as presen\u00e7as de representantes de funcion\u00e1rios e usu\u00e1rios do Ambulat\u00f3rio de Sa\u00fade Mental, da secretaria estadual de Sa\u00fade, do OSS Santa Marcelina, das secretarias municipais de Promo\u00e7\u00e3o Social e Educa\u00e7\u00e3o, entre outros. O objetivo foi avaliar os servi\u00e7os, discutir problemas e analisar poss\u00edveis solu\u00e7\u00f5es para os mesmos, em prol de um melhor atendimento \u00e0 popula\u00e7\u00e3o. De acordo com o diretor","og_url":"https:\/\/www.encontraitaquaquecetuba.com.br\/sobre\/prefeitura-realiza-1\u00ba-forum-de-saude-mental-de-itaquaquecetuba\/","og_site_name":"Encontra Itaquaquecetuba","article_published_time":"2011-05-26T20:43:37+00:00","article_modified_time":"2021-09-13T15:22:14+00:00","author":"Encontra Itaquaquecetuba","twitter_card":"summary_large_image","twitter_misc":{"Escrito por":"Encontra Itaquaquecetuba","Est. tempo de leitura":"1 minuto"},"schema":{"@context":"https:\/\/schema.org","@graph":[{"@type":"WebPage","@id":"https:\/\/www.encontraitaquaquecetuba.com.br\/sobre\/prefeitura-realiza-1%c2%ba-forum-de-saude-mental-de-itaquaquecetuba\/","url":"https:\/\/www.encontraitaquaquecetuba.com.br\/sobre\/prefeitura-realiza-1%c2%ba-forum-de-saude-mental-de-itaquaquecetuba\/","name":"Prefeitura realiza \u201c1\u00ba F\u00f3rum de Sa\u00fade Mental de Itaquaquecetuba\u201d - Encontra Itaquaquecetuba","isPartOf":{"@id":"https:\/\/www.encontraitaquaquecetuba.com.br\/sobre\/#website"},"datePublished":"2011-05-26T20:43:37+00:00","dateModified":"2021-09-13T15:22:14+00:00","author":{"@id":"https:\/\/www.encontraitaquaquecetuba.com.br\/sobre\/#\/schema\/person\/a8a866dc746e447abf8ca22b02eae6ea"},"breadcrumb":{"@id":"https:\/\/www.encontraitaquaquecetuba.com.br\/sobre\/prefeitura-realiza-1%c2%ba-forum-de-saude-mental-de-itaquaquecetuba\/#breadcrumb"},"inLanguage":"pt-BR","potentialAction":[{"@type":"ReadAction","target":["https:\/\/www.encontraitaquaquecetuba.com.br\/sobre\/prefeitura-realiza-1%c2%ba-forum-de-saude-mental-de-itaquaquecetuba\/"]}]},{"@type":"BreadcrumbList","@id":"https:\/\/www.encontraitaquaquecetuba.com.br\/sobre\/prefeitura-realiza-1%c2%ba-forum-de-saude-mental-de-itaquaquecetuba\/#breadcrumb","itemListElement":[{"@type":"ListItem","position":1,"name":"In\u00edcio","item":"https:\/\/www.encontraitaquaquecetuba.com.br\/sobre\/"},{"@type":"ListItem","position":2,"name":"Prefeitura realiza \u201c1\u00ba F\u00f3rum de Sa\u00fade Mental de Itaquaquecetuba\u201d"}]},{"@type":"WebSite","@id":"https:\/\/www.encontraitaquaquecetuba.com.br\/sobre\/#website","url":"https:\/\/www.encontraitaquaquecetuba.com.br\/sobre\/","name":"Encontra Itaquaquecetuba","description":"Not\u00edcias, eventos, informa\u00e7\u00f5es e dicas na cidade de Itaquaquecetuba e regi\u00e3o","potentialAction":[{"@type":"SearchAction","target":{"@type":"EntryPoint","urlTemplate":"https:\/\/www.encontraitaquaquecetuba.com.br\/sobre\/?s={search_term_string}"},"query-input":"required name=search_term_string"}],"inLanguage":"pt-BR"},{"@type":"Person","@id":"https:\/\/www.encontraitaquaquecetuba.com.br\/sobre\/#\/schema\/person\/a8a866dc746e447abf8ca22b02eae6ea","name":"Encontra Itaquaquecetuba","image":{"@type":"ImageObject","inLanguage":"pt-BR","@id":"https:\/\/www.encontraitaquaquecetuba.com.br\/sobre\/#\/schema\/person\/image\/","url":"https:\/\/secure.gravatar.com\/avatar\/f007732be0d27cbf8a336929fe922478?s=96&d=mm&r=g","contentUrl":"https:\/\/secure.gravatar.com\/avatar\/f007732be0d27cbf8a336929fe922478?s=96&d=mm&r=g","caption":"Encontra Itaquaquecetuba"},"sameAs":["http:\/\/www.encontraitaquaquecetuba.com.br"],"url":"https:\/\/www.encontraitaquaquecetuba.com.br\/sobre\/author\/eitaquaquecetuba\/"}]}},"_links":{"self":[{"href":"https:\/\/www.encontraitaquaquecetuba.com.br\/sobre\/wp-json\/wp\/v2\/posts\/28"}],"collection":[{"href":"https:\/\/www.encontraitaquaquecetuba.com.br\/sobre\/wp-json\/wp\/v2\/posts"}],"about":[{"href":"https:\/\/www.encontraitaquaquecetuba.com.br\/sobre\/wp-json\/wp\/v2\/types\/post"}],"author":[{"embeddable":true,"href":"https:\/\/www.encontraitaquaquecetuba.com.br\/sobre\/wp-json\/wp\/v2\/users\/1"}],"replies":[{"embeddable":true,"href":"https:\/\/www.encontraitaquaquecetuba.com.br\/sobre\/wp-json\/wp\/v2\/comments?post=28"}],"version-history":[{"count":0,"href":"https:\/\/www.encontraitaquaquecetuba.com.br\/sobre\/wp-json\/wp\/v2\/posts\/28\/revisions"}],"wp:attachment":[{"href":"https:\/\/www.encontraitaquaquecetuba.com.br\/sobre\/wp-json\/wp\/v2\/media?parent=28"}],"wp:term":[{"taxonomy":"category","embeddable":true,"href":"https:\/\/www.encontraitaquaquecetuba.com.br\/sobre\/wp-json\/wp\/v2\/categories?post=28"},{"taxonomy":"post_tag","embeddable":true,"href":"https:\/\/www.encontraitaquaquecetuba.com.br\/sobre\/wp-json\/wp\/v2\/tags?post=28"}],"curies":[{"name":"wp","href":"https:\/\/api.w.org\/{rel}","templated":true}]}}