{"id":318,"date":"2012-01-31T18:39:43","date_gmt":"2012-01-31T18:39:43","guid":{"rendered":"http:\/\/www.encontraitaquaquecetuba.com.br\/noticias\/?p=318"},"modified":"2013-08-14T04:51:01","modified_gmt":"2013-08-14T04:51:01","slug":"acordo-das-sacolinhas-plasticas-ainda-divide-opinioes-em-itaquaquecetuba","status":"publish","type":"post","link":"https:\/\/www.encontraitaquaquecetuba.com.br\/sobre\/acordo-das-sacolinhas-plasticas-ainda-divide-opinioes-em-itaquaquecetuba\/","title":{"rendered":"Acordo das sacolinhas plasticas ainda divide opini\u00f5es em Itaquaquecetuba"},"content":{"rendered":"<div class=\"80eb2665678f8e3864bb9a528523815b\" data-index=\"1\" style=\"float: none; margin:5px 0 5px 0; text-align:center;\">\n<!-- PUB 73 - Responsivo Horizontal -->\r\n<ins class=\"adsbygoogle\"\r\n     style=\"display:block\"\r\n     data-ad-client=\"ca-pub-7321736592693252\"\r\n     data-ad-slot=\"3087950420\"\r\n     data-ad-format=\"auto\"\r\n     data-full-width-responsive=\"true\"><\/ins>\r\n<script>\r\n     (adsbygoogle = window.adsbygoogle || []).push({});\r\n<\/script>\n<\/div>\n<p>O acordo firmado entre a Associa\u00e7\u00e3o Paulista de Supermercados (Apas) e o governo do estado ainda divide opini\u00f5es no Alto Tiet\u00ea. Desde o dia 25 de janeiro, as maiores redes de supermercados da regi\u00e3o aderiram \u00e0 campanha que incentiva a diminui\u00e7\u00e3o do uso das sacolinhas pl\u00e1sticas.<\/p>\n<p>Mas em algumas cidades, os representantes dessa categoria ainda n\u00e3o entraram em acordo quanto \u00e0 ades\u00e3o da campanha e por isso as sacolinhas ainda est\u00e3o presentes na rotina dos consumidores.<\/p>\n<p>Em Itaquaquecetuba, onde n\u00e3o existe acordo entre supermercados para que as sacolas n\u00e3o sejam mais fornecidas, os estabelecimentos preferem acima de tudo n\u00e3o decepcionar os clientes.<\/p>\n<p>Por enquanto a \u00fanica cidade a fechar o cerco contra a sacola de pl\u00e1stico \u00e9 Mogi das Cruzes. Em Suzano, nem todos os mercados fizeram o mesmo. Quem enfrenta a novidade, sabe que a for\u00e7a de vontade \u00e9 que determina a rapidez da adapta\u00e7\u00e3o.<\/p>\n<p>O economista Luiz Edmundo Moraes d\u00e1 dicas importantes sobre quais s\u00e3o as melhores escolhas e qual a op\u00e7\u00e3o mais econ\u00f4mica para o consumidor.<\/p>\n<p><em>Fonte: TV Di\u00e1rio<\/em><\/p>\n\n<div style=\"font-size: 0px; height: 0px; line-height: 0px; margin: 0; padding: 0; clear: both;\"><\/div>","protected":false},"excerpt":{"rendered":"<p>O acordo firmado entre a Associa\u00e7\u00e3o Paulista de Supermercados (Apas) e o governo do estado ainda divide opini\u00f5es no Alto Tiet\u00ea. Desde o dia 25 de janeiro, as maiores redes de supermercados da regi\u00e3o aderiram \u00e0 campanha que incentiva a diminui\u00e7\u00e3o do uso das sacolinhas pl\u00e1sticas. Mas em algumas cidades, os representantes dessa categoria ainda n\u00e3o entraram em acordo quanto \u00e0 ades\u00e3o da campanha e por isso as sacolinhas ainda est\u00e3o presentes na rotina dos consumidores. Em Itaquaquecetuba, onde n\u00e3o existe acordo entre supermercados para que as sacolas n\u00e3o sejam mais fornecidas, os estabelecimentos preferem acima de tudo n\u00e3o decepcionar <\/p>\n","protected":false},"author":1,"featured_media":0,"comment_status":"open","ping_status":"open","sticky":false,"template":"","format":"standard","meta":[],"categories":[6],"tags":[14],"yoast_head":"<!-- This site is optimized with the Yoast SEO plugin v19.6.1 - https:\/\/yoast.com\/wordpress\/plugins\/seo\/ -->\n<title>Acordo das sacolinhas plasticas ainda divide opini\u00f5es em Itaquaquecetuba - Encontra Itaquaquecetuba<\/title>\n<meta name=\"robots\" content=\"index, follow, max-snippet:-1, max-image-preview:large, max-video-preview:-1\" \/>\n<link rel=\"canonical\" href=\"https:\/\/www.encontraitaquaquecetuba.com.br\/sobre\/acordo-das-sacolinhas-plasticas-ainda-divide-opinioes-em-itaquaquecetuba\/\" \/>\n<meta property=\"og:locale\" content=\"pt_BR\" \/>\n<meta property=\"og:type\" content=\"article\" \/>\n<meta property=\"og:title\" content=\"Acordo das sacolinhas plasticas ainda divide opini\u00f5es em Itaquaquecetuba - Encontra Itaquaquecetuba\" \/>\n<meta property=\"og:description\" content=\"O acordo firmado entre a Associa\u00e7\u00e3o Paulista de Supermercados (Apas) e o governo do estado ainda divide opini\u00f5es no Alto Tiet\u00ea. Desde o dia 25 de janeiro, as maiores redes de supermercados da regi\u00e3o aderiram \u00e0 campanha que incentiva a diminui\u00e7\u00e3o do uso das sacolinhas pl\u00e1sticas. Mas em algumas cidades, os representantes dessa categoria ainda n\u00e3o entraram em acordo quanto \u00e0 ades\u00e3o da campanha e por isso as sacolinhas ainda est\u00e3o presentes na rotina dos consumidores. Em Itaquaquecetuba, onde n\u00e3o existe acordo entre supermercados para que as sacolas n\u00e3o sejam mais fornecidas, os estabelecimentos preferem acima de tudo n\u00e3o decepcionar\" \/>\n<meta property=\"og:url\" content=\"https:\/\/www.encontraitaquaquecetuba.com.br\/sobre\/acordo-das-sacolinhas-plasticas-ainda-divide-opinioes-em-itaquaquecetuba\/\" \/>\n<meta property=\"og:site_name\" content=\"Encontra Itaquaquecetuba\" \/>\n<meta property=\"article:published_time\" content=\"2012-01-31T18:39:43+00:00\" \/>\n<meta property=\"article:modified_time\" content=\"2013-08-14T04:51:01+00:00\" \/>\n<meta name=\"author\" content=\"Encontra Itaquaquecetuba\" \/>\n<meta name=\"twitter:card\" content=\"summary_large_image\" \/>\n<meta name=\"twitter:label1\" content=\"Escrito por\" \/>\n\t<meta name=\"twitter:data1\" content=\"Encontra Itaquaquecetuba\" \/>\n\t<meta name=\"twitter:label2\" content=\"Est. tempo de leitura\" \/>\n\t<meta name=\"twitter:data2\" content=\"1 minuto\" \/>\n<script type=\"application\/ld+json\" class=\"yoast-schema-graph\">{\"@context\":\"https:\/\/schema.org\",\"@graph\":[{\"@type\":\"WebPage\",\"@id\":\"https:\/\/www.encontraitaquaquecetuba.com.br\/sobre\/acordo-das-sacolinhas-plasticas-ainda-divide-opinioes-em-itaquaquecetuba\/\",\"url\":\"https:\/\/www.encontraitaquaquecetuba.com.br\/sobre\/acordo-das-sacolinhas-plasticas-ainda-divide-opinioes-em-itaquaquecetuba\/\",\"name\":\"Acordo das sacolinhas plasticas ainda divide opini\u00f5es em Itaquaquecetuba - Encontra Itaquaquecetuba\",\"isPartOf\":{\"@id\":\"https:\/\/www.encontraitaquaquecetuba.com.br\/sobre\/#website\"},\"datePublished\":\"2012-01-31T18:39:43+00:00\",\"dateModified\":\"2013-08-14T04:51:01+00:00\",\"author\":{\"@id\":\"https:\/\/www.encontraitaquaquecetuba.com.br\/sobre\/#\/schema\/person\/a8a866dc746e447abf8ca22b02eae6ea\"},\"breadcrumb\":{\"@id\":\"https:\/\/www.encontraitaquaquecetuba.com.br\/sobre\/acordo-das-sacolinhas-plasticas-ainda-divide-opinioes-em-itaquaquecetuba\/#breadcrumb\"},\"inLanguage\":\"pt-BR\",\"potentialAction\":[{\"@type\":\"ReadAction\",\"target\":[\"https:\/\/www.encontraitaquaquecetuba.com.br\/sobre\/acordo-das-sacolinhas-plasticas-ainda-divide-opinioes-em-itaquaquecetuba\/\"]}]},{\"@type\":\"BreadcrumbList\",\"@id\":\"https:\/\/www.encontraitaquaquecetuba.com.br\/sobre\/acordo-das-sacolinhas-plasticas-ainda-divide-opinioes-em-itaquaquecetuba\/#breadcrumb\",\"itemListElement\":[{\"@type\":\"ListItem\",\"position\":1,\"name\":\"In\u00edcio\",\"item\":\"https:\/\/www.encontraitaquaquecetuba.com.br\/sobre\/\"},{\"@type\":\"ListItem\",\"position\":2,\"name\":\"Acordo das sacolinhas plasticas ainda divide opini\u00f5es em Itaquaquecetuba\"}]},{\"@type\":\"WebSite\",\"@id\":\"https:\/\/www.encontraitaquaquecetuba.com.br\/sobre\/#website\",\"url\":\"https:\/\/www.encontraitaquaquecetuba.com.br\/sobre\/\",\"name\":\"Encontra Itaquaquecetuba\",\"description\":\"Not\u00edcias, eventos, informa\u00e7\u00f5es e dicas na cidade de Itaquaquecetuba e regi\u00e3o\",\"potentialAction\":[{\"@type\":\"SearchAction\",\"target\":{\"@type\":\"EntryPoint\",\"urlTemplate\":\"https:\/\/www.encontraitaquaquecetuba.com.br\/sobre\/?s={search_term_string}\"},\"query-input\":\"required name=search_term_string\"}],\"inLanguage\":\"pt-BR\"},{\"@type\":\"Person\",\"@id\":\"https:\/\/www.encontraitaquaquecetuba.com.br\/sobre\/#\/schema\/person\/a8a866dc746e447abf8ca22b02eae6ea\",\"name\":\"Encontra Itaquaquecetuba\",\"image\":{\"@type\":\"ImageObject\",\"inLanguage\":\"pt-BR\",\"@id\":\"https:\/\/www.encontraitaquaquecetuba.com.br\/sobre\/#\/schema\/person\/image\/\",\"url\":\"https:\/\/secure.gravatar.com\/avatar\/f007732be0d27cbf8a336929fe922478?s=96&d=mm&r=g\",\"contentUrl\":\"https:\/\/secure.gravatar.com\/avatar\/f007732be0d27cbf8a336929fe922478?s=96&d=mm&r=g\",\"caption\":\"Encontra Itaquaquecetuba\"},\"sameAs\":[\"http:\/\/www.encontraitaquaquecetuba.com.br\"],\"url\":\"https:\/\/www.encontraitaquaquecetuba.com.br\/sobre\/author\/eitaquaquecetuba\/\"}]}<\/script>\n<!-- \/ Yoast SEO plugin. -->","yoast_head_json":{"title":"Acordo das sacolinhas plasticas ainda divide opini\u00f5es em Itaquaquecetuba - Encontra Itaquaquecetuba","robots":{"index":"index","follow":"follow","max-snippet":"max-snippet:-1","max-image-preview":"max-image-preview:large","max-video-preview":"max-video-preview:-1"},"canonical":"https:\/\/www.encontraitaquaquecetuba.com.br\/sobre\/acordo-das-sacolinhas-plasticas-ainda-divide-opinioes-em-itaquaquecetuba\/","og_locale":"pt_BR","og_type":"article","og_title":"Acordo das sacolinhas plasticas ainda divide opini\u00f5es em Itaquaquecetuba - Encontra Itaquaquecetuba","og_description":"O acordo firmado entre a Associa\u00e7\u00e3o Paulista de Supermercados (Apas) e o governo do estado ainda divide opini\u00f5es no Alto Tiet\u00ea. Desde o dia 25 de janeiro, as maiores redes de supermercados da regi\u00e3o aderiram \u00e0 campanha que incentiva a diminui\u00e7\u00e3o do uso das sacolinhas pl\u00e1sticas. Mas em algumas cidades, os representantes dessa categoria ainda n\u00e3o entraram em acordo quanto \u00e0 ades\u00e3o da campanha e por isso as sacolinhas ainda est\u00e3o presentes na rotina dos consumidores. Em Itaquaquecetuba, onde n\u00e3o existe acordo entre supermercados para que as sacolas n\u00e3o sejam mais fornecidas, os estabelecimentos preferem acima de tudo n\u00e3o decepcionar","og_url":"https:\/\/www.encontraitaquaquecetuba.com.br\/sobre\/acordo-das-sacolinhas-plasticas-ainda-divide-opinioes-em-itaquaquecetuba\/","og_site_name":"Encontra Itaquaquecetuba","article_published_time":"2012-01-31T18:39:43+00:00","article_modified_time":"2013-08-14T04:51:01+00:00","author":"Encontra Itaquaquecetuba","twitter_card":"summary_large_image","twitter_misc":{"Escrito por":"Encontra Itaquaquecetuba","Est. tempo de leitura":"1 minuto"},"schema":{"@context":"https:\/\/schema.org","@graph":[{"@type":"WebPage","@id":"https:\/\/www.encontraitaquaquecetuba.com.br\/sobre\/acordo-das-sacolinhas-plasticas-ainda-divide-opinioes-em-itaquaquecetuba\/","url":"https:\/\/www.encontraitaquaquecetuba.com.br\/sobre\/acordo-das-sacolinhas-plasticas-ainda-divide-opinioes-em-itaquaquecetuba\/","name":"Acordo das sacolinhas plasticas ainda divide opini\u00f5es em Itaquaquecetuba - Encontra Itaquaquecetuba","isPartOf":{"@id":"https:\/\/www.encontraitaquaquecetuba.com.br\/sobre\/#website"},"datePublished":"2012-01-31T18:39:43+00:00","dateModified":"2013-08-14T04:51:01+00:00","author":{"@id":"https:\/\/www.encontraitaquaquecetuba.com.br\/sobre\/#\/schema\/person\/a8a866dc746e447abf8ca22b02eae6ea"},"breadcrumb":{"@id":"https:\/\/www.encontraitaquaquecetuba.com.br\/sobre\/acordo-das-sacolinhas-plasticas-ainda-divide-opinioes-em-itaquaquecetuba\/#breadcrumb"},"inLanguage":"pt-BR","potentialAction":[{"@type":"ReadAction","target":["https:\/\/www.encontraitaquaquecetuba.com.br\/sobre\/acordo-das-sacolinhas-plasticas-ainda-divide-opinioes-em-itaquaquecetuba\/"]}]},{"@type":"BreadcrumbList","@id":"https:\/\/www.encontraitaquaquecetuba.com.br\/sobre\/acordo-das-sacolinhas-plasticas-ainda-divide-opinioes-em-itaquaquecetuba\/#breadcrumb","itemListElement":[{"@type":"ListItem","position":1,"name":"In\u00edcio","item":"https:\/\/www.encontraitaquaquecetuba.com.br\/sobre\/"},{"@type":"ListItem","position":2,"name":"Acordo das sacolinhas plasticas ainda divide opini\u00f5es em Itaquaquecetuba"}]},{"@type":"WebSite","@id":"https:\/\/www.encontraitaquaquecetuba.com.br\/sobre\/#website","url":"https:\/\/www.encontraitaquaquecetuba.com.br\/sobre\/","name":"Encontra Itaquaquecetuba","description":"Not\u00edcias, eventos, informa\u00e7\u00f5es e dicas na cidade de Itaquaquecetuba e regi\u00e3o","potentialAction":[{"@type":"SearchAction","target":{"@type":"EntryPoint","urlTemplate":"https:\/\/www.encontraitaquaquecetuba.com.br\/sobre\/?s={search_term_string}"},"query-input":"required name=search_term_string"}],"inLanguage":"pt-BR"},{"@type":"Person","@id":"https:\/\/www.encontraitaquaquecetuba.com.br\/sobre\/#\/schema\/person\/a8a866dc746e447abf8ca22b02eae6ea","name":"Encontra Itaquaquecetuba","image":{"@type":"ImageObject","inLanguage":"pt-BR","@id":"https:\/\/www.encontraitaquaquecetuba.com.br\/sobre\/#\/schema\/person\/image\/","url":"https:\/\/secure.gravatar.com\/avatar\/f007732be0d27cbf8a336929fe922478?s=96&d=mm&r=g","contentUrl":"https:\/\/secure.gravatar.com\/avatar\/f007732be0d27cbf8a336929fe922478?s=96&d=mm&r=g","caption":"Encontra Itaquaquecetuba"},"sameAs":["http:\/\/www.encontraitaquaquecetuba.com.br"],"url":"https:\/\/www.encontraitaquaquecetuba.com.br\/sobre\/author\/eitaquaquecetuba\/"}]}},"_links":{"self":[{"href":"https:\/\/www.encontraitaquaquecetuba.com.br\/sobre\/wp-json\/wp\/v2\/posts\/318"}],"collection":[{"href":"https:\/\/www.encontraitaquaquecetuba.com.br\/sobre\/wp-json\/wp\/v2\/posts"}],"about":[{"href":"https:\/\/www.encontraitaquaquecetuba.com.br\/sobre\/wp-json\/wp\/v2\/types\/post"}],"author":[{"embeddable":true,"href":"https:\/\/www.encontraitaquaquecetuba.com.br\/sobre\/wp-json\/wp\/v2\/users\/1"}],"replies":[{"embeddable":true,"href":"https:\/\/www.encontraitaquaquecetuba.com.br\/sobre\/wp-json\/wp\/v2\/comments?post=318"}],"version-history":[{"count":0,"href":"https:\/\/www.encontraitaquaquecetuba.com.br\/sobre\/wp-json\/wp\/v2\/posts\/318\/revisions"}],"wp:attachment":[{"href":"https:\/\/www.encontraitaquaquecetuba.com.br\/sobre\/wp-json\/wp\/v2\/media?parent=318"}],"wp:term":[{"taxonomy":"category","embeddable":true,"href":"https:\/\/www.encontraitaquaquecetuba.com.br\/sobre\/wp-json\/wp\/v2\/categories?post=318"},{"taxonomy":"post_tag","embeddable":true,"href":"https:\/\/www.encontraitaquaquecetuba.com.br\/sobre\/wp-json\/wp\/v2\/tags?post=318"}],"curies":[{"name":"wp","href":"https:\/\/api.w.org\/{rel}","templated":true}]}}