{"id":33,"date":"2011-06-02T20:20:25","date_gmt":"2011-06-02T20:20:25","guid":{"rendered":"http:\/\/www.encontraitaquaquecetuba.com.br\/noticias\/?p=33"},"modified":"2013-08-14T04:50:54","modified_gmt":"2013-08-14T04:50:54","slug":"ponto-de-cultura-na-praca-apresenta-show-de-mpb-em-itaquaquecetuba","status":"publish","type":"post","link":"https:\/\/www.encontraitaquaquecetuba.com.br\/sobre\/ponto-de-cultura-na-praca-apresenta-show-de-mpb-em-itaquaquecetuba\/","title":{"rendered":"\u201cPonto de Cultura na Pra\u00e7a\u201d apresenta show de MPB em Itaquaquecetuba"},"content":{"rendered":"<div class=\"80eb2665678f8e3864bb9a528523815b\" data-index=\"1\" style=\"float: none; margin:5px 0 5px 0; text-align:center;\">\n<!-- PUB 73 - Responsivo Horizontal -->\r\n<ins class=\"adsbygoogle\"\r\n     style=\"display:block\"\r\n     data-ad-client=\"ca-pub-7321736592693252\"\r\n     data-ad-slot=\"3087950420\"\r\n     data-ad-format=\"auto\"\r\n     data-full-width-responsive=\"true\"><\/ins>\r\n<script>\r\n     (adsbygoogle = window.adsbygoogle || []).push({});\r\n<\/script>\n<\/div>\n<p>Aos amantes da M\u00fasica Popular Brasileira, o projeto \u201cPonto de Cultura na Pra\u00e7a\u201d, promoveu um evento especial na cidade de Itaquaquecetuba.<\/p>\n<p>Tendo em vista a proximidade do \u201cDia dos Namorados\u201d a atra\u00e7\u00e3o cultural desta quarta-feira, 01, foi a apresenta\u00e7\u00e3o de Alex Domingues (voz e viol\u00e3o).<\/p>\n<p>O evento foi apresentado por Maria Ana Rosa (a Nena) e agradou ao p\u00fablico itaquaquecetubense que p\u00f4de cantar e se divertir ao som de grandes sucessos do g\u00eanero, executados com primor pelo cantor.<\/p>\n<p>Dentre as can\u00e7\u00f5es executadas, constaram: \u201cTe Devoro\u201d (Djavan), \u201cSozinho\u201d (Caetano Veloso), \u201cFalando S\u00e9rio\u201d (Roberto Carlos), \u201cN\u00e3o Aprendi Dizer Adeus\u201d (Leandro e Leonardo), entre outras.<\/p>\n<p>Vale lembrar que o referido artista \u00e9 um dos integrantes do grupo \u201cArte pela Vida\u201d que atualmente trabalha o espet\u00e1culo \u201cCanto da Cena\u201d onde um grupo de atores encena as letras das can\u00e7\u00f5es executadas por Alex Domingues.<\/p>\n<p>Segundo o cantor, a pr\u00f3xima apresenta\u00e7\u00e3o do referido projeto musical ser\u00e1 em outra atra\u00e7\u00e3o cultural municipal denominada \u201cItaquaquecetuba faz o Show\u201d, no pr\u00f3ximo domingo, 12 de junho (Dia dos Namorados).<\/p>\n<p>Para quem ainda n\u00e3o conhece, o \u201cPonto de Cultura na Pra\u00e7a\u201d tem por objetivo articular a produ\u00e7\u00e3o cultural e promover o interc\u00e2mbio de linguagens art\u00edsticas e das express\u00f5es simb\u00f3licas, valorizando a cultura popular.<\/p>\n<p>O projeto, de autoria do atual secret\u00e1rio municipal de Cultura, Jandir Jorge Souto \u00e9 motivo de orgulho para o prefeito Armando Tavares Filho, o Armando da Farm\u00e1cia que acredita que as produ\u00e7\u00f5es ditas \u201cart\u00edsticas\u201d fazem parte do processo de desenvolvimento intelectual saud\u00e1vel de todo e qualquer cidad\u00e3o e por este motivo, ap\u00f3ia a realiza\u00e7\u00e3o das referidas amostragens p\u00fablicas.<\/p>\n<p>Aos mun\u00edcipes, o executivo alerta para a programa\u00e7\u00e3o cultural apresentada pelo projeto, dispon\u00edvel na Secretaria Municipal de Cultura e Turismo. Para mais informa\u00e7\u00f5es, o telefone da pasta \u00e9: 4754-2111.<\/p>\n<p><em>Fonte: Prefeitura de Itaquaquecetuba<\/em><\/p>\n\n<div style=\"font-size: 0px; height: 0px; line-height: 0px; margin: 0; padding: 0; clear: both;\"><\/div>","protected":false},"excerpt":{"rendered":"<p>Aos amantes da M\u00fasica Popular Brasileira, o projeto \u201cPonto de Cultura na Pra\u00e7a\u201d, promoveu um evento especial na cidade de Itaquaquecetuba. Tendo em vista a proximidade do \u201cDia dos Namorados\u201d a atra\u00e7\u00e3o cultural desta quarta-feira, 01, foi a apresenta\u00e7\u00e3o de Alex Domingues (voz e viol\u00e3o). O evento foi apresentado por Maria Ana Rosa (a Nena) e agradou ao p\u00fablico itaquaquecetubense que p\u00f4de cantar e se divertir ao som de grandes sucessos do g\u00eanero, executados com primor pelo cantor. Dentre as can\u00e7\u00f5es executadas, constaram: \u201cTe Devoro\u201d (Djavan), \u201cSozinho\u201d (Caetano Veloso), \u201cFalando S\u00e9rio\u201d (Roberto Carlos), \u201cN\u00e3o Aprendi Dizer Adeus\u201d (Leandro e Leonardo), <\/p>\n","protected":false},"author":1,"featured_media":0,"comment_status":"open","ping_status":"open","sticky":false,"template":"","format":"standard","meta":[],"categories":[9],"tags":[14],"yoast_head":"<!-- This site is optimized with the Yoast SEO plugin v19.6.1 - https:\/\/yoast.com\/wordpress\/plugins\/seo\/ -->\n<title>\u201cPonto de Cultura na Pra\u00e7a\u201d apresenta show de MPB em Itaquaquecetuba - Encontra Itaquaquecetuba<\/title>\n<meta name=\"robots\" content=\"index, follow, max-snippet:-1, max-image-preview:large, max-video-preview:-1\" \/>\n<link rel=\"canonical\" href=\"https:\/\/www.encontraitaquaquecetuba.com.br\/sobre\/ponto-de-cultura-na-praca-apresenta-show-de-mpb-em-itaquaquecetuba\/\" \/>\n<meta property=\"og:locale\" content=\"pt_BR\" \/>\n<meta property=\"og:type\" content=\"article\" \/>\n<meta property=\"og:title\" content=\"\u201cPonto de Cultura na Pra\u00e7a\u201d apresenta show de MPB em Itaquaquecetuba - Encontra Itaquaquecetuba\" \/>\n<meta property=\"og:description\" content=\"Aos amantes da M\u00fasica Popular Brasileira, o projeto \u201cPonto de Cultura na Pra\u00e7a\u201d, promoveu um evento especial na cidade de Itaquaquecetuba. Tendo em vista a proximidade do \u201cDia dos Namorados\u201d a atra\u00e7\u00e3o cultural desta quarta-feira, 01, foi a apresenta\u00e7\u00e3o de Alex Domingues (voz e viol\u00e3o). O evento foi apresentado por Maria Ana Rosa (a Nena) e agradou ao p\u00fablico itaquaquecetubense que p\u00f4de cantar e se divertir ao som de grandes sucessos do g\u00eanero, executados com primor pelo cantor. Dentre as can\u00e7\u00f5es executadas, constaram: \u201cTe Devoro\u201d (Djavan), \u201cSozinho\u201d (Caetano Veloso), \u201cFalando S\u00e9rio\u201d (Roberto Carlos), \u201cN\u00e3o Aprendi Dizer Adeus\u201d (Leandro e Leonardo),\" \/>\n<meta property=\"og:url\" content=\"https:\/\/www.encontraitaquaquecetuba.com.br\/sobre\/ponto-de-cultura-na-praca-apresenta-show-de-mpb-em-itaquaquecetuba\/\" \/>\n<meta property=\"og:site_name\" content=\"Encontra Itaquaquecetuba\" \/>\n<meta property=\"article:published_time\" content=\"2011-06-02T20:20:25+00:00\" \/>\n<meta property=\"article:modified_time\" content=\"2013-08-14T04:50:54+00:00\" \/>\n<meta name=\"author\" content=\"Encontra Itaquaquecetuba\" \/>\n<meta name=\"twitter:card\" content=\"summary_large_image\" \/>\n<meta name=\"twitter:label1\" content=\"Escrito por\" \/>\n\t<meta name=\"twitter:data1\" content=\"Encontra Itaquaquecetuba\" \/>\n\t<meta name=\"twitter:label2\" content=\"Est. tempo de leitura\" \/>\n\t<meta name=\"twitter:data2\" content=\"2 minutos\" \/>\n<script type=\"application\/ld+json\" class=\"yoast-schema-graph\">{\"@context\":\"https:\/\/schema.org\",\"@graph\":[{\"@type\":\"WebPage\",\"@id\":\"https:\/\/www.encontraitaquaquecetuba.com.br\/sobre\/ponto-de-cultura-na-praca-apresenta-show-de-mpb-em-itaquaquecetuba\/\",\"url\":\"https:\/\/www.encontraitaquaquecetuba.com.br\/sobre\/ponto-de-cultura-na-praca-apresenta-show-de-mpb-em-itaquaquecetuba\/\",\"name\":\"\u201cPonto de Cultura na Pra\u00e7a\u201d apresenta show de MPB em Itaquaquecetuba - Encontra Itaquaquecetuba\",\"isPartOf\":{\"@id\":\"https:\/\/www.encontraitaquaquecetuba.com.br\/sobre\/#website\"},\"datePublished\":\"2011-06-02T20:20:25+00:00\",\"dateModified\":\"2013-08-14T04:50:54+00:00\",\"author\":{\"@id\":\"https:\/\/www.encontraitaquaquecetuba.com.br\/sobre\/#\/schema\/person\/a8a866dc746e447abf8ca22b02eae6ea\"},\"breadcrumb\":{\"@id\":\"https:\/\/www.encontraitaquaquecetuba.com.br\/sobre\/ponto-de-cultura-na-praca-apresenta-show-de-mpb-em-itaquaquecetuba\/#breadcrumb\"},\"inLanguage\":\"pt-BR\",\"potentialAction\":[{\"@type\":\"ReadAction\",\"target\":[\"https:\/\/www.encontraitaquaquecetuba.com.br\/sobre\/ponto-de-cultura-na-praca-apresenta-show-de-mpb-em-itaquaquecetuba\/\"]}]},{\"@type\":\"BreadcrumbList\",\"@id\":\"https:\/\/www.encontraitaquaquecetuba.com.br\/sobre\/ponto-de-cultura-na-praca-apresenta-show-de-mpb-em-itaquaquecetuba\/#breadcrumb\",\"itemListElement\":[{\"@type\":\"ListItem\",\"position\":1,\"name\":\"In\u00edcio\",\"item\":\"https:\/\/www.encontraitaquaquecetuba.com.br\/sobre\/\"},{\"@type\":\"ListItem\",\"position\":2,\"name\":\"\u201cPonto de Cultura na Pra\u00e7a\u201d apresenta show de MPB em Itaquaquecetuba\"}]},{\"@type\":\"WebSite\",\"@id\":\"https:\/\/www.encontraitaquaquecetuba.com.br\/sobre\/#website\",\"url\":\"https:\/\/www.encontraitaquaquecetuba.com.br\/sobre\/\",\"name\":\"Encontra Itaquaquecetuba\",\"description\":\"Not\u00edcias, eventos, informa\u00e7\u00f5es e dicas na cidade de Itaquaquecetuba e regi\u00e3o\",\"potentialAction\":[{\"@type\":\"SearchAction\",\"target\":{\"@type\":\"EntryPoint\",\"urlTemplate\":\"https:\/\/www.encontraitaquaquecetuba.com.br\/sobre\/?s={search_term_string}\"},\"query-input\":\"required name=search_term_string\"}],\"inLanguage\":\"pt-BR\"},{\"@type\":\"Person\",\"@id\":\"https:\/\/www.encontraitaquaquecetuba.com.br\/sobre\/#\/schema\/person\/a8a866dc746e447abf8ca22b02eae6ea\",\"name\":\"Encontra Itaquaquecetuba\",\"image\":{\"@type\":\"ImageObject\",\"inLanguage\":\"pt-BR\",\"@id\":\"https:\/\/www.encontraitaquaquecetuba.com.br\/sobre\/#\/schema\/person\/image\/\",\"url\":\"https:\/\/secure.gravatar.com\/avatar\/f007732be0d27cbf8a336929fe922478?s=96&d=mm&r=g\",\"contentUrl\":\"https:\/\/secure.gravatar.com\/avatar\/f007732be0d27cbf8a336929fe922478?s=96&d=mm&r=g\",\"caption\":\"Encontra Itaquaquecetuba\"},\"sameAs\":[\"http:\/\/www.encontraitaquaquecetuba.com.br\"],\"url\":\"https:\/\/www.encontraitaquaquecetuba.com.br\/sobre\/author\/eitaquaquecetuba\/\"}]}<\/script>\n<!-- \/ Yoast SEO plugin. -->","yoast_head_json":{"title":"\u201cPonto de Cultura na Pra\u00e7a\u201d apresenta show de MPB em Itaquaquecetuba - Encontra Itaquaquecetuba","robots":{"index":"index","follow":"follow","max-snippet":"max-snippet:-1","max-image-preview":"max-image-preview:large","max-video-preview":"max-video-preview:-1"},"canonical":"https:\/\/www.encontraitaquaquecetuba.com.br\/sobre\/ponto-de-cultura-na-praca-apresenta-show-de-mpb-em-itaquaquecetuba\/","og_locale":"pt_BR","og_type":"article","og_title":"\u201cPonto de Cultura na Pra\u00e7a\u201d apresenta show de MPB em Itaquaquecetuba - Encontra Itaquaquecetuba","og_description":"Aos amantes da M\u00fasica Popular Brasileira, o projeto \u201cPonto de Cultura na Pra\u00e7a\u201d, promoveu um evento especial na cidade de Itaquaquecetuba. Tendo em vista a proximidade do \u201cDia dos Namorados\u201d a atra\u00e7\u00e3o cultural desta quarta-feira, 01, foi a apresenta\u00e7\u00e3o de Alex Domingues (voz e viol\u00e3o). O evento foi apresentado por Maria Ana Rosa (a Nena) e agradou ao p\u00fablico itaquaquecetubense que p\u00f4de cantar e se divertir ao som de grandes sucessos do g\u00eanero, executados com primor pelo cantor. Dentre as can\u00e7\u00f5es executadas, constaram: \u201cTe Devoro\u201d (Djavan), \u201cSozinho\u201d (Caetano Veloso), \u201cFalando S\u00e9rio\u201d (Roberto Carlos), \u201cN\u00e3o Aprendi Dizer Adeus\u201d (Leandro e Leonardo),","og_url":"https:\/\/www.encontraitaquaquecetuba.com.br\/sobre\/ponto-de-cultura-na-praca-apresenta-show-de-mpb-em-itaquaquecetuba\/","og_site_name":"Encontra Itaquaquecetuba","article_published_time":"2011-06-02T20:20:25+00:00","article_modified_time":"2013-08-14T04:50:54+00:00","author":"Encontra Itaquaquecetuba","twitter_card":"summary_large_image","twitter_misc":{"Escrito por":"Encontra Itaquaquecetuba","Est. tempo de leitura":"2 minutos"},"schema":{"@context":"https:\/\/schema.org","@graph":[{"@type":"WebPage","@id":"https:\/\/www.encontraitaquaquecetuba.com.br\/sobre\/ponto-de-cultura-na-praca-apresenta-show-de-mpb-em-itaquaquecetuba\/","url":"https:\/\/www.encontraitaquaquecetuba.com.br\/sobre\/ponto-de-cultura-na-praca-apresenta-show-de-mpb-em-itaquaquecetuba\/","name":"\u201cPonto de Cultura na Pra\u00e7a\u201d apresenta show de MPB em Itaquaquecetuba - Encontra Itaquaquecetuba","isPartOf":{"@id":"https:\/\/www.encontraitaquaquecetuba.com.br\/sobre\/#website"},"datePublished":"2011-06-02T20:20:25+00:00","dateModified":"2013-08-14T04:50:54+00:00","author":{"@id":"https:\/\/www.encontraitaquaquecetuba.com.br\/sobre\/#\/schema\/person\/a8a866dc746e447abf8ca22b02eae6ea"},"breadcrumb":{"@id":"https:\/\/www.encontraitaquaquecetuba.com.br\/sobre\/ponto-de-cultura-na-praca-apresenta-show-de-mpb-em-itaquaquecetuba\/#breadcrumb"},"inLanguage":"pt-BR","potentialAction":[{"@type":"ReadAction","target":["https:\/\/www.encontraitaquaquecetuba.com.br\/sobre\/ponto-de-cultura-na-praca-apresenta-show-de-mpb-em-itaquaquecetuba\/"]}]},{"@type":"BreadcrumbList","@id":"https:\/\/www.encontraitaquaquecetuba.com.br\/sobre\/ponto-de-cultura-na-praca-apresenta-show-de-mpb-em-itaquaquecetuba\/#breadcrumb","itemListElement":[{"@type":"ListItem","position":1,"name":"In\u00edcio","item":"https:\/\/www.encontraitaquaquecetuba.com.br\/sobre\/"},{"@type":"ListItem","position":2,"name":"\u201cPonto de Cultura na Pra\u00e7a\u201d apresenta show de MPB em Itaquaquecetuba"}]},{"@type":"WebSite","@id":"https:\/\/www.encontraitaquaquecetuba.com.br\/sobre\/#website","url":"https:\/\/www.encontraitaquaquecetuba.com.br\/sobre\/","name":"Encontra Itaquaquecetuba","description":"Not\u00edcias, eventos, informa\u00e7\u00f5es e dicas na cidade de Itaquaquecetuba e regi\u00e3o","potentialAction":[{"@type":"SearchAction","target":{"@type":"EntryPoint","urlTemplate":"https:\/\/www.encontraitaquaquecetuba.com.br\/sobre\/?s={search_term_string}"},"query-input":"required name=search_term_string"}],"inLanguage":"pt-BR"},{"@type":"Person","@id":"https:\/\/www.encontraitaquaquecetuba.com.br\/sobre\/#\/schema\/person\/a8a866dc746e447abf8ca22b02eae6ea","name":"Encontra Itaquaquecetuba","image":{"@type":"ImageObject","inLanguage":"pt-BR","@id":"https:\/\/www.encontraitaquaquecetuba.com.br\/sobre\/#\/schema\/person\/image\/","url":"https:\/\/secure.gravatar.com\/avatar\/f007732be0d27cbf8a336929fe922478?s=96&d=mm&r=g","contentUrl":"https:\/\/secure.gravatar.com\/avatar\/f007732be0d27cbf8a336929fe922478?s=96&d=mm&r=g","caption":"Encontra Itaquaquecetuba"},"sameAs":["http:\/\/www.encontraitaquaquecetuba.com.br"],"url":"https:\/\/www.encontraitaquaquecetuba.com.br\/sobre\/author\/eitaquaquecetuba\/"}]}},"_links":{"self":[{"href":"https:\/\/www.encontraitaquaquecetuba.com.br\/sobre\/wp-json\/wp\/v2\/posts\/33"}],"collection":[{"href":"https:\/\/www.encontraitaquaquecetuba.com.br\/sobre\/wp-json\/wp\/v2\/posts"}],"about":[{"href":"https:\/\/www.encontraitaquaquecetuba.com.br\/sobre\/wp-json\/wp\/v2\/types\/post"}],"author":[{"embeddable":true,"href":"https:\/\/www.encontraitaquaquecetuba.com.br\/sobre\/wp-json\/wp\/v2\/users\/1"}],"replies":[{"embeddable":true,"href":"https:\/\/www.encontraitaquaquecetuba.com.br\/sobre\/wp-json\/wp\/v2\/comments?post=33"}],"version-history":[{"count":0,"href":"https:\/\/www.encontraitaquaquecetuba.com.br\/sobre\/wp-json\/wp\/v2\/posts\/33\/revisions"}],"wp:attachment":[{"href":"https:\/\/www.encontraitaquaquecetuba.com.br\/sobre\/wp-json\/wp\/v2\/media?parent=33"}],"wp:term":[{"taxonomy":"category","embeddable":true,"href":"https:\/\/www.encontraitaquaquecetuba.com.br\/sobre\/wp-json\/wp\/v2\/categories?post=33"},{"taxonomy":"post_tag","embeddable":true,"href":"https:\/\/www.encontraitaquaquecetuba.com.br\/sobre\/wp-json\/wp\/v2\/tags?post=33"}],"curies":[{"name":"wp","href":"https:\/\/api.w.org\/{rel}","templated":true}]}}