{"id":350,"date":"2012-03-01T19:57:16","date_gmt":"2012-03-01T19:57:16","guid":{"rendered":"http:\/\/www.encontraitaquaquecetuba.com.br\/noticias\/?p=350"},"modified":"2021-09-13T15:21:37","modified_gmt":"2021-09-13T15:21:37","slug":"prefeitura-de-itaquaquecetuba-e-sebrae-realizam-eventos-para-estimular-o-empreendedorismo","status":"publish","type":"post","link":"https:\/\/www.encontraitaquaquecetuba.com.br\/sobre\/prefeitura-de-itaquaquecetuba-e-sebrae-realizam-eventos-para-estimular-o-empreendedorismo\/","title":{"rendered":"Prefeitura de Itaquaquecetuba e SEBRAE realizam eventos para estimular o empreendedorismo"},"content":{"rendered":"<div class=\"80eb2665678f8e3864bb9a528523815b\" data-index=\"1\" style=\"float: none; margin:5px 0 5px 0; text-align:center;\">\n<!-- PUB 73 - Responsivo Horizontal -->\r\n<ins class=\"adsbygoogle\"\r\n     style=\"display:block\"\r\n     data-ad-client=\"ca-pub-7321736592693252\"\r\n     data-ad-slot=\"3087950420\"\r\n     data-ad-format=\"auto\"\r\n     data-full-width-responsive=\"true\"><\/ins>\r\n<script>\r\n     (adsbygoogle = window.adsbygoogle || []).push({});\r\n<\/script>\n<\/div>\n<p>O m\u00eas de mar\u00e7o em Itaquaquecetuba ser\u00e1 marcado pela realiza\u00e7\u00e3o de oficinas, palestras, cursos e consultorias coletivas realizadas por meio de uma parceria firmada entre a <a href=\"http:\/\/www.encontraitaquaquecetuba.com.br\/itaquaquecetuba\/prefeitura-itaquaquecetuba.shtml\" target=\"_blank\" rel=\"noopener\">prefeitura de Itaquaquecetuba<\/a> e o SEBRAE\/PAE.<\/p>\n<p>A iniciativa visa orientar os participantes com rela\u00e7\u00e3o ao conceito de empreendedorismo, os auxiliando na avalia\u00e7\u00e3o de seu perfil de neg\u00f3cios e na defini\u00e7\u00e3o de um plano de a\u00e7\u00e3o para o desenvolvimento das caracter\u00edsticas do comportamento empreendedor.<\/p>\n<p>Os n\u00fameros do desemprego na cidade, assim como, a baixa renda de consider\u00e1vel parcela da popula\u00e7\u00e3o, preocupam o executivo. Por esta raz\u00e3o, parcerias como esta tornam-se imprescind\u00edveis para o crescimento do cidad\u00e3o empreendedor da cidade: \u201cNossa pol\u00edtica est\u00e1 voltada para a atra\u00e7\u00e3o de empreendimentos, independente do porte, a fim de gerar mais investimentos no munic\u00edpio\u201d, afirma o prefeito Armando Tavares Filho, o Armando da farm\u00e1cia, em determinada ocasi\u00e3o.<\/p>\n<p>Sendo assim, confira as oportunidades oferecidas pela prefeitura e pelo SEBRAE no sentido de melhor qualificar o mun\u00edcipe e estimular o empreendedorismo na cidade:<\/p>\n<p><strong>Data: 01\/03<\/strong><\/p>\n<p>Evento: Oficina: Desenvolva sua empresa.<\/p>\n<p>Hor\u00e1rio: das 14:00 horas as 17:00 horas.<\/p>\n<p><strong>Data: 08\/03<\/strong><\/p>\n<p>Evento: Palestra: Marketing de Relacionamento.<\/p>\n<p>Hor\u00e1rio: das 15:00 horas as 17:00 horas.<\/p>\n<p><strong>Data: 12\/03<\/strong><\/p>\n<p>Evento 1: Consultoria: Controles Financeiros<\/p>\n<p>Hor\u00e1rio: das 15:00 horas as 17:00 horas.<\/p>\n<p>Evento 2: Oficina: Desperte seu Potencial.<\/p>\n<p>Hor\u00e1rio: das 15:00 horas as 17:00 horas.<\/p>\n<p><strong>Data: 13\/03<\/strong><\/p>\n<p>Evento: Palestra: Planejamento, Programa\u00e7\u00e3o e Controle de Produ\u00e7\u00e3o &#8211; PPCP<\/p>\n<p>Hor\u00e1rio: das 15:00 horas as 17:00 horas.<\/p>\n<p><strong>Data: 14\/03<\/strong><\/p>\n<p>Evento: Palestra: Empreendedor Individual.<\/p>\n<p>Hor\u00e1rio: das 15:00 horas as 17:00 horas.<\/p>\n<p><strong>Data: 15\/03<\/strong><\/p>\n<p>Evento: Consultoria: Pesquisa e An\u00e1lise de Mercado.<\/p>\n<p>Hor\u00e1rio: das 15:00 horas as 17:00 horas.<\/p>\n<p><strong>Data: 19\/03<\/strong><\/p>\n<p>Evento: Palestra Administra\u00e7\u00e3o Competitiva: Uma Ferramenta Estrat\u00e9gica<\/p>\n<p>Hor\u00e1rio: das 15:00 horas as 17:00 horas.<\/p>\n<p><strong>Data: 20\/03<\/strong><\/p>\n<p>Evento: Palestra: Como comprar sua Franquia.<\/p>\n<p>Hor\u00e1rio: das 15:00 horas as 17:00 horas.<\/p>\n<p><strong>Data: 22\/03<\/strong><\/p>\n<p>Evento: Palestra: Planejamento e Abertura da sua Empresa.<\/p>\n<p>Hor\u00e1rio: das 15:00 horas as 17:00 horas.<\/p>\n<p><strong>Data: 26\/03<\/strong><\/p>\n<p>Evento: Palestra: Capital de Giro: determina\u00e7\u00e3o e Gerenciamento.<\/p>\n<p>Hor\u00e1rio: das 14:00 horas as 17:00 horas.<\/p>\n<p><strong>Data: De 26 a 31\/03<\/strong><\/p>\n<p>Evento: Curso: Aprender a Empreender<\/p>\n<p>Hor\u00e1rio: das 14:00 horas as 18:00 horas.<\/p>\n<p><strong>Data: 29\/03<\/strong><\/p>\n<p>Evento: Palestra: Entendendo Custos, Despesas e Pre\u00e7o de Venda.<\/p>\n<p>Hor\u00e1rio: das 15:00 horas as 17:00 horas.<\/p>\n<p>As salas ser\u00e3o organizadas para receber entre 15 a 30 participantes.<\/p>\n<p>Para freq\u00fcentar qualquer um dos eventos oferecidos gratuitamente, \u00e9 necess\u00e1rio possuir idade acima de 18 anos.<\/p>\n<p>As inscri\u00e7\u00f5es acontecem no \u201cEspa\u00e7o Cidad\u00e3o \u2013 Posto de Atendimento ao Empreendedor\u201d (mesmo local dos eventos), sito \u00e0 Estrada de Santa Isabel, 1.100, Monte Belo. Para mais informa\u00e7\u00f5es, os telefones s\u00e3o: 4642-2121 e 4642-1116.<\/p>\n<p><em>Fonte: Secom Itaquaquecetuba<\/em><\/p>\n\n<div style=\"font-size: 0px; height: 0px; line-height: 0px; margin: 0; padding: 0; clear: both;\"><\/div>","protected":false},"excerpt":{"rendered":"<p>O m\u00eas de mar\u00e7o em Itaquaquecetuba ser\u00e1 marcado pela realiza\u00e7\u00e3o de oficinas, palestras, cursos e consultorias coletivas realizadas por meio de uma parceria firmada entre a prefeitura de Itaquaquecetuba e o SEBRAE\/PAE. A iniciativa visa orientar os participantes com rela\u00e7\u00e3o ao conceito de empreendedorismo, os auxiliando na avalia\u00e7\u00e3o de seu perfil de neg\u00f3cios e na defini\u00e7\u00e3o de um plano de a\u00e7\u00e3o para o desenvolvimento das caracter\u00edsticas do comportamento empreendedor. Os n\u00fameros do desemprego na cidade, assim como, a baixa renda de consider\u00e1vel parcela da popula\u00e7\u00e3o, preocupam o executivo. Por esta raz\u00e3o, parcerias como esta tornam-se imprescind\u00edveis para o crescimento do <\/p>\n","protected":false},"author":1,"featured_media":0,"comment_status":"open","ping_status":"open","sticky":false,"template":"","format":"standard","meta":[],"categories":[6],"tags":[14],"yoast_head":"<!-- This site is optimized with the Yoast SEO plugin v19.6.1 - https:\/\/yoast.com\/wordpress\/plugins\/seo\/ -->\n<title>Prefeitura de Itaquaquecetuba e SEBRAE realizam eventos para estimular o empreendedorismo - Encontra Itaquaquecetuba<\/title>\n<meta name=\"robots\" content=\"index, follow, max-snippet:-1, max-image-preview:large, max-video-preview:-1\" \/>\n<link rel=\"canonical\" href=\"https:\/\/www.encontraitaquaquecetuba.com.br\/sobre\/prefeitura-de-itaquaquecetuba-e-sebrae-realizam-eventos-para-estimular-o-empreendedorismo\/\" \/>\n<meta property=\"og:locale\" content=\"pt_BR\" \/>\n<meta property=\"og:type\" content=\"article\" \/>\n<meta property=\"og:title\" content=\"Prefeitura de Itaquaquecetuba e SEBRAE realizam eventos para estimular o empreendedorismo - Encontra Itaquaquecetuba\" \/>\n<meta property=\"og:description\" content=\"O m\u00eas de mar\u00e7o em Itaquaquecetuba ser\u00e1 marcado pela realiza\u00e7\u00e3o de oficinas, palestras, cursos e consultorias coletivas realizadas por meio de uma parceria firmada entre a prefeitura de Itaquaquecetuba e o SEBRAE\/PAE. A iniciativa visa orientar os participantes com rela\u00e7\u00e3o ao conceito de empreendedorismo, os auxiliando na avalia\u00e7\u00e3o de seu perfil de neg\u00f3cios e na defini\u00e7\u00e3o de um plano de a\u00e7\u00e3o para o desenvolvimento das caracter\u00edsticas do comportamento empreendedor. Os n\u00fameros do desemprego na cidade, assim como, a baixa renda de consider\u00e1vel parcela da popula\u00e7\u00e3o, preocupam o executivo. Por esta raz\u00e3o, parcerias como esta tornam-se imprescind\u00edveis para o crescimento do\" \/>\n<meta property=\"og:url\" content=\"https:\/\/www.encontraitaquaquecetuba.com.br\/sobre\/prefeitura-de-itaquaquecetuba-e-sebrae-realizam-eventos-para-estimular-o-empreendedorismo\/\" \/>\n<meta property=\"og:site_name\" content=\"Encontra Itaquaquecetuba\" \/>\n<meta property=\"article:published_time\" content=\"2012-03-01T19:57:16+00:00\" \/>\n<meta property=\"article:modified_time\" content=\"2021-09-13T15:21:37+00:00\" \/>\n<meta name=\"author\" content=\"Encontra Itaquaquecetuba\" \/>\n<meta name=\"twitter:card\" content=\"summary_large_image\" \/>\n<meta name=\"twitter:label1\" content=\"Escrito por\" \/>\n\t<meta name=\"twitter:data1\" content=\"Encontra Itaquaquecetuba\" \/>\n\t<meta name=\"twitter:label2\" content=\"Est. tempo de leitura\" \/>\n\t<meta name=\"twitter:data2\" content=\"2 minutos\" \/>\n<script type=\"application\/ld+json\" class=\"yoast-schema-graph\">{\"@context\":\"https:\/\/schema.org\",\"@graph\":[{\"@type\":\"WebPage\",\"@id\":\"https:\/\/www.encontraitaquaquecetuba.com.br\/sobre\/prefeitura-de-itaquaquecetuba-e-sebrae-realizam-eventos-para-estimular-o-empreendedorismo\/\",\"url\":\"https:\/\/www.encontraitaquaquecetuba.com.br\/sobre\/prefeitura-de-itaquaquecetuba-e-sebrae-realizam-eventos-para-estimular-o-empreendedorismo\/\",\"name\":\"Prefeitura de Itaquaquecetuba e SEBRAE realizam eventos para estimular o empreendedorismo - Encontra Itaquaquecetuba\",\"isPartOf\":{\"@id\":\"https:\/\/www.encontraitaquaquecetuba.com.br\/sobre\/#website\"},\"datePublished\":\"2012-03-01T19:57:16+00:00\",\"dateModified\":\"2021-09-13T15:21:37+00:00\",\"author\":{\"@id\":\"https:\/\/www.encontraitaquaquecetuba.com.br\/sobre\/#\/schema\/person\/a8a866dc746e447abf8ca22b02eae6ea\"},\"breadcrumb\":{\"@id\":\"https:\/\/www.encontraitaquaquecetuba.com.br\/sobre\/prefeitura-de-itaquaquecetuba-e-sebrae-realizam-eventos-para-estimular-o-empreendedorismo\/#breadcrumb\"},\"inLanguage\":\"pt-BR\",\"potentialAction\":[{\"@type\":\"ReadAction\",\"target\":[\"https:\/\/www.encontraitaquaquecetuba.com.br\/sobre\/prefeitura-de-itaquaquecetuba-e-sebrae-realizam-eventos-para-estimular-o-empreendedorismo\/\"]}]},{\"@type\":\"BreadcrumbList\",\"@id\":\"https:\/\/www.encontraitaquaquecetuba.com.br\/sobre\/prefeitura-de-itaquaquecetuba-e-sebrae-realizam-eventos-para-estimular-o-empreendedorismo\/#breadcrumb\",\"itemListElement\":[{\"@type\":\"ListItem\",\"position\":1,\"name\":\"In\u00edcio\",\"item\":\"https:\/\/www.encontraitaquaquecetuba.com.br\/sobre\/\"},{\"@type\":\"ListItem\",\"position\":2,\"name\":\"Prefeitura de Itaquaquecetuba e SEBRAE realizam eventos para estimular o empreendedorismo\"}]},{\"@type\":\"WebSite\",\"@id\":\"https:\/\/www.encontraitaquaquecetuba.com.br\/sobre\/#website\",\"url\":\"https:\/\/www.encontraitaquaquecetuba.com.br\/sobre\/\",\"name\":\"Encontra Itaquaquecetuba\",\"description\":\"Not\u00edcias, eventos, informa\u00e7\u00f5es e dicas na cidade de Itaquaquecetuba e regi\u00e3o\",\"potentialAction\":[{\"@type\":\"SearchAction\",\"target\":{\"@type\":\"EntryPoint\",\"urlTemplate\":\"https:\/\/www.encontraitaquaquecetuba.com.br\/sobre\/?s={search_term_string}\"},\"query-input\":\"required name=search_term_string\"}],\"inLanguage\":\"pt-BR\"},{\"@type\":\"Person\",\"@id\":\"https:\/\/www.encontraitaquaquecetuba.com.br\/sobre\/#\/schema\/person\/a8a866dc746e447abf8ca22b02eae6ea\",\"name\":\"Encontra Itaquaquecetuba\",\"image\":{\"@type\":\"ImageObject\",\"inLanguage\":\"pt-BR\",\"@id\":\"https:\/\/www.encontraitaquaquecetuba.com.br\/sobre\/#\/schema\/person\/image\/\",\"url\":\"https:\/\/secure.gravatar.com\/avatar\/f007732be0d27cbf8a336929fe922478?s=96&d=mm&r=g\",\"contentUrl\":\"https:\/\/secure.gravatar.com\/avatar\/f007732be0d27cbf8a336929fe922478?s=96&d=mm&r=g\",\"caption\":\"Encontra Itaquaquecetuba\"},\"sameAs\":[\"http:\/\/www.encontraitaquaquecetuba.com.br\"],\"url\":\"https:\/\/www.encontraitaquaquecetuba.com.br\/sobre\/author\/eitaquaquecetuba\/\"}]}<\/script>\n<!-- \/ Yoast SEO plugin. -->","yoast_head_json":{"title":"Prefeitura de Itaquaquecetuba e SEBRAE realizam eventos para estimular o empreendedorismo - Encontra Itaquaquecetuba","robots":{"index":"index","follow":"follow","max-snippet":"max-snippet:-1","max-image-preview":"max-image-preview:large","max-video-preview":"max-video-preview:-1"},"canonical":"https:\/\/www.encontraitaquaquecetuba.com.br\/sobre\/prefeitura-de-itaquaquecetuba-e-sebrae-realizam-eventos-para-estimular-o-empreendedorismo\/","og_locale":"pt_BR","og_type":"article","og_title":"Prefeitura de Itaquaquecetuba e SEBRAE realizam eventos para estimular o empreendedorismo - Encontra Itaquaquecetuba","og_description":"O m\u00eas de mar\u00e7o em Itaquaquecetuba ser\u00e1 marcado pela realiza\u00e7\u00e3o de oficinas, palestras, cursos e consultorias coletivas realizadas por meio de uma parceria firmada entre a prefeitura de Itaquaquecetuba e o SEBRAE\/PAE. A iniciativa visa orientar os participantes com rela\u00e7\u00e3o ao conceito de empreendedorismo, os auxiliando na avalia\u00e7\u00e3o de seu perfil de neg\u00f3cios e na defini\u00e7\u00e3o de um plano de a\u00e7\u00e3o para o desenvolvimento das caracter\u00edsticas do comportamento empreendedor. Os n\u00fameros do desemprego na cidade, assim como, a baixa renda de consider\u00e1vel parcela da popula\u00e7\u00e3o, preocupam o executivo. Por esta raz\u00e3o, parcerias como esta tornam-se imprescind\u00edveis para o crescimento do","og_url":"https:\/\/www.encontraitaquaquecetuba.com.br\/sobre\/prefeitura-de-itaquaquecetuba-e-sebrae-realizam-eventos-para-estimular-o-empreendedorismo\/","og_site_name":"Encontra Itaquaquecetuba","article_published_time":"2012-03-01T19:57:16+00:00","article_modified_time":"2021-09-13T15:21:37+00:00","author":"Encontra Itaquaquecetuba","twitter_card":"summary_large_image","twitter_misc":{"Escrito por":"Encontra Itaquaquecetuba","Est. tempo de leitura":"2 minutos"},"schema":{"@context":"https:\/\/schema.org","@graph":[{"@type":"WebPage","@id":"https:\/\/www.encontraitaquaquecetuba.com.br\/sobre\/prefeitura-de-itaquaquecetuba-e-sebrae-realizam-eventos-para-estimular-o-empreendedorismo\/","url":"https:\/\/www.encontraitaquaquecetuba.com.br\/sobre\/prefeitura-de-itaquaquecetuba-e-sebrae-realizam-eventos-para-estimular-o-empreendedorismo\/","name":"Prefeitura de Itaquaquecetuba e SEBRAE realizam eventos para estimular o empreendedorismo - Encontra Itaquaquecetuba","isPartOf":{"@id":"https:\/\/www.encontraitaquaquecetuba.com.br\/sobre\/#website"},"datePublished":"2012-03-01T19:57:16+00:00","dateModified":"2021-09-13T15:21:37+00:00","author":{"@id":"https:\/\/www.encontraitaquaquecetuba.com.br\/sobre\/#\/schema\/person\/a8a866dc746e447abf8ca22b02eae6ea"},"breadcrumb":{"@id":"https:\/\/www.encontraitaquaquecetuba.com.br\/sobre\/prefeitura-de-itaquaquecetuba-e-sebrae-realizam-eventos-para-estimular-o-empreendedorismo\/#breadcrumb"},"inLanguage":"pt-BR","potentialAction":[{"@type":"ReadAction","target":["https:\/\/www.encontraitaquaquecetuba.com.br\/sobre\/prefeitura-de-itaquaquecetuba-e-sebrae-realizam-eventos-para-estimular-o-empreendedorismo\/"]}]},{"@type":"BreadcrumbList","@id":"https:\/\/www.encontraitaquaquecetuba.com.br\/sobre\/prefeitura-de-itaquaquecetuba-e-sebrae-realizam-eventos-para-estimular-o-empreendedorismo\/#breadcrumb","itemListElement":[{"@type":"ListItem","position":1,"name":"In\u00edcio","item":"https:\/\/www.encontraitaquaquecetuba.com.br\/sobre\/"},{"@type":"ListItem","position":2,"name":"Prefeitura de Itaquaquecetuba e SEBRAE realizam eventos para estimular o empreendedorismo"}]},{"@type":"WebSite","@id":"https:\/\/www.encontraitaquaquecetuba.com.br\/sobre\/#website","url":"https:\/\/www.encontraitaquaquecetuba.com.br\/sobre\/","name":"Encontra Itaquaquecetuba","description":"Not\u00edcias, eventos, informa\u00e7\u00f5es e dicas na cidade de Itaquaquecetuba e regi\u00e3o","potentialAction":[{"@type":"SearchAction","target":{"@type":"EntryPoint","urlTemplate":"https:\/\/www.encontraitaquaquecetuba.com.br\/sobre\/?s={search_term_string}"},"query-input":"required name=search_term_string"}],"inLanguage":"pt-BR"},{"@type":"Person","@id":"https:\/\/www.encontraitaquaquecetuba.com.br\/sobre\/#\/schema\/person\/a8a866dc746e447abf8ca22b02eae6ea","name":"Encontra Itaquaquecetuba","image":{"@type":"ImageObject","inLanguage":"pt-BR","@id":"https:\/\/www.encontraitaquaquecetuba.com.br\/sobre\/#\/schema\/person\/image\/","url":"https:\/\/secure.gravatar.com\/avatar\/f007732be0d27cbf8a336929fe922478?s=96&d=mm&r=g","contentUrl":"https:\/\/secure.gravatar.com\/avatar\/f007732be0d27cbf8a336929fe922478?s=96&d=mm&r=g","caption":"Encontra Itaquaquecetuba"},"sameAs":["http:\/\/www.encontraitaquaquecetuba.com.br"],"url":"https:\/\/www.encontraitaquaquecetuba.com.br\/sobre\/author\/eitaquaquecetuba\/"}]}},"_links":{"self":[{"href":"https:\/\/www.encontraitaquaquecetuba.com.br\/sobre\/wp-json\/wp\/v2\/posts\/350"}],"collection":[{"href":"https:\/\/www.encontraitaquaquecetuba.com.br\/sobre\/wp-json\/wp\/v2\/posts"}],"about":[{"href":"https:\/\/www.encontraitaquaquecetuba.com.br\/sobre\/wp-json\/wp\/v2\/types\/post"}],"author":[{"embeddable":true,"href":"https:\/\/www.encontraitaquaquecetuba.com.br\/sobre\/wp-json\/wp\/v2\/users\/1"}],"replies":[{"embeddable":true,"href":"https:\/\/www.encontraitaquaquecetuba.com.br\/sobre\/wp-json\/wp\/v2\/comments?post=350"}],"version-history":[{"count":0,"href":"https:\/\/www.encontraitaquaquecetuba.com.br\/sobre\/wp-json\/wp\/v2\/posts\/350\/revisions"}],"wp:attachment":[{"href":"https:\/\/www.encontraitaquaquecetuba.com.br\/sobre\/wp-json\/wp\/v2\/media?parent=350"}],"wp:term":[{"taxonomy":"category","embeddable":true,"href":"https:\/\/www.encontraitaquaquecetuba.com.br\/sobre\/wp-json\/wp\/v2\/categories?post=350"},{"taxonomy":"post_tag","embeddable":true,"href":"https:\/\/www.encontraitaquaquecetuba.com.br\/sobre\/wp-json\/wp\/v2\/tags?post=350"}],"curies":[{"name":"wp","href":"https:\/\/api.w.org\/{rel}","templated":true}]}}