{"id":369,"date":"2012-03-08T20:17:58","date_gmt":"2012-03-08T20:17:58","guid":{"rendered":"http:\/\/www.encontraitaquaquecetuba.com.br\/noticias\/?p=369"},"modified":"2021-09-13T15:21:37","modified_gmt":"2021-09-13T15:21:37","slug":"itaquaquecetuba-participa-do-1%c2%ba-encontro-de-sao-paulo-de-fortalecimento-dos-conselhos-escolares","status":"publish","type":"post","link":"https:\/\/www.encontraitaquaquecetuba.com.br\/sobre\/itaquaquecetuba-participa-do-1%c2%ba-encontro-de-sao-paulo-de-fortalecimento-dos-conselhos-escolares\/","title":{"rendered":"Itaquaquecetuba participa do 1\u00ba Encontro de S\u00e3o Paulo de Fortalecimento dos Conselhos Escolares"},"content":{"rendered":"<div class=\"80eb2665678f8e3864bb9a528523815b\" data-index=\"1\" style=\"float: none; margin:5px 0 5px 0; text-align:center;\">\n<!-- PUB 73 - Responsivo Horizontal -->\r\n<ins class=\"adsbygoogle\"\r\n     style=\"display:block\"\r\n     data-ad-client=\"ca-pub-7321736592693252\"\r\n     data-ad-slot=\"3087950420\"\r\n     data-ad-format=\"auto\"\r\n     data-full-width-responsive=\"true\"><\/ins>\r\n<script>\r\n     (adsbygoogle = window.adsbygoogle || []).push({});\r\n<\/script>\n<\/div>\n<p>A Secretaria Municipal de Educa\u00e7\u00e3o de Itaquaquecetuba, Semei, participou entre os dias 28 e 29 de fevereiro do I Encontro Estadual de S\u00e3o Paulo de Fortalecimento dos Conselhos Escolares, na Universidade Federal de S\u00e3o Carlos, UFSCar.<\/p>\n<p>O evento contou com as seguintes parcerias: Secretaria de Educa\u00e7\u00e3o B\u00e1sica do Minist\u00e9rio da Educa\u00e7\u00e3o (SEB\/ MEC), Secretaria Estadual de Educa\u00e7\u00e3o do Governo do Estado de S\u00e3o Paulo (SEE\/SP), Uni\u00e3o Nacional dos Dirigentes Municipais de Educa\u00e7\u00e3o (Undime), Uni\u00e3o Nacional dos Conselhos Municipais de Educa\u00e7\u00e3o (UNCME) , Prefeitura Municipal de S\u00e3o Carlos e v\u00e1rios munic\u00edpios entre eles: Rio Claro, Embu das Artes, Osasco, Cotia, Itaquaquecetuba, S\u00e3o Jos\u00e9 do Rio Preto, Santos, Jacare\u00ed e Ara\u00e7atuba.<\/p>\n<p>A finalidade desse encontro foi contribuir com a discuss\u00e3o sobre a import\u00e2ncia dos Conselhos Escolares (CE) na democratiza\u00e7\u00e3o das escolas de educa\u00e7\u00e3o b\u00e1sica, com vistas \u00e0 constru\u00e7\u00e3o da cidadania. Tamb\u00e9m teve como meta organizar um f\u00f3rum para envolver todo o Estado de S\u00e3o Paulo e estimular a cria\u00e7\u00e3o de Conselhos Escolares nos munic\u00edpios que ainda n\u00e3o possuem, e nos existentes trabalhar para o funcionamento eficaz e seu fortalecimento.<\/p>\n<p>Os conselhos s\u00e3o espa\u00e7os de participa\u00e7\u00e3o de diretores, professores, funcion\u00e1rios, comunidade, pais e alunos nas Institui\u00e7\u00f5es Escolares. Eles s\u00e3o espa\u00e7os coletivos de delibera\u00e7\u00e3o e assumem a perspectiva de \u00f3rg\u00e3os correspons\u00e1veis pela gest\u00e3o administrativa e pedag\u00f3gica das escolas.<\/p>\n<p>O professor mestre Genu\u00edno Bordinon abriu o 1\u00ba Encontro com a palestra: Conselho Escolar &#8211; democratiza\u00e7\u00e3o da escola e constru\u00e7\u00e3o da cidadania. \u00c0 tarde houve a escolha dos seguintes eixos tem\u00e1ticos: Legisla\u00e7\u00e3o e Diretrizes do Conselho Escolar e o princ\u00edpio da gest\u00e3o democr\u00e1tica nas escolas p\u00fablicas; Elei\u00e7\u00e3o de conselheiros escolares: a participa\u00e7\u00e3o dos segmentos que o comp\u00f5em e da sociedade em geral; Forma\u00e7\u00e3o Continuada em Conselhos Escolares: perspectivas e pr\u00e1ticas e Acompanhamento e funcionamento dos Conselhos Escolares: natureza e organiza\u00e7\u00e3o. Ap\u00f3s a discuss\u00e3o dos quatro eixos houve a forma\u00e7\u00e3o da mesa de debates com o tema: Exerc\u00edcio da Cidadania desde a inf\u00e2ncia e a participa\u00e7\u00e3o da comunidade na escola, coordenado pelo professor doutor Celso Luiz AP. Conti da UFSCar. Alguns munic\u00edpios relataram sua experi\u00eancia na constru\u00e7\u00e3o e atua\u00e7\u00e3o do Conselho Escolar. O Encontro contou com as presen\u00e7as de Sidney Forte e Barbara C. Bittencourt, representando a Semei.<\/p>\n<p><em>Fonte: Secom Itaquaquecetuba<\/em><\/p>\n\n<div style=\"font-size: 0px; height: 0px; line-height: 0px; margin: 0; padding: 0; clear: both;\"><\/div>","protected":false},"excerpt":{"rendered":"<p>A Secretaria Municipal de Educa\u00e7\u00e3o de Itaquaquecetuba, Semei, participou entre os dias 28 e 29 de fevereiro do I Encontro Estadual de S\u00e3o Paulo de Fortalecimento dos Conselhos Escolares, na Universidade Federal de S\u00e3o Carlos, UFSCar. O evento contou com as seguintes parcerias: Secretaria de Educa\u00e7\u00e3o B\u00e1sica do Minist\u00e9rio da Educa\u00e7\u00e3o (SEB\/ MEC), Secretaria Estadual de Educa\u00e7\u00e3o do Governo do Estado de S\u00e3o Paulo (SEE\/SP), Uni\u00e3o Nacional dos Dirigentes Municipais de Educa\u00e7\u00e3o (Undime), Uni\u00e3o Nacional dos Conselhos Municipais de Educa\u00e7\u00e3o (UNCME) , Prefeitura Municipal de S\u00e3o Carlos e v\u00e1rios munic\u00edpios entre eles: Rio Claro, Embu das Artes, Osasco, Cotia, Itaquaquecetuba, <\/p>\n","protected":false},"author":1,"featured_media":0,"comment_status":"open","ping_status":"open","sticky":false,"template":"","format":"standard","meta":[],"categories":[6],"tags":[14],"yoast_head":"<!-- This site is optimized with the Yoast SEO plugin v19.6.1 - https:\/\/yoast.com\/wordpress\/plugins\/seo\/ -->\n<title>Itaquaquecetuba participa do 1\u00ba Encontro de S\u00e3o Paulo de Fortalecimento dos Conselhos Escolares - Encontra Itaquaquecetuba<\/title>\n<meta name=\"robots\" content=\"index, follow, max-snippet:-1, max-image-preview:large, max-video-preview:-1\" \/>\n<link rel=\"canonical\" href=\"https:\/\/www.encontraitaquaquecetuba.com.br\/sobre\/itaquaquecetuba-participa-do-1\u00ba-encontro-de-sao-paulo-de-fortalecimento-dos-conselhos-escolares\/\" \/>\n<meta property=\"og:locale\" content=\"pt_BR\" \/>\n<meta property=\"og:type\" content=\"article\" \/>\n<meta property=\"og:title\" content=\"Itaquaquecetuba participa do 1\u00ba Encontro de S\u00e3o Paulo de Fortalecimento dos Conselhos Escolares - Encontra Itaquaquecetuba\" \/>\n<meta property=\"og:description\" content=\"A Secretaria Municipal de Educa\u00e7\u00e3o de Itaquaquecetuba, Semei, participou entre os dias 28 e 29 de fevereiro do I Encontro Estadual de S\u00e3o Paulo de Fortalecimento dos Conselhos Escolares, na Universidade Federal de S\u00e3o Carlos, UFSCar. O evento contou com as seguintes parcerias: Secretaria de Educa\u00e7\u00e3o B\u00e1sica do Minist\u00e9rio da Educa\u00e7\u00e3o (SEB\/ MEC), Secretaria Estadual de Educa\u00e7\u00e3o do Governo do Estado de S\u00e3o Paulo (SEE\/SP), Uni\u00e3o Nacional dos Dirigentes Municipais de Educa\u00e7\u00e3o (Undime), Uni\u00e3o Nacional dos Conselhos Municipais de Educa\u00e7\u00e3o (UNCME) , Prefeitura Municipal de S\u00e3o Carlos e v\u00e1rios munic\u00edpios entre eles: Rio Claro, Embu das Artes, Osasco, Cotia, Itaquaquecetuba,\" \/>\n<meta property=\"og:url\" content=\"https:\/\/www.encontraitaquaquecetuba.com.br\/sobre\/itaquaquecetuba-participa-do-1\u00ba-encontro-de-sao-paulo-de-fortalecimento-dos-conselhos-escolares\/\" \/>\n<meta property=\"og:site_name\" content=\"Encontra Itaquaquecetuba\" \/>\n<meta property=\"article:published_time\" content=\"2012-03-08T20:17:58+00:00\" \/>\n<meta property=\"article:modified_time\" content=\"2021-09-13T15:21:37+00:00\" \/>\n<meta name=\"author\" content=\"Encontra Itaquaquecetuba\" \/>\n<meta name=\"twitter:card\" content=\"summary_large_image\" \/>\n<meta name=\"twitter:label1\" content=\"Escrito por\" \/>\n\t<meta name=\"twitter:data1\" content=\"Encontra Itaquaquecetuba\" \/>\n\t<meta name=\"twitter:label2\" content=\"Est. tempo de leitura\" \/>\n\t<meta name=\"twitter:data2\" content=\"2 minutos\" \/>\n<script type=\"application\/ld+json\" class=\"yoast-schema-graph\">{\"@context\":\"https:\/\/schema.org\",\"@graph\":[{\"@type\":\"WebPage\",\"@id\":\"https:\/\/www.encontraitaquaquecetuba.com.br\/sobre\/itaquaquecetuba-participa-do-1%c2%ba-encontro-de-sao-paulo-de-fortalecimento-dos-conselhos-escolares\/\",\"url\":\"https:\/\/www.encontraitaquaquecetuba.com.br\/sobre\/itaquaquecetuba-participa-do-1%c2%ba-encontro-de-sao-paulo-de-fortalecimento-dos-conselhos-escolares\/\",\"name\":\"Itaquaquecetuba participa do 1\u00ba Encontro de S\u00e3o Paulo de Fortalecimento dos Conselhos Escolares - Encontra Itaquaquecetuba\",\"isPartOf\":{\"@id\":\"https:\/\/www.encontraitaquaquecetuba.com.br\/sobre\/#website\"},\"datePublished\":\"2012-03-08T20:17:58+00:00\",\"dateModified\":\"2021-09-13T15:21:37+00:00\",\"author\":{\"@id\":\"https:\/\/www.encontraitaquaquecetuba.com.br\/sobre\/#\/schema\/person\/a8a866dc746e447abf8ca22b02eae6ea\"},\"breadcrumb\":{\"@id\":\"https:\/\/www.encontraitaquaquecetuba.com.br\/sobre\/itaquaquecetuba-participa-do-1%c2%ba-encontro-de-sao-paulo-de-fortalecimento-dos-conselhos-escolares\/#breadcrumb\"},\"inLanguage\":\"pt-BR\",\"potentialAction\":[{\"@type\":\"ReadAction\",\"target\":[\"https:\/\/www.encontraitaquaquecetuba.com.br\/sobre\/itaquaquecetuba-participa-do-1%c2%ba-encontro-de-sao-paulo-de-fortalecimento-dos-conselhos-escolares\/\"]}]},{\"@type\":\"BreadcrumbList\",\"@id\":\"https:\/\/www.encontraitaquaquecetuba.com.br\/sobre\/itaquaquecetuba-participa-do-1%c2%ba-encontro-de-sao-paulo-de-fortalecimento-dos-conselhos-escolares\/#breadcrumb\",\"itemListElement\":[{\"@type\":\"ListItem\",\"position\":1,\"name\":\"In\u00edcio\",\"item\":\"https:\/\/www.encontraitaquaquecetuba.com.br\/sobre\/\"},{\"@type\":\"ListItem\",\"position\":2,\"name\":\"Itaquaquecetuba participa do 1\u00ba Encontro de S\u00e3o Paulo de Fortalecimento dos Conselhos Escolares\"}]},{\"@type\":\"WebSite\",\"@id\":\"https:\/\/www.encontraitaquaquecetuba.com.br\/sobre\/#website\",\"url\":\"https:\/\/www.encontraitaquaquecetuba.com.br\/sobre\/\",\"name\":\"Encontra Itaquaquecetuba\",\"description\":\"Not\u00edcias, eventos, informa\u00e7\u00f5es e dicas na cidade de Itaquaquecetuba e regi\u00e3o\",\"potentialAction\":[{\"@type\":\"SearchAction\",\"target\":{\"@type\":\"EntryPoint\",\"urlTemplate\":\"https:\/\/www.encontraitaquaquecetuba.com.br\/sobre\/?s={search_term_string}\"},\"query-input\":\"required name=search_term_string\"}],\"inLanguage\":\"pt-BR\"},{\"@type\":\"Person\",\"@id\":\"https:\/\/www.encontraitaquaquecetuba.com.br\/sobre\/#\/schema\/person\/a8a866dc746e447abf8ca22b02eae6ea\",\"name\":\"Encontra Itaquaquecetuba\",\"image\":{\"@type\":\"ImageObject\",\"inLanguage\":\"pt-BR\",\"@id\":\"https:\/\/www.encontraitaquaquecetuba.com.br\/sobre\/#\/schema\/person\/image\/\",\"url\":\"https:\/\/secure.gravatar.com\/avatar\/f007732be0d27cbf8a336929fe922478?s=96&d=mm&r=g\",\"contentUrl\":\"https:\/\/secure.gravatar.com\/avatar\/f007732be0d27cbf8a336929fe922478?s=96&d=mm&r=g\",\"caption\":\"Encontra Itaquaquecetuba\"},\"sameAs\":[\"http:\/\/www.encontraitaquaquecetuba.com.br\"],\"url\":\"https:\/\/www.encontraitaquaquecetuba.com.br\/sobre\/author\/eitaquaquecetuba\/\"}]}<\/script>\n<!-- \/ Yoast SEO plugin. -->","yoast_head_json":{"title":"Itaquaquecetuba participa do 1\u00ba Encontro de S\u00e3o Paulo de Fortalecimento dos Conselhos Escolares - Encontra Itaquaquecetuba","robots":{"index":"index","follow":"follow","max-snippet":"max-snippet:-1","max-image-preview":"max-image-preview:large","max-video-preview":"max-video-preview:-1"},"canonical":"https:\/\/www.encontraitaquaquecetuba.com.br\/sobre\/itaquaquecetuba-participa-do-1\u00ba-encontro-de-sao-paulo-de-fortalecimento-dos-conselhos-escolares\/","og_locale":"pt_BR","og_type":"article","og_title":"Itaquaquecetuba participa do 1\u00ba Encontro de S\u00e3o Paulo de Fortalecimento dos Conselhos Escolares - Encontra Itaquaquecetuba","og_description":"A Secretaria Municipal de Educa\u00e7\u00e3o de Itaquaquecetuba, Semei, participou entre os dias 28 e 29 de fevereiro do I Encontro Estadual de S\u00e3o Paulo de Fortalecimento dos Conselhos Escolares, na Universidade Federal de S\u00e3o Carlos, UFSCar. O evento contou com as seguintes parcerias: Secretaria de Educa\u00e7\u00e3o B\u00e1sica do Minist\u00e9rio da Educa\u00e7\u00e3o (SEB\/ MEC), Secretaria Estadual de Educa\u00e7\u00e3o do Governo do Estado de S\u00e3o Paulo (SEE\/SP), Uni\u00e3o Nacional dos Dirigentes Municipais de Educa\u00e7\u00e3o (Undime), Uni\u00e3o Nacional dos Conselhos Municipais de Educa\u00e7\u00e3o (UNCME) , Prefeitura Municipal de S\u00e3o Carlos e v\u00e1rios munic\u00edpios entre eles: Rio Claro, Embu das Artes, Osasco, Cotia, Itaquaquecetuba,","og_url":"https:\/\/www.encontraitaquaquecetuba.com.br\/sobre\/itaquaquecetuba-participa-do-1\u00ba-encontro-de-sao-paulo-de-fortalecimento-dos-conselhos-escolares\/","og_site_name":"Encontra Itaquaquecetuba","article_published_time":"2012-03-08T20:17:58+00:00","article_modified_time":"2021-09-13T15:21:37+00:00","author":"Encontra Itaquaquecetuba","twitter_card":"summary_large_image","twitter_misc":{"Escrito por":"Encontra Itaquaquecetuba","Est. tempo de leitura":"2 minutos"},"schema":{"@context":"https:\/\/schema.org","@graph":[{"@type":"WebPage","@id":"https:\/\/www.encontraitaquaquecetuba.com.br\/sobre\/itaquaquecetuba-participa-do-1%c2%ba-encontro-de-sao-paulo-de-fortalecimento-dos-conselhos-escolares\/","url":"https:\/\/www.encontraitaquaquecetuba.com.br\/sobre\/itaquaquecetuba-participa-do-1%c2%ba-encontro-de-sao-paulo-de-fortalecimento-dos-conselhos-escolares\/","name":"Itaquaquecetuba participa do 1\u00ba Encontro de S\u00e3o Paulo de Fortalecimento dos Conselhos Escolares - Encontra Itaquaquecetuba","isPartOf":{"@id":"https:\/\/www.encontraitaquaquecetuba.com.br\/sobre\/#website"},"datePublished":"2012-03-08T20:17:58+00:00","dateModified":"2021-09-13T15:21:37+00:00","author":{"@id":"https:\/\/www.encontraitaquaquecetuba.com.br\/sobre\/#\/schema\/person\/a8a866dc746e447abf8ca22b02eae6ea"},"breadcrumb":{"@id":"https:\/\/www.encontraitaquaquecetuba.com.br\/sobre\/itaquaquecetuba-participa-do-1%c2%ba-encontro-de-sao-paulo-de-fortalecimento-dos-conselhos-escolares\/#breadcrumb"},"inLanguage":"pt-BR","potentialAction":[{"@type":"ReadAction","target":["https:\/\/www.encontraitaquaquecetuba.com.br\/sobre\/itaquaquecetuba-participa-do-1%c2%ba-encontro-de-sao-paulo-de-fortalecimento-dos-conselhos-escolares\/"]}]},{"@type":"BreadcrumbList","@id":"https:\/\/www.encontraitaquaquecetuba.com.br\/sobre\/itaquaquecetuba-participa-do-1%c2%ba-encontro-de-sao-paulo-de-fortalecimento-dos-conselhos-escolares\/#breadcrumb","itemListElement":[{"@type":"ListItem","position":1,"name":"In\u00edcio","item":"https:\/\/www.encontraitaquaquecetuba.com.br\/sobre\/"},{"@type":"ListItem","position":2,"name":"Itaquaquecetuba participa do 1\u00ba Encontro de S\u00e3o Paulo de Fortalecimento dos Conselhos Escolares"}]},{"@type":"WebSite","@id":"https:\/\/www.encontraitaquaquecetuba.com.br\/sobre\/#website","url":"https:\/\/www.encontraitaquaquecetuba.com.br\/sobre\/","name":"Encontra Itaquaquecetuba","description":"Not\u00edcias, eventos, informa\u00e7\u00f5es e dicas na cidade de Itaquaquecetuba e regi\u00e3o","potentialAction":[{"@type":"SearchAction","target":{"@type":"EntryPoint","urlTemplate":"https:\/\/www.encontraitaquaquecetuba.com.br\/sobre\/?s={search_term_string}"},"query-input":"required name=search_term_string"}],"inLanguage":"pt-BR"},{"@type":"Person","@id":"https:\/\/www.encontraitaquaquecetuba.com.br\/sobre\/#\/schema\/person\/a8a866dc746e447abf8ca22b02eae6ea","name":"Encontra Itaquaquecetuba","image":{"@type":"ImageObject","inLanguage":"pt-BR","@id":"https:\/\/www.encontraitaquaquecetuba.com.br\/sobre\/#\/schema\/person\/image\/","url":"https:\/\/secure.gravatar.com\/avatar\/f007732be0d27cbf8a336929fe922478?s=96&d=mm&r=g","contentUrl":"https:\/\/secure.gravatar.com\/avatar\/f007732be0d27cbf8a336929fe922478?s=96&d=mm&r=g","caption":"Encontra Itaquaquecetuba"},"sameAs":["http:\/\/www.encontraitaquaquecetuba.com.br"],"url":"https:\/\/www.encontraitaquaquecetuba.com.br\/sobre\/author\/eitaquaquecetuba\/"}]}},"_links":{"self":[{"href":"https:\/\/www.encontraitaquaquecetuba.com.br\/sobre\/wp-json\/wp\/v2\/posts\/369"}],"collection":[{"href":"https:\/\/www.encontraitaquaquecetuba.com.br\/sobre\/wp-json\/wp\/v2\/posts"}],"about":[{"href":"https:\/\/www.encontraitaquaquecetuba.com.br\/sobre\/wp-json\/wp\/v2\/types\/post"}],"author":[{"embeddable":true,"href":"https:\/\/www.encontraitaquaquecetuba.com.br\/sobre\/wp-json\/wp\/v2\/users\/1"}],"replies":[{"embeddable":true,"href":"https:\/\/www.encontraitaquaquecetuba.com.br\/sobre\/wp-json\/wp\/v2\/comments?post=369"}],"version-history":[{"count":0,"href":"https:\/\/www.encontraitaquaquecetuba.com.br\/sobre\/wp-json\/wp\/v2\/posts\/369\/revisions"}],"wp:attachment":[{"href":"https:\/\/www.encontraitaquaquecetuba.com.br\/sobre\/wp-json\/wp\/v2\/media?parent=369"}],"wp:term":[{"taxonomy":"category","embeddable":true,"href":"https:\/\/www.encontraitaquaquecetuba.com.br\/sobre\/wp-json\/wp\/v2\/categories?post=369"},{"taxonomy":"post_tag","embeddable":true,"href":"https:\/\/www.encontraitaquaquecetuba.com.br\/sobre\/wp-json\/wp\/v2\/tags?post=369"}],"curies":[{"name":"wp","href":"https:\/\/api.w.org\/{rel}","templated":true}]}}