{"id":376,"date":"2012-03-13T22:02:25","date_gmt":"2012-03-13T22:02:25","guid":{"rendered":"http:\/\/www.encontraitaquaquecetuba.com.br\/noticias\/?p=376"},"modified":"2021-09-13T15:21:37","modified_gmt":"2021-09-13T15:21:37","slug":"itaquaquecetuba-realiza-atividades-em-comemoracao-ao-dia-internacional-da-mulher","status":"publish","type":"post","link":"https:\/\/www.encontraitaquaquecetuba.com.br\/sobre\/itaquaquecetuba-realiza-atividades-em-comemoracao-ao-dia-internacional-da-mulher\/","title":{"rendered":"Itaquaquecetuba realiza atividades em comemora\u00e7\u00e3o ao Dia Internacional da Mulher"},"content":{"rendered":"<div class=\"80eb2665678f8e3864bb9a528523815b\" data-index=\"1\" style=\"float: none; margin:5px 0 5px 0; text-align:center;\">\n<!-- PUB 73 - Responsivo Horizontal -->\r\n<ins class=\"adsbygoogle\"\r\n     style=\"display:block\"\r\n     data-ad-client=\"ca-pub-7321736592693252\"\r\n     data-ad-slot=\"3087950420\"\r\n     data-ad-format=\"auto\"\r\n     data-full-width-responsive=\"true\"><\/ins>\r\n<script>\r\n     (adsbygoogle = window.adsbygoogle || []).push({});\r\n<\/script>\n<\/div>\n<p>O Conselho Municipal dos Direitos da Mulher \u2013 CMDM de Itaquaquecetuba, juntamente com a Secretaria de Promo\u00e7\u00e3o Social e a participa\u00e7\u00e3o e apoio de outras pastas da atual administra\u00e7\u00e3o p\u00fablica na cidade realizaram na \u00faltima quinta-feira (8) algumas atividades segmentadas em comemora\u00e7\u00e3o ao \u201cDia Internacional da Mulher\u201d.<\/p>\n<p>O evento aconteceu na <a href=\"http:\/\/www.encontraitaquaquecetuba.com.br\/itaquaquecetuba\/praca-joao-alvares-itaquaquecetuba.shtml\" target=\"_blank\" rel=\"noopener\">Pra\u00e7a Padre Jo\u00e3o Alves<\/a>, das 9h \u00e0s 15h e reuniu grande p\u00fablico em um dia especial.<\/p>\n<p>Al\u00e9m da distribui\u00e7\u00e3o de material informativo, foram realizadas a\u00e7\u00f5es sociais, culturais e de sa\u00fade, tais como: palestras, atendimento jur\u00eddico, no\u00e7\u00f5es de cidadania, apresenta\u00e7\u00f5es musicais, entre outras.<\/p>\n<p>Segundo a presidente do CMDM, Adriana Flor\u00eancio: \u201c&#8230;o evento teve como foco a sensibiliza\u00e7\u00e3o do p\u00fablico presente para coibir e combater a viol\u00eancia dom\u00e9stica e familiar&#8230;\u201d.<\/p>\n<p>\u00c9 importante frisar que, independente das a\u00e7\u00f5es citadas, o poder executivo municipal preocupa-se com as quest\u00f5es voltadas aos interesses femininos. S\u00e3o exemplos as exist\u00eancias do Centro de Especialidades da Mulher, o Procedimento de Notifica\u00e7\u00e3o Compuls\u00f3ria da Viol\u00eancia Contra a Mulher (lei 2417\/2006) e o Conselho Municipal dos Direitos da Mulher.<\/p>\n<p>Para o prefeito Armando da Farm\u00e1cia, o poder executivo tem a fun\u00e7\u00e3o de promover a valoriza\u00e7\u00e3o da mulher no \u00e2mbito municipal, assegurando-lhe condi\u00e7\u00f5es de liberdade e igualdade de direitos e obriga\u00e7\u00f5es, bem como sua participa\u00e7\u00e3o nas diversas atividades desenvolvidas na comunidade. Por este motivo, ap\u00f3ia todas as iniciativas neste sentido.<\/p>\n<p><em>Fonte: Secom Itaquaquecetuba<\/em><\/p>\n\n<div style=\"font-size: 0px; height: 0px; line-height: 0px; margin: 0; padding: 0; clear: both;\"><\/div>","protected":false},"excerpt":{"rendered":"<p>O Conselho Municipal dos Direitos da Mulher \u2013 CMDM de Itaquaquecetuba, juntamente com a Secretaria de Promo\u00e7\u00e3o Social e a participa\u00e7\u00e3o e apoio de outras pastas da atual administra\u00e7\u00e3o p\u00fablica na cidade realizaram na \u00faltima quinta-feira (8) algumas atividades segmentadas em comemora\u00e7\u00e3o ao \u201cDia Internacional da Mulher\u201d. O evento aconteceu na Pra\u00e7a Padre Jo\u00e3o Alves, das 9h \u00e0s 15h e reuniu grande p\u00fablico em um dia especial. Al\u00e9m da distribui\u00e7\u00e3o de material informativo, foram realizadas a\u00e7\u00f5es sociais, culturais e de sa\u00fade, tais como: palestras, atendimento jur\u00eddico, no\u00e7\u00f5es de cidadania, apresenta\u00e7\u00f5es musicais, entre outras. Segundo a presidente do CMDM, Adriana Flor\u00eancio: <\/p>\n","protected":false},"author":1,"featured_media":0,"comment_status":"open","ping_status":"open","sticky":false,"template":"","format":"standard","meta":[],"categories":[6],"tags":[14],"yoast_head":"<!-- This site is optimized with the Yoast SEO plugin v19.6.1 - https:\/\/yoast.com\/wordpress\/plugins\/seo\/ -->\n<title>Itaquaquecetuba realiza atividades em comemora\u00e7\u00e3o ao Dia Internacional da Mulher - Encontra Itaquaquecetuba<\/title>\n<meta name=\"robots\" content=\"index, follow, max-snippet:-1, max-image-preview:large, max-video-preview:-1\" \/>\n<link rel=\"canonical\" href=\"https:\/\/www.encontraitaquaquecetuba.com.br\/sobre\/itaquaquecetuba-realiza-atividades-em-comemoracao-ao-dia-internacional-da-mulher\/\" \/>\n<meta property=\"og:locale\" content=\"pt_BR\" \/>\n<meta property=\"og:type\" content=\"article\" \/>\n<meta property=\"og:title\" content=\"Itaquaquecetuba realiza atividades em comemora\u00e7\u00e3o ao Dia Internacional da Mulher - Encontra Itaquaquecetuba\" \/>\n<meta property=\"og:description\" content=\"O Conselho Municipal dos Direitos da Mulher \u2013 CMDM de Itaquaquecetuba, juntamente com a Secretaria de Promo\u00e7\u00e3o Social e a participa\u00e7\u00e3o e apoio de outras pastas da atual administra\u00e7\u00e3o p\u00fablica na cidade realizaram na \u00faltima quinta-feira (8) algumas atividades segmentadas em comemora\u00e7\u00e3o ao \u201cDia Internacional da Mulher\u201d. O evento aconteceu na Pra\u00e7a Padre Jo\u00e3o Alves, das 9h \u00e0s 15h e reuniu grande p\u00fablico em um dia especial. Al\u00e9m da distribui\u00e7\u00e3o de material informativo, foram realizadas a\u00e7\u00f5es sociais, culturais e de sa\u00fade, tais como: palestras, atendimento jur\u00eddico, no\u00e7\u00f5es de cidadania, apresenta\u00e7\u00f5es musicais, entre outras. Segundo a presidente do CMDM, Adriana Flor\u00eancio:\" \/>\n<meta property=\"og:url\" content=\"https:\/\/www.encontraitaquaquecetuba.com.br\/sobre\/itaquaquecetuba-realiza-atividades-em-comemoracao-ao-dia-internacional-da-mulher\/\" \/>\n<meta property=\"og:site_name\" content=\"Encontra Itaquaquecetuba\" \/>\n<meta property=\"article:published_time\" content=\"2012-03-13T22:02:25+00:00\" \/>\n<meta property=\"article:modified_time\" content=\"2021-09-13T15:21:37+00:00\" \/>\n<meta name=\"author\" content=\"Encontra Itaquaquecetuba\" \/>\n<meta name=\"twitter:card\" content=\"summary_large_image\" \/>\n<meta name=\"twitter:label1\" content=\"Escrito por\" \/>\n\t<meta name=\"twitter:data1\" content=\"Encontra Itaquaquecetuba\" \/>\n\t<meta name=\"twitter:label2\" content=\"Est. tempo de leitura\" \/>\n\t<meta name=\"twitter:data2\" content=\"1 minuto\" \/>\n<script type=\"application\/ld+json\" class=\"yoast-schema-graph\">{\"@context\":\"https:\/\/schema.org\",\"@graph\":[{\"@type\":\"WebPage\",\"@id\":\"https:\/\/www.encontraitaquaquecetuba.com.br\/sobre\/itaquaquecetuba-realiza-atividades-em-comemoracao-ao-dia-internacional-da-mulher\/\",\"url\":\"https:\/\/www.encontraitaquaquecetuba.com.br\/sobre\/itaquaquecetuba-realiza-atividades-em-comemoracao-ao-dia-internacional-da-mulher\/\",\"name\":\"Itaquaquecetuba realiza atividades em comemora\u00e7\u00e3o ao Dia Internacional da Mulher - Encontra Itaquaquecetuba\",\"isPartOf\":{\"@id\":\"https:\/\/www.encontraitaquaquecetuba.com.br\/sobre\/#website\"},\"datePublished\":\"2012-03-13T22:02:25+00:00\",\"dateModified\":\"2021-09-13T15:21:37+00:00\",\"author\":{\"@id\":\"https:\/\/www.encontraitaquaquecetuba.com.br\/sobre\/#\/schema\/person\/a8a866dc746e447abf8ca22b02eae6ea\"},\"breadcrumb\":{\"@id\":\"https:\/\/www.encontraitaquaquecetuba.com.br\/sobre\/itaquaquecetuba-realiza-atividades-em-comemoracao-ao-dia-internacional-da-mulher\/#breadcrumb\"},\"inLanguage\":\"pt-BR\",\"potentialAction\":[{\"@type\":\"ReadAction\",\"target\":[\"https:\/\/www.encontraitaquaquecetuba.com.br\/sobre\/itaquaquecetuba-realiza-atividades-em-comemoracao-ao-dia-internacional-da-mulher\/\"]}]},{\"@type\":\"BreadcrumbList\",\"@id\":\"https:\/\/www.encontraitaquaquecetuba.com.br\/sobre\/itaquaquecetuba-realiza-atividades-em-comemoracao-ao-dia-internacional-da-mulher\/#breadcrumb\",\"itemListElement\":[{\"@type\":\"ListItem\",\"position\":1,\"name\":\"In\u00edcio\",\"item\":\"https:\/\/www.encontraitaquaquecetuba.com.br\/sobre\/\"},{\"@type\":\"ListItem\",\"position\":2,\"name\":\"Itaquaquecetuba realiza atividades em comemora\u00e7\u00e3o ao Dia Internacional da Mulher\"}]},{\"@type\":\"WebSite\",\"@id\":\"https:\/\/www.encontraitaquaquecetuba.com.br\/sobre\/#website\",\"url\":\"https:\/\/www.encontraitaquaquecetuba.com.br\/sobre\/\",\"name\":\"Encontra Itaquaquecetuba\",\"description\":\"Not\u00edcias, eventos, informa\u00e7\u00f5es e dicas na cidade de Itaquaquecetuba e regi\u00e3o\",\"potentialAction\":[{\"@type\":\"SearchAction\",\"target\":{\"@type\":\"EntryPoint\",\"urlTemplate\":\"https:\/\/www.encontraitaquaquecetuba.com.br\/sobre\/?s={search_term_string}\"},\"query-input\":\"required name=search_term_string\"}],\"inLanguage\":\"pt-BR\"},{\"@type\":\"Person\",\"@id\":\"https:\/\/www.encontraitaquaquecetuba.com.br\/sobre\/#\/schema\/person\/a8a866dc746e447abf8ca22b02eae6ea\",\"name\":\"Encontra Itaquaquecetuba\",\"image\":{\"@type\":\"ImageObject\",\"inLanguage\":\"pt-BR\",\"@id\":\"https:\/\/www.encontraitaquaquecetuba.com.br\/sobre\/#\/schema\/person\/image\/\",\"url\":\"https:\/\/secure.gravatar.com\/avatar\/f007732be0d27cbf8a336929fe922478?s=96&d=mm&r=g\",\"contentUrl\":\"https:\/\/secure.gravatar.com\/avatar\/f007732be0d27cbf8a336929fe922478?s=96&d=mm&r=g\",\"caption\":\"Encontra Itaquaquecetuba\"},\"sameAs\":[\"http:\/\/www.encontraitaquaquecetuba.com.br\"],\"url\":\"https:\/\/www.encontraitaquaquecetuba.com.br\/sobre\/author\/eitaquaquecetuba\/\"}]}<\/script>\n<!-- \/ Yoast SEO plugin. -->","yoast_head_json":{"title":"Itaquaquecetuba realiza atividades em comemora\u00e7\u00e3o ao Dia Internacional da Mulher - Encontra Itaquaquecetuba","robots":{"index":"index","follow":"follow","max-snippet":"max-snippet:-1","max-image-preview":"max-image-preview:large","max-video-preview":"max-video-preview:-1"},"canonical":"https:\/\/www.encontraitaquaquecetuba.com.br\/sobre\/itaquaquecetuba-realiza-atividades-em-comemoracao-ao-dia-internacional-da-mulher\/","og_locale":"pt_BR","og_type":"article","og_title":"Itaquaquecetuba realiza atividades em comemora\u00e7\u00e3o ao Dia Internacional da Mulher - Encontra Itaquaquecetuba","og_description":"O Conselho Municipal dos Direitos da Mulher \u2013 CMDM de Itaquaquecetuba, juntamente com a Secretaria de Promo\u00e7\u00e3o Social e a participa\u00e7\u00e3o e apoio de outras pastas da atual administra\u00e7\u00e3o p\u00fablica na cidade realizaram na \u00faltima quinta-feira (8) algumas atividades segmentadas em comemora\u00e7\u00e3o ao \u201cDia Internacional da Mulher\u201d. O evento aconteceu na Pra\u00e7a Padre Jo\u00e3o Alves, das 9h \u00e0s 15h e reuniu grande p\u00fablico em um dia especial. Al\u00e9m da distribui\u00e7\u00e3o de material informativo, foram realizadas a\u00e7\u00f5es sociais, culturais e de sa\u00fade, tais como: palestras, atendimento jur\u00eddico, no\u00e7\u00f5es de cidadania, apresenta\u00e7\u00f5es musicais, entre outras. Segundo a presidente do CMDM, Adriana Flor\u00eancio:","og_url":"https:\/\/www.encontraitaquaquecetuba.com.br\/sobre\/itaquaquecetuba-realiza-atividades-em-comemoracao-ao-dia-internacional-da-mulher\/","og_site_name":"Encontra Itaquaquecetuba","article_published_time":"2012-03-13T22:02:25+00:00","article_modified_time":"2021-09-13T15:21:37+00:00","author":"Encontra Itaquaquecetuba","twitter_card":"summary_large_image","twitter_misc":{"Escrito por":"Encontra Itaquaquecetuba","Est. tempo de leitura":"1 minuto"},"schema":{"@context":"https:\/\/schema.org","@graph":[{"@type":"WebPage","@id":"https:\/\/www.encontraitaquaquecetuba.com.br\/sobre\/itaquaquecetuba-realiza-atividades-em-comemoracao-ao-dia-internacional-da-mulher\/","url":"https:\/\/www.encontraitaquaquecetuba.com.br\/sobre\/itaquaquecetuba-realiza-atividades-em-comemoracao-ao-dia-internacional-da-mulher\/","name":"Itaquaquecetuba realiza atividades em comemora\u00e7\u00e3o ao Dia Internacional da Mulher - Encontra Itaquaquecetuba","isPartOf":{"@id":"https:\/\/www.encontraitaquaquecetuba.com.br\/sobre\/#website"},"datePublished":"2012-03-13T22:02:25+00:00","dateModified":"2021-09-13T15:21:37+00:00","author":{"@id":"https:\/\/www.encontraitaquaquecetuba.com.br\/sobre\/#\/schema\/person\/a8a866dc746e447abf8ca22b02eae6ea"},"breadcrumb":{"@id":"https:\/\/www.encontraitaquaquecetuba.com.br\/sobre\/itaquaquecetuba-realiza-atividades-em-comemoracao-ao-dia-internacional-da-mulher\/#breadcrumb"},"inLanguage":"pt-BR","potentialAction":[{"@type":"ReadAction","target":["https:\/\/www.encontraitaquaquecetuba.com.br\/sobre\/itaquaquecetuba-realiza-atividades-em-comemoracao-ao-dia-internacional-da-mulher\/"]}]},{"@type":"BreadcrumbList","@id":"https:\/\/www.encontraitaquaquecetuba.com.br\/sobre\/itaquaquecetuba-realiza-atividades-em-comemoracao-ao-dia-internacional-da-mulher\/#breadcrumb","itemListElement":[{"@type":"ListItem","position":1,"name":"In\u00edcio","item":"https:\/\/www.encontraitaquaquecetuba.com.br\/sobre\/"},{"@type":"ListItem","position":2,"name":"Itaquaquecetuba realiza atividades em comemora\u00e7\u00e3o ao Dia Internacional da Mulher"}]},{"@type":"WebSite","@id":"https:\/\/www.encontraitaquaquecetuba.com.br\/sobre\/#website","url":"https:\/\/www.encontraitaquaquecetuba.com.br\/sobre\/","name":"Encontra Itaquaquecetuba","description":"Not\u00edcias, eventos, informa\u00e7\u00f5es e dicas na cidade de Itaquaquecetuba e regi\u00e3o","potentialAction":[{"@type":"SearchAction","target":{"@type":"EntryPoint","urlTemplate":"https:\/\/www.encontraitaquaquecetuba.com.br\/sobre\/?s={search_term_string}"},"query-input":"required name=search_term_string"}],"inLanguage":"pt-BR"},{"@type":"Person","@id":"https:\/\/www.encontraitaquaquecetuba.com.br\/sobre\/#\/schema\/person\/a8a866dc746e447abf8ca22b02eae6ea","name":"Encontra Itaquaquecetuba","image":{"@type":"ImageObject","inLanguage":"pt-BR","@id":"https:\/\/www.encontraitaquaquecetuba.com.br\/sobre\/#\/schema\/person\/image\/","url":"https:\/\/secure.gravatar.com\/avatar\/f007732be0d27cbf8a336929fe922478?s=96&d=mm&r=g","contentUrl":"https:\/\/secure.gravatar.com\/avatar\/f007732be0d27cbf8a336929fe922478?s=96&d=mm&r=g","caption":"Encontra Itaquaquecetuba"},"sameAs":["http:\/\/www.encontraitaquaquecetuba.com.br"],"url":"https:\/\/www.encontraitaquaquecetuba.com.br\/sobre\/author\/eitaquaquecetuba\/"}]}},"_links":{"self":[{"href":"https:\/\/www.encontraitaquaquecetuba.com.br\/sobre\/wp-json\/wp\/v2\/posts\/376"}],"collection":[{"href":"https:\/\/www.encontraitaquaquecetuba.com.br\/sobre\/wp-json\/wp\/v2\/posts"}],"about":[{"href":"https:\/\/www.encontraitaquaquecetuba.com.br\/sobre\/wp-json\/wp\/v2\/types\/post"}],"author":[{"embeddable":true,"href":"https:\/\/www.encontraitaquaquecetuba.com.br\/sobre\/wp-json\/wp\/v2\/users\/1"}],"replies":[{"embeddable":true,"href":"https:\/\/www.encontraitaquaquecetuba.com.br\/sobre\/wp-json\/wp\/v2\/comments?post=376"}],"version-history":[{"count":0,"href":"https:\/\/www.encontraitaquaquecetuba.com.br\/sobre\/wp-json\/wp\/v2\/posts\/376\/revisions"}],"wp:attachment":[{"href":"https:\/\/www.encontraitaquaquecetuba.com.br\/sobre\/wp-json\/wp\/v2\/media?parent=376"}],"wp:term":[{"taxonomy":"category","embeddable":true,"href":"https:\/\/www.encontraitaquaquecetuba.com.br\/sobre\/wp-json\/wp\/v2\/categories?post=376"},{"taxonomy":"post_tag","embeddable":true,"href":"https:\/\/www.encontraitaquaquecetuba.com.br\/sobre\/wp-json\/wp\/v2\/tags?post=376"}],"curies":[{"name":"wp","href":"https:\/\/api.w.org\/{rel}","templated":true}]}}