{"id":393,"date":"2012-03-29T20:04:02","date_gmt":"2012-03-29T20:04:02","guid":{"rendered":"http:\/\/www.encontraitaquaquecetuba.com.br\/noticias\/?p=393"},"modified":"2013-08-14T04:51:02","modified_gmt":"2013-08-14T04:51:02","slug":"escola-de-moda-e-inaugurada-em-itaquaquecetuba","status":"publish","type":"post","link":"https:\/\/www.encontraitaquaquecetuba.com.br\/sobre\/escola-de-moda-e-inaugurada-em-itaquaquecetuba\/","title":{"rendered":"Escola de Moda \u00e9 inaugurada em Itaquaquecetuba"},"content":{"rendered":"<div class=\"80eb2665678f8e3864bb9a528523815b\" data-index=\"1\" style=\"float: none; margin:5px 0 5px 0; text-align:center;\">\n<!-- PUB 73 - Responsivo Horizontal -->\r\n<ins class=\"adsbygoogle\"\r\n     style=\"display:block\"\r\n     data-ad-client=\"ca-pub-7321736592693252\"\r\n     data-ad-slot=\"3087950420\"\r\n     data-ad-format=\"auto\"\r\n     data-full-width-responsive=\"true\"><\/ins>\r\n<script>\r\n     (adsbygoogle = window.adsbygoogle || []).push({});\r\n<\/script>\n<\/div>\n<p>Recentemente, o munic\u00edpio de Itaquaquecetuba foi contemplado com o p\u00f3lo regional da Escola de Moda, que disponibiliza o curso \u201cCorte, Costura e Modelagem\u201d, oferecido pelo governo do estado (Fundo Social de Solidariedade).<\/p>\n<p>O objetivo da escola \u00e9 a capacita\u00e7\u00e3o profissional e gera\u00e7\u00e3o de renda, em um curso r\u00e1pido e seguindo as tend\u00eancias do mercado. Depois de formado, o aluno poder\u00e1 costurar em casa, comercializar, montar cooperativa ou at\u00e9 mesmo conseguir uma vaga em uma empresa especializada.<\/p>\n<p>Ap\u00f3s a assinatura da parceria, (ocorrida em meados de outubro passado, no Pal\u00e1cio dos Bandeirantes em S\u00e3o Paulo), o FSS municipal recebeu 10 m\u00e1quinas de costura, cadeiras, mesas, t\u00e1buas de passar e ferro de passar roupa, conte\u00fado did\u00e1tico e suporte t\u00e9cnico; al\u00e9m do repasse de cerca de R$ 21 mil reais para a aquisi\u00e7\u00e3o do material de custeio.<\/p>\n<p>Em contrapartida, a <a href=\"http:\/\/www.encontraitaquaquecetuba.com.br\/itaquaquecetuba\/prefeitura-itaquaquecetuba.shtml\" target=\"_blank\">prefeitura de Itaquaquecetuba<\/a> se responsabilizou pela disponibiliza\u00e7\u00e3o e custeio do espa\u00e7o (nova sede do FSS), pagamento dos instrutores (que j\u00e1 foram devidamente capacitados) e manuten\u00e7\u00e3o do maquin\u00e1rio.<\/p>\n<p>Vale lembrar que a nova \u201cEscola de Moda\u201d tem suas fun\u00e7\u00f5es desempenhadas na sede do FSS do munic\u00edpio (sito \u00e0 Rua Evangelho Quadrangular, 274, Vila Virg\u00ednia &#8211; pr\u00f3ximo \u00e0 prefeitura).<\/p>\n<p>O primeiro grupo ser\u00e1 composto por de 60 alunos, divididos em tr\u00eas turmas. A dura\u00e7\u00e3o m\u00e9dia do curso ser\u00e1 de 02 meses, com aulas di\u00e1rias (04 horas\/aula).<\/p>\n<p>O telefone para mais informa\u00e7\u00f5es sobre o novo p\u00f3lo regional da Escola de Moda \u00e9: 4732-3643.<\/p>\n<p><em>Fonte: Secom Itaquaquecetuba<\/em><\/p>\n\n<div style=\"font-size: 0px; height: 0px; line-height: 0px; margin: 0; padding: 0; clear: both;\"><\/div>","protected":false},"excerpt":{"rendered":"<p>Recentemente, o munic\u00edpio de Itaquaquecetuba foi contemplado com o p\u00f3lo regional da Escola de Moda, que disponibiliza o curso \u201cCorte, Costura e Modelagem\u201d, oferecido pelo governo do estado (Fundo Social de Solidariedade). O objetivo da escola \u00e9 a capacita\u00e7\u00e3o profissional e gera\u00e7\u00e3o de renda, em um curso r\u00e1pido e seguindo as tend\u00eancias do mercado. Depois de formado, o aluno poder\u00e1 costurar em casa, comercializar, montar cooperativa ou at\u00e9 mesmo conseguir uma vaga em uma empresa especializada. Ap\u00f3s a assinatura da parceria, (ocorrida em meados de outubro passado, no Pal\u00e1cio dos Bandeirantes em S\u00e3o Paulo), o FSS municipal recebeu 10 m\u00e1quinas <\/p>\n","protected":false},"author":1,"featured_media":0,"comment_status":"open","ping_status":"open","sticky":false,"template":"","format":"standard","meta":[],"categories":[6],"tags":[14],"yoast_head":"<!-- This site is optimized with the Yoast SEO plugin v19.6.1 - https:\/\/yoast.com\/wordpress\/plugins\/seo\/ -->\n<title>Escola de Moda \u00e9 inaugurada em Itaquaquecetuba - Encontra Itaquaquecetuba<\/title>\n<meta name=\"robots\" content=\"index, follow, max-snippet:-1, max-image-preview:large, max-video-preview:-1\" \/>\n<link rel=\"canonical\" href=\"https:\/\/www.encontraitaquaquecetuba.com.br\/sobre\/escola-de-moda-e-inaugurada-em-itaquaquecetuba\/\" \/>\n<meta property=\"og:locale\" content=\"pt_BR\" \/>\n<meta property=\"og:type\" content=\"article\" \/>\n<meta property=\"og:title\" content=\"Escola de Moda \u00e9 inaugurada em Itaquaquecetuba - Encontra Itaquaquecetuba\" \/>\n<meta property=\"og:description\" content=\"Recentemente, o munic\u00edpio de Itaquaquecetuba foi contemplado com o p\u00f3lo regional da Escola de Moda, que disponibiliza o curso \u201cCorte, Costura e Modelagem\u201d, oferecido pelo governo do estado (Fundo Social de Solidariedade). O objetivo da escola \u00e9 a capacita\u00e7\u00e3o profissional e gera\u00e7\u00e3o de renda, em um curso r\u00e1pido e seguindo as tend\u00eancias do mercado. Depois de formado, o aluno poder\u00e1 costurar em casa, comercializar, montar cooperativa ou at\u00e9 mesmo conseguir uma vaga em uma empresa especializada. Ap\u00f3s a assinatura da parceria, (ocorrida em meados de outubro passado, no Pal\u00e1cio dos Bandeirantes em S\u00e3o Paulo), o FSS municipal recebeu 10 m\u00e1quinas\" \/>\n<meta property=\"og:url\" content=\"https:\/\/www.encontraitaquaquecetuba.com.br\/sobre\/escola-de-moda-e-inaugurada-em-itaquaquecetuba\/\" \/>\n<meta property=\"og:site_name\" content=\"Encontra Itaquaquecetuba\" \/>\n<meta property=\"article:published_time\" content=\"2012-03-29T20:04:02+00:00\" \/>\n<meta property=\"article:modified_time\" content=\"2013-08-14T04:51:02+00:00\" \/>\n<meta name=\"author\" content=\"Encontra Itaquaquecetuba\" \/>\n<meta name=\"twitter:card\" content=\"summary_large_image\" \/>\n<meta name=\"twitter:label1\" content=\"Escrito por\" \/>\n\t<meta name=\"twitter:data1\" content=\"Encontra Itaquaquecetuba\" \/>\n\t<meta name=\"twitter:label2\" content=\"Est. tempo de leitura\" \/>\n\t<meta name=\"twitter:data2\" content=\"1 minuto\" \/>\n<script type=\"application\/ld+json\" class=\"yoast-schema-graph\">{\"@context\":\"https:\/\/schema.org\",\"@graph\":[{\"@type\":\"WebPage\",\"@id\":\"https:\/\/www.encontraitaquaquecetuba.com.br\/sobre\/escola-de-moda-e-inaugurada-em-itaquaquecetuba\/\",\"url\":\"https:\/\/www.encontraitaquaquecetuba.com.br\/sobre\/escola-de-moda-e-inaugurada-em-itaquaquecetuba\/\",\"name\":\"Escola de Moda \u00e9 inaugurada em Itaquaquecetuba - Encontra Itaquaquecetuba\",\"isPartOf\":{\"@id\":\"https:\/\/www.encontraitaquaquecetuba.com.br\/sobre\/#website\"},\"datePublished\":\"2012-03-29T20:04:02+00:00\",\"dateModified\":\"2013-08-14T04:51:02+00:00\",\"author\":{\"@id\":\"https:\/\/www.encontraitaquaquecetuba.com.br\/sobre\/#\/schema\/person\/a8a866dc746e447abf8ca22b02eae6ea\"},\"breadcrumb\":{\"@id\":\"https:\/\/www.encontraitaquaquecetuba.com.br\/sobre\/escola-de-moda-e-inaugurada-em-itaquaquecetuba\/#breadcrumb\"},\"inLanguage\":\"pt-BR\",\"potentialAction\":[{\"@type\":\"ReadAction\",\"target\":[\"https:\/\/www.encontraitaquaquecetuba.com.br\/sobre\/escola-de-moda-e-inaugurada-em-itaquaquecetuba\/\"]}]},{\"@type\":\"BreadcrumbList\",\"@id\":\"https:\/\/www.encontraitaquaquecetuba.com.br\/sobre\/escola-de-moda-e-inaugurada-em-itaquaquecetuba\/#breadcrumb\",\"itemListElement\":[{\"@type\":\"ListItem\",\"position\":1,\"name\":\"In\u00edcio\",\"item\":\"https:\/\/www.encontraitaquaquecetuba.com.br\/sobre\/\"},{\"@type\":\"ListItem\",\"position\":2,\"name\":\"Escola de Moda \u00e9 inaugurada em Itaquaquecetuba\"}]},{\"@type\":\"WebSite\",\"@id\":\"https:\/\/www.encontraitaquaquecetuba.com.br\/sobre\/#website\",\"url\":\"https:\/\/www.encontraitaquaquecetuba.com.br\/sobre\/\",\"name\":\"Encontra Itaquaquecetuba\",\"description\":\"Not\u00edcias, eventos, informa\u00e7\u00f5es e dicas na cidade de Itaquaquecetuba e regi\u00e3o\",\"potentialAction\":[{\"@type\":\"SearchAction\",\"target\":{\"@type\":\"EntryPoint\",\"urlTemplate\":\"https:\/\/www.encontraitaquaquecetuba.com.br\/sobre\/?s={search_term_string}\"},\"query-input\":\"required name=search_term_string\"}],\"inLanguage\":\"pt-BR\"},{\"@type\":\"Person\",\"@id\":\"https:\/\/www.encontraitaquaquecetuba.com.br\/sobre\/#\/schema\/person\/a8a866dc746e447abf8ca22b02eae6ea\",\"name\":\"Encontra Itaquaquecetuba\",\"image\":{\"@type\":\"ImageObject\",\"inLanguage\":\"pt-BR\",\"@id\":\"https:\/\/www.encontraitaquaquecetuba.com.br\/sobre\/#\/schema\/person\/image\/\",\"url\":\"https:\/\/secure.gravatar.com\/avatar\/f007732be0d27cbf8a336929fe922478?s=96&d=mm&r=g\",\"contentUrl\":\"https:\/\/secure.gravatar.com\/avatar\/f007732be0d27cbf8a336929fe922478?s=96&d=mm&r=g\",\"caption\":\"Encontra Itaquaquecetuba\"},\"sameAs\":[\"http:\/\/www.encontraitaquaquecetuba.com.br\"],\"url\":\"https:\/\/www.encontraitaquaquecetuba.com.br\/sobre\/author\/eitaquaquecetuba\/\"}]}<\/script>\n<!-- \/ Yoast SEO plugin. -->","yoast_head_json":{"title":"Escola de Moda \u00e9 inaugurada em Itaquaquecetuba - Encontra Itaquaquecetuba","robots":{"index":"index","follow":"follow","max-snippet":"max-snippet:-1","max-image-preview":"max-image-preview:large","max-video-preview":"max-video-preview:-1"},"canonical":"https:\/\/www.encontraitaquaquecetuba.com.br\/sobre\/escola-de-moda-e-inaugurada-em-itaquaquecetuba\/","og_locale":"pt_BR","og_type":"article","og_title":"Escola de Moda \u00e9 inaugurada em Itaquaquecetuba - Encontra Itaquaquecetuba","og_description":"Recentemente, o munic\u00edpio de Itaquaquecetuba foi contemplado com o p\u00f3lo regional da Escola de Moda, que disponibiliza o curso \u201cCorte, Costura e Modelagem\u201d, oferecido pelo governo do estado (Fundo Social de Solidariedade). O objetivo da escola \u00e9 a capacita\u00e7\u00e3o profissional e gera\u00e7\u00e3o de renda, em um curso r\u00e1pido e seguindo as tend\u00eancias do mercado. Depois de formado, o aluno poder\u00e1 costurar em casa, comercializar, montar cooperativa ou at\u00e9 mesmo conseguir uma vaga em uma empresa especializada. Ap\u00f3s a assinatura da parceria, (ocorrida em meados de outubro passado, no Pal\u00e1cio dos Bandeirantes em S\u00e3o Paulo), o FSS municipal recebeu 10 m\u00e1quinas","og_url":"https:\/\/www.encontraitaquaquecetuba.com.br\/sobre\/escola-de-moda-e-inaugurada-em-itaquaquecetuba\/","og_site_name":"Encontra Itaquaquecetuba","article_published_time":"2012-03-29T20:04:02+00:00","article_modified_time":"2013-08-14T04:51:02+00:00","author":"Encontra Itaquaquecetuba","twitter_card":"summary_large_image","twitter_misc":{"Escrito por":"Encontra Itaquaquecetuba","Est. tempo de leitura":"1 minuto"},"schema":{"@context":"https:\/\/schema.org","@graph":[{"@type":"WebPage","@id":"https:\/\/www.encontraitaquaquecetuba.com.br\/sobre\/escola-de-moda-e-inaugurada-em-itaquaquecetuba\/","url":"https:\/\/www.encontraitaquaquecetuba.com.br\/sobre\/escola-de-moda-e-inaugurada-em-itaquaquecetuba\/","name":"Escola de Moda \u00e9 inaugurada em Itaquaquecetuba - Encontra Itaquaquecetuba","isPartOf":{"@id":"https:\/\/www.encontraitaquaquecetuba.com.br\/sobre\/#website"},"datePublished":"2012-03-29T20:04:02+00:00","dateModified":"2013-08-14T04:51:02+00:00","author":{"@id":"https:\/\/www.encontraitaquaquecetuba.com.br\/sobre\/#\/schema\/person\/a8a866dc746e447abf8ca22b02eae6ea"},"breadcrumb":{"@id":"https:\/\/www.encontraitaquaquecetuba.com.br\/sobre\/escola-de-moda-e-inaugurada-em-itaquaquecetuba\/#breadcrumb"},"inLanguage":"pt-BR","potentialAction":[{"@type":"ReadAction","target":["https:\/\/www.encontraitaquaquecetuba.com.br\/sobre\/escola-de-moda-e-inaugurada-em-itaquaquecetuba\/"]}]},{"@type":"BreadcrumbList","@id":"https:\/\/www.encontraitaquaquecetuba.com.br\/sobre\/escola-de-moda-e-inaugurada-em-itaquaquecetuba\/#breadcrumb","itemListElement":[{"@type":"ListItem","position":1,"name":"In\u00edcio","item":"https:\/\/www.encontraitaquaquecetuba.com.br\/sobre\/"},{"@type":"ListItem","position":2,"name":"Escola de Moda \u00e9 inaugurada em Itaquaquecetuba"}]},{"@type":"WebSite","@id":"https:\/\/www.encontraitaquaquecetuba.com.br\/sobre\/#website","url":"https:\/\/www.encontraitaquaquecetuba.com.br\/sobre\/","name":"Encontra Itaquaquecetuba","description":"Not\u00edcias, eventos, informa\u00e7\u00f5es e dicas na cidade de Itaquaquecetuba e regi\u00e3o","potentialAction":[{"@type":"SearchAction","target":{"@type":"EntryPoint","urlTemplate":"https:\/\/www.encontraitaquaquecetuba.com.br\/sobre\/?s={search_term_string}"},"query-input":"required name=search_term_string"}],"inLanguage":"pt-BR"},{"@type":"Person","@id":"https:\/\/www.encontraitaquaquecetuba.com.br\/sobre\/#\/schema\/person\/a8a866dc746e447abf8ca22b02eae6ea","name":"Encontra Itaquaquecetuba","image":{"@type":"ImageObject","inLanguage":"pt-BR","@id":"https:\/\/www.encontraitaquaquecetuba.com.br\/sobre\/#\/schema\/person\/image\/","url":"https:\/\/secure.gravatar.com\/avatar\/f007732be0d27cbf8a336929fe922478?s=96&d=mm&r=g","contentUrl":"https:\/\/secure.gravatar.com\/avatar\/f007732be0d27cbf8a336929fe922478?s=96&d=mm&r=g","caption":"Encontra Itaquaquecetuba"},"sameAs":["http:\/\/www.encontraitaquaquecetuba.com.br"],"url":"https:\/\/www.encontraitaquaquecetuba.com.br\/sobre\/author\/eitaquaquecetuba\/"}]}},"_links":{"self":[{"href":"https:\/\/www.encontraitaquaquecetuba.com.br\/sobre\/wp-json\/wp\/v2\/posts\/393"}],"collection":[{"href":"https:\/\/www.encontraitaquaquecetuba.com.br\/sobre\/wp-json\/wp\/v2\/posts"}],"about":[{"href":"https:\/\/www.encontraitaquaquecetuba.com.br\/sobre\/wp-json\/wp\/v2\/types\/post"}],"author":[{"embeddable":true,"href":"https:\/\/www.encontraitaquaquecetuba.com.br\/sobre\/wp-json\/wp\/v2\/users\/1"}],"replies":[{"embeddable":true,"href":"https:\/\/www.encontraitaquaquecetuba.com.br\/sobre\/wp-json\/wp\/v2\/comments?post=393"}],"version-history":[{"count":0,"href":"https:\/\/www.encontraitaquaquecetuba.com.br\/sobre\/wp-json\/wp\/v2\/posts\/393\/revisions"}],"wp:attachment":[{"href":"https:\/\/www.encontraitaquaquecetuba.com.br\/sobre\/wp-json\/wp\/v2\/media?parent=393"}],"wp:term":[{"taxonomy":"category","embeddable":true,"href":"https:\/\/www.encontraitaquaquecetuba.com.br\/sobre\/wp-json\/wp\/v2\/categories?post=393"},{"taxonomy":"post_tag","embeddable":true,"href":"https:\/\/www.encontraitaquaquecetuba.com.br\/sobre\/wp-json\/wp\/v2\/tags?post=393"}],"curies":[{"name":"wp","href":"https:\/\/api.w.org\/{rel}","templated":true}]}}