{"id":401,"date":"2012-04-03T20:37:43","date_gmt":"2012-04-03T20:37:43","guid":{"rendered":"http:\/\/www.encontraitaquaquecetuba.com.br\/noticias\/?p=401"},"modified":"2021-09-13T15:21:37","modified_gmt":"2021-09-13T15:21:37","slug":"dia-mundial-dos-direitos-do-consumidor-e-celebrado-em-itaqua","status":"publish","type":"post","link":"https:\/\/www.encontraitaquaquecetuba.com.br\/sobre\/dia-mundial-dos-direitos-do-consumidor-e-celebrado-em-itaqua\/","title":{"rendered":"Dia Mundial dos Direitos do Consumidor \u00e9 celebrado em Itaqu\u00e1"},"content":{"rendered":"<div class=\"80eb2665678f8e3864bb9a528523815b\" data-index=\"1\" style=\"float: none; margin:5px 0 5px 0; text-align:center;\">\n<!-- PUB 73 - Responsivo Horizontal -->\r\n<ins class=\"adsbygoogle\"\r\n     style=\"display:block\"\r\n     data-ad-client=\"ca-pub-7321736592693252\"\r\n     data-ad-slot=\"3087950420\"\r\n     data-ad-format=\"auto\"\r\n     data-full-width-responsive=\"true\"><\/ins>\r\n<script>\r\n     (adsbygoogle = window.adsbygoogle || []).push({});\r\n<\/script>\n<\/div>\n<p>No dia 30, \u00e0s 10h e \u00e0s 15h30, houve no Museu Municipal de Itaquaquecetuba, Pra\u00e7a Padre Jo\u00e3o \u00c1lvares n\u00ba. 49, Centro, a palestra 1\u00aa A\u00e7\u00e3o do Consumidor de Itaquaquecetuba em comemora\u00e7\u00e3o ao Dia Mundial dos Direitos do Consumidor, dia 15 de mar\u00e7o.<\/p>\n<p>Os alunos do 5\u00ba ano, do per\u00edodo da manh\u00e3 e tarde, da E.M. Benedito Vieira da Mota participaram da palestra e depois assistiram a um v\u00eddeo sobre o C\u00f3digo de Defesa do Consumidor, CDC. Essa a\u00e7\u00e3o foi realizada pela Funda\u00e7\u00e3o de Prote\u00e7\u00e3o e Defesa do Consumidor, Procon de Itaquaquecetuba, para comemorar a data. A palestrante Ana Paula de Araujo Oliveira falou da import\u00e2ncia do CDC de forma l\u00fadica e as crian\u00e7as logo interagiram. Elas tiraram suas d\u00favidas e fizeram v\u00e1rias perguntas sobre o assunto. Receberam no final da palestra dois kits: um com gibi, cartilha para os pais e o CDC e outro com doces.<\/p>\n<p>O Dia Mundial dos Direitos do Consumidor foi criado nos Estados Unidos em 1962 e passou a vigorar no Brasil em 1991, com o CDC, conforme a Lei n\u00ba 8.078, de 11\/9\/1990. \u00c9 uma lei p\u00fablica que estabelece direitos e obriga\u00e7\u00f5es de consumidores e fornecedores. A data \u00e9 lembrada anualmente pelo Procon com atividades que refor\u00e7am o trabalho j\u00e1 desenvolvido no munic\u00edpio. Segundo o coordenador do \u00f3rg\u00e3o em Itaquaquecetuba, Djalma Lavras da Costa, o Procon M\u00f3vel atendeu a popula\u00e7\u00e3o durante todo o dia na <a href=\"http:\/\/www.encontraitaquaquecetuba.com.br\/itaquaquecetuba\/praca-joao-alvares-itaquaquecetuba.shtml\" target=\"_blank\" rel=\"noopener\">Pra\u00e7a Padre Jo\u00e3o \u00c1lvares<\/a>.<\/p>\n<p>Para a secret\u00e1ria de Educa\u00e7\u00e3o, professora Vera Garcia, esse trabalho realizado pelo Procon \u00e9 relevante porque mostra aos jovens a import\u00e2ncia dos direitos do consumidor e tamb\u00e9m conscientiza a popula\u00e7\u00e3o, al\u00e9m de esclarecer\u00a0 as d\u00favidas.<\/p>\n<p><em>Fonte: Secom Itaquaquecetuba<\/em><\/p>\n\n<div style=\"font-size: 0px; height: 0px; line-height: 0px; margin: 0; padding: 0; clear: both;\"><\/div>","protected":false},"excerpt":{"rendered":"<p>No dia 30, \u00e0s 10h e \u00e0s 15h30, houve no Museu Municipal de Itaquaquecetuba, Pra\u00e7a Padre Jo\u00e3o \u00c1lvares n\u00ba. 49, Centro, a palestra 1\u00aa A\u00e7\u00e3o do Consumidor de Itaquaquecetuba em comemora\u00e7\u00e3o ao Dia Mundial dos Direitos do Consumidor, dia 15 de mar\u00e7o. Os alunos do 5\u00ba ano, do per\u00edodo da manh\u00e3 e tarde, da E.M. Benedito Vieira da Mota participaram da palestra e depois assistiram a um v\u00eddeo sobre o C\u00f3digo de Defesa do Consumidor, CDC. Essa a\u00e7\u00e3o foi realizada pela Funda\u00e7\u00e3o de Prote\u00e7\u00e3o e Defesa do Consumidor, Procon de Itaquaquecetuba, para comemorar a data. A palestrante Ana Paula de <\/p>\n","protected":false},"author":1,"featured_media":0,"comment_status":"open","ping_status":"open","sticky":false,"template":"","format":"standard","meta":[],"categories":[6],"tags":[14],"yoast_head":"<!-- This site is optimized with the Yoast SEO plugin v19.6.1 - https:\/\/yoast.com\/wordpress\/plugins\/seo\/ -->\n<title>Dia Mundial dos Direitos do Consumidor \u00e9 celebrado em Itaqu\u00e1 - Encontra Itaquaquecetuba<\/title>\n<meta name=\"robots\" content=\"index, follow, max-snippet:-1, max-image-preview:large, max-video-preview:-1\" \/>\n<link rel=\"canonical\" href=\"https:\/\/www.encontraitaquaquecetuba.com.br\/sobre\/dia-mundial-dos-direitos-do-consumidor-e-celebrado-em-itaqua\/\" \/>\n<meta property=\"og:locale\" content=\"pt_BR\" \/>\n<meta property=\"og:type\" content=\"article\" \/>\n<meta property=\"og:title\" content=\"Dia Mundial dos Direitos do Consumidor \u00e9 celebrado em Itaqu\u00e1 - Encontra Itaquaquecetuba\" \/>\n<meta property=\"og:description\" content=\"No dia 30, \u00e0s 10h e \u00e0s 15h30, houve no Museu Municipal de Itaquaquecetuba, Pra\u00e7a Padre Jo\u00e3o \u00c1lvares n\u00ba. 49, Centro, a palestra 1\u00aa A\u00e7\u00e3o do Consumidor de Itaquaquecetuba em comemora\u00e7\u00e3o ao Dia Mundial dos Direitos do Consumidor, dia 15 de mar\u00e7o. Os alunos do 5\u00ba ano, do per\u00edodo da manh\u00e3 e tarde, da E.M. Benedito Vieira da Mota participaram da palestra e depois assistiram a um v\u00eddeo sobre o C\u00f3digo de Defesa do Consumidor, CDC. Essa a\u00e7\u00e3o foi realizada pela Funda\u00e7\u00e3o de Prote\u00e7\u00e3o e Defesa do Consumidor, Procon de Itaquaquecetuba, para comemorar a data. A palestrante Ana Paula de\" \/>\n<meta property=\"og:url\" content=\"https:\/\/www.encontraitaquaquecetuba.com.br\/sobre\/dia-mundial-dos-direitos-do-consumidor-e-celebrado-em-itaqua\/\" \/>\n<meta property=\"og:site_name\" content=\"Encontra Itaquaquecetuba\" \/>\n<meta property=\"article:published_time\" content=\"2012-04-03T20:37:43+00:00\" \/>\n<meta property=\"article:modified_time\" content=\"2021-09-13T15:21:37+00:00\" \/>\n<meta name=\"author\" content=\"Encontra Itaquaquecetuba\" \/>\n<meta name=\"twitter:card\" content=\"summary_large_image\" \/>\n<meta name=\"twitter:label1\" content=\"Escrito por\" \/>\n\t<meta name=\"twitter:data1\" content=\"Encontra Itaquaquecetuba\" \/>\n\t<meta name=\"twitter:label2\" content=\"Est. tempo de leitura\" \/>\n\t<meta name=\"twitter:data2\" content=\"1 minuto\" \/>\n<script type=\"application\/ld+json\" class=\"yoast-schema-graph\">{\"@context\":\"https:\/\/schema.org\",\"@graph\":[{\"@type\":\"WebPage\",\"@id\":\"https:\/\/www.encontraitaquaquecetuba.com.br\/sobre\/dia-mundial-dos-direitos-do-consumidor-e-celebrado-em-itaqua\/\",\"url\":\"https:\/\/www.encontraitaquaquecetuba.com.br\/sobre\/dia-mundial-dos-direitos-do-consumidor-e-celebrado-em-itaqua\/\",\"name\":\"Dia Mundial dos Direitos do Consumidor \u00e9 celebrado em Itaqu\u00e1 - Encontra Itaquaquecetuba\",\"isPartOf\":{\"@id\":\"https:\/\/www.encontraitaquaquecetuba.com.br\/sobre\/#website\"},\"datePublished\":\"2012-04-03T20:37:43+00:00\",\"dateModified\":\"2021-09-13T15:21:37+00:00\",\"author\":{\"@id\":\"https:\/\/www.encontraitaquaquecetuba.com.br\/sobre\/#\/schema\/person\/a8a866dc746e447abf8ca22b02eae6ea\"},\"breadcrumb\":{\"@id\":\"https:\/\/www.encontraitaquaquecetuba.com.br\/sobre\/dia-mundial-dos-direitos-do-consumidor-e-celebrado-em-itaqua\/#breadcrumb\"},\"inLanguage\":\"pt-BR\",\"potentialAction\":[{\"@type\":\"ReadAction\",\"target\":[\"https:\/\/www.encontraitaquaquecetuba.com.br\/sobre\/dia-mundial-dos-direitos-do-consumidor-e-celebrado-em-itaqua\/\"]}]},{\"@type\":\"BreadcrumbList\",\"@id\":\"https:\/\/www.encontraitaquaquecetuba.com.br\/sobre\/dia-mundial-dos-direitos-do-consumidor-e-celebrado-em-itaqua\/#breadcrumb\",\"itemListElement\":[{\"@type\":\"ListItem\",\"position\":1,\"name\":\"In\u00edcio\",\"item\":\"https:\/\/www.encontraitaquaquecetuba.com.br\/sobre\/\"},{\"@type\":\"ListItem\",\"position\":2,\"name\":\"Dia Mundial dos Direitos do Consumidor \u00e9 celebrado em Itaqu\u00e1\"}]},{\"@type\":\"WebSite\",\"@id\":\"https:\/\/www.encontraitaquaquecetuba.com.br\/sobre\/#website\",\"url\":\"https:\/\/www.encontraitaquaquecetuba.com.br\/sobre\/\",\"name\":\"Encontra Itaquaquecetuba\",\"description\":\"Not\u00edcias, eventos, informa\u00e7\u00f5es e dicas na cidade de Itaquaquecetuba e regi\u00e3o\",\"potentialAction\":[{\"@type\":\"SearchAction\",\"target\":{\"@type\":\"EntryPoint\",\"urlTemplate\":\"https:\/\/www.encontraitaquaquecetuba.com.br\/sobre\/?s={search_term_string}\"},\"query-input\":\"required name=search_term_string\"}],\"inLanguage\":\"pt-BR\"},{\"@type\":\"Person\",\"@id\":\"https:\/\/www.encontraitaquaquecetuba.com.br\/sobre\/#\/schema\/person\/a8a866dc746e447abf8ca22b02eae6ea\",\"name\":\"Encontra Itaquaquecetuba\",\"image\":{\"@type\":\"ImageObject\",\"inLanguage\":\"pt-BR\",\"@id\":\"https:\/\/www.encontraitaquaquecetuba.com.br\/sobre\/#\/schema\/person\/image\/\",\"url\":\"https:\/\/secure.gravatar.com\/avatar\/f007732be0d27cbf8a336929fe922478?s=96&d=mm&r=g\",\"contentUrl\":\"https:\/\/secure.gravatar.com\/avatar\/f007732be0d27cbf8a336929fe922478?s=96&d=mm&r=g\",\"caption\":\"Encontra Itaquaquecetuba\"},\"sameAs\":[\"http:\/\/www.encontraitaquaquecetuba.com.br\"],\"url\":\"https:\/\/www.encontraitaquaquecetuba.com.br\/sobre\/author\/eitaquaquecetuba\/\"}]}<\/script>\n<!-- \/ Yoast SEO plugin. -->","yoast_head_json":{"title":"Dia Mundial dos Direitos do Consumidor \u00e9 celebrado em Itaqu\u00e1 - Encontra Itaquaquecetuba","robots":{"index":"index","follow":"follow","max-snippet":"max-snippet:-1","max-image-preview":"max-image-preview:large","max-video-preview":"max-video-preview:-1"},"canonical":"https:\/\/www.encontraitaquaquecetuba.com.br\/sobre\/dia-mundial-dos-direitos-do-consumidor-e-celebrado-em-itaqua\/","og_locale":"pt_BR","og_type":"article","og_title":"Dia Mundial dos Direitos do Consumidor \u00e9 celebrado em Itaqu\u00e1 - Encontra Itaquaquecetuba","og_description":"No dia 30, \u00e0s 10h e \u00e0s 15h30, houve no Museu Municipal de Itaquaquecetuba, Pra\u00e7a Padre Jo\u00e3o \u00c1lvares n\u00ba. 49, Centro, a palestra 1\u00aa A\u00e7\u00e3o do Consumidor de Itaquaquecetuba em comemora\u00e7\u00e3o ao Dia Mundial dos Direitos do Consumidor, dia 15 de mar\u00e7o. Os alunos do 5\u00ba ano, do per\u00edodo da manh\u00e3 e tarde, da E.M. Benedito Vieira da Mota participaram da palestra e depois assistiram a um v\u00eddeo sobre o C\u00f3digo de Defesa do Consumidor, CDC. Essa a\u00e7\u00e3o foi realizada pela Funda\u00e7\u00e3o de Prote\u00e7\u00e3o e Defesa do Consumidor, Procon de Itaquaquecetuba, para comemorar a data. A palestrante Ana Paula de","og_url":"https:\/\/www.encontraitaquaquecetuba.com.br\/sobre\/dia-mundial-dos-direitos-do-consumidor-e-celebrado-em-itaqua\/","og_site_name":"Encontra Itaquaquecetuba","article_published_time":"2012-04-03T20:37:43+00:00","article_modified_time":"2021-09-13T15:21:37+00:00","author":"Encontra Itaquaquecetuba","twitter_card":"summary_large_image","twitter_misc":{"Escrito por":"Encontra Itaquaquecetuba","Est. tempo de leitura":"1 minuto"},"schema":{"@context":"https:\/\/schema.org","@graph":[{"@type":"WebPage","@id":"https:\/\/www.encontraitaquaquecetuba.com.br\/sobre\/dia-mundial-dos-direitos-do-consumidor-e-celebrado-em-itaqua\/","url":"https:\/\/www.encontraitaquaquecetuba.com.br\/sobre\/dia-mundial-dos-direitos-do-consumidor-e-celebrado-em-itaqua\/","name":"Dia Mundial dos Direitos do Consumidor \u00e9 celebrado em Itaqu\u00e1 - Encontra Itaquaquecetuba","isPartOf":{"@id":"https:\/\/www.encontraitaquaquecetuba.com.br\/sobre\/#website"},"datePublished":"2012-04-03T20:37:43+00:00","dateModified":"2021-09-13T15:21:37+00:00","author":{"@id":"https:\/\/www.encontraitaquaquecetuba.com.br\/sobre\/#\/schema\/person\/a8a866dc746e447abf8ca22b02eae6ea"},"breadcrumb":{"@id":"https:\/\/www.encontraitaquaquecetuba.com.br\/sobre\/dia-mundial-dos-direitos-do-consumidor-e-celebrado-em-itaqua\/#breadcrumb"},"inLanguage":"pt-BR","potentialAction":[{"@type":"ReadAction","target":["https:\/\/www.encontraitaquaquecetuba.com.br\/sobre\/dia-mundial-dos-direitos-do-consumidor-e-celebrado-em-itaqua\/"]}]},{"@type":"BreadcrumbList","@id":"https:\/\/www.encontraitaquaquecetuba.com.br\/sobre\/dia-mundial-dos-direitos-do-consumidor-e-celebrado-em-itaqua\/#breadcrumb","itemListElement":[{"@type":"ListItem","position":1,"name":"In\u00edcio","item":"https:\/\/www.encontraitaquaquecetuba.com.br\/sobre\/"},{"@type":"ListItem","position":2,"name":"Dia Mundial dos Direitos do Consumidor \u00e9 celebrado em Itaqu\u00e1"}]},{"@type":"WebSite","@id":"https:\/\/www.encontraitaquaquecetuba.com.br\/sobre\/#website","url":"https:\/\/www.encontraitaquaquecetuba.com.br\/sobre\/","name":"Encontra Itaquaquecetuba","description":"Not\u00edcias, eventos, informa\u00e7\u00f5es e dicas na cidade de Itaquaquecetuba e regi\u00e3o","potentialAction":[{"@type":"SearchAction","target":{"@type":"EntryPoint","urlTemplate":"https:\/\/www.encontraitaquaquecetuba.com.br\/sobre\/?s={search_term_string}"},"query-input":"required name=search_term_string"}],"inLanguage":"pt-BR"},{"@type":"Person","@id":"https:\/\/www.encontraitaquaquecetuba.com.br\/sobre\/#\/schema\/person\/a8a866dc746e447abf8ca22b02eae6ea","name":"Encontra Itaquaquecetuba","image":{"@type":"ImageObject","inLanguage":"pt-BR","@id":"https:\/\/www.encontraitaquaquecetuba.com.br\/sobre\/#\/schema\/person\/image\/","url":"https:\/\/secure.gravatar.com\/avatar\/f007732be0d27cbf8a336929fe922478?s=96&d=mm&r=g","contentUrl":"https:\/\/secure.gravatar.com\/avatar\/f007732be0d27cbf8a336929fe922478?s=96&d=mm&r=g","caption":"Encontra Itaquaquecetuba"},"sameAs":["http:\/\/www.encontraitaquaquecetuba.com.br"],"url":"https:\/\/www.encontraitaquaquecetuba.com.br\/sobre\/author\/eitaquaquecetuba\/"}]}},"_links":{"self":[{"href":"https:\/\/www.encontraitaquaquecetuba.com.br\/sobre\/wp-json\/wp\/v2\/posts\/401"}],"collection":[{"href":"https:\/\/www.encontraitaquaquecetuba.com.br\/sobre\/wp-json\/wp\/v2\/posts"}],"about":[{"href":"https:\/\/www.encontraitaquaquecetuba.com.br\/sobre\/wp-json\/wp\/v2\/types\/post"}],"author":[{"embeddable":true,"href":"https:\/\/www.encontraitaquaquecetuba.com.br\/sobre\/wp-json\/wp\/v2\/users\/1"}],"replies":[{"embeddable":true,"href":"https:\/\/www.encontraitaquaquecetuba.com.br\/sobre\/wp-json\/wp\/v2\/comments?post=401"}],"version-history":[{"count":0,"href":"https:\/\/www.encontraitaquaquecetuba.com.br\/sobre\/wp-json\/wp\/v2\/posts\/401\/revisions"}],"wp:attachment":[{"href":"https:\/\/www.encontraitaquaquecetuba.com.br\/sobre\/wp-json\/wp\/v2\/media?parent=401"}],"wp:term":[{"taxonomy":"category","embeddable":true,"href":"https:\/\/www.encontraitaquaquecetuba.com.br\/sobre\/wp-json\/wp\/v2\/categories?post=401"},{"taxonomy":"post_tag","embeddable":true,"href":"https:\/\/www.encontraitaquaquecetuba.com.br\/sobre\/wp-json\/wp\/v2\/tags?post=401"}],"curies":[{"name":"wp","href":"https:\/\/api.w.org\/{rel}","templated":true}]}}