{"id":438,"date":"2012-05-08T22:18:46","date_gmt":"2012-05-08T22:18:46","guid":{"rendered":"http:\/\/www.encontraitaquaquecetuba.com.br\/noticias\/?p=438"},"modified":"2013-08-14T04:51:00","modified_gmt":"2013-08-14T04:51:00","slug":"inscricoes-para-o-programa-projovem-em-itaquaquecetuba-sao-prorrogadas-ate-15-de-junho","status":"publish","type":"post","link":"https:\/\/www.encontraitaquaquecetuba.com.br\/sobre\/inscricoes-para-o-programa-projovem-em-itaquaquecetuba-sao-prorrogadas-ate-15-de-junho\/","title":{"rendered":"Inscri\u00e7\u00f5es para o programa Projovem em Itaquaquecetuba s\u00e3o prorrogadas at\u00e9 15 de junho"},"content":{"rendered":"<div class=\"80eb2665678f8e3864bb9a528523815b\" data-index=\"1\" style=\"float: none; margin:5px 0 5px 0; text-align:center;\">\n<!-- PUB 73 - Responsivo Horizontal -->\r\n<ins class=\"adsbygoogle\"\r\n     style=\"display:block\"\r\n     data-ad-client=\"ca-pub-7321736592693252\"\r\n     data-ad-slot=\"3087950420\"\r\n     data-ad-format=\"auto\"\r\n     data-full-width-responsive=\"true\"><\/ins>\r\n<script>\r\n     (adsbygoogle = window.adsbygoogle || []).push({});\r\n<\/script>\n<\/div>\n<p>A Secretaria de Educa\u00e7\u00e3o de Itaquaquecetuba, Semei, prorroga as inscri\u00e7\u00f5es para o Programa ProJovem Urbano at\u00e9 o dia 15 de junho. Os candidatos podem se matricular na E.M. Benedito Vieira da Mota, Rua M.M.D.C., 92 &#8211; Itaquaquecetuba, no hor\u00e1rio das 8 \u00e0s 20 horas. As aulas s\u00e3o de segunda a sexta-feira, das 19 \u00e0s 23 horas e duram 18 meses. Ser\u00e3o oferecidas 200 vagas no munic\u00edpio.<\/p>\n<p>O programa proporciona a forma\u00e7\u00e3o b\u00e1sica, para a eleva\u00e7\u00e3o da escolaridade, qualifica\u00e7\u00e3o profissional, com certifica\u00e7\u00e3o e participa\u00e7\u00e3o cidad\u00e3, com a promo\u00e7\u00e3o de experi\u00eancia de atua\u00e7\u00e3o social na comunidade. A finalidade \u00e9 capacitar estes jovens para o mercado de trabalho. Os alunos que cumprirem 75% das atividades presenciais receber\u00e3o o aux\u00edlio financeiro mensal de 100 reais.<\/p>\n<p>O programa \u00e9 uma parceria com o governo federal e tem como p\u00fablico-alvo jovens de 18 a 29 anos, alfabetizados e que n\u00e3o conclu\u00edram o ensino fundamental. Os candidatos, sem comprovantes de alfabetiza\u00e7\u00e3o, far\u00e3o uma prova.\u00a0As aulas t\u00eam conte\u00fado do ensino fundamental e qualifica\u00e7\u00e3o profissional. No final do curso o aluno receber\u00e1 o certificado como apto para ingressar no ensino m\u00e9dio.<\/p>\n<p><em>Fonte: Prefeitura de Itaquaquecetuba<\/em><\/p>\n\n<div style=\"font-size: 0px; height: 0px; line-height: 0px; margin: 0; padding: 0; clear: both;\"><\/div>","protected":false},"excerpt":{"rendered":"<p>A Secretaria de Educa\u00e7\u00e3o de Itaquaquecetuba, Semei, prorroga as inscri\u00e7\u00f5es para o Programa ProJovem Urbano at\u00e9 o dia 15 de junho. Os candidatos podem se matricular na E.M. Benedito Vieira da Mota, Rua M.M.D.C., 92 &#8211; Itaquaquecetuba, no hor\u00e1rio das 8 \u00e0s 20 horas. As aulas s\u00e3o de segunda a sexta-feira, das 19 \u00e0s 23 horas e duram 18 meses. Ser\u00e3o oferecidas 200 vagas no munic\u00edpio. O programa proporciona a forma\u00e7\u00e3o b\u00e1sica, para a eleva\u00e7\u00e3o da escolaridade, qualifica\u00e7\u00e3o profissional, com certifica\u00e7\u00e3o e participa\u00e7\u00e3o cidad\u00e3, com a promo\u00e7\u00e3o de experi\u00eancia de atua\u00e7\u00e3o social na comunidade. A finalidade \u00e9 capacitar estes jovens <\/p>\n","protected":false},"author":1,"featured_media":0,"comment_status":"open","ping_status":"open","sticky":false,"template":"","format":"standard","meta":[],"categories":[6],"tags":[14],"yoast_head":"<!-- This site is optimized with the Yoast SEO plugin v19.6.1 - https:\/\/yoast.com\/wordpress\/plugins\/seo\/ -->\n<title>Inscri\u00e7\u00f5es para o programa Projovem em Itaquaquecetuba s\u00e3o prorrogadas at\u00e9 15 de junho - Encontra Itaquaquecetuba<\/title>\n<meta name=\"robots\" content=\"index, follow, max-snippet:-1, max-image-preview:large, max-video-preview:-1\" \/>\n<link rel=\"canonical\" href=\"https:\/\/www.encontraitaquaquecetuba.com.br\/sobre\/inscricoes-para-o-programa-projovem-em-itaquaquecetuba-sao-prorrogadas-ate-15-de-junho\/\" \/>\n<meta property=\"og:locale\" content=\"pt_BR\" \/>\n<meta property=\"og:type\" content=\"article\" \/>\n<meta property=\"og:title\" content=\"Inscri\u00e7\u00f5es para o programa Projovem em Itaquaquecetuba s\u00e3o prorrogadas at\u00e9 15 de junho - Encontra Itaquaquecetuba\" \/>\n<meta property=\"og:description\" content=\"A Secretaria de Educa\u00e7\u00e3o de Itaquaquecetuba, Semei, prorroga as inscri\u00e7\u00f5es para o Programa ProJovem Urbano at\u00e9 o dia 15 de junho. Os candidatos podem se matricular na E.M. Benedito Vieira da Mota, Rua M.M.D.C., 92 &#8211; Itaquaquecetuba, no hor\u00e1rio das 8 \u00e0s 20 horas. As aulas s\u00e3o de segunda a sexta-feira, das 19 \u00e0s 23 horas e duram 18 meses. Ser\u00e3o oferecidas 200 vagas no munic\u00edpio. O programa proporciona a forma\u00e7\u00e3o b\u00e1sica, para a eleva\u00e7\u00e3o da escolaridade, qualifica\u00e7\u00e3o profissional, com certifica\u00e7\u00e3o e participa\u00e7\u00e3o cidad\u00e3, com a promo\u00e7\u00e3o de experi\u00eancia de atua\u00e7\u00e3o social na comunidade. A finalidade \u00e9 capacitar estes jovens\" \/>\n<meta property=\"og:url\" content=\"https:\/\/www.encontraitaquaquecetuba.com.br\/sobre\/inscricoes-para-o-programa-projovem-em-itaquaquecetuba-sao-prorrogadas-ate-15-de-junho\/\" \/>\n<meta property=\"og:site_name\" content=\"Encontra Itaquaquecetuba\" \/>\n<meta property=\"article:published_time\" content=\"2012-05-08T22:18:46+00:00\" \/>\n<meta property=\"article:modified_time\" content=\"2013-08-14T04:51:00+00:00\" \/>\n<meta name=\"author\" content=\"Encontra Itaquaquecetuba\" \/>\n<meta name=\"twitter:card\" content=\"summary_large_image\" \/>\n<meta name=\"twitter:label1\" content=\"Escrito por\" \/>\n\t<meta name=\"twitter:data1\" content=\"Encontra Itaquaquecetuba\" \/>\n\t<meta name=\"twitter:label2\" content=\"Est. tempo de leitura\" \/>\n\t<meta name=\"twitter:data2\" content=\"1 minuto\" \/>\n<script type=\"application\/ld+json\" class=\"yoast-schema-graph\">{\"@context\":\"https:\/\/schema.org\",\"@graph\":[{\"@type\":\"WebPage\",\"@id\":\"https:\/\/www.encontraitaquaquecetuba.com.br\/sobre\/inscricoes-para-o-programa-projovem-em-itaquaquecetuba-sao-prorrogadas-ate-15-de-junho\/\",\"url\":\"https:\/\/www.encontraitaquaquecetuba.com.br\/sobre\/inscricoes-para-o-programa-projovem-em-itaquaquecetuba-sao-prorrogadas-ate-15-de-junho\/\",\"name\":\"Inscri\u00e7\u00f5es para o programa Projovem em Itaquaquecetuba s\u00e3o prorrogadas at\u00e9 15 de junho - Encontra Itaquaquecetuba\",\"isPartOf\":{\"@id\":\"https:\/\/www.encontraitaquaquecetuba.com.br\/sobre\/#website\"},\"datePublished\":\"2012-05-08T22:18:46+00:00\",\"dateModified\":\"2013-08-14T04:51:00+00:00\",\"author\":{\"@id\":\"https:\/\/www.encontraitaquaquecetuba.com.br\/sobre\/#\/schema\/person\/a8a866dc746e447abf8ca22b02eae6ea\"},\"breadcrumb\":{\"@id\":\"https:\/\/www.encontraitaquaquecetuba.com.br\/sobre\/inscricoes-para-o-programa-projovem-em-itaquaquecetuba-sao-prorrogadas-ate-15-de-junho\/#breadcrumb\"},\"inLanguage\":\"pt-BR\",\"potentialAction\":[{\"@type\":\"ReadAction\",\"target\":[\"https:\/\/www.encontraitaquaquecetuba.com.br\/sobre\/inscricoes-para-o-programa-projovem-em-itaquaquecetuba-sao-prorrogadas-ate-15-de-junho\/\"]}]},{\"@type\":\"BreadcrumbList\",\"@id\":\"https:\/\/www.encontraitaquaquecetuba.com.br\/sobre\/inscricoes-para-o-programa-projovem-em-itaquaquecetuba-sao-prorrogadas-ate-15-de-junho\/#breadcrumb\",\"itemListElement\":[{\"@type\":\"ListItem\",\"position\":1,\"name\":\"In\u00edcio\",\"item\":\"https:\/\/www.encontraitaquaquecetuba.com.br\/sobre\/\"},{\"@type\":\"ListItem\",\"position\":2,\"name\":\"Inscri\u00e7\u00f5es para o programa Projovem em Itaquaquecetuba s\u00e3o prorrogadas at\u00e9 15 de junho\"}]},{\"@type\":\"WebSite\",\"@id\":\"https:\/\/www.encontraitaquaquecetuba.com.br\/sobre\/#website\",\"url\":\"https:\/\/www.encontraitaquaquecetuba.com.br\/sobre\/\",\"name\":\"Encontra Itaquaquecetuba\",\"description\":\"Not\u00edcias, eventos, informa\u00e7\u00f5es e dicas na cidade de Itaquaquecetuba e regi\u00e3o\",\"potentialAction\":[{\"@type\":\"SearchAction\",\"target\":{\"@type\":\"EntryPoint\",\"urlTemplate\":\"https:\/\/www.encontraitaquaquecetuba.com.br\/sobre\/?s={search_term_string}\"},\"query-input\":\"required name=search_term_string\"}],\"inLanguage\":\"pt-BR\"},{\"@type\":\"Person\",\"@id\":\"https:\/\/www.encontraitaquaquecetuba.com.br\/sobre\/#\/schema\/person\/a8a866dc746e447abf8ca22b02eae6ea\",\"name\":\"Encontra Itaquaquecetuba\",\"image\":{\"@type\":\"ImageObject\",\"inLanguage\":\"pt-BR\",\"@id\":\"https:\/\/www.encontraitaquaquecetuba.com.br\/sobre\/#\/schema\/person\/image\/\",\"url\":\"https:\/\/secure.gravatar.com\/avatar\/f007732be0d27cbf8a336929fe922478?s=96&d=mm&r=g\",\"contentUrl\":\"https:\/\/secure.gravatar.com\/avatar\/f007732be0d27cbf8a336929fe922478?s=96&d=mm&r=g\",\"caption\":\"Encontra Itaquaquecetuba\"},\"sameAs\":[\"http:\/\/www.encontraitaquaquecetuba.com.br\"],\"url\":\"https:\/\/www.encontraitaquaquecetuba.com.br\/sobre\/author\/eitaquaquecetuba\/\"}]}<\/script>\n<!-- \/ Yoast SEO plugin. -->","yoast_head_json":{"title":"Inscri\u00e7\u00f5es para o programa Projovem em Itaquaquecetuba s\u00e3o prorrogadas at\u00e9 15 de junho - Encontra Itaquaquecetuba","robots":{"index":"index","follow":"follow","max-snippet":"max-snippet:-1","max-image-preview":"max-image-preview:large","max-video-preview":"max-video-preview:-1"},"canonical":"https:\/\/www.encontraitaquaquecetuba.com.br\/sobre\/inscricoes-para-o-programa-projovem-em-itaquaquecetuba-sao-prorrogadas-ate-15-de-junho\/","og_locale":"pt_BR","og_type":"article","og_title":"Inscri\u00e7\u00f5es para o programa Projovem em Itaquaquecetuba s\u00e3o prorrogadas at\u00e9 15 de junho - Encontra Itaquaquecetuba","og_description":"A Secretaria de Educa\u00e7\u00e3o de Itaquaquecetuba, Semei, prorroga as inscri\u00e7\u00f5es para o Programa ProJovem Urbano at\u00e9 o dia 15 de junho. Os candidatos podem se matricular na E.M. Benedito Vieira da Mota, Rua M.M.D.C., 92 &#8211; Itaquaquecetuba, no hor\u00e1rio das 8 \u00e0s 20 horas. As aulas s\u00e3o de segunda a sexta-feira, das 19 \u00e0s 23 horas e duram 18 meses. Ser\u00e3o oferecidas 200 vagas no munic\u00edpio. O programa proporciona a forma\u00e7\u00e3o b\u00e1sica, para a eleva\u00e7\u00e3o da escolaridade, qualifica\u00e7\u00e3o profissional, com certifica\u00e7\u00e3o e participa\u00e7\u00e3o cidad\u00e3, com a promo\u00e7\u00e3o de experi\u00eancia de atua\u00e7\u00e3o social na comunidade. A finalidade \u00e9 capacitar estes jovens","og_url":"https:\/\/www.encontraitaquaquecetuba.com.br\/sobre\/inscricoes-para-o-programa-projovem-em-itaquaquecetuba-sao-prorrogadas-ate-15-de-junho\/","og_site_name":"Encontra Itaquaquecetuba","article_published_time":"2012-05-08T22:18:46+00:00","article_modified_time":"2013-08-14T04:51:00+00:00","author":"Encontra Itaquaquecetuba","twitter_card":"summary_large_image","twitter_misc":{"Escrito por":"Encontra Itaquaquecetuba","Est. tempo de leitura":"1 minuto"},"schema":{"@context":"https:\/\/schema.org","@graph":[{"@type":"WebPage","@id":"https:\/\/www.encontraitaquaquecetuba.com.br\/sobre\/inscricoes-para-o-programa-projovem-em-itaquaquecetuba-sao-prorrogadas-ate-15-de-junho\/","url":"https:\/\/www.encontraitaquaquecetuba.com.br\/sobre\/inscricoes-para-o-programa-projovem-em-itaquaquecetuba-sao-prorrogadas-ate-15-de-junho\/","name":"Inscri\u00e7\u00f5es para o programa Projovem em Itaquaquecetuba s\u00e3o prorrogadas at\u00e9 15 de junho - Encontra Itaquaquecetuba","isPartOf":{"@id":"https:\/\/www.encontraitaquaquecetuba.com.br\/sobre\/#website"},"datePublished":"2012-05-08T22:18:46+00:00","dateModified":"2013-08-14T04:51:00+00:00","author":{"@id":"https:\/\/www.encontraitaquaquecetuba.com.br\/sobre\/#\/schema\/person\/a8a866dc746e447abf8ca22b02eae6ea"},"breadcrumb":{"@id":"https:\/\/www.encontraitaquaquecetuba.com.br\/sobre\/inscricoes-para-o-programa-projovem-em-itaquaquecetuba-sao-prorrogadas-ate-15-de-junho\/#breadcrumb"},"inLanguage":"pt-BR","potentialAction":[{"@type":"ReadAction","target":["https:\/\/www.encontraitaquaquecetuba.com.br\/sobre\/inscricoes-para-o-programa-projovem-em-itaquaquecetuba-sao-prorrogadas-ate-15-de-junho\/"]}]},{"@type":"BreadcrumbList","@id":"https:\/\/www.encontraitaquaquecetuba.com.br\/sobre\/inscricoes-para-o-programa-projovem-em-itaquaquecetuba-sao-prorrogadas-ate-15-de-junho\/#breadcrumb","itemListElement":[{"@type":"ListItem","position":1,"name":"In\u00edcio","item":"https:\/\/www.encontraitaquaquecetuba.com.br\/sobre\/"},{"@type":"ListItem","position":2,"name":"Inscri\u00e7\u00f5es para o programa Projovem em Itaquaquecetuba s\u00e3o prorrogadas at\u00e9 15 de junho"}]},{"@type":"WebSite","@id":"https:\/\/www.encontraitaquaquecetuba.com.br\/sobre\/#website","url":"https:\/\/www.encontraitaquaquecetuba.com.br\/sobre\/","name":"Encontra Itaquaquecetuba","description":"Not\u00edcias, eventos, informa\u00e7\u00f5es e dicas na cidade de Itaquaquecetuba e regi\u00e3o","potentialAction":[{"@type":"SearchAction","target":{"@type":"EntryPoint","urlTemplate":"https:\/\/www.encontraitaquaquecetuba.com.br\/sobre\/?s={search_term_string}"},"query-input":"required name=search_term_string"}],"inLanguage":"pt-BR"},{"@type":"Person","@id":"https:\/\/www.encontraitaquaquecetuba.com.br\/sobre\/#\/schema\/person\/a8a866dc746e447abf8ca22b02eae6ea","name":"Encontra Itaquaquecetuba","image":{"@type":"ImageObject","inLanguage":"pt-BR","@id":"https:\/\/www.encontraitaquaquecetuba.com.br\/sobre\/#\/schema\/person\/image\/","url":"https:\/\/secure.gravatar.com\/avatar\/f007732be0d27cbf8a336929fe922478?s=96&d=mm&r=g","contentUrl":"https:\/\/secure.gravatar.com\/avatar\/f007732be0d27cbf8a336929fe922478?s=96&d=mm&r=g","caption":"Encontra Itaquaquecetuba"},"sameAs":["http:\/\/www.encontraitaquaquecetuba.com.br"],"url":"https:\/\/www.encontraitaquaquecetuba.com.br\/sobre\/author\/eitaquaquecetuba\/"}]}},"_links":{"self":[{"href":"https:\/\/www.encontraitaquaquecetuba.com.br\/sobre\/wp-json\/wp\/v2\/posts\/438"}],"collection":[{"href":"https:\/\/www.encontraitaquaquecetuba.com.br\/sobre\/wp-json\/wp\/v2\/posts"}],"about":[{"href":"https:\/\/www.encontraitaquaquecetuba.com.br\/sobre\/wp-json\/wp\/v2\/types\/post"}],"author":[{"embeddable":true,"href":"https:\/\/www.encontraitaquaquecetuba.com.br\/sobre\/wp-json\/wp\/v2\/users\/1"}],"replies":[{"embeddable":true,"href":"https:\/\/www.encontraitaquaquecetuba.com.br\/sobre\/wp-json\/wp\/v2\/comments?post=438"}],"version-history":[{"count":0,"href":"https:\/\/www.encontraitaquaquecetuba.com.br\/sobre\/wp-json\/wp\/v2\/posts\/438\/revisions"}],"wp:attachment":[{"href":"https:\/\/www.encontraitaquaquecetuba.com.br\/sobre\/wp-json\/wp\/v2\/media?parent=438"}],"wp:term":[{"taxonomy":"category","embeddable":true,"href":"https:\/\/www.encontraitaquaquecetuba.com.br\/sobre\/wp-json\/wp\/v2\/categories?post=438"},{"taxonomy":"post_tag","embeddable":true,"href":"https:\/\/www.encontraitaquaquecetuba.com.br\/sobre\/wp-json\/wp\/v2\/tags?post=438"}],"curies":[{"name":"wp","href":"https:\/\/api.w.org\/{rel}","templated":true}]}}