{"id":456,"date":"2012-05-22T21:46:08","date_gmt":"2012-05-22T21:46:08","guid":{"rendered":"http:\/\/www.encontraitaquaquecetuba.com.br\/noticias\/?p=456"},"modified":"2021-09-13T15:21:22","modified_gmt":"2021-09-13T15:21:22","slug":"2%c2%ba-forum-de-desenvolvimento-economico-e-social-de-itaqua-recebe-inscricoes","status":"publish","type":"post","link":"https:\/\/www.encontraitaquaquecetuba.com.br\/sobre\/2%c2%ba-forum-de-desenvolvimento-economico-e-social-de-itaqua-recebe-inscricoes\/","title":{"rendered":"2\u00ba F\u00f3rum de Desenvolvimento Econ\u00f4mico e Social de Itaqu\u00e1 recebe inscri\u00e7\u00f5es"},"content":{"rendered":"<div class=\"80eb2665678f8e3864bb9a528523815b\" data-index=\"1\" style=\"float: none; margin:5px 0 5px 0; text-align:center;\">\n<!-- PUB 73 - Responsivo Horizontal -->\r\n<ins class=\"adsbygoogle\"\r\n     style=\"display:block\"\r\n     data-ad-client=\"ca-pub-7321736592693252\"\r\n     data-ad-slot=\"3087950420\"\r\n     data-ad-format=\"auto\"\r\n     data-full-width-responsive=\"true\"><\/ins>\r\n<script>\r\n     (adsbygoogle = window.adsbygoogle || []).push({});\r\n<\/script>\n<\/div>\n<p>A <a href=\"http:\/\/www.encontraitaquaquecetuba.com.br\/itaquaquecetuba\/prefeitura-itaquaquecetuba.shtml\" target=\"_blank\" rel=\"noopener\">prefeitura de Itaquaquecetuba<\/a>, por meio da secretaria municipal de Ind\u00fastria e Com\u00e9rcio e demais realizadores (tais como a Acidi, a Fempi, a Fatec, Ung, Rotary Brasil, entre outros) mobiliza-se para a apresenta\u00e7\u00e3o do &#8220;2\u00ba F\u00f3rum de Desenvolvimento Econ\u00f4mico e Social de Itaquaquecetuba&#8221;.<\/p>\n<p>O evento est\u00e1 previsto para o pr\u00f3ximo dia 25 de maio, em comemora\u00e7\u00e3o ao Dia Nacional da Ind\u00fastria.<\/p>\n<p>As inscri\u00e7\u00f5es podem ser efetivadas por meio do site: fatecitaqua.edu.br: &#8220;&#8230; tamb\u00e9m h\u00e1 possibilidade de efetivar inscri\u00e7\u00f5es no local, durante seu acontecimento&#8230;.&#8221;, afirma o diretor de divis\u00e3o da secretaria municipal de Ind\u00fastria e Com\u00e9rcio, Paulo Quaresma.<\/p>\n<p>O p\u00fablico alvo s\u00e3o os empres\u00e1rios, comerciantes, micro empres\u00e1rios, prestadores de servi\u00e7os, terceiro setor, universit\u00e1rios, entidades de ensino, professores, org\u00e3os p\u00fablicos, profissionais liberais e mun\u00edcipes de modo geral.<\/p>\n<p>A expecativa dos organizadores \u00e9 de que o evento re\u00fana cerca de 500 pessoas.<\/p>\n<p>De acordo com o diretor da Secretaria Municipal de Ind\u00fastria e Com\u00e9rcio, M\u00e1rio Toyama: &#8220;.. hoje, conhecer a realidade s\u00f3cio-econ\u00f4mica do munic\u00edpio \u00e9 fundamental para a reflex\u00e3o, debate e busca de solu\u00e7\u00f5es para o enfrentamento das dificuldades impostas ao desenvolvimento do munic\u00edpio e o 2\u00ba F\u00f3rum de Desenvolvimento Econ\u00f4mico e Social de Itaquaquecetuba vem ao encontro desta necessidade&#8230;&#8221;.<\/p>\n<p>\u00c0 exemplo da edi\u00e7\u00e3o anterior, o referido &#8220;f\u00f3rum&#8221; ter\u00e1 por objetivos: reunir e integrar os diversos sujeitos relacionados ao desenvolvimento de Itaquaquecetuba; discutir formas da cidade se desenvolver a partir de novos modelos, levando-se em considera\u00e7\u00e3o o debate entre a sociedade civil e o governo e pontuar o crescimento econ\u00f4mico da cidade.<\/p>\n<p>Para o secret\u00e1rio municipal de Ind\u00fastria e Com\u00e9rcio, D\u00e9cio de Almeida Diniz este evento possibilitar\u00e1 um diagn\u00f3stico do atual est\u00e1gio de desenvolvimento do munic\u00edpio, assim como, o conhecimento e a integra\u00e7\u00e3o dos diversos setores para que os mesmos conhe\u00e7am os perfis vocacionais do munic\u00edpio e, a partir da\u00ed, seja definida uma agenda de a\u00e7\u00f5es priorit\u00e1rias.<\/p>\n<p>Vale lembrar que o &#8220;2\u00ba F\u00f3rum de Desenvolvimento Econ\u00f4mico e Social de Itaquaquecetuba&#8221; acontecer\u00e1 no sal\u00e3o da Igreja de Jesus Cristo dos Santos dos \u00daltimos Dias (sito \u00e0 Rua S\u00e3o Bento, 209, bairro Campo da Venda &#8211; em frente \u00e0 portaria da Dersa), a partir das 18:00 horas. Os telefones para mais informa\u00e7\u00f5es s\u00e3o: 4647-5226 ou 4753-3221.<\/p>\n<p><em>Fonte: Prefeitura de Itaquaquecetuba<\/em><\/p>\n\n<div style=\"font-size: 0px; height: 0px; line-height: 0px; margin: 0; padding: 0; clear: both;\"><\/div>","protected":false},"excerpt":{"rendered":"<p>A prefeitura de Itaquaquecetuba, por meio da secretaria municipal de Ind\u00fastria e Com\u00e9rcio e demais realizadores (tais como a Acidi, a Fempi, a Fatec, Ung, Rotary Brasil, entre outros) mobiliza-se para a apresenta\u00e7\u00e3o do &#8220;2\u00ba F\u00f3rum de Desenvolvimento Econ\u00f4mico e Social de Itaquaquecetuba&#8221;. O evento est\u00e1 previsto para o pr\u00f3ximo dia 25 de maio, em comemora\u00e7\u00e3o ao Dia Nacional da Ind\u00fastria. As inscri\u00e7\u00f5es podem ser efetivadas por meio do site: fatecitaqua.edu.br: &#8220;&#8230; tamb\u00e9m h\u00e1 possibilidade de efetivar inscri\u00e7\u00f5es no local, durante seu acontecimento&#8230;.&#8221;, afirma o diretor de divis\u00e3o da secretaria municipal de Ind\u00fastria e Com\u00e9rcio, Paulo Quaresma. O p\u00fablico alvo <\/p>\n","protected":false},"author":1,"featured_media":0,"comment_status":"open","ping_status":"open","sticky":false,"template":"","format":"standard","meta":[],"categories":[6],"tags":[14],"yoast_head":"<!-- This site is optimized with the Yoast SEO plugin v19.6.1 - https:\/\/yoast.com\/wordpress\/plugins\/seo\/ -->\n<title>2\u00ba F\u00f3rum de Desenvolvimento Econ\u00f4mico e Social de Itaqu\u00e1 recebe inscri\u00e7\u00f5es - Encontra Itaquaquecetuba<\/title>\n<meta name=\"robots\" content=\"index, follow, max-snippet:-1, max-image-preview:large, max-video-preview:-1\" \/>\n<link rel=\"canonical\" href=\"https:\/\/www.encontraitaquaquecetuba.com.br\/sobre\/2\u00ba-forum-de-desenvolvimento-economico-e-social-de-itaqua-recebe-inscricoes\/\" \/>\n<meta property=\"og:locale\" content=\"pt_BR\" \/>\n<meta property=\"og:type\" content=\"article\" \/>\n<meta property=\"og:title\" content=\"2\u00ba F\u00f3rum de Desenvolvimento Econ\u00f4mico e Social de Itaqu\u00e1 recebe inscri\u00e7\u00f5es - Encontra Itaquaquecetuba\" \/>\n<meta property=\"og:description\" content=\"A prefeitura de Itaquaquecetuba, por meio da secretaria municipal de Ind\u00fastria e Com\u00e9rcio e demais realizadores (tais como a Acidi, a Fempi, a Fatec, Ung, Rotary Brasil, entre outros) mobiliza-se para a apresenta\u00e7\u00e3o do &#8220;2\u00ba F\u00f3rum de Desenvolvimento Econ\u00f4mico e Social de Itaquaquecetuba&#8221;. O evento est\u00e1 previsto para o pr\u00f3ximo dia 25 de maio, em comemora\u00e7\u00e3o ao Dia Nacional da Ind\u00fastria. As inscri\u00e7\u00f5es podem ser efetivadas por meio do site: fatecitaqua.edu.br: &#8220;&#8230; tamb\u00e9m h\u00e1 possibilidade de efetivar inscri\u00e7\u00f5es no local, durante seu acontecimento&#8230;.&#8221;, afirma o diretor de divis\u00e3o da secretaria municipal de Ind\u00fastria e Com\u00e9rcio, Paulo Quaresma. O p\u00fablico alvo\" \/>\n<meta property=\"og:url\" content=\"https:\/\/www.encontraitaquaquecetuba.com.br\/sobre\/2\u00ba-forum-de-desenvolvimento-economico-e-social-de-itaqua-recebe-inscricoes\/\" \/>\n<meta property=\"og:site_name\" content=\"Encontra Itaquaquecetuba\" \/>\n<meta property=\"article:published_time\" content=\"2012-05-22T21:46:08+00:00\" \/>\n<meta property=\"article:modified_time\" content=\"2021-09-13T15:21:22+00:00\" \/>\n<meta name=\"author\" content=\"Encontra Itaquaquecetuba\" \/>\n<meta name=\"twitter:card\" content=\"summary_large_image\" \/>\n<meta name=\"twitter:label1\" content=\"Escrito por\" \/>\n\t<meta name=\"twitter:data1\" content=\"Encontra Itaquaquecetuba\" \/>\n\t<meta name=\"twitter:label2\" content=\"Est. tempo de leitura\" \/>\n\t<meta name=\"twitter:data2\" content=\"2 minutos\" \/>\n<script type=\"application\/ld+json\" class=\"yoast-schema-graph\">{\"@context\":\"https:\/\/schema.org\",\"@graph\":[{\"@type\":\"WebPage\",\"@id\":\"https:\/\/www.encontraitaquaquecetuba.com.br\/sobre\/2%c2%ba-forum-de-desenvolvimento-economico-e-social-de-itaqua-recebe-inscricoes\/\",\"url\":\"https:\/\/www.encontraitaquaquecetuba.com.br\/sobre\/2%c2%ba-forum-de-desenvolvimento-economico-e-social-de-itaqua-recebe-inscricoes\/\",\"name\":\"2\u00ba F\u00f3rum de Desenvolvimento Econ\u00f4mico e Social de Itaqu\u00e1 recebe inscri\u00e7\u00f5es - Encontra Itaquaquecetuba\",\"isPartOf\":{\"@id\":\"https:\/\/www.encontraitaquaquecetuba.com.br\/sobre\/#website\"},\"datePublished\":\"2012-05-22T21:46:08+00:00\",\"dateModified\":\"2021-09-13T15:21:22+00:00\",\"author\":{\"@id\":\"https:\/\/www.encontraitaquaquecetuba.com.br\/sobre\/#\/schema\/person\/a8a866dc746e447abf8ca22b02eae6ea\"},\"breadcrumb\":{\"@id\":\"https:\/\/www.encontraitaquaquecetuba.com.br\/sobre\/2%c2%ba-forum-de-desenvolvimento-economico-e-social-de-itaqua-recebe-inscricoes\/#breadcrumb\"},\"inLanguage\":\"pt-BR\",\"potentialAction\":[{\"@type\":\"ReadAction\",\"target\":[\"https:\/\/www.encontraitaquaquecetuba.com.br\/sobre\/2%c2%ba-forum-de-desenvolvimento-economico-e-social-de-itaqua-recebe-inscricoes\/\"]}]},{\"@type\":\"BreadcrumbList\",\"@id\":\"https:\/\/www.encontraitaquaquecetuba.com.br\/sobre\/2%c2%ba-forum-de-desenvolvimento-economico-e-social-de-itaqua-recebe-inscricoes\/#breadcrumb\",\"itemListElement\":[{\"@type\":\"ListItem\",\"position\":1,\"name\":\"In\u00edcio\",\"item\":\"https:\/\/www.encontraitaquaquecetuba.com.br\/sobre\/\"},{\"@type\":\"ListItem\",\"position\":2,\"name\":\"2\u00ba F\u00f3rum de Desenvolvimento Econ\u00f4mico e Social de Itaqu\u00e1 recebe inscri\u00e7\u00f5es\"}]},{\"@type\":\"WebSite\",\"@id\":\"https:\/\/www.encontraitaquaquecetuba.com.br\/sobre\/#website\",\"url\":\"https:\/\/www.encontraitaquaquecetuba.com.br\/sobre\/\",\"name\":\"Encontra Itaquaquecetuba\",\"description\":\"Not\u00edcias, eventos, informa\u00e7\u00f5es e dicas na cidade de Itaquaquecetuba e regi\u00e3o\",\"potentialAction\":[{\"@type\":\"SearchAction\",\"target\":{\"@type\":\"EntryPoint\",\"urlTemplate\":\"https:\/\/www.encontraitaquaquecetuba.com.br\/sobre\/?s={search_term_string}\"},\"query-input\":\"required name=search_term_string\"}],\"inLanguage\":\"pt-BR\"},{\"@type\":\"Person\",\"@id\":\"https:\/\/www.encontraitaquaquecetuba.com.br\/sobre\/#\/schema\/person\/a8a866dc746e447abf8ca22b02eae6ea\",\"name\":\"Encontra Itaquaquecetuba\",\"image\":{\"@type\":\"ImageObject\",\"inLanguage\":\"pt-BR\",\"@id\":\"https:\/\/www.encontraitaquaquecetuba.com.br\/sobre\/#\/schema\/person\/image\/\",\"url\":\"https:\/\/secure.gravatar.com\/avatar\/f007732be0d27cbf8a336929fe922478?s=96&d=mm&r=g\",\"contentUrl\":\"https:\/\/secure.gravatar.com\/avatar\/f007732be0d27cbf8a336929fe922478?s=96&d=mm&r=g\",\"caption\":\"Encontra Itaquaquecetuba\"},\"sameAs\":[\"http:\/\/www.encontraitaquaquecetuba.com.br\"],\"url\":\"https:\/\/www.encontraitaquaquecetuba.com.br\/sobre\/author\/eitaquaquecetuba\/\"}]}<\/script>\n<!-- \/ Yoast SEO plugin. -->","yoast_head_json":{"title":"2\u00ba F\u00f3rum de Desenvolvimento Econ\u00f4mico e Social de Itaqu\u00e1 recebe inscri\u00e7\u00f5es - Encontra Itaquaquecetuba","robots":{"index":"index","follow":"follow","max-snippet":"max-snippet:-1","max-image-preview":"max-image-preview:large","max-video-preview":"max-video-preview:-1"},"canonical":"https:\/\/www.encontraitaquaquecetuba.com.br\/sobre\/2\u00ba-forum-de-desenvolvimento-economico-e-social-de-itaqua-recebe-inscricoes\/","og_locale":"pt_BR","og_type":"article","og_title":"2\u00ba F\u00f3rum de Desenvolvimento Econ\u00f4mico e Social de Itaqu\u00e1 recebe inscri\u00e7\u00f5es - Encontra Itaquaquecetuba","og_description":"A prefeitura de Itaquaquecetuba, por meio da secretaria municipal de Ind\u00fastria e Com\u00e9rcio e demais realizadores (tais como a Acidi, a Fempi, a Fatec, Ung, Rotary Brasil, entre outros) mobiliza-se para a apresenta\u00e7\u00e3o do &#8220;2\u00ba F\u00f3rum de Desenvolvimento Econ\u00f4mico e Social de Itaquaquecetuba&#8221;. O evento est\u00e1 previsto para o pr\u00f3ximo dia 25 de maio, em comemora\u00e7\u00e3o ao Dia Nacional da Ind\u00fastria. As inscri\u00e7\u00f5es podem ser efetivadas por meio do site: fatecitaqua.edu.br: &#8220;&#8230; tamb\u00e9m h\u00e1 possibilidade de efetivar inscri\u00e7\u00f5es no local, durante seu acontecimento&#8230;.&#8221;, afirma o diretor de divis\u00e3o da secretaria municipal de Ind\u00fastria e Com\u00e9rcio, Paulo Quaresma. O p\u00fablico alvo","og_url":"https:\/\/www.encontraitaquaquecetuba.com.br\/sobre\/2\u00ba-forum-de-desenvolvimento-economico-e-social-de-itaqua-recebe-inscricoes\/","og_site_name":"Encontra Itaquaquecetuba","article_published_time":"2012-05-22T21:46:08+00:00","article_modified_time":"2021-09-13T15:21:22+00:00","author":"Encontra Itaquaquecetuba","twitter_card":"summary_large_image","twitter_misc":{"Escrito por":"Encontra Itaquaquecetuba","Est. tempo de leitura":"2 minutos"},"schema":{"@context":"https:\/\/schema.org","@graph":[{"@type":"WebPage","@id":"https:\/\/www.encontraitaquaquecetuba.com.br\/sobre\/2%c2%ba-forum-de-desenvolvimento-economico-e-social-de-itaqua-recebe-inscricoes\/","url":"https:\/\/www.encontraitaquaquecetuba.com.br\/sobre\/2%c2%ba-forum-de-desenvolvimento-economico-e-social-de-itaqua-recebe-inscricoes\/","name":"2\u00ba F\u00f3rum de Desenvolvimento Econ\u00f4mico e Social de Itaqu\u00e1 recebe inscri\u00e7\u00f5es - Encontra Itaquaquecetuba","isPartOf":{"@id":"https:\/\/www.encontraitaquaquecetuba.com.br\/sobre\/#website"},"datePublished":"2012-05-22T21:46:08+00:00","dateModified":"2021-09-13T15:21:22+00:00","author":{"@id":"https:\/\/www.encontraitaquaquecetuba.com.br\/sobre\/#\/schema\/person\/a8a866dc746e447abf8ca22b02eae6ea"},"breadcrumb":{"@id":"https:\/\/www.encontraitaquaquecetuba.com.br\/sobre\/2%c2%ba-forum-de-desenvolvimento-economico-e-social-de-itaqua-recebe-inscricoes\/#breadcrumb"},"inLanguage":"pt-BR","potentialAction":[{"@type":"ReadAction","target":["https:\/\/www.encontraitaquaquecetuba.com.br\/sobre\/2%c2%ba-forum-de-desenvolvimento-economico-e-social-de-itaqua-recebe-inscricoes\/"]}]},{"@type":"BreadcrumbList","@id":"https:\/\/www.encontraitaquaquecetuba.com.br\/sobre\/2%c2%ba-forum-de-desenvolvimento-economico-e-social-de-itaqua-recebe-inscricoes\/#breadcrumb","itemListElement":[{"@type":"ListItem","position":1,"name":"In\u00edcio","item":"https:\/\/www.encontraitaquaquecetuba.com.br\/sobre\/"},{"@type":"ListItem","position":2,"name":"2\u00ba F\u00f3rum de Desenvolvimento Econ\u00f4mico e Social de Itaqu\u00e1 recebe inscri\u00e7\u00f5es"}]},{"@type":"WebSite","@id":"https:\/\/www.encontraitaquaquecetuba.com.br\/sobre\/#website","url":"https:\/\/www.encontraitaquaquecetuba.com.br\/sobre\/","name":"Encontra Itaquaquecetuba","description":"Not\u00edcias, eventos, informa\u00e7\u00f5es e dicas na cidade de Itaquaquecetuba e regi\u00e3o","potentialAction":[{"@type":"SearchAction","target":{"@type":"EntryPoint","urlTemplate":"https:\/\/www.encontraitaquaquecetuba.com.br\/sobre\/?s={search_term_string}"},"query-input":"required name=search_term_string"}],"inLanguage":"pt-BR"},{"@type":"Person","@id":"https:\/\/www.encontraitaquaquecetuba.com.br\/sobre\/#\/schema\/person\/a8a866dc746e447abf8ca22b02eae6ea","name":"Encontra Itaquaquecetuba","image":{"@type":"ImageObject","inLanguage":"pt-BR","@id":"https:\/\/www.encontraitaquaquecetuba.com.br\/sobre\/#\/schema\/person\/image\/","url":"https:\/\/secure.gravatar.com\/avatar\/f007732be0d27cbf8a336929fe922478?s=96&d=mm&r=g","contentUrl":"https:\/\/secure.gravatar.com\/avatar\/f007732be0d27cbf8a336929fe922478?s=96&d=mm&r=g","caption":"Encontra Itaquaquecetuba"},"sameAs":["http:\/\/www.encontraitaquaquecetuba.com.br"],"url":"https:\/\/www.encontraitaquaquecetuba.com.br\/sobre\/author\/eitaquaquecetuba\/"}]}},"_links":{"self":[{"href":"https:\/\/www.encontraitaquaquecetuba.com.br\/sobre\/wp-json\/wp\/v2\/posts\/456"}],"collection":[{"href":"https:\/\/www.encontraitaquaquecetuba.com.br\/sobre\/wp-json\/wp\/v2\/posts"}],"about":[{"href":"https:\/\/www.encontraitaquaquecetuba.com.br\/sobre\/wp-json\/wp\/v2\/types\/post"}],"author":[{"embeddable":true,"href":"https:\/\/www.encontraitaquaquecetuba.com.br\/sobre\/wp-json\/wp\/v2\/users\/1"}],"replies":[{"embeddable":true,"href":"https:\/\/www.encontraitaquaquecetuba.com.br\/sobre\/wp-json\/wp\/v2\/comments?post=456"}],"version-history":[{"count":0,"href":"https:\/\/www.encontraitaquaquecetuba.com.br\/sobre\/wp-json\/wp\/v2\/posts\/456\/revisions"}],"wp:attachment":[{"href":"https:\/\/www.encontraitaquaquecetuba.com.br\/sobre\/wp-json\/wp\/v2\/media?parent=456"}],"wp:term":[{"taxonomy":"category","embeddable":true,"href":"https:\/\/www.encontraitaquaquecetuba.com.br\/sobre\/wp-json\/wp\/v2\/categories?post=456"},{"taxonomy":"post_tag","embeddable":true,"href":"https:\/\/www.encontraitaquaquecetuba.com.br\/sobre\/wp-json\/wp\/v2\/tags?post=456"}],"curies":[{"name":"wp","href":"https:\/\/api.w.org\/{rel}","templated":true}]}}