{"id":46,"date":"2011-06-21T20:52:37","date_gmt":"2011-06-21T20:52:37","guid":{"rendered":"http:\/\/www.encontraitaquaquecetuba.com.br\/noticias\/?p=46"},"modified":"2013-08-14T04:50:54","modified_gmt":"2013-08-14T04:50:54","slug":"campanha-nacional-de-vacinacao-contra-a-paralisia-infantil-2011-e-prorrogada-em-itaquaquecetuba","status":"publish","type":"post","link":"https:\/\/www.encontraitaquaquecetuba.com.br\/sobre\/campanha-nacional-de-vacinacao-contra-a-paralisia-infantil-2011-e-prorrogada-em-itaquaquecetuba\/","title":{"rendered":"Campanha Nacional de Vacina\u00e7\u00e3o Contra a Paralisia Infantil 2011 \u00e9 prorrogada em Itaquaquecetuba"},"content":{"rendered":"<div class=\"80eb2665678f8e3864bb9a528523815b\" data-index=\"1\" style=\"float: none; margin:5px 0 5px 0; text-align:center;\">\n<!-- PUB 73 - Responsivo Horizontal -->\r\n<ins class=\"adsbygoogle\"\r\n     style=\"display:block\"\r\n     data-ad-client=\"ca-pub-7321736592693252\"\r\n     data-ad-slot=\"3087950420\"\r\n     data-ad-format=\"auto\"\r\n     data-full-width-responsive=\"true\"><\/ins>\r\n<script>\r\n     (adsbygoogle = window.adsbygoogle || []).push({});\r\n<\/script>\n<\/div>\n<p>A exemplo dos demais munic\u00edpios brasileiros, a cidade Itaquaquecetuba realizou no s\u00e1bado, 18 a primeira fase da \u201cCampanha Nacional de Vacina\u00e7\u00e3o Contra a Paralisia Infantil &#8211; 2011\u201d .<\/p>\n<p>Este ano, o trabalho coordenado pela Vigil\u00e2ncia Epidemiol\u00f3gica do munic\u00edpio vacinou 20.477 crian\u00e7as. Por\u00e9m, tendo em vista a amplitude da cobertura vacinal, as doses continuam sendo aplicadas nos postos de sa\u00fade da cidade (sendo 15 unidades).<\/p>\n<p>Segundo a coordenadora do setor, Marineti Ventura: \u201c&#8230;a meta para este ano \u00e9 de vinte e seis mil novecentos e tr\u00eas crian\u00e7as vacinadas\u201d.<\/p>\n<p>Crian\u00e7as entre 0 \u00e0 5 anos incompletos (4 anos, 11 meses e 29 dias) devem receber de forma indiscriminada a dose da chamada \u201cgotinha\u201d.<\/p>\n<p>Para quem n\u00e3o sabe, a poliomielite, mais conhecida como \u201cparalisia infantil\u201d, \u00e9 uma doen\u00e7a viral aguda que ataca o sistema nervoso central neutralizando os movimentos dos membros inferiores. O quadro cl\u00ednico \u00e9 caracterizado por febre, mal estar, dor de cabe\u00e7a acompanhada ou n\u00e3o de paralisia.<\/p>\n<p>Vale lembrar que, al\u00e9m das \u2018campanhas\u2019; pais ou respons\u00e1veis devem, periodicamente, levar suas crian\u00e7as aos postos de sa\u00fade da cidade a fim de realizar o acompanhamento e devida regulariza\u00e7\u00e3o das carteirinhas de vacinas, afinal de contas: \u201c&#8230;prevenir continua sendo o melhor rem\u00e9dio\u201d, enfatiza a coordenadora da VE, Marineti Ventura que, aproveita a oportunidade para parabenizar o empenho e a dedica\u00e7\u00e3o da equipe de profissionais que se esfor\u00e7am para atingir a meta estipulada para 2011.<\/p>\n<p><strong>Sarampo<\/strong><\/p>\n<p>Outra informa\u00e7\u00e3o importante refere-se \u00e0 vacina\u00e7\u00e3o contra o sarampo. As doses contra esta doen\u00e7a foram distribu\u00eddas simultaneamente durante a campanha da p\u00f3lio, realizada no final de semana (s\u00e1bado, 18).<\/p>\n<p>De acordo com a VE municipal, foram aplicadas 21.183 doses e a imuniza\u00e7\u00e3o tamb\u00e9m continua a ser realizada nas unidades b\u00e1sicas de sa\u00fade da cidade.<\/p>\n<p>Vale lembrar que o Brasil est\u00e1 em fase de erradica\u00e7\u00e3o desta doen\u00e7a (transmitida via oral) que, como qualquer outra, pode ocasionar mortes em decorr\u00eancia de suas complica\u00e7\u00f5es. Por isso, \u00e9 t\u00e3o importante proceder a referida vacina, tamb\u00e9m de modo indiscriminado.<\/p>\n<p><em>Fonte: Prefeitura de Itaquaquecetuba<\/em><\/p>\n\n<div style=\"font-size: 0px; height: 0px; line-height: 0px; margin: 0; padding: 0; clear: both;\"><\/div>","protected":false},"excerpt":{"rendered":"<p>A exemplo dos demais munic\u00edpios brasileiros, a cidade Itaquaquecetuba realizou no s\u00e1bado, 18 a primeira fase da \u201cCampanha Nacional de Vacina\u00e7\u00e3o Contra a Paralisia Infantil &#8211; 2011\u201d . Este ano, o trabalho coordenado pela Vigil\u00e2ncia Epidemiol\u00f3gica do munic\u00edpio vacinou 20.477 crian\u00e7as. Por\u00e9m, tendo em vista a amplitude da cobertura vacinal, as doses continuam sendo aplicadas nos postos de sa\u00fade da cidade (sendo 15 unidades). Segundo a coordenadora do setor, Marineti Ventura: \u201c&#8230;a meta para este ano \u00e9 de vinte e seis mil novecentos e tr\u00eas crian\u00e7as vacinadas\u201d. Crian\u00e7as entre 0 \u00e0 5 anos incompletos (4 anos, 11 meses e 29 <\/p>\n","protected":false},"author":1,"featured_media":0,"comment_status":"open","ping_status":"open","sticky":false,"template":"","format":"standard","meta":[],"categories":[8],"tags":[14],"yoast_head":"<!-- This site is optimized with the Yoast SEO plugin v19.6.1 - https:\/\/yoast.com\/wordpress\/plugins\/seo\/ -->\n<title>Campanha Nacional de Vacina\u00e7\u00e3o Contra a Paralisia Infantil 2011 \u00e9 prorrogada em Itaquaquecetuba - Encontra Itaquaquecetuba<\/title>\n<meta name=\"robots\" content=\"index, follow, max-snippet:-1, max-image-preview:large, max-video-preview:-1\" \/>\n<link rel=\"canonical\" href=\"https:\/\/www.encontraitaquaquecetuba.com.br\/sobre\/campanha-nacional-de-vacinacao-contra-a-paralisia-infantil-2011-e-prorrogada-em-itaquaquecetuba\/\" \/>\n<meta property=\"og:locale\" content=\"pt_BR\" \/>\n<meta property=\"og:type\" content=\"article\" \/>\n<meta property=\"og:title\" content=\"Campanha Nacional de Vacina\u00e7\u00e3o Contra a Paralisia Infantil 2011 \u00e9 prorrogada em Itaquaquecetuba - Encontra Itaquaquecetuba\" \/>\n<meta property=\"og:description\" content=\"A exemplo dos demais munic\u00edpios brasileiros, a cidade Itaquaquecetuba realizou no s\u00e1bado, 18 a primeira fase da \u201cCampanha Nacional de Vacina\u00e7\u00e3o Contra a Paralisia Infantil &#8211; 2011\u201d . Este ano, o trabalho coordenado pela Vigil\u00e2ncia Epidemiol\u00f3gica do munic\u00edpio vacinou 20.477 crian\u00e7as. Por\u00e9m, tendo em vista a amplitude da cobertura vacinal, as doses continuam sendo aplicadas nos postos de sa\u00fade da cidade (sendo 15 unidades). Segundo a coordenadora do setor, Marineti Ventura: \u201c&#8230;a meta para este ano \u00e9 de vinte e seis mil novecentos e tr\u00eas crian\u00e7as vacinadas\u201d. Crian\u00e7as entre 0 \u00e0 5 anos incompletos (4 anos, 11 meses e 29\" \/>\n<meta property=\"og:url\" content=\"https:\/\/www.encontraitaquaquecetuba.com.br\/sobre\/campanha-nacional-de-vacinacao-contra-a-paralisia-infantil-2011-e-prorrogada-em-itaquaquecetuba\/\" \/>\n<meta property=\"og:site_name\" content=\"Encontra Itaquaquecetuba\" \/>\n<meta property=\"article:published_time\" content=\"2011-06-21T20:52:37+00:00\" \/>\n<meta property=\"article:modified_time\" content=\"2013-08-14T04:50:54+00:00\" \/>\n<meta name=\"author\" content=\"Encontra Itaquaquecetuba\" \/>\n<meta name=\"twitter:card\" content=\"summary_large_image\" \/>\n<meta name=\"twitter:label1\" content=\"Escrito por\" \/>\n\t<meta name=\"twitter:data1\" content=\"Encontra Itaquaquecetuba\" \/>\n\t<meta name=\"twitter:label2\" content=\"Est. tempo de leitura\" \/>\n\t<meta name=\"twitter:data2\" content=\"2 minutos\" \/>\n<script type=\"application\/ld+json\" class=\"yoast-schema-graph\">{\"@context\":\"https:\/\/schema.org\",\"@graph\":[{\"@type\":\"WebPage\",\"@id\":\"https:\/\/www.encontraitaquaquecetuba.com.br\/sobre\/campanha-nacional-de-vacinacao-contra-a-paralisia-infantil-2011-e-prorrogada-em-itaquaquecetuba\/\",\"url\":\"https:\/\/www.encontraitaquaquecetuba.com.br\/sobre\/campanha-nacional-de-vacinacao-contra-a-paralisia-infantil-2011-e-prorrogada-em-itaquaquecetuba\/\",\"name\":\"Campanha Nacional de Vacina\u00e7\u00e3o Contra a Paralisia Infantil 2011 \u00e9 prorrogada em Itaquaquecetuba - Encontra Itaquaquecetuba\",\"isPartOf\":{\"@id\":\"https:\/\/www.encontraitaquaquecetuba.com.br\/sobre\/#website\"},\"datePublished\":\"2011-06-21T20:52:37+00:00\",\"dateModified\":\"2013-08-14T04:50:54+00:00\",\"author\":{\"@id\":\"https:\/\/www.encontraitaquaquecetuba.com.br\/sobre\/#\/schema\/person\/a8a866dc746e447abf8ca22b02eae6ea\"},\"breadcrumb\":{\"@id\":\"https:\/\/www.encontraitaquaquecetuba.com.br\/sobre\/campanha-nacional-de-vacinacao-contra-a-paralisia-infantil-2011-e-prorrogada-em-itaquaquecetuba\/#breadcrumb\"},\"inLanguage\":\"pt-BR\",\"potentialAction\":[{\"@type\":\"ReadAction\",\"target\":[\"https:\/\/www.encontraitaquaquecetuba.com.br\/sobre\/campanha-nacional-de-vacinacao-contra-a-paralisia-infantil-2011-e-prorrogada-em-itaquaquecetuba\/\"]}]},{\"@type\":\"BreadcrumbList\",\"@id\":\"https:\/\/www.encontraitaquaquecetuba.com.br\/sobre\/campanha-nacional-de-vacinacao-contra-a-paralisia-infantil-2011-e-prorrogada-em-itaquaquecetuba\/#breadcrumb\",\"itemListElement\":[{\"@type\":\"ListItem\",\"position\":1,\"name\":\"In\u00edcio\",\"item\":\"https:\/\/www.encontraitaquaquecetuba.com.br\/sobre\/\"},{\"@type\":\"ListItem\",\"position\":2,\"name\":\"Campanha Nacional de Vacina\u00e7\u00e3o Contra a Paralisia Infantil 2011 \u00e9 prorrogada em Itaquaquecetuba\"}]},{\"@type\":\"WebSite\",\"@id\":\"https:\/\/www.encontraitaquaquecetuba.com.br\/sobre\/#website\",\"url\":\"https:\/\/www.encontraitaquaquecetuba.com.br\/sobre\/\",\"name\":\"Encontra Itaquaquecetuba\",\"description\":\"Not\u00edcias, eventos, informa\u00e7\u00f5es e dicas na cidade de Itaquaquecetuba e regi\u00e3o\",\"potentialAction\":[{\"@type\":\"SearchAction\",\"target\":{\"@type\":\"EntryPoint\",\"urlTemplate\":\"https:\/\/www.encontraitaquaquecetuba.com.br\/sobre\/?s={search_term_string}\"},\"query-input\":\"required name=search_term_string\"}],\"inLanguage\":\"pt-BR\"},{\"@type\":\"Person\",\"@id\":\"https:\/\/www.encontraitaquaquecetuba.com.br\/sobre\/#\/schema\/person\/a8a866dc746e447abf8ca22b02eae6ea\",\"name\":\"Encontra Itaquaquecetuba\",\"image\":{\"@type\":\"ImageObject\",\"inLanguage\":\"pt-BR\",\"@id\":\"https:\/\/www.encontraitaquaquecetuba.com.br\/sobre\/#\/schema\/person\/image\/\",\"url\":\"https:\/\/secure.gravatar.com\/avatar\/f007732be0d27cbf8a336929fe922478?s=96&d=mm&r=g\",\"contentUrl\":\"https:\/\/secure.gravatar.com\/avatar\/f007732be0d27cbf8a336929fe922478?s=96&d=mm&r=g\",\"caption\":\"Encontra Itaquaquecetuba\"},\"sameAs\":[\"http:\/\/www.encontraitaquaquecetuba.com.br\"],\"url\":\"https:\/\/www.encontraitaquaquecetuba.com.br\/sobre\/author\/eitaquaquecetuba\/\"}]}<\/script>\n<!-- \/ Yoast SEO plugin. -->","yoast_head_json":{"title":"Campanha Nacional de Vacina\u00e7\u00e3o Contra a Paralisia Infantil 2011 \u00e9 prorrogada em Itaquaquecetuba - Encontra Itaquaquecetuba","robots":{"index":"index","follow":"follow","max-snippet":"max-snippet:-1","max-image-preview":"max-image-preview:large","max-video-preview":"max-video-preview:-1"},"canonical":"https:\/\/www.encontraitaquaquecetuba.com.br\/sobre\/campanha-nacional-de-vacinacao-contra-a-paralisia-infantil-2011-e-prorrogada-em-itaquaquecetuba\/","og_locale":"pt_BR","og_type":"article","og_title":"Campanha Nacional de Vacina\u00e7\u00e3o Contra a Paralisia Infantil 2011 \u00e9 prorrogada em Itaquaquecetuba - Encontra Itaquaquecetuba","og_description":"A exemplo dos demais munic\u00edpios brasileiros, a cidade Itaquaquecetuba realizou no s\u00e1bado, 18 a primeira fase da \u201cCampanha Nacional de Vacina\u00e7\u00e3o Contra a Paralisia Infantil &#8211; 2011\u201d . Este ano, o trabalho coordenado pela Vigil\u00e2ncia Epidemiol\u00f3gica do munic\u00edpio vacinou 20.477 crian\u00e7as. Por\u00e9m, tendo em vista a amplitude da cobertura vacinal, as doses continuam sendo aplicadas nos postos de sa\u00fade da cidade (sendo 15 unidades). Segundo a coordenadora do setor, Marineti Ventura: \u201c&#8230;a meta para este ano \u00e9 de vinte e seis mil novecentos e tr\u00eas crian\u00e7as vacinadas\u201d. Crian\u00e7as entre 0 \u00e0 5 anos incompletos (4 anos, 11 meses e 29","og_url":"https:\/\/www.encontraitaquaquecetuba.com.br\/sobre\/campanha-nacional-de-vacinacao-contra-a-paralisia-infantil-2011-e-prorrogada-em-itaquaquecetuba\/","og_site_name":"Encontra Itaquaquecetuba","article_published_time":"2011-06-21T20:52:37+00:00","article_modified_time":"2013-08-14T04:50:54+00:00","author":"Encontra Itaquaquecetuba","twitter_card":"summary_large_image","twitter_misc":{"Escrito por":"Encontra Itaquaquecetuba","Est. tempo de leitura":"2 minutos"},"schema":{"@context":"https:\/\/schema.org","@graph":[{"@type":"WebPage","@id":"https:\/\/www.encontraitaquaquecetuba.com.br\/sobre\/campanha-nacional-de-vacinacao-contra-a-paralisia-infantil-2011-e-prorrogada-em-itaquaquecetuba\/","url":"https:\/\/www.encontraitaquaquecetuba.com.br\/sobre\/campanha-nacional-de-vacinacao-contra-a-paralisia-infantil-2011-e-prorrogada-em-itaquaquecetuba\/","name":"Campanha Nacional de Vacina\u00e7\u00e3o Contra a Paralisia Infantil 2011 \u00e9 prorrogada em Itaquaquecetuba - Encontra Itaquaquecetuba","isPartOf":{"@id":"https:\/\/www.encontraitaquaquecetuba.com.br\/sobre\/#website"},"datePublished":"2011-06-21T20:52:37+00:00","dateModified":"2013-08-14T04:50:54+00:00","author":{"@id":"https:\/\/www.encontraitaquaquecetuba.com.br\/sobre\/#\/schema\/person\/a8a866dc746e447abf8ca22b02eae6ea"},"breadcrumb":{"@id":"https:\/\/www.encontraitaquaquecetuba.com.br\/sobre\/campanha-nacional-de-vacinacao-contra-a-paralisia-infantil-2011-e-prorrogada-em-itaquaquecetuba\/#breadcrumb"},"inLanguage":"pt-BR","potentialAction":[{"@type":"ReadAction","target":["https:\/\/www.encontraitaquaquecetuba.com.br\/sobre\/campanha-nacional-de-vacinacao-contra-a-paralisia-infantil-2011-e-prorrogada-em-itaquaquecetuba\/"]}]},{"@type":"BreadcrumbList","@id":"https:\/\/www.encontraitaquaquecetuba.com.br\/sobre\/campanha-nacional-de-vacinacao-contra-a-paralisia-infantil-2011-e-prorrogada-em-itaquaquecetuba\/#breadcrumb","itemListElement":[{"@type":"ListItem","position":1,"name":"In\u00edcio","item":"https:\/\/www.encontraitaquaquecetuba.com.br\/sobre\/"},{"@type":"ListItem","position":2,"name":"Campanha Nacional de Vacina\u00e7\u00e3o Contra a Paralisia Infantil 2011 \u00e9 prorrogada em Itaquaquecetuba"}]},{"@type":"WebSite","@id":"https:\/\/www.encontraitaquaquecetuba.com.br\/sobre\/#website","url":"https:\/\/www.encontraitaquaquecetuba.com.br\/sobre\/","name":"Encontra Itaquaquecetuba","description":"Not\u00edcias, eventos, informa\u00e7\u00f5es e dicas na cidade de Itaquaquecetuba e regi\u00e3o","potentialAction":[{"@type":"SearchAction","target":{"@type":"EntryPoint","urlTemplate":"https:\/\/www.encontraitaquaquecetuba.com.br\/sobre\/?s={search_term_string}"},"query-input":"required name=search_term_string"}],"inLanguage":"pt-BR"},{"@type":"Person","@id":"https:\/\/www.encontraitaquaquecetuba.com.br\/sobre\/#\/schema\/person\/a8a866dc746e447abf8ca22b02eae6ea","name":"Encontra Itaquaquecetuba","image":{"@type":"ImageObject","inLanguage":"pt-BR","@id":"https:\/\/www.encontraitaquaquecetuba.com.br\/sobre\/#\/schema\/person\/image\/","url":"https:\/\/secure.gravatar.com\/avatar\/f007732be0d27cbf8a336929fe922478?s=96&d=mm&r=g","contentUrl":"https:\/\/secure.gravatar.com\/avatar\/f007732be0d27cbf8a336929fe922478?s=96&d=mm&r=g","caption":"Encontra Itaquaquecetuba"},"sameAs":["http:\/\/www.encontraitaquaquecetuba.com.br"],"url":"https:\/\/www.encontraitaquaquecetuba.com.br\/sobre\/author\/eitaquaquecetuba\/"}]}},"_links":{"self":[{"href":"https:\/\/www.encontraitaquaquecetuba.com.br\/sobre\/wp-json\/wp\/v2\/posts\/46"}],"collection":[{"href":"https:\/\/www.encontraitaquaquecetuba.com.br\/sobre\/wp-json\/wp\/v2\/posts"}],"about":[{"href":"https:\/\/www.encontraitaquaquecetuba.com.br\/sobre\/wp-json\/wp\/v2\/types\/post"}],"author":[{"embeddable":true,"href":"https:\/\/www.encontraitaquaquecetuba.com.br\/sobre\/wp-json\/wp\/v2\/users\/1"}],"replies":[{"embeddable":true,"href":"https:\/\/www.encontraitaquaquecetuba.com.br\/sobre\/wp-json\/wp\/v2\/comments?post=46"}],"version-history":[{"count":0,"href":"https:\/\/www.encontraitaquaquecetuba.com.br\/sobre\/wp-json\/wp\/v2\/posts\/46\/revisions"}],"wp:attachment":[{"href":"https:\/\/www.encontraitaquaquecetuba.com.br\/sobre\/wp-json\/wp\/v2\/media?parent=46"}],"wp:term":[{"taxonomy":"category","embeddable":true,"href":"https:\/\/www.encontraitaquaquecetuba.com.br\/sobre\/wp-json\/wp\/v2\/categories?post=46"},{"taxonomy":"post_tag","embeddable":true,"href":"https:\/\/www.encontraitaquaquecetuba.com.br\/sobre\/wp-json\/wp\/v2\/tags?post=46"}],"curies":[{"name":"wp","href":"https:\/\/api.w.org\/{rel}","templated":true}]}}