{"id":462,"date":"2012-05-29T13:36:07","date_gmt":"2012-05-29T13:36:07","guid":{"rendered":"http:\/\/www.encontraitaquaquecetuba.com.br\/noticias\/?p=462"},"modified":"2013-08-14T04:51:03","modified_gmt":"2013-08-14T04:51:03","slug":"itaquaquecetuba-realiza-1%c2%ba-curso-de-audiovisual","status":"publish","type":"post","link":"https:\/\/www.encontraitaquaquecetuba.com.br\/sobre\/itaquaquecetuba-realiza-1%c2%ba-curso-de-audiovisual\/","title":{"rendered":"Itaquaquecetuba realiza 1\u00ba Curso de Audiovisual"},"content":{"rendered":"<div class=\"80eb2665678f8e3864bb9a528523815b\" data-index=\"1\" style=\"float: none; margin:5px 0 5px 0; text-align:center;\">\n<!-- PUB 73 - Responsivo Horizontal -->\r\n<ins class=\"adsbygoogle\"\r\n     style=\"display:block\"\r\n     data-ad-client=\"ca-pub-7321736592693252\"\r\n     data-ad-slot=\"3087950420\"\r\n     data-ad-format=\"auto\"\r\n     data-full-width-responsive=\"true\"><\/ins>\r\n<script>\r\n     (adsbygoogle = window.adsbygoogle || []).push({});\r\n<\/script>\n<\/div>\n<p>Para aqueles que desejam aprender uma nova profiss\u00e3o, a Secretaria Municipal de Cultura e Turismo de Itaquaquecetuba abriu inscri\u00e7\u00f5es para o 1\u00ba Curso de Audiovisual do munic\u00edpio, ministrado pelo produtor e especialista em m\u00eddias audiovisuais, Valdeci Bento que, com muito profissionalismo e experi\u00eancia, lan\u00e7a um curso pioneiro na cidade. &#8220;A linguagem do Audiovisual j\u00e1 \u00e9 uma realidade art\u00edstica que tem a capacidade de unir o cl\u00e1ssico e o contempor\u00e2neo, o natural e o tecnol\u00f3gico em um mesmo lugar&#8221;, avalia Valdeci.<\/p>\n<p>Segundo ele, al\u00e9m de oferecer a oportunidade de conectar o aluno a novas tecnologias e linguagens art\u00edsticas, a iniciativa ser\u00e1 uma grande chance de expans\u00e3o profissional para os inscritos, &#8220;pois o mercado de trabalho possui um espa\u00e7o muito satisfat\u00f3rio para aqueles que querem trabalhar na \u00e1rea&#8221;. O curso \u00e9 livre e gratuito e os interessados podem fazer sua inscri\u00e7\u00e3o at\u00e9 o dia 18 de junho na sede da Secretaria Municipal de Cultura e Turismo que fica na Estrada de Santa Isabel, 761 &#8211; Vila Gepina &#8211; Itaquaquecetuba. Mais informa\u00e7\u00f5es atrav\u00e9s do 4754-2111<\/p>\n<p><em>Fonte: Prefeitura de Itaquaquecetuba<\/em><\/p>\n\n<div style=\"font-size: 0px; height: 0px; line-height: 0px; margin: 0; padding: 0; clear: both;\"><\/div>","protected":false},"excerpt":{"rendered":"<p>Para aqueles que desejam aprender uma nova profiss\u00e3o, a Secretaria Municipal de Cultura e Turismo de Itaquaquecetuba abriu inscri\u00e7\u00f5es para o 1\u00ba Curso de Audiovisual do munic\u00edpio, ministrado pelo produtor e especialista em m\u00eddias audiovisuais, Valdeci Bento que, com muito profissionalismo e experi\u00eancia, lan\u00e7a um curso pioneiro na cidade. &#8220;A linguagem do Audiovisual j\u00e1 \u00e9 uma realidade art\u00edstica que tem a capacidade de unir o cl\u00e1ssico e o contempor\u00e2neo, o natural e o tecnol\u00f3gico em um mesmo lugar&#8221;, avalia Valdeci. Segundo ele, al\u00e9m de oferecer a oportunidade de conectar o aluno a novas tecnologias e linguagens art\u00edsticas, a iniciativa ser\u00e1 <\/p>\n","protected":false},"author":1,"featured_media":0,"comment_status":"open","ping_status":"open","sticky":false,"template":"","format":"standard","meta":[],"categories":[3],"tags":[14],"yoast_head":"<!-- This site is optimized with the Yoast SEO plugin v19.6.1 - https:\/\/yoast.com\/wordpress\/plugins\/seo\/ -->\n<title>Itaquaquecetuba realiza 1\u00ba Curso de Audiovisual - Encontra Itaquaquecetuba<\/title>\n<meta name=\"robots\" content=\"index, follow, max-snippet:-1, max-image-preview:large, max-video-preview:-1\" \/>\n<link rel=\"canonical\" href=\"https:\/\/www.encontraitaquaquecetuba.com.br\/sobre\/itaquaquecetuba-realiza-1\u00ba-curso-de-audiovisual\/\" \/>\n<meta property=\"og:locale\" content=\"pt_BR\" \/>\n<meta property=\"og:type\" content=\"article\" \/>\n<meta property=\"og:title\" content=\"Itaquaquecetuba realiza 1\u00ba Curso de Audiovisual - Encontra Itaquaquecetuba\" \/>\n<meta property=\"og:description\" content=\"Para aqueles que desejam aprender uma nova profiss\u00e3o, a Secretaria Municipal de Cultura e Turismo de Itaquaquecetuba abriu inscri\u00e7\u00f5es para o 1\u00ba Curso de Audiovisual do munic\u00edpio, ministrado pelo produtor e especialista em m\u00eddias audiovisuais, Valdeci Bento que, com muito profissionalismo e experi\u00eancia, lan\u00e7a um curso pioneiro na cidade. &#8220;A linguagem do Audiovisual j\u00e1 \u00e9 uma realidade art\u00edstica que tem a capacidade de unir o cl\u00e1ssico e o contempor\u00e2neo, o natural e o tecnol\u00f3gico em um mesmo lugar&#8221;, avalia Valdeci. Segundo ele, al\u00e9m de oferecer a oportunidade de conectar o aluno a novas tecnologias e linguagens art\u00edsticas, a iniciativa ser\u00e1\" \/>\n<meta property=\"og:url\" content=\"https:\/\/www.encontraitaquaquecetuba.com.br\/sobre\/itaquaquecetuba-realiza-1\u00ba-curso-de-audiovisual\/\" \/>\n<meta property=\"og:site_name\" content=\"Encontra Itaquaquecetuba\" \/>\n<meta property=\"article:published_time\" content=\"2012-05-29T13:36:07+00:00\" \/>\n<meta property=\"article:modified_time\" content=\"2013-08-14T04:51:03+00:00\" \/>\n<meta name=\"author\" content=\"Encontra Itaquaquecetuba\" \/>\n<meta name=\"twitter:card\" content=\"summary_large_image\" \/>\n<meta name=\"twitter:label1\" content=\"Escrito por\" \/>\n\t<meta name=\"twitter:data1\" content=\"Encontra Itaquaquecetuba\" \/>\n\t<meta name=\"twitter:label2\" content=\"Est. tempo de leitura\" \/>\n\t<meta name=\"twitter:data2\" content=\"1 minuto\" \/>\n<script type=\"application\/ld+json\" class=\"yoast-schema-graph\">{\"@context\":\"https:\/\/schema.org\",\"@graph\":[{\"@type\":\"WebPage\",\"@id\":\"https:\/\/www.encontraitaquaquecetuba.com.br\/sobre\/itaquaquecetuba-realiza-1%c2%ba-curso-de-audiovisual\/\",\"url\":\"https:\/\/www.encontraitaquaquecetuba.com.br\/sobre\/itaquaquecetuba-realiza-1%c2%ba-curso-de-audiovisual\/\",\"name\":\"Itaquaquecetuba realiza 1\u00ba Curso de Audiovisual - Encontra Itaquaquecetuba\",\"isPartOf\":{\"@id\":\"https:\/\/www.encontraitaquaquecetuba.com.br\/sobre\/#website\"},\"datePublished\":\"2012-05-29T13:36:07+00:00\",\"dateModified\":\"2013-08-14T04:51:03+00:00\",\"author\":{\"@id\":\"https:\/\/www.encontraitaquaquecetuba.com.br\/sobre\/#\/schema\/person\/a8a866dc746e447abf8ca22b02eae6ea\"},\"breadcrumb\":{\"@id\":\"https:\/\/www.encontraitaquaquecetuba.com.br\/sobre\/itaquaquecetuba-realiza-1%c2%ba-curso-de-audiovisual\/#breadcrumb\"},\"inLanguage\":\"pt-BR\",\"potentialAction\":[{\"@type\":\"ReadAction\",\"target\":[\"https:\/\/www.encontraitaquaquecetuba.com.br\/sobre\/itaquaquecetuba-realiza-1%c2%ba-curso-de-audiovisual\/\"]}]},{\"@type\":\"BreadcrumbList\",\"@id\":\"https:\/\/www.encontraitaquaquecetuba.com.br\/sobre\/itaquaquecetuba-realiza-1%c2%ba-curso-de-audiovisual\/#breadcrumb\",\"itemListElement\":[{\"@type\":\"ListItem\",\"position\":1,\"name\":\"In\u00edcio\",\"item\":\"https:\/\/www.encontraitaquaquecetuba.com.br\/sobre\/\"},{\"@type\":\"ListItem\",\"position\":2,\"name\":\"Itaquaquecetuba realiza 1\u00ba Curso de Audiovisual\"}]},{\"@type\":\"WebSite\",\"@id\":\"https:\/\/www.encontraitaquaquecetuba.com.br\/sobre\/#website\",\"url\":\"https:\/\/www.encontraitaquaquecetuba.com.br\/sobre\/\",\"name\":\"Encontra Itaquaquecetuba\",\"description\":\"Not\u00edcias, eventos, informa\u00e7\u00f5es e dicas na cidade de Itaquaquecetuba e regi\u00e3o\",\"potentialAction\":[{\"@type\":\"SearchAction\",\"target\":{\"@type\":\"EntryPoint\",\"urlTemplate\":\"https:\/\/www.encontraitaquaquecetuba.com.br\/sobre\/?s={search_term_string}\"},\"query-input\":\"required name=search_term_string\"}],\"inLanguage\":\"pt-BR\"},{\"@type\":\"Person\",\"@id\":\"https:\/\/www.encontraitaquaquecetuba.com.br\/sobre\/#\/schema\/person\/a8a866dc746e447abf8ca22b02eae6ea\",\"name\":\"Encontra Itaquaquecetuba\",\"image\":{\"@type\":\"ImageObject\",\"inLanguage\":\"pt-BR\",\"@id\":\"https:\/\/www.encontraitaquaquecetuba.com.br\/sobre\/#\/schema\/person\/image\/\",\"url\":\"https:\/\/secure.gravatar.com\/avatar\/f007732be0d27cbf8a336929fe922478?s=96&d=mm&r=g\",\"contentUrl\":\"https:\/\/secure.gravatar.com\/avatar\/f007732be0d27cbf8a336929fe922478?s=96&d=mm&r=g\",\"caption\":\"Encontra Itaquaquecetuba\"},\"sameAs\":[\"http:\/\/www.encontraitaquaquecetuba.com.br\"],\"url\":\"https:\/\/www.encontraitaquaquecetuba.com.br\/sobre\/author\/eitaquaquecetuba\/\"}]}<\/script>\n<!-- \/ Yoast SEO plugin. -->","yoast_head_json":{"title":"Itaquaquecetuba realiza 1\u00ba Curso de Audiovisual - Encontra Itaquaquecetuba","robots":{"index":"index","follow":"follow","max-snippet":"max-snippet:-1","max-image-preview":"max-image-preview:large","max-video-preview":"max-video-preview:-1"},"canonical":"https:\/\/www.encontraitaquaquecetuba.com.br\/sobre\/itaquaquecetuba-realiza-1\u00ba-curso-de-audiovisual\/","og_locale":"pt_BR","og_type":"article","og_title":"Itaquaquecetuba realiza 1\u00ba Curso de Audiovisual - Encontra Itaquaquecetuba","og_description":"Para aqueles que desejam aprender uma nova profiss\u00e3o, a Secretaria Municipal de Cultura e Turismo de Itaquaquecetuba abriu inscri\u00e7\u00f5es para o 1\u00ba Curso de Audiovisual do munic\u00edpio, ministrado pelo produtor e especialista em m\u00eddias audiovisuais, Valdeci Bento que, com muito profissionalismo e experi\u00eancia, lan\u00e7a um curso pioneiro na cidade. &#8220;A linguagem do Audiovisual j\u00e1 \u00e9 uma realidade art\u00edstica que tem a capacidade de unir o cl\u00e1ssico e o contempor\u00e2neo, o natural e o tecnol\u00f3gico em um mesmo lugar&#8221;, avalia Valdeci. Segundo ele, al\u00e9m de oferecer a oportunidade de conectar o aluno a novas tecnologias e linguagens art\u00edsticas, a iniciativa ser\u00e1","og_url":"https:\/\/www.encontraitaquaquecetuba.com.br\/sobre\/itaquaquecetuba-realiza-1\u00ba-curso-de-audiovisual\/","og_site_name":"Encontra Itaquaquecetuba","article_published_time":"2012-05-29T13:36:07+00:00","article_modified_time":"2013-08-14T04:51:03+00:00","author":"Encontra Itaquaquecetuba","twitter_card":"summary_large_image","twitter_misc":{"Escrito por":"Encontra Itaquaquecetuba","Est. tempo de leitura":"1 minuto"},"schema":{"@context":"https:\/\/schema.org","@graph":[{"@type":"WebPage","@id":"https:\/\/www.encontraitaquaquecetuba.com.br\/sobre\/itaquaquecetuba-realiza-1%c2%ba-curso-de-audiovisual\/","url":"https:\/\/www.encontraitaquaquecetuba.com.br\/sobre\/itaquaquecetuba-realiza-1%c2%ba-curso-de-audiovisual\/","name":"Itaquaquecetuba realiza 1\u00ba Curso de Audiovisual - Encontra Itaquaquecetuba","isPartOf":{"@id":"https:\/\/www.encontraitaquaquecetuba.com.br\/sobre\/#website"},"datePublished":"2012-05-29T13:36:07+00:00","dateModified":"2013-08-14T04:51:03+00:00","author":{"@id":"https:\/\/www.encontraitaquaquecetuba.com.br\/sobre\/#\/schema\/person\/a8a866dc746e447abf8ca22b02eae6ea"},"breadcrumb":{"@id":"https:\/\/www.encontraitaquaquecetuba.com.br\/sobre\/itaquaquecetuba-realiza-1%c2%ba-curso-de-audiovisual\/#breadcrumb"},"inLanguage":"pt-BR","potentialAction":[{"@type":"ReadAction","target":["https:\/\/www.encontraitaquaquecetuba.com.br\/sobre\/itaquaquecetuba-realiza-1%c2%ba-curso-de-audiovisual\/"]}]},{"@type":"BreadcrumbList","@id":"https:\/\/www.encontraitaquaquecetuba.com.br\/sobre\/itaquaquecetuba-realiza-1%c2%ba-curso-de-audiovisual\/#breadcrumb","itemListElement":[{"@type":"ListItem","position":1,"name":"In\u00edcio","item":"https:\/\/www.encontraitaquaquecetuba.com.br\/sobre\/"},{"@type":"ListItem","position":2,"name":"Itaquaquecetuba realiza 1\u00ba Curso de Audiovisual"}]},{"@type":"WebSite","@id":"https:\/\/www.encontraitaquaquecetuba.com.br\/sobre\/#website","url":"https:\/\/www.encontraitaquaquecetuba.com.br\/sobre\/","name":"Encontra Itaquaquecetuba","description":"Not\u00edcias, eventos, informa\u00e7\u00f5es e dicas na cidade de Itaquaquecetuba e regi\u00e3o","potentialAction":[{"@type":"SearchAction","target":{"@type":"EntryPoint","urlTemplate":"https:\/\/www.encontraitaquaquecetuba.com.br\/sobre\/?s={search_term_string}"},"query-input":"required name=search_term_string"}],"inLanguage":"pt-BR"},{"@type":"Person","@id":"https:\/\/www.encontraitaquaquecetuba.com.br\/sobre\/#\/schema\/person\/a8a866dc746e447abf8ca22b02eae6ea","name":"Encontra Itaquaquecetuba","image":{"@type":"ImageObject","inLanguage":"pt-BR","@id":"https:\/\/www.encontraitaquaquecetuba.com.br\/sobre\/#\/schema\/person\/image\/","url":"https:\/\/secure.gravatar.com\/avatar\/f007732be0d27cbf8a336929fe922478?s=96&d=mm&r=g","contentUrl":"https:\/\/secure.gravatar.com\/avatar\/f007732be0d27cbf8a336929fe922478?s=96&d=mm&r=g","caption":"Encontra Itaquaquecetuba"},"sameAs":["http:\/\/www.encontraitaquaquecetuba.com.br"],"url":"https:\/\/www.encontraitaquaquecetuba.com.br\/sobre\/author\/eitaquaquecetuba\/"}]}},"_links":{"self":[{"href":"https:\/\/www.encontraitaquaquecetuba.com.br\/sobre\/wp-json\/wp\/v2\/posts\/462"}],"collection":[{"href":"https:\/\/www.encontraitaquaquecetuba.com.br\/sobre\/wp-json\/wp\/v2\/posts"}],"about":[{"href":"https:\/\/www.encontraitaquaquecetuba.com.br\/sobre\/wp-json\/wp\/v2\/types\/post"}],"author":[{"embeddable":true,"href":"https:\/\/www.encontraitaquaquecetuba.com.br\/sobre\/wp-json\/wp\/v2\/users\/1"}],"replies":[{"embeddable":true,"href":"https:\/\/www.encontraitaquaquecetuba.com.br\/sobre\/wp-json\/wp\/v2\/comments?post=462"}],"version-history":[{"count":0,"href":"https:\/\/www.encontraitaquaquecetuba.com.br\/sobre\/wp-json\/wp\/v2\/posts\/462\/revisions"}],"wp:attachment":[{"href":"https:\/\/www.encontraitaquaquecetuba.com.br\/sobre\/wp-json\/wp\/v2\/media?parent=462"}],"wp:term":[{"taxonomy":"category","embeddable":true,"href":"https:\/\/www.encontraitaquaquecetuba.com.br\/sobre\/wp-json\/wp\/v2\/categories?post=462"},{"taxonomy":"post_tag","embeddable":true,"href":"https:\/\/www.encontraitaquaquecetuba.com.br\/sobre\/wp-json\/wp\/v2\/tags?post=462"}],"curies":[{"name":"wp","href":"https:\/\/api.w.org\/{rel}","templated":true}]}}