{"id":493,"date":"2012-06-06T09:09:06","date_gmt":"2012-06-06T09:09:06","guid":{"rendered":"http:\/\/www.encontraitaquaquecetuba.com.br\/noticias\/?p=493"},"modified":"2021-09-13T15:33:42","modified_gmt":"2021-09-13T15:33:42","slug":"feriado-gera-mudanca-no-itinerario-de-onibus-em-itaqua","status":"publish","type":"post","link":"https:\/\/www.encontraitaquaquecetuba.com.br\/sobre\/feriado-gera-mudanca-no-itinerario-de-onibus-em-itaqua\/","title":{"rendered":"Feriado gera mudan\u00e7a no itiner\u00e1rio de \u00f4nibus em Itaqu\u00e1"},"content":{"rendered":"<div class=\"80eb2665678f8e3864bb9a528523815b\" data-index=\"1\" style=\"float: none; margin:5px 0 5px 0; text-align:center;\">\n<!-- PUB 73 - Responsivo Horizontal -->\r\n<ins class=\"adsbygoogle\"\r\n     style=\"display:block\"\r\n     data-ad-client=\"ca-pub-7321736592693252\"\r\n     data-ad-slot=\"3087950420\"\r\n     data-ad-format=\"auto\"\r\n     data-full-width-responsive=\"true\"><\/ins>\r\n<script>\r\n     (adsbygoogle = window.adsbygoogle || []).push({});\r\n<\/script>\n<\/div>\n<p>Para o pr\u00f3ximo feriado nacional de Corpus Christi, na quinta-feira (dia 7), em virtude da realiza\u00e7\u00e3o do tapete ornamental e a prociss\u00e3o, a Secretaria Municipal de Transportes de Itaquaquecetuba ir\u00e1 realizar um esquema especial para o tr\u00e1fego da cidade, mudando o itiner\u00e1rio do transporte coletivo a partir das 6 horas at\u00e9 o encerramento das atividades.<\/p>\n<p>O fluxo sentido centro\/bairro passar\u00e1 pelo in\u00edcio da Avenida Emancipa\u00e7\u00e3o, virando \u00e0 direita na Avenida Pres. Tancredo Neves, onde ter\u00e1 um ponto para embarque e desembarque; virar\u00e1 \u00e0 esquerda at\u00e9 o in\u00edcio da Avenida Ver. Almiro Dias de Oliveira; seguindo \u00e0 esquerda pela Rod. Alberto Hinoto (SP-056) sentido centro\/bairro at\u00e9 o cruzamento com a Rua da Liberdade, onde ter\u00e1 o segundo ponto de embarque e desembarque, seguindo a partir deste ponto seu itiner\u00e1rio normal.<\/p>\n<p>No sentido bairro\/centro, os coletivos seguir\u00e3o seus itiner\u00e1rios normais pela Rua da Liberdade, Rua Padre Anchieta, Rua Jo\u00e3o Vagnotti, Rua Guilhermina Maria da Concei\u00e7\u00e3o seguindo \u00e0 direita pela Rua Duque de Caxias, descendo at\u00e9 a Avenida Altin\u00f3polis e Rod. Alberto Hinoto (SP-56), pr\u00f3ximo ao F\u00f3rum para seguir seu percurso normalmente. A Secretaria de Transportes informa que o sem\u00e1foro do cruzamento entre a Rodovia Alberto Hinoto (SP-56) e a Rua da Liberdade ficar\u00e1 no piscante durante o per\u00edodo, para facilitar a fluidez no local.<\/p>\n<p>Tapetes ornamentais<br \/>\nNeste ano, segundo a previs\u00e3o de Alex Domingues, do Setor de Eventos da Secretaria Municipal de Cultura e Turismo (SMCT) de Itaquaquecetuba, haver\u00e1 a produ\u00e7\u00e3o de cerca de 100 tapetes ornamentais durante o &#8220;XXIII Encontro de Tapetes Corpus Christi&#8221;, cujo o tema \u00e9 &#8220;Fraternidade e Sa\u00fade P\u00fablica&#8221;. Os tapetes ser\u00e3o produzidos por escolas e entidades de Itaquaquecetuba. Trata-se de uma express\u00e3o cultural j\u00e1 bastante tradicional na cidade, pois \u00e9 realizada h\u00e1 23 anos.<\/p>\n<p>Neste ano, os cinco melhores classificados ganhar\u00e3o os seguintes pr\u00eamios: 1\u00ba lugar, R$ 1.750,00 (mais trof\u00e9u); 2\u00ba, R$ 1.500,00 (mais trof\u00e9u); 3\u00ba, 1.250,00 (mais trof\u00e9u); 4\u00ba, 1.000,00; e 5\u00ba, R$ 750,00. Profissionais de Artes Pl\u00e1sticas far\u00e3o o julgamento que come\u00e7ar\u00e1 durante a produ\u00e7\u00e3o do tapete, na parte da manh\u00e3, e terminar\u00e1 \u00e0 tarde ap\u00f3s a conclus\u00e3o dos tapetes.<\/p>\n<p><em>Fonte: Prefeitura de Itaquaquecetuba<\/em><\/p>\n\n<div style=\"font-size: 0px; height: 0px; line-height: 0px; margin: 0; padding: 0; clear: both;\"><\/div>","protected":false},"excerpt":{"rendered":"<p>Para o pr\u00f3ximo feriado nacional de Corpus Christi, na quinta-feira (dia 7), em virtude da realiza\u00e7\u00e3o do tapete ornamental e a prociss\u00e3o, a Secretaria Municipal de Transportes de Itaquaquecetuba ir\u00e1 realizar um esquema especial para o tr\u00e1fego da cidade, mudando o itiner\u00e1rio do transporte coletivo a partir das 6 horas at\u00e9 o encerramento das atividades. O fluxo sentido centro\/bairro passar\u00e1 pelo in\u00edcio da Avenida Emancipa\u00e7\u00e3o, virando \u00e0 direita na Avenida Pres. Tancredo Neves, onde ter\u00e1 um ponto para embarque e desembarque; virar\u00e1 \u00e0 esquerda at\u00e9 o in\u00edcio da Avenida Ver. Almiro Dias de Oliveira; seguindo \u00e0 esquerda pela Rod. Alberto <\/p>\n","protected":false},"author":1,"featured_media":0,"comment_status":"open","ping_status":"open","sticky":false,"template":"","format":"standard","meta":[],"categories":[6],"tags":[14],"yoast_head":"<!-- This site is optimized with the Yoast SEO plugin v19.6.1 - https:\/\/yoast.com\/wordpress\/plugins\/seo\/ -->\n<title>Feriado gera mudan\u00e7a no itiner\u00e1rio de \u00f4nibus em Itaqu\u00e1 - Encontra Itaquaquecetuba<\/title>\n<meta name=\"robots\" content=\"index, follow, max-snippet:-1, max-image-preview:large, max-video-preview:-1\" \/>\n<link rel=\"canonical\" href=\"https:\/\/www.encontraitaquaquecetuba.com.br\/sobre\/feriado-gera-mudanca-no-itinerario-de-onibus-em-itaqua\/\" \/>\n<meta property=\"og:locale\" content=\"pt_BR\" \/>\n<meta property=\"og:type\" content=\"article\" \/>\n<meta property=\"og:title\" content=\"Feriado gera mudan\u00e7a no itiner\u00e1rio de \u00f4nibus em Itaqu\u00e1 - Encontra Itaquaquecetuba\" \/>\n<meta property=\"og:description\" content=\"Para o pr\u00f3ximo feriado nacional de Corpus Christi, na quinta-feira (dia 7), em virtude da realiza\u00e7\u00e3o do tapete ornamental e a prociss\u00e3o, a Secretaria Municipal de Transportes de Itaquaquecetuba ir\u00e1 realizar um esquema especial para o tr\u00e1fego da cidade, mudando o itiner\u00e1rio do transporte coletivo a partir das 6 horas at\u00e9 o encerramento das atividades. O fluxo sentido centro\/bairro passar\u00e1 pelo in\u00edcio da Avenida Emancipa\u00e7\u00e3o, virando \u00e0 direita na Avenida Pres. Tancredo Neves, onde ter\u00e1 um ponto para embarque e desembarque; virar\u00e1 \u00e0 esquerda at\u00e9 o in\u00edcio da Avenida Ver. Almiro Dias de Oliveira; seguindo \u00e0 esquerda pela Rod. Alberto\" \/>\n<meta property=\"og:url\" content=\"https:\/\/www.encontraitaquaquecetuba.com.br\/sobre\/feriado-gera-mudanca-no-itinerario-de-onibus-em-itaqua\/\" \/>\n<meta property=\"og:site_name\" content=\"Encontra Itaquaquecetuba\" \/>\n<meta property=\"article:published_time\" content=\"2012-06-06T09:09:06+00:00\" \/>\n<meta property=\"article:modified_time\" content=\"2021-09-13T15:33:42+00:00\" \/>\n<meta name=\"author\" content=\"Encontra Itaquaquecetuba\" \/>\n<meta name=\"twitter:card\" content=\"summary_large_image\" \/>\n<meta name=\"twitter:label1\" content=\"Escrito por\" \/>\n\t<meta name=\"twitter:data1\" content=\"Encontra Itaquaquecetuba\" \/>\n\t<meta name=\"twitter:label2\" content=\"Est. tempo de leitura\" \/>\n\t<meta name=\"twitter:data2\" content=\"2 minutos\" \/>\n<script type=\"application\/ld+json\" class=\"yoast-schema-graph\">{\"@context\":\"https:\/\/schema.org\",\"@graph\":[{\"@type\":\"WebPage\",\"@id\":\"https:\/\/www.encontraitaquaquecetuba.com.br\/sobre\/feriado-gera-mudanca-no-itinerario-de-onibus-em-itaqua\/\",\"url\":\"https:\/\/www.encontraitaquaquecetuba.com.br\/sobre\/feriado-gera-mudanca-no-itinerario-de-onibus-em-itaqua\/\",\"name\":\"Feriado gera mudan\u00e7a no itiner\u00e1rio de \u00f4nibus em Itaqu\u00e1 - Encontra Itaquaquecetuba\",\"isPartOf\":{\"@id\":\"https:\/\/www.encontraitaquaquecetuba.com.br\/sobre\/#website\"},\"datePublished\":\"2012-06-06T09:09:06+00:00\",\"dateModified\":\"2021-09-13T15:33:42+00:00\",\"author\":{\"@id\":\"https:\/\/www.encontraitaquaquecetuba.com.br\/sobre\/#\/schema\/person\/a8a866dc746e447abf8ca22b02eae6ea\"},\"breadcrumb\":{\"@id\":\"https:\/\/www.encontraitaquaquecetuba.com.br\/sobre\/feriado-gera-mudanca-no-itinerario-de-onibus-em-itaqua\/#breadcrumb\"},\"inLanguage\":\"pt-BR\",\"potentialAction\":[{\"@type\":\"ReadAction\",\"target\":[\"https:\/\/www.encontraitaquaquecetuba.com.br\/sobre\/feriado-gera-mudanca-no-itinerario-de-onibus-em-itaqua\/\"]}]},{\"@type\":\"BreadcrumbList\",\"@id\":\"https:\/\/www.encontraitaquaquecetuba.com.br\/sobre\/feriado-gera-mudanca-no-itinerario-de-onibus-em-itaqua\/#breadcrumb\",\"itemListElement\":[{\"@type\":\"ListItem\",\"position\":1,\"name\":\"In\u00edcio\",\"item\":\"https:\/\/www.encontraitaquaquecetuba.com.br\/sobre\/\"},{\"@type\":\"ListItem\",\"position\":2,\"name\":\"Feriado gera mudan\u00e7a no itiner\u00e1rio de \u00f4nibus em Itaqu\u00e1\"}]},{\"@type\":\"WebSite\",\"@id\":\"https:\/\/www.encontraitaquaquecetuba.com.br\/sobre\/#website\",\"url\":\"https:\/\/www.encontraitaquaquecetuba.com.br\/sobre\/\",\"name\":\"Encontra Itaquaquecetuba\",\"description\":\"Not\u00edcias, eventos, informa\u00e7\u00f5es e dicas na cidade de Itaquaquecetuba e regi\u00e3o\",\"potentialAction\":[{\"@type\":\"SearchAction\",\"target\":{\"@type\":\"EntryPoint\",\"urlTemplate\":\"https:\/\/www.encontraitaquaquecetuba.com.br\/sobre\/?s={search_term_string}\"},\"query-input\":\"required name=search_term_string\"}],\"inLanguage\":\"pt-BR\"},{\"@type\":\"Person\",\"@id\":\"https:\/\/www.encontraitaquaquecetuba.com.br\/sobre\/#\/schema\/person\/a8a866dc746e447abf8ca22b02eae6ea\",\"name\":\"Encontra Itaquaquecetuba\",\"image\":{\"@type\":\"ImageObject\",\"inLanguage\":\"pt-BR\",\"@id\":\"https:\/\/www.encontraitaquaquecetuba.com.br\/sobre\/#\/schema\/person\/image\/\",\"url\":\"https:\/\/secure.gravatar.com\/avatar\/f007732be0d27cbf8a336929fe922478?s=96&d=mm&r=g\",\"contentUrl\":\"https:\/\/secure.gravatar.com\/avatar\/f007732be0d27cbf8a336929fe922478?s=96&d=mm&r=g\",\"caption\":\"Encontra Itaquaquecetuba\"},\"sameAs\":[\"http:\/\/www.encontraitaquaquecetuba.com.br\"],\"url\":\"https:\/\/www.encontraitaquaquecetuba.com.br\/sobre\/author\/eitaquaquecetuba\/\"}]}<\/script>\n<!-- \/ Yoast SEO plugin. -->","yoast_head_json":{"title":"Feriado gera mudan\u00e7a no itiner\u00e1rio de \u00f4nibus em Itaqu\u00e1 - Encontra Itaquaquecetuba","robots":{"index":"index","follow":"follow","max-snippet":"max-snippet:-1","max-image-preview":"max-image-preview:large","max-video-preview":"max-video-preview:-1"},"canonical":"https:\/\/www.encontraitaquaquecetuba.com.br\/sobre\/feriado-gera-mudanca-no-itinerario-de-onibus-em-itaqua\/","og_locale":"pt_BR","og_type":"article","og_title":"Feriado gera mudan\u00e7a no itiner\u00e1rio de \u00f4nibus em Itaqu\u00e1 - Encontra Itaquaquecetuba","og_description":"Para o pr\u00f3ximo feriado nacional de Corpus Christi, na quinta-feira (dia 7), em virtude da realiza\u00e7\u00e3o do tapete ornamental e a prociss\u00e3o, a Secretaria Municipal de Transportes de Itaquaquecetuba ir\u00e1 realizar um esquema especial para o tr\u00e1fego da cidade, mudando o itiner\u00e1rio do transporte coletivo a partir das 6 horas at\u00e9 o encerramento das atividades. O fluxo sentido centro\/bairro passar\u00e1 pelo in\u00edcio da Avenida Emancipa\u00e7\u00e3o, virando \u00e0 direita na Avenida Pres. Tancredo Neves, onde ter\u00e1 um ponto para embarque e desembarque; virar\u00e1 \u00e0 esquerda at\u00e9 o in\u00edcio da Avenida Ver. Almiro Dias de Oliveira; seguindo \u00e0 esquerda pela Rod. Alberto","og_url":"https:\/\/www.encontraitaquaquecetuba.com.br\/sobre\/feriado-gera-mudanca-no-itinerario-de-onibus-em-itaqua\/","og_site_name":"Encontra Itaquaquecetuba","article_published_time":"2012-06-06T09:09:06+00:00","article_modified_time":"2021-09-13T15:33:42+00:00","author":"Encontra Itaquaquecetuba","twitter_card":"summary_large_image","twitter_misc":{"Escrito por":"Encontra Itaquaquecetuba","Est. tempo de leitura":"2 minutos"},"schema":{"@context":"https:\/\/schema.org","@graph":[{"@type":"WebPage","@id":"https:\/\/www.encontraitaquaquecetuba.com.br\/sobre\/feriado-gera-mudanca-no-itinerario-de-onibus-em-itaqua\/","url":"https:\/\/www.encontraitaquaquecetuba.com.br\/sobre\/feriado-gera-mudanca-no-itinerario-de-onibus-em-itaqua\/","name":"Feriado gera mudan\u00e7a no itiner\u00e1rio de \u00f4nibus em Itaqu\u00e1 - Encontra Itaquaquecetuba","isPartOf":{"@id":"https:\/\/www.encontraitaquaquecetuba.com.br\/sobre\/#website"},"datePublished":"2012-06-06T09:09:06+00:00","dateModified":"2021-09-13T15:33:42+00:00","author":{"@id":"https:\/\/www.encontraitaquaquecetuba.com.br\/sobre\/#\/schema\/person\/a8a866dc746e447abf8ca22b02eae6ea"},"breadcrumb":{"@id":"https:\/\/www.encontraitaquaquecetuba.com.br\/sobre\/feriado-gera-mudanca-no-itinerario-de-onibus-em-itaqua\/#breadcrumb"},"inLanguage":"pt-BR","potentialAction":[{"@type":"ReadAction","target":["https:\/\/www.encontraitaquaquecetuba.com.br\/sobre\/feriado-gera-mudanca-no-itinerario-de-onibus-em-itaqua\/"]}]},{"@type":"BreadcrumbList","@id":"https:\/\/www.encontraitaquaquecetuba.com.br\/sobre\/feriado-gera-mudanca-no-itinerario-de-onibus-em-itaqua\/#breadcrumb","itemListElement":[{"@type":"ListItem","position":1,"name":"In\u00edcio","item":"https:\/\/www.encontraitaquaquecetuba.com.br\/sobre\/"},{"@type":"ListItem","position":2,"name":"Feriado gera mudan\u00e7a no itiner\u00e1rio de \u00f4nibus em Itaqu\u00e1"}]},{"@type":"WebSite","@id":"https:\/\/www.encontraitaquaquecetuba.com.br\/sobre\/#website","url":"https:\/\/www.encontraitaquaquecetuba.com.br\/sobre\/","name":"Encontra Itaquaquecetuba","description":"Not\u00edcias, eventos, informa\u00e7\u00f5es e dicas na cidade de Itaquaquecetuba e regi\u00e3o","potentialAction":[{"@type":"SearchAction","target":{"@type":"EntryPoint","urlTemplate":"https:\/\/www.encontraitaquaquecetuba.com.br\/sobre\/?s={search_term_string}"},"query-input":"required name=search_term_string"}],"inLanguage":"pt-BR"},{"@type":"Person","@id":"https:\/\/www.encontraitaquaquecetuba.com.br\/sobre\/#\/schema\/person\/a8a866dc746e447abf8ca22b02eae6ea","name":"Encontra Itaquaquecetuba","image":{"@type":"ImageObject","inLanguage":"pt-BR","@id":"https:\/\/www.encontraitaquaquecetuba.com.br\/sobre\/#\/schema\/person\/image\/","url":"https:\/\/secure.gravatar.com\/avatar\/f007732be0d27cbf8a336929fe922478?s=96&d=mm&r=g","contentUrl":"https:\/\/secure.gravatar.com\/avatar\/f007732be0d27cbf8a336929fe922478?s=96&d=mm&r=g","caption":"Encontra Itaquaquecetuba"},"sameAs":["http:\/\/www.encontraitaquaquecetuba.com.br"],"url":"https:\/\/www.encontraitaquaquecetuba.com.br\/sobre\/author\/eitaquaquecetuba\/"}]}},"_links":{"self":[{"href":"https:\/\/www.encontraitaquaquecetuba.com.br\/sobre\/wp-json\/wp\/v2\/posts\/493"}],"collection":[{"href":"https:\/\/www.encontraitaquaquecetuba.com.br\/sobre\/wp-json\/wp\/v2\/posts"}],"about":[{"href":"https:\/\/www.encontraitaquaquecetuba.com.br\/sobre\/wp-json\/wp\/v2\/types\/post"}],"author":[{"embeddable":true,"href":"https:\/\/www.encontraitaquaquecetuba.com.br\/sobre\/wp-json\/wp\/v2\/users\/1"}],"replies":[{"embeddable":true,"href":"https:\/\/www.encontraitaquaquecetuba.com.br\/sobre\/wp-json\/wp\/v2\/comments?post=493"}],"version-history":[{"count":0,"href":"https:\/\/www.encontraitaquaquecetuba.com.br\/sobre\/wp-json\/wp\/v2\/posts\/493\/revisions"}],"wp:attachment":[{"href":"https:\/\/www.encontraitaquaquecetuba.com.br\/sobre\/wp-json\/wp\/v2\/media?parent=493"}],"wp:term":[{"taxonomy":"category","embeddable":true,"href":"https:\/\/www.encontraitaquaquecetuba.com.br\/sobre\/wp-json\/wp\/v2\/categories?post=493"},{"taxonomy":"post_tag","embeddable":true,"href":"https:\/\/www.encontraitaquaquecetuba.com.br\/sobre\/wp-json\/wp\/v2\/tags?post=493"}],"curies":[{"name":"wp","href":"https:\/\/api.w.org\/{rel}","templated":true}]}}