{"id":496,"date":"2012-06-08T20:03:52","date_gmt":"2012-06-08T20:03:52","guid":{"rendered":"http:\/\/www.encontraitaquaquecetuba.com.br\/noticias\/?p=496"},"modified":"2013-08-14T04:51:03","modified_gmt":"2013-08-14T04:51:03","slug":"unidade-do-bom-prato-e-inaugurada-em-itaquaquecetuba","status":"publish","type":"post","link":"https:\/\/www.encontraitaquaquecetuba.com.br\/sobre\/unidade-do-bom-prato-e-inaugurada-em-itaquaquecetuba\/","title":{"rendered":"Unidade do Bom Prato \u00e9 Inaugurada em Itaquaquecetuba"},"content":{"rendered":"<div class=\"80eb2665678f8e3864bb9a528523815b\" data-index=\"1\" style=\"float: none; margin:5px 0 5px 0; text-align:center;\">\n<!-- PUB 73 - Responsivo Horizontal -->\r\n<ins class=\"adsbygoogle\"\r\n     style=\"display:block\"\r\n     data-ad-client=\"ca-pub-7321736592693252\"\r\n     data-ad-slot=\"3087950420\"\r\n     data-ad-format=\"auto\"\r\n     data-full-width-responsive=\"true\"><\/ins>\r\n<script>\r\n     (adsbygoogle = window.adsbygoogle || []).push({});\r\n<\/script>\n<\/div>\n<p>O governador Geraldo Alckmin, Rodrigo Garcia e o prefeito Armando Tavares Filho, inauguraram hoje o 36\u00ba restaurante Bom Prato do Estado, no munic\u00edpio de Itaquaquecetuba. A unidade ser\u00e1 gerenciada pela entidade \u201cComunidade Cantinho da Paz\u201d e conta com a parceria da <a href=\"http:\/\/www.encontraitaquaquecetuba.com.br\/itaquaquecetuba\/prefeitura-itaquaquecetuba.shtml\" target=\"_blank\">Prefeitura Municipal de Itaquaquecetuba<\/a>, que investir\u00e1 R$ 351 mil no custeio da refei\u00e7\u00e3o.<\/p>\n<p>O Bom Prato Itaquaquecetuba servir\u00e1 900 almo\u00e7os balanceados a R$ 1,00 e 300 caf\u00e9s da manh\u00e3 ao pre\u00e7o de R$ 0,50. O Governo do Estado investiu um total de R$ 895,2 mil para reforma do im\u00f3vel e custeio das refei\u00e7\u00f5es.<\/p>\n<p>Para o almo\u00e7o de inaugura\u00e7\u00e3o, foi elaborado um card\u00e1pio especial: arroz, feij\u00e3o, lombo ao molho de laranja, farofa rica \u00e0 base de farinha de mandioca, cenoura ralada, bacon, ovos e azeitonas verdes, salada de acelga, suco de frutas vermelhas e banana de sobremesa.<\/p>\n<p>Al\u00e9m das refei\u00e7\u00f5es, o novo restaurante\u00a0tamb\u00e9m possui um posto do Acessa S\u00e3o Paulo, programa de inclus\u00e3o digital em parceria com a Secretaria de Gest\u00e3o P\u00fablica. Foram instalados 10 computadores com Internet para uso gratuito da popula\u00e7\u00e3o. A unidade tamb\u00e9m ter\u00e1 cursos do Via R\u00e1pida Emprego, voltados para a \u00e1rea de gastronomia, coordenados pela Secretaria de Desenvolvimento Econ\u00f4mico, Ci\u00eancia e Tecnologia.<\/p>\n<p>Em seu discurso, Geraldo Alckmin anunciou duas boas not\u00edcias para a popula\u00e7\u00e3o de Itaquaquecetuba: \u201cHoje inauguramos a Esta\u00e7\u00e3o Guatambu de Tratamento de Esgoto. Tirar o esgoto de perto de casa \u00e9 sa\u00fade. A segunda boa not\u00edcia \u00e9 o Bom Prato e, junto com ele, trazemos o Acessa S\u00e3o Paulo que j\u00e1 est\u00e1 funcionando totalmente de gra\u00e7a\u201d. O governador tamb\u00e9m elogiou a estrutura da unidade. \u201c\u00c9 o melhor pr\u00e9dio da rede de restaurantes. Muito bonito e espa\u00e7oso\u201d.<\/p>\n<p>Ainda falando em sa\u00fade, Alckmin disse: \u201cContra\u00edmos doen\u00e7as por maus h\u00e1bitos. A primeira coisa a fazer \u00e9 comer devagar. Se comermos depressa, comemos mais que deveria. A outra \u00e9 ter uma alimenta\u00e7\u00e3o equilibrada, como esta que \u00e9 servida no Bom Prato. \u00c9 uma alimenta\u00e7\u00e3o perfeita e de qualidade\u201d.<\/p>\n<p>Segundo Rodrigo Garcia, a inaugura\u00e7\u00e3o da unidade \u00e9 marcada com festa e representa a for\u00e7a de um trabalho conjunto para implanta\u00e7\u00e3o do equipamento p\u00fablico. \u201cS\u00e3o 36 unidades no Estado, servindo mais de 1 milh\u00e3o de refei\u00e7\u00f5es por m\u00eas. Este \u00e9 um modelo de desenvolvimento social apoiando as fam\u00edlias que mais precisam\u201d.<\/p>\n<p>Armando Tavares Filho, prefeito de Itaquaquecetuba, agradeceu o empenho do governador Geraldo Alckmin na implanta\u00e7\u00e3o do Bom Prato. A primeira dama e deputada estadual, Heroilma Soares, tamb\u00e9m reconheceu o empenho de todos e a import\u00e2ncia do equipamento. \u201cO Bom Prato \u00e9 um presente para mim e para a popula\u00e7\u00e3o\u201d. J\u00e1 a presidente da Comunidade Cantinho da Paz, Antonia Helena da Silva, refor\u00e7ou: \u201cAgrade\u00e7o ao Governo por mais este trabalho que ser\u00e1 muito importante para a regi\u00e3o\u201d.<\/p>\n<p>Este \u00e9 o segundo restaurante instalado na regi\u00e3o. A primeira unidade, inaugurada em mar\u00e7o de 2006, est\u00e1 localizada no munic\u00edpio de Mogi das Cruzes. O restaurante serve diariamente 1.200 almo\u00e7os e 300 caf\u00e9s da manh\u00e3, tamb\u00e9m possui um Posto do Acessa SP e oferece cursos do Via R\u00e1pida Emprego.<\/p>\n<p><strong>Sustentabilidade<\/strong><\/p>\n<p>A preocupa\u00e7\u00e3o com a sustentabilidade tamb\u00e9m faz parte dos projetos de engenharia do programa Bom Prato. Os restaurantes s\u00e3o feitos para aproveitar ao m\u00e1ximo a ilumina\u00e7\u00e3o e ventila\u00e7\u00e3o naturais. Todas as unidades est\u00e3o se adequando para serem ecologicamente corretas. O \u00f3leo de cozinha usado, assim como os materiais pl\u00e1sticos, s\u00e3o reciclados. Outra preocupa\u00e7\u00e3o \u00e9 com o desperd\u00edcio de comida. Para isso foram criados dois tipos de bandeja para por\u00e7\u00f5es de diferentes tamanhos.<\/p>\n<p><strong>Sobre o Bom Prato<\/strong><\/p>\n<p>Em 19 de janeiro de 2011, por meio do decreto n\u00ba 56.674 assinado pelo governador Geraldo Alckmin, o programa Bom Prato passou a ser gerido pela Secretaria de Estado de Desenvolvimento Social, deixando a Secretaria de Agricultura e Abastecimento. Desde sua implanta\u00e7\u00e3o, em dezembro de 2000 at\u00e9 maio deste ano, j\u00e1 foram servidas mais de 88 milh\u00f5es de refei\u00e7\u00f5es para a popula\u00e7\u00e3o em situa\u00e7\u00e3o de vulnerabilidade social.<\/p>\n<p>O sucesso do restaurante popular Bom Prato \u00e9 devido ao pre\u00e7o e \u00e0 comida de \u00f3tima qualidade. S\u00e3o refei\u00e7\u00f5es completas, de alto teor cal\u00f3rico (1.200 calorias), compostas de arroz, feij\u00e3o, carne, legumes, salada, farinha de mandioca, p\u00e3o, fruta da \u00e9poca e suco, ao custo de apenas R$ 1,00. O Governo do Estado subsidia R$ 2,50 do custo total da refei\u00e7\u00e3o (R$ 3,50) e o usu\u00e1rio complementa com o valor de R$ 1,00. Crian\u00e7as com menos de seis anos n\u00e3o pagam.<\/p>\n<p>O almo\u00e7o \u00e9 servido a partir das 11h at\u00e9 o t\u00e9rmino da cota de cada unidade, que varia de 1.200 a 2.000 refei\u00e7\u00f5es por dia, conforme a demanda averiguada pela equipe t\u00e9cnica na regi\u00e3o. J\u00e1 o caf\u00e9 da manh\u00e3 \u00e9 uma novidade desde 2011. As refei\u00e7\u00f5es matinais t\u00eam cerca de 400 calorias, compostas de leite e achocolatado, caf\u00e9, p\u00e3o com manteiga, requeij\u00e3o ou frios, ao pre\u00e7o de R$ 0,50. Em geral, s\u00e3o servidos 300 caf\u00e9s diariamente em cada unidade, a partir das 7h. Cada restaurante tem um gerente e um nutricionista de plant\u00e3o e gera de 15 a 20 empregos.<\/p>\n<p>Para seu funcionamento, o Bom Prato depende de conv\u00eanio firmado entre a Secretaria e uma entidade da sociedade civil, sem fins lucrativos. As prefeituras tamb\u00e9m podem participar. O Estado fornece infraestrutura para a instala\u00e7\u00e3o do restaurante e pagamento de subs\u00eddio para o custeio da refei\u00e7\u00e3o. A entidade parceira \u00e9 respons\u00e1vel pelo gerenciamento do restaurante, fornecimento das refei\u00e7\u00f5es e por toda a assist\u00eancia junto aos usu\u00e1rios. Nos casos de parceria entre Estado e munic\u00edpio, a prefeitura local entra com subs\u00eddio de R$ 1,00 por refei\u00e7\u00e3o.<\/p>\n<p>Atualmente s\u00e3o 36 unidades em funcionamento. Destas, 20 est\u00e3o localizadas na Capital e 16 no Litoral, Grande S\u00e3o Paulo e Interior, servindo mais de 61 mil refei\u00e7\u00f5es por dia. Para este ano est\u00e3o previstas as instala\u00e7\u00f5es de mais seis unidades. Os munic\u00edpios beneficiados ser\u00e3o: Araraquara, Bauru, Presidente Prudente, Rio Claro, S\u00e3o Jos\u00e9 do Rio Preto e Suzano.<\/p>\n<p>\u00a0<strong>Servi\u00e7o:<\/strong><\/p>\n<p>Bom Prato Itaquaquecetuba<\/p>\n<p>Rua Padre Anchieta, 78 &#8211; Centro.<\/p>\n<p>Hor\u00e1rio de funcionamento: caf\u00e9 da manh\u00e3 das 7h \u00e0s 9h e almo\u00e7o das 10h30 \u00e0s 14h.<\/p>\n<p><em>Fonte: Itaqu\u00e1 Not\u00edcias<\/em><\/p>\n\n<div style=\"font-size: 0px; height: 0px; line-height: 0px; margin: 0; padding: 0; clear: both;\"><\/div>","protected":false},"excerpt":{"rendered":"<p>O governador Geraldo Alckmin, Rodrigo Garcia e o prefeito Armando Tavares Filho, inauguraram hoje o 36\u00ba restaurante Bom Prato do Estado, no munic\u00edpio de Itaquaquecetuba. A unidade ser\u00e1 gerenciada pela entidade \u201cComunidade Cantinho da Paz\u201d e conta com a parceria da Prefeitura Municipal de Itaquaquecetuba, que investir\u00e1 R$ 351 mil no custeio da refei\u00e7\u00e3o. O Bom Prato Itaquaquecetuba servir\u00e1 900 almo\u00e7os balanceados a R$ 1,00 e 300 caf\u00e9s da manh\u00e3 ao pre\u00e7o de R$ 0,50. O Governo do Estado investiu um total de R$ 895,2 mil para reforma do im\u00f3vel e custeio das refei\u00e7\u00f5es. Para o almo\u00e7o de inaugura\u00e7\u00e3o, foi <\/p>\n","protected":false},"author":1,"featured_media":0,"comment_status":"open","ping_status":"open","sticky":false,"template":"","format":"standard","meta":[],"categories":[6],"tags":[14],"yoast_head":"<!-- This site is optimized with the Yoast SEO plugin v19.6.1 - https:\/\/yoast.com\/wordpress\/plugins\/seo\/ -->\n<title>Unidade do Bom Prato \u00e9 Inaugurada em Itaquaquecetuba  - Encontra Itaquaquecetuba<\/title>\n<meta name=\"robots\" content=\"index, follow, max-snippet:-1, max-image-preview:large, max-video-preview:-1\" \/>\n<link rel=\"canonical\" href=\"https:\/\/www.encontraitaquaquecetuba.com.br\/sobre\/unidade-do-bom-prato-e-inaugurada-em-itaquaquecetuba\/\" \/>\n<meta property=\"og:locale\" content=\"pt_BR\" \/>\n<meta property=\"og:type\" content=\"article\" \/>\n<meta property=\"og:title\" content=\"Unidade do Bom Prato \u00e9 Inaugurada em Itaquaquecetuba  - Encontra Itaquaquecetuba\" \/>\n<meta property=\"og:description\" content=\"O governador Geraldo Alckmin, Rodrigo Garcia e o prefeito Armando Tavares Filho, inauguraram hoje o 36\u00ba restaurante Bom Prato do Estado, no munic\u00edpio de Itaquaquecetuba. A unidade ser\u00e1 gerenciada pela entidade \u201cComunidade Cantinho da Paz\u201d e conta com a parceria da Prefeitura Municipal de Itaquaquecetuba, que investir\u00e1 R$ 351 mil no custeio da refei\u00e7\u00e3o. O Bom Prato Itaquaquecetuba servir\u00e1 900 almo\u00e7os balanceados a R$ 1,00 e 300 caf\u00e9s da manh\u00e3 ao pre\u00e7o de R$ 0,50. O Governo do Estado investiu um total de R$ 895,2 mil para reforma do im\u00f3vel e custeio das refei\u00e7\u00f5es. Para o almo\u00e7o de inaugura\u00e7\u00e3o, foi\" \/>\n<meta property=\"og:url\" content=\"https:\/\/www.encontraitaquaquecetuba.com.br\/sobre\/unidade-do-bom-prato-e-inaugurada-em-itaquaquecetuba\/\" \/>\n<meta property=\"og:site_name\" content=\"Encontra Itaquaquecetuba\" \/>\n<meta property=\"article:published_time\" content=\"2012-06-08T20:03:52+00:00\" \/>\n<meta property=\"article:modified_time\" content=\"2013-08-14T04:51:03+00:00\" \/>\n<meta name=\"author\" content=\"Encontra Itaquaquecetuba\" \/>\n<meta name=\"twitter:card\" content=\"summary_large_image\" \/>\n<meta name=\"twitter:label1\" content=\"Escrito por\" \/>\n\t<meta name=\"twitter:data1\" content=\"Encontra Itaquaquecetuba\" \/>\n\t<meta name=\"twitter:label2\" content=\"Est. tempo de leitura\" \/>\n\t<meta name=\"twitter:data2\" content=\"5 minutos\" \/>\n<script type=\"application\/ld+json\" class=\"yoast-schema-graph\">{\"@context\":\"https:\/\/schema.org\",\"@graph\":[{\"@type\":\"WebPage\",\"@id\":\"https:\/\/www.encontraitaquaquecetuba.com.br\/sobre\/unidade-do-bom-prato-e-inaugurada-em-itaquaquecetuba\/\",\"url\":\"https:\/\/www.encontraitaquaquecetuba.com.br\/sobre\/unidade-do-bom-prato-e-inaugurada-em-itaquaquecetuba\/\",\"name\":\"Unidade do Bom Prato \u00e9 Inaugurada em Itaquaquecetuba - Encontra Itaquaquecetuba\",\"isPartOf\":{\"@id\":\"https:\/\/www.encontraitaquaquecetuba.com.br\/sobre\/#website\"},\"datePublished\":\"2012-06-08T20:03:52+00:00\",\"dateModified\":\"2013-08-14T04:51:03+00:00\",\"author\":{\"@id\":\"https:\/\/www.encontraitaquaquecetuba.com.br\/sobre\/#\/schema\/person\/a8a866dc746e447abf8ca22b02eae6ea\"},\"breadcrumb\":{\"@id\":\"https:\/\/www.encontraitaquaquecetuba.com.br\/sobre\/unidade-do-bom-prato-e-inaugurada-em-itaquaquecetuba\/#breadcrumb\"},\"inLanguage\":\"pt-BR\",\"potentialAction\":[{\"@type\":\"ReadAction\",\"target\":[\"https:\/\/www.encontraitaquaquecetuba.com.br\/sobre\/unidade-do-bom-prato-e-inaugurada-em-itaquaquecetuba\/\"]}]},{\"@type\":\"BreadcrumbList\",\"@id\":\"https:\/\/www.encontraitaquaquecetuba.com.br\/sobre\/unidade-do-bom-prato-e-inaugurada-em-itaquaquecetuba\/#breadcrumb\",\"itemListElement\":[{\"@type\":\"ListItem\",\"position\":1,\"name\":\"In\u00edcio\",\"item\":\"https:\/\/www.encontraitaquaquecetuba.com.br\/sobre\/\"},{\"@type\":\"ListItem\",\"position\":2,\"name\":\"Unidade do Bom Prato \u00e9 Inaugurada em Itaquaquecetuba\"}]},{\"@type\":\"WebSite\",\"@id\":\"https:\/\/www.encontraitaquaquecetuba.com.br\/sobre\/#website\",\"url\":\"https:\/\/www.encontraitaquaquecetuba.com.br\/sobre\/\",\"name\":\"Encontra Itaquaquecetuba\",\"description\":\"Not\u00edcias, eventos, informa\u00e7\u00f5es e dicas na cidade de Itaquaquecetuba e regi\u00e3o\",\"potentialAction\":[{\"@type\":\"SearchAction\",\"target\":{\"@type\":\"EntryPoint\",\"urlTemplate\":\"https:\/\/www.encontraitaquaquecetuba.com.br\/sobre\/?s={search_term_string}\"},\"query-input\":\"required name=search_term_string\"}],\"inLanguage\":\"pt-BR\"},{\"@type\":\"Person\",\"@id\":\"https:\/\/www.encontraitaquaquecetuba.com.br\/sobre\/#\/schema\/person\/a8a866dc746e447abf8ca22b02eae6ea\",\"name\":\"Encontra Itaquaquecetuba\",\"image\":{\"@type\":\"ImageObject\",\"inLanguage\":\"pt-BR\",\"@id\":\"https:\/\/www.encontraitaquaquecetuba.com.br\/sobre\/#\/schema\/person\/image\/\",\"url\":\"https:\/\/secure.gravatar.com\/avatar\/f007732be0d27cbf8a336929fe922478?s=96&d=mm&r=g\",\"contentUrl\":\"https:\/\/secure.gravatar.com\/avatar\/f007732be0d27cbf8a336929fe922478?s=96&d=mm&r=g\",\"caption\":\"Encontra Itaquaquecetuba\"},\"sameAs\":[\"http:\/\/www.encontraitaquaquecetuba.com.br\"],\"url\":\"https:\/\/www.encontraitaquaquecetuba.com.br\/sobre\/author\/eitaquaquecetuba\/\"}]}<\/script>\n<!-- \/ Yoast SEO plugin. -->","yoast_head_json":{"title":"Unidade do Bom Prato \u00e9 Inaugurada em Itaquaquecetuba  - Encontra Itaquaquecetuba","robots":{"index":"index","follow":"follow","max-snippet":"max-snippet:-1","max-image-preview":"max-image-preview:large","max-video-preview":"max-video-preview:-1"},"canonical":"https:\/\/www.encontraitaquaquecetuba.com.br\/sobre\/unidade-do-bom-prato-e-inaugurada-em-itaquaquecetuba\/","og_locale":"pt_BR","og_type":"article","og_title":"Unidade do Bom Prato \u00e9 Inaugurada em Itaquaquecetuba  - Encontra Itaquaquecetuba","og_description":"O governador Geraldo Alckmin, Rodrigo Garcia e o prefeito Armando Tavares Filho, inauguraram hoje o 36\u00ba restaurante Bom Prato do Estado, no munic\u00edpio de Itaquaquecetuba. A unidade ser\u00e1 gerenciada pela entidade \u201cComunidade Cantinho da Paz\u201d e conta com a parceria da Prefeitura Municipal de Itaquaquecetuba, que investir\u00e1 R$ 351 mil no custeio da refei\u00e7\u00e3o. O Bom Prato Itaquaquecetuba servir\u00e1 900 almo\u00e7os balanceados a R$ 1,00 e 300 caf\u00e9s da manh\u00e3 ao pre\u00e7o de R$ 0,50. O Governo do Estado investiu um total de R$ 895,2 mil para reforma do im\u00f3vel e custeio das refei\u00e7\u00f5es. Para o almo\u00e7o de inaugura\u00e7\u00e3o, foi","og_url":"https:\/\/www.encontraitaquaquecetuba.com.br\/sobre\/unidade-do-bom-prato-e-inaugurada-em-itaquaquecetuba\/","og_site_name":"Encontra Itaquaquecetuba","article_published_time":"2012-06-08T20:03:52+00:00","article_modified_time":"2013-08-14T04:51:03+00:00","author":"Encontra Itaquaquecetuba","twitter_card":"summary_large_image","twitter_misc":{"Escrito por":"Encontra Itaquaquecetuba","Est. tempo de leitura":"5 minutos"},"schema":{"@context":"https:\/\/schema.org","@graph":[{"@type":"WebPage","@id":"https:\/\/www.encontraitaquaquecetuba.com.br\/sobre\/unidade-do-bom-prato-e-inaugurada-em-itaquaquecetuba\/","url":"https:\/\/www.encontraitaquaquecetuba.com.br\/sobre\/unidade-do-bom-prato-e-inaugurada-em-itaquaquecetuba\/","name":"Unidade do Bom Prato \u00e9 Inaugurada em Itaquaquecetuba - Encontra Itaquaquecetuba","isPartOf":{"@id":"https:\/\/www.encontraitaquaquecetuba.com.br\/sobre\/#website"},"datePublished":"2012-06-08T20:03:52+00:00","dateModified":"2013-08-14T04:51:03+00:00","author":{"@id":"https:\/\/www.encontraitaquaquecetuba.com.br\/sobre\/#\/schema\/person\/a8a866dc746e447abf8ca22b02eae6ea"},"breadcrumb":{"@id":"https:\/\/www.encontraitaquaquecetuba.com.br\/sobre\/unidade-do-bom-prato-e-inaugurada-em-itaquaquecetuba\/#breadcrumb"},"inLanguage":"pt-BR","potentialAction":[{"@type":"ReadAction","target":["https:\/\/www.encontraitaquaquecetuba.com.br\/sobre\/unidade-do-bom-prato-e-inaugurada-em-itaquaquecetuba\/"]}]},{"@type":"BreadcrumbList","@id":"https:\/\/www.encontraitaquaquecetuba.com.br\/sobre\/unidade-do-bom-prato-e-inaugurada-em-itaquaquecetuba\/#breadcrumb","itemListElement":[{"@type":"ListItem","position":1,"name":"In\u00edcio","item":"https:\/\/www.encontraitaquaquecetuba.com.br\/sobre\/"},{"@type":"ListItem","position":2,"name":"Unidade do Bom Prato \u00e9 Inaugurada em Itaquaquecetuba"}]},{"@type":"WebSite","@id":"https:\/\/www.encontraitaquaquecetuba.com.br\/sobre\/#website","url":"https:\/\/www.encontraitaquaquecetuba.com.br\/sobre\/","name":"Encontra Itaquaquecetuba","description":"Not\u00edcias, eventos, informa\u00e7\u00f5es e dicas na cidade de Itaquaquecetuba e regi\u00e3o","potentialAction":[{"@type":"SearchAction","target":{"@type":"EntryPoint","urlTemplate":"https:\/\/www.encontraitaquaquecetuba.com.br\/sobre\/?s={search_term_string}"},"query-input":"required name=search_term_string"}],"inLanguage":"pt-BR"},{"@type":"Person","@id":"https:\/\/www.encontraitaquaquecetuba.com.br\/sobre\/#\/schema\/person\/a8a866dc746e447abf8ca22b02eae6ea","name":"Encontra Itaquaquecetuba","image":{"@type":"ImageObject","inLanguage":"pt-BR","@id":"https:\/\/www.encontraitaquaquecetuba.com.br\/sobre\/#\/schema\/person\/image\/","url":"https:\/\/secure.gravatar.com\/avatar\/f007732be0d27cbf8a336929fe922478?s=96&d=mm&r=g","contentUrl":"https:\/\/secure.gravatar.com\/avatar\/f007732be0d27cbf8a336929fe922478?s=96&d=mm&r=g","caption":"Encontra Itaquaquecetuba"},"sameAs":["http:\/\/www.encontraitaquaquecetuba.com.br"],"url":"https:\/\/www.encontraitaquaquecetuba.com.br\/sobre\/author\/eitaquaquecetuba\/"}]}},"_links":{"self":[{"href":"https:\/\/www.encontraitaquaquecetuba.com.br\/sobre\/wp-json\/wp\/v2\/posts\/496"}],"collection":[{"href":"https:\/\/www.encontraitaquaquecetuba.com.br\/sobre\/wp-json\/wp\/v2\/posts"}],"about":[{"href":"https:\/\/www.encontraitaquaquecetuba.com.br\/sobre\/wp-json\/wp\/v2\/types\/post"}],"author":[{"embeddable":true,"href":"https:\/\/www.encontraitaquaquecetuba.com.br\/sobre\/wp-json\/wp\/v2\/users\/1"}],"replies":[{"embeddable":true,"href":"https:\/\/www.encontraitaquaquecetuba.com.br\/sobre\/wp-json\/wp\/v2\/comments?post=496"}],"version-history":[{"count":0,"href":"https:\/\/www.encontraitaquaquecetuba.com.br\/sobre\/wp-json\/wp\/v2\/posts\/496\/revisions"}],"wp:attachment":[{"href":"https:\/\/www.encontraitaquaquecetuba.com.br\/sobre\/wp-json\/wp\/v2\/media?parent=496"}],"wp:term":[{"taxonomy":"category","embeddable":true,"href":"https:\/\/www.encontraitaquaquecetuba.com.br\/sobre\/wp-json\/wp\/v2\/categories?post=496"},{"taxonomy":"post_tag","embeddable":true,"href":"https:\/\/www.encontraitaquaquecetuba.com.br\/sobre\/wp-json\/wp\/v2\/tags?post=496"}],"curies":[{"name":"wp","href":"https:\/\/api.w.org\/{rel}","templated":true}]}}