{"id":517,"date":"2012-06-15T00:01:17","date_gmt":"2012-06-15T00:01:17","guid":{"rendered":"http:\/\/www.encontraitaquaquecetuba.com.br\/noticias\/?p=517"},"modified":"2021-09-13T15:21:22","modified_gmt":"2021-09-13T15:21:22","slug":"itaqua-realizara-xxiii-encontro-de-tapetes-ornamentais-no-domingo","status":"publish","type":"post","link":"https:\/\/www.encontraitaquaquecetuba.com.br\/sobre\/itaqua-realizara-xxiii-encontro-de-tapetes-ornamentais-no-domingo\/","title":{"rendered":"Itaqu\u00e1 realizar\u00e1 XXIII Encontro de Tapetes Ornamentais no domingo"},"content":{"rendered":"<div class=\"80eb2665678f8e3864bb9a528523815b\" data-index=\"1\" style=\"float: none; margin:5px 0 5px 0; text-align:center;\">\n<!-- PUB 73 - Responsivo Horizontal -->\r\n<ins class=\"adsbygoogle\"\r\n     style=\"display:block\"\r\n     data-ad-client=\"ca-pub-7321736592693252\"\r\n     data-ad-slot=\"3087950420\"\r\n     data-ad-format=\"auto\"\r\n     data-full-width-responsive=\"true\"><\/ins>\r\n<script>\r\n     (adsbygoogle = window.adsbygoogle || []).push({});\r\n<\/script>\n<\/div>\n<p>O munic\u00edpio de Itaquaquecetuba vai realizar o &#8220;XXIII Encontro de Tapetes Corpus Christi &#8211; Tradi\u00e7\u00e3o e Beleza&#8221; no pr\u00f3ximo domingo, dia 17, em frente \u00e0 Igreja Santos Ap\u00f3stolos, na Vila Virg\u00ednia, das 7h \u00e0s 13h. A data foi definida ap\u00f3s uma reuni\u00e3o entre o secret\u00e1rio municipal de Cultura e Turismo, Jandir Jorge de Souto, e representantes das comunidades que anualmente participam do encontro. Neste ano o tema do encontro \u00e9 &#8220;Fraternidade e Sa\u00fade P\u00fablica&#8221; e, devido \u00e0s constantes chuvas, o evento cultural-religioso teve de ser cancelado no \u00faltimo dia 7, feriado de Corpus Christi.<\/p>\n<p>&#8220;Sendo assim, teremos uma atividade cultural tradicional na cidade que, a partir de um consenso, n\u00e3o vai deixar de acontecer j\u00e1 que sua realiza\u00e7\u00e3o sempre marca de maneira expressiva o calend\u00e1rio do munic\u00edpio&#8221;, afirmou o secret\u00e1rio municipal de Cultura e Turismo. Neste ano, os cinco melhores classificados ganhar\u00e3o os seguintes pr\u00eamios: 1\u00ba lugar, R$ 1.750,00 (mais trof\u00e9u); 2\u00ba, R$ 1.500,00 (mais trof\u00e9u); 3\u00ba, 1.250,00 (mais trof\u00e9u); 4\u00ba, 1.000,00; e 5\u00ba, R$ 750,00. Os tapetes ser\u00e3o avaliados por profissionais de Artes Pl\u00e1sticas. Trata-se de um evento cultural realizado pela Secretaria Municipal de Cultura e Turismo (SMCT), com o apoio da Prefeitura e <a href=\"http:\/\/www.encontraitaquaquecetuba.com.br\/itaquaquecetuba\/camara-municipal-de-itaquaquecetuba.shtml\" target=\"_blank\" rel=\"noopener\">C\u00e2mara Municipal de Itaquaquecetuba<\/a>.<\/p>\n<p>No domingo (dia 17), a partir das 15 horas, vai ocorrer a apresenta\u00e7\u00e3o do &#8220;Programa Itaquaquecetuba faz o Show&#8221;, edi\u00e7\u00e3o de junho, no Espa\u00e7o Multifuncional da SMCT, que fica na Estrada de Santa Isabel, 761, Vila Gepina. Itaquaquecetuba e apresenta\u00e7\u00e3o dos alunos do Canto Coral infanto-juvenil e adulto, \u00e0s 20 horas, na Igreja Santos Ap\u00f3stolos, \u00e0 Rua Capela do Alto, na Vila Virg\u00ednia. O secret\u00e1rio de Cultura e Turismo convida a toda popula\u00e7\u00e3o para que prestigie os eventos culturais da cidade que contam com todo o apoio da administra\u00e7\u00e3o do prefeito Armando Tavares Filho, o Armando da Farm\u00e1cia.<\/p>\n<p><em>Fonte:Prefeitura de Itaquaquecetuba<\/em><\/p>\n\n<div style=\"font-size: 0px; height: 0px; line-height: 0px; margin: 0; padding: 0; clear: both;\"><\/div>","protected":false},"excerpt":{"rendered":"<p>O munic\u00edpio de Itaquaquecetuba vai realizar o &#8220;XXIII Encontro de Tapetes Corpus Christi &#8211; Tradi\u00e7\u00e3o e Beleza&#8221; no pr\u00f3ximo domingo, dia 17, em frente \u00e0 Igreja Santos Ap\u00f3stolos, na Vila Virg\u00ednia, das 7h \u00e0s 13h. A data foi definida ap\u00f3s uma reuni\u00e3o entre o secret\u00e1rio municipal de Cultura e Turismo, Jandir Jorge de Souto, e representantes das comunidades que anualmente participam do encontro. Neste ano o tema do encontro \u00e9 &#8220;Fraternidade e Sa\u00fade P\u00fablica&#8221; e, devido \u00e0s constantes chuvas, o evento cultural-religioso teve de ser cancelado no \u00faltimo dia 7, feriado de Corpus Christi. &#8220;Sendo assim, teremos uma atividade cultural <\/p>\n","protected":false},"author":1,"featured_media":0,"comment_status":"open","ping_status":"open","sticky":false,"template":"","format":"standard","meta":[],"categories":[6],"tags":[14],"yoast_head":"<!-- This site is optimized with the Yoast SEO plugin v19.6.1 - https:\/\/yoast.com\/wordpress\/plugins\/seo\/ -->\n<title>Itaqu\u00e1 realizar\u00e1 XXIII Encontro de Tapetes Ornamentais no domingo - Encontra Itaquaquecetuba<\/title>\n<meta name=\"robots\" content=\"index, follow, max-snippet:-1, max-image-preview:large, max-video-preview:-1\" \/>\n<link rel=\"canonical\" href=\"https:\/\/www.encontraitaquaquecetuba.com.br\/sobre\/itaqua-realizara-xxiii-encontro-de-tapetes-ornamentais-no-domingo\/\" \/>\n<meta property=\"og:locale\" content=\"pt_BR\" \/>\n<meta property=\"og:type\" content=\"article\" \/>\n<meta property=\"og:title\" content=\"Itaqu\u00e1 realizar\u00e1 XXIII Encontro de Tapetes Ornamentais no domingo - Encontra Itaquaquecetuba\" \/>\n<meta property=\"og:description\" content=\"O munic\u00edpio de Itaquaquecetuba vai realizar o &#8220;XXIII Encontro de Tapetes Corpus Christi &#8211; Tradi\u00e7\u00e3o e Beleza&#8221; no pr\u00f3ximo domingo, dia 17, em frente \u00e0 Igreja Santos Ap\u00f3stolos, na Vila Virg\u00ednia, das 7h \u00e0s 13h. A data foi definida ap\u00f3s uma reuni\u00e3o entre o secret\u00e1rio municipal de Cultura e Turismo, Jandir Jorge de Souto, e representantes das comunidades que anualmente participam do encontro. Neste ano o tema do encontro \u00e9 &#8220;Fraternidade e Sa\u00fade P\u00fablica&#8221; e, devido \u00e0s constantes chuvas, o evento cultural-religioso teve de ser cancelado no \u00faltimo dia 7, feriado de Corpus Christi. &#8220;Sendo assim, teremos uma atividade cultural\" \/>\n<meta property=\"og:url\" content=\"https:\/\/www.encontraitaquaquecetuba.com.br\/sobre\/itaqua-realizara-xxiii-encontro-de-tapetes-ornamentais-no-domingo\/\" \/>\n<meta property=\"og:site_name\" content=\"Encontra Itaquaquecetuba\" \/>\n<meta property=\"article:published_time\" content=\"2012-06-15T00:01:17+00:00\" \/>\n<meta property=\"article:modified_time\" content=\"2021-09-13T15:21:22+00:00\" \/>\n<meta name=\"author\" content=\"Encontra Itaquaquecetuba\" \/>\n<meta name=\"twitter:card\" content=\"summary_large_image\" \/>\n<meta name=\"twitter:label1\" content=\"Escrito por\" \/>\n\t<meta name=\"twitter:data1\" content=\"Encontra Itaquaquecetuba\" \/>\n\t<meta name=\"twitter:label2\" content=\"Est. tempo de leitura\" \/>\n\t<meta name=\"twitter:data2\" content=\"2 minutos\" \/>\n<script type=\"application\/ld+json\" class=\"yoast-schema-graph\">{\"@context\":\"https:\/\/schema.org\",\"@graph\":[{\"@type\":\"WebPage\",\"@id\":\"https:\/\/www.encontraitaquaquecetuba.com.br\/sobre\/itaqua-realizara-xxiii-encontro-de-tapetes-ornamentais-no-domingo\/\",\"url\":\"https:\/\/www.encontraitaquaquecetuba.com.br\/sobre\/itaqua-realizara-xxiii-encontro-de-tapetes-ornamentais-no-domingo\/\",\"name\":\"Itaqu\u00e1 realizar\u00e1 XXIII Encontro de Tapetes Ornamentais no domingo - Encontra Itaquaquecetuba\",\"isPartOf\":{\"@id\":\"https:\/\/www.encontraitaquaquecetuba.com.br\/sobre\/#website\"},\"datePublished\":\"2012-06-15T00:01:17+00:00\",\"dateModified\":\"2021-09-13T15:21:22+00:00\",\"author\":{\"@id\":\"https:\/\/www.encontraitaquaquecetuba.com.br\/sobre\/#\/schema\/person\/a8a866dc746e447abf8ca22b02eae6ea\"},\"breadcrumb\":{\"@id\":\"https:\/\/www.encontraitaquaquecetuba.com.br\/sobre\/itaqua-realizara-xxiii-encontro-de-tapetes-ornamentais-no-domingo\/#breadcrumb\"},\"inLanguage\":\"pt-BR\",\"potentialAction\":[{\"@type\":\"ReadAction\",\"target\":[\"https:\/\/www.encontraitaquaquecetuba.com.br\/sobre\/itaqua-realizara-xxiii-encontro-de-tapetes-ornamentais-no-domingo\/\"]}]},{\"@type\":\"BreadcrumbList\",\"@id\":\"https:\/\/www.encontraitaquaquecetuba.com.br\/sobre\/itaqua-realizara-xxiii-encontro-de-tapetes-ornamentais-no-domingo\/#breadcrumb\",\"itemListElement\":[{\"@type\":\"ListItem\",\"position\":1,\"name\":\"In\u00edcio\",\"item\":\"https:\/\/www.encontraitaquaquecetuba.com.br\/sobre\/\"},{\"@type\":\"ListItem\",\"position\":2,\"name\":\"Itaqu\u00e1 realizar\u00e1 XXIII Encontro de Tapetes Ornamentais no domingo\"}]},{\"@type\":\"WebSite\",\"@id\":\"https:\/\/www.encontraitaquaquecetuba.com.br\/sobre\/#website\",\"url\":\"https:\/\/www.encontraitaquaquecetuba.com.br\/sobre\/\",\"name\":\"Encontra Itaquaquecetuba\",\"description\":\"Not\u00edcias, eventos, informa\u00e7\u00f5es e dicas na cidade de Itaquaquecetuba e regi\u00e3o\",\"potentialAction\":[{\"@type\":\"SearchAction\",\"target\":{\"@type\":\"EntryPoint\",\"urlTemplate\":\"https:\/\/www.encontraitaquaquecetuba.com.br\/sobre\/?s={search_term_string}\"},\"query-input\":\"required name=search_term_string\"}],\"inLanguage\":\"pt-BR\"},{\"@type\":\"Person\",\"@id\":\"https:\/\/www.encontraitaquaquecetuba.com.br\/sobre\/#\/schema\/person\/a8a866dc746e447abf8ca22b02eae6ea\",\"name\":\"Encontra Itaquaquecetuba\",\"image\":{\"@type\":\"ImageObject\",\"inLanguage\":\"pt-BR\",\"@id\":\"https:\/\/www.encontraitaquaquecetuba.com.br\/sobre\/#\/schema\/person\/image\/\",\"url\":\"https:\/\/secure.gravatar.com\/avatar\/f007732be0d27cbf8a336929fe922478?s=96&d=mm&r=g\",\"contentUrl\":\"https:\/\/secure.gravatar.com\/avatar\/f007732be0d27cbf8a336929fe922478?s=96&d=mm&r=g\",\"caption\":\"Encontra Itaquaquecetuba\"},\"sameAs\":[\"http:\/\/www.encontraitaquaquecetuba.com.br\"],\"url\":\"https:\/\/www.encontraitaquaquecetuba.com.br\/sobre\/author\/eitaquaquecetuba\/\"}]}<\/script>\n<!-- \/ Yoast SEO plugin. -->","yoast_head_json":{"title":"Itaqu\u00e1 realizar\u00e1 XXIII Encontro de Tapetes Ornamentais no domingo - Encontra Itaquaquecetuba","robots":{"index":"index","follow":"follow","max-snippet":"max-snippet:-1","max-image-preview":"max-image-preview:large","max-video-preview":"max-video-preview:-1"},"canonical":"https:\/\/www.encontraitaquaquecetuba.com.br\/sobre\/itaqua-realizara-xxiii-encontro-de-tapetes-ornamentais-no-domingo\/","og_locale":"pt_BR","og_type":"article","og_title":"Itaqu\u00e1 realizar\u00e1 XXIII Encontro de Tapetes Ornamentais no domingo - Encontra Itaquaquecetuba","og_description":"O munic\u00edpio de Itaquaquecetuba vai realizar o &#8220;XXIII Encontro de Tapetes Corpus Christi &#8211; Tradi\u00e7\u00e3o e Beleza&#8221; no pr\u00f3ximo domingo, dia 17, em frente \u00e0 Igreja Santos Ap\u00f3stolos, na Vila Virg\u00ednia, das 7h \u00e0s 13h. A data foi definida ap\u00f3s uma reuni\u00e3o entre o secret\u00e1rio municipal de Cultura e Turismo, Jandir Jorge de Souto, e representantes das comunidades que anualmente participam do encontro. Neste ano o tema do encontro \u00e9 &#8220;Fraternidade e Sa\u00fade P\u00fablica&#8221; e, devido \u00e0s constantes chuvas, o evento cultural-religioso teve de ser cancelado no \u00faltimo dia 7, feriado de Corpus Christi. &#8220;Sendo assim, teremos uma atividade cultural","og_url":"https:\/\/www.encontraitaquaquecetuba.com.br\/sobre\/itaqua-realizara-xxiii-encontro-de-tapetes-ornamentais-no-domingo\/","og_site_name":"Encontra Itaquaquecetuba","article_published_time":"2012-06-15T00:01:17+00:00","article_modified_time":"2021-09-13T15:21:22+00:00","author":"Encontra Itaquaquecetuba","twitter_card":"summary_large_image","twitter_misc":{"Escrito por":"Encontra Itaquaquecetuba","Est. tempo de leitura":"2 minutos"},"schema":{"@context":"https:\/\/schema.org","@graph":[{"@type":"WebPage","@id":"https:\/\/www.encontraitaquaquecetuba.com.br\/sobre\/itaqua-realizara-xxiii-encontro-de-tapetes-ornamentais-no-domingo\/","url":"https:\/\/www.encontraitaquaquecetuba.com.br\/sobre\/itaqua-realizara-xxiii-encontro-de-tapetes-ornamentais-no-domingo\/","name":"Itaqu\u00e1 realizar\u00e1 XXIII Encontro de Tapetes Ornamentais no domingo - Encontra Itaquaquecetuba","isPartOf":{"@id":"https:\/\/www.encontraitaquaquecetuba.com.br\/sobre\/#website"},"datePublished":"2012-06-15T00:01:17+00:00","dateModified":"2021-09-13T15:21:22+00:00","author":{"@id":"https:\/\/www.encontraitaquaquecetuba.com.br\/sobre\/#\/schema\/person\/a8a866dc746e447abf8ca22b02eae6ea"},"breadcrumb":{"@id":"https:\/\/www.encontraitaquaquecetuba.com.br\/sobre\/itaqua-realizara-xxiii-encontro-de-tapetes-ornamentais-no-domingo\/#breadcrumb"},"inLanguage":"pt-BR","potentialAction":[{"@type":"ReadAction","target":["https:\/\/www.encontraitaquaquecetuba.com.br\/sobre\/itaqua-realizara-xxiii-encontro-de-tapetes-ornamentais-no-domingo\/"]}]},{"@type":"BreadcrumbList","@id":"https:\/\/www.encontraitaquaquecetuba.com.br\/sobre\/itaqua-realizara-xxiii-encontro-de-tapetes-ornamentais-no-domingo\/#breadcrumb","itemListElement":[{"@type":"ListItem","position":1,"name":"In\u00edcio","item":"https:\/\/www.encontraitaquaquecetuba.com.br\/sobre\/"},{"@type":"ListItem","position":2,"name":"Itaqu\u00e1 realizar\u00e1 XXIII Encontro de Tapetes Ornamentais no domingo"}]},{"@type":"WebSite","@id":"https:\/\/www.encontraitaquaquecetuba.com.br\/sobre\/#website","url":"https:\/\/www.encontraitaquaquecetuba.com.br\/sobre\/","name":"Encontra Itaquaquecetuba","description":"Not\u00edcias, eventos, informa\u00e7\u00f5es e dicas na cidade de Itaquaquecetuba e regi\u00e3o","potentialAction":[{"@type":"SearchAction","target":{"@type":"EntryPoint","urlTemplate":"https:\/\/www.encontraitaquaquecetuba.com.br\/sobre\/?s={search_term_string}"},"query-input":"required name=search_term_string"}],"inLanguage":"pt-BR"},{"@type":"Person","@id":"https:\/\/www.encontraitaquaquecetuba.com.br\/sobre\/#\/schema\/person\/a8a866dc746e447abf8ca22b02eae6ea","name":"Encontra Itaquaquecetuba","image":{"@type":"ImageObject","inLanguage":"pt-BR","@id":"https:\/\/www.encontraitaquaquecetuba.com.br\/sobre\/#\/schema\/person\/image\/","url":"https:\/\/secure.gravatar.com\/avatar\/f007732be0d27cbf8a336929fe922478?s=96&d=mm&r=g","contentUrl":"https:\/\/secure.gravatar.com\/avatar\/f007732be0d27cbf8a336929fe922478?s=96&d=mm&r=g","caption":"Encontra Itaquaquecetuba"},"sameAs":["http:\/\/www.encontraitaquaquecetuba.com.br"],"url":"https:\/\/www.encontraitaquaquecetuba.com.br\/sobre\/author\/eitaquaquecetuba\/"}]}},"_links":{"self":[{"href":"https:\/\/www.encontraitaquaquecetuba.com.br\/sobre\/wp-json\/wp\/v2\/posts\/517"}],"collection":[{"href":"https:\/\/www.encontraitaquaquecetuba.com.br\/sobre\/wp-json\/wp\/v2\/posts"}],"about":[{"href":"https:\/\/www.encontraitaquaquecetuba.com.br\/sobre\/wp-json\/wp\/v2\/types\/post"}],"author":[{"embeddable":true,"href":"https:\/\/www.encontraitaquaquecetuba.com.br\/sobre\/wp-json\/wp\/v2\/users\/1"}],"replies":[{"embeddable":true,"href":"https:\/\/www.encontraitaquaquecetuba.com.br\/sobre\/wp-json\/wp\/v2\/comments?post=517"}],"version-history":[{"count":0,"href":"https:\/\/www.encontraitaquaquecetuba.com.br\/sobre\/wp-json\/wp\/v2\/posts\/517\/revisions"}],"wp:attachment":[{"href":"https:\/\/www.encontraitaquaquecetuba.com.br\/sobre\/wp-json\/wp\/v2\/media?parent=517"}],"wp:term":[{"taxonomy":"category","embeddable":true,"href":"https:\/\/www.encontraitaquaquecetuba.com.br\/sobre\/wp-json\/wp\/v2\/categories?post=517"},{"taxonomy":"post_tag","embeddable":true,"href":"https:\/\/www.encontraitaquaquecetuba.com.br\/sobre\/wp-json\/wp\/v2\/tags?post=517"}],"curies":[{"name":"wp","href":"https:\/\/api.w.org\/{rel}","templated":true}]}}