{"id":530,"date":"2012-06-20T10:30:05","date_gmt":"2012-06-20T10:30:05","guid":{"rendered":"http:\/\/www.encontraitaquaquecetuba.com.br\/noticias\/?p=530"},"modified":"2021-09-13T15:21:21","modified_gmt":"2021-09-13T15:21:21","slug":"secretario-estadual-de-educacao-realiza-reuniao-de-trabalho-em-itaqua","status":"publish","type":"post","link":"https:\/\/www.encontraitaquaquecetuba.com.br\/sobre\/secretario-estadual-de-educacao-realiza-reuniao-de-trabalho-em-itaqua\/","title":{"rendered":"Secret\u00e1rio estadual de Educa\u00e7\u00e3o realiza reuni\u00e3o de trabalho em Itaqu\u00e1"},"content":{"rendered":"<div class=\"80eb2665678f8e3864bb9a528523815b\" data-index=\"1\" style=\"float: none; margin:5px 0 5px 0; text-align:center;\">\n<!-- PUB 73 - Responsivo Horizontal -->\r\n<ins class=\"adsbygoogle\"\r\n     style=\"display:block\"\r\n     data-ad-client=\"ca-pub-7321736592693252\"\r\n     data-ad-slot=\"3087950420\"\r\n     data-ad-format=\"auto\"\r\n     data-full-width-responsive=\"true\"><\/ins>\r\n<script>\r\n     (adsbygoogle = window.adsbygoogle || []).push({});\r\n<\/script>\n<\/div>\n<p>O secret\u00e1rio de Estado da Educa\u00e7\u00e3o, professor Herman Jacobus Cornelis Voorvald, esteve em Itaquaquecetuba, na manh\u00e3 de ontem, em reuni\u00e3o de trabalho envolvendo cerca de 1.100 profissionais da Educa\u00e7\u00e3o num encontro que ocorreu no Sal\u00e3o Perez, no Monte Belo.<\/p>\n<p>Estiveram presentes tamb\u00e9m o secret\u00e1rio-adjunto de Educa\u00e7\u00e3o, Jo\u00e3o Cardoso Palma Filho, e o subsecret\u00e1rio estadual de Articula\u00e7\u00e3o Regional, Rubens Mandetta. O encontro reuniu onze Diretorias Regionais de Ensino dos polos 4 e 7, sendo que no Polo 4 constam Itaquaquecetuba, Mogi das Cruzes, Suzano, Guarulhos Norte e Guarulhos Sul. E no Polo 7: S\u00e3o Jos\u00e9 dos Campos, Jacare\u00ed, Taubat\u00e9, Caraguatatuba, Pindamonhangaba e Guaratinguet\u00e1.<\/p>\n<p>O secret\u00e1rio Cornelis Voorvald iniciou o encontro falando sobre as reuni\u00f5es, no ano passado, com os 15 polos. &#8220;Foram muito ricas sob a \u00f3tica da qualidade, gerando uma s\u00e9rie de documentos&#8221;, afirmou. Ele tamb\u00e9m destacou alguns objetivos do &#8220;Programa Educa\u00e7\u00e3o: Compromisso com S\u00e3o Paulo&#8221; como a valoriza\u00e7\u00e3o do capital humano, o aprimoramento das a\u00e7\u00f5es e a gest\u00e3o pedag\u00f3gica da rede com foco nos resultados dos alunos e ainda a viabiliza\u00e7\u00e3o de mecanismos organizacionais e financeiros para operacionalizar o programa. &#8220;\u00c9 necess\u00e1rio que o Estado de S\u00e3o Paulo d\u00ea o exemplo de valoriza\u00e7\u00e3o do professor&#8221;, disse Voorvald.<\/p>\n<p>Respons\u00e1vel pela organiza\u00e7\u00e3o do Encontro dos Profissionais da Educa\u00e7\u00e3o &#8211; Devolutiva das Demandas dos Polos 2012, a dirigente de ensino de Itaquaquecetuba, Rosania Morales Morroni, explicou que o objetivo da visita do secret\u00e1rio estadual &#8220;foi fazer uma devolutiva referente \u00e0s reuni\u00f5es, em 2011, em que esteve ouvindo as solicita\u00e7\u00f5es das Diretorias de Ensino da regi\u00e3o&#8221;.<\/p>\n<p>Durante o evento, compuseram a mesa Ana Leonor de Assis; o secret\u00e1rio-adjunto Jo\u00e3o Cardoso Palma Filho; o secret\u00e1rio Cornelis Voorvald; o subsecret\u00e1rio estadual de Articula\u00e7\u00e3o Regional, Rubens Mandetta; e a dirigente de ensino de Itaqu\u00e1, Rosania. O prefeito Armando Tavares Filho, o Armando da Farm\u00e1cia, fez quest\u00e3o de recepcionar o secret\u00e1rio e todos que o acompanhavam. Participaram ainda do encontro diretores de escolas estaduais, professores e funcion\u00e1rios dos polos 4 e 7.<\/p>\n<p><em>Fonte: Prefeitura de Itaquaquecetuba<\/em><\/p>\n\n<div style=\"font-size: 0px; height: 0px; line-height: 0px; margin: 0; padding: 0; clear: both;\"><\/div>","protected":false},"excerpt":{"rendered":"<p>O secret\u00e1rio de Estado da Educa\u00e7\u00e3o, professor Herman Jacobus Cornelis Voorvald, esteve em Itaquaquecetuba, na manh\u00e3 de ontem, em reuni\u00e3o de trabalho envolvendo cerca de 1.100 profissionais da Educa\u00e7\u00e3o num encontro que ocorreu no Sal\u00e3o Perez, no Monte Belo. Estiveram presentes tamb\u00e9m o secret\u00e1rio-adjunto de Educa\u00e7\u00e3o, Jo\u00e3o Cardoso Palma Filho, e o subsecret\u00e1rio estadual de Articula\u00e7\u00e3o Regional, Rubens Mandetta. O encontro reuniu onze Diretorias Regionais de Ensino dos polos 4 e 7, sendo que no Polo 4 constam Itaquaquecetuba, Mogi das Cruzes, Suzano, Guarulhos Norte e Guarulhos Sul. E no Polo 7: S\u00e3o Jos\u00e9 dos Campos, Jacare\u00ed, Taubat\u00e9, Caraguatatuba, Pindamonhangaba <\/p>\n","protected":false},"author":1,"featured_media":0,"comment_status":"open","ping_status":"open","sticky":false,"template":"","format":"standard","meta":[],"categories":[6],"tags":[14],"yoast_head":"<!-- This site is optimized with the Yoast SEO plugin v19.6.1 - https:\/\/yoast.com\/wordpress\/plugins\/seo\/ -->\n<title>Secret\u00e1rio estadual de Educa\u00e7\u00e3o realiza reuni\u00e3o de trabalho em Itaqu\u00e1 - Encontra Itaquaquecetuba<\/title>\n<meta name=\"robots\" content=\"index, follow, max-snippet:-1, max-image-preview:large, max-video-preview:-1\" \/>\n<link rel=\"canonical\" href=\"https:\/\/www.encontraitaquaquecetuba.com.br\/sobre\/secretario-estadual-de-educacao-realiza-reuniao-de-trabalho-em-itaqua\/\" \/>\n<meta property=\"og:locale\" content=\"pt_BR\" \/>\n<meta property=\"og:type\" content=\"article\" \/>\n<meta property=\"og:title\" content=\"Secret\u00e1rio estadual de Educa\u00e7\u00e3o realiza reuni\u00e3o de trabalho em Itaqu\u00e1 - Encontra Itaquaquecetuba\" \/>\n<meta property=\"og:description\" content=\"O secret\u00e1rio de Estado da Educa\u00e7\u00e3o, professor Herman Jacobus Cornelis Voorvald, esteve em Itaquaquecetuba, na manh\u00e3 de ontem, em reuni\u00e3o de trabalho envolvendo cerca de 1.100 profissionais da Educa\u00e7\u00e3o num encontro que ocorreu no Sal\u00e3o Perez, no Monte Belo. Estiveram presentes tamb\u00e9m o secret\u00e1rio-adjunto de Educa\u00e7\u00e3o, Jo\u00e3o Cardoso Palma Filho, e o subsecret\u00e1rio estadual de Articula\u00e7\u00e3o Regional, Rubens Mandetta. O encontro reuniu onze Diretorias Regionais de Ensino dos polos 4 e 7, sendo que no Polo 4 constam Itaquaquecetuba, Mogi das Cruzes, Suzano, Guarulhos Norte e Guarulhos Sul. E no Polo 7: S\u00e3o Jos\u00e9 dos Campos, Jacare\u00ed, Taubat\u00e9, Caraguatatuba, Pindamonhangaba\" \/>\n<meta property=\"og:url\" content=\"https:\/\/www.encontraitaquaquecetuba.com.br\/sobre\/secretario-estadual-de-educacao-realiza-reuniao-de-trabalho-em-itaqua\/\" \/>\n<meta property=\"og:site_name\" content=\"Encontra Itaquaquecetuba\" \/>\n<meta property=\"article:published_time\" content=\"2012-06-20T10:30:05+00:00\" \/>\n<meta property=\"article:modified_time\" content=\"2021-09-13T15:21:21+00:00\" \/>\n<meta name=\"author\" content=\"Encontra Itaquaquecetuba\" \/>\n<meta name=\"twitter:card\" content=\"summary_large_image\" \/>\n<meta name=\"twitter:label1\" content=\"Escrito por\" \/>\n\t<meta name=\"twitter:data1\" content=\"Encontra Itaquaquecetuba\" \/>\n\t<meta name=\"twitter:label2\" content=\"Est. tempo de leitura\" \/>\n\t<meta name=\"twitter:data2\" content=\"2 minutos\" \/>\n<script type=\"application\/ld+json\" class=\"yoast-schema-graph\">{\"@context\":\"https:\/\/schema.org\",\"@graph\":[{\"@type\":\"WebPage\",\"@id\":\"https:\/\/www.encontraitaquaquecetuba.com.br\/sobre\/secretario-estadual-de-educacao-realiza-reuniao-de-trabalho-em-itaqua\/\",\"url\":\"https:\/\/www.encontraitaquaquecetuba.com.br\/sobre\/secretario-estadual-de-educacao-realiza-reuniao-de-trabalho-em-itaqua\/\",\"name\":\"Secret\u00e1rio estadual de Educa\u00e7\u00e3o realiza reuni\u00e3o de trabalho em Itaqu\u00e1 - Encontra Itaquaquecetuba\",\"isPartOf\":{\"@id\":\"https:\/\/www.encontraitaquaquecetuba.com.br\/sobre\/#website\"},\"datePublished\":\"2012-06-20T10:30:05+00:00\",\"dateModified\":\"2021-09-13T15:21:21+00:00\",\"author\":{\"@id\":\"https:\/\/www.encontraitaquaquecetuba.com.br\/sobre\/#\/schema\/person\/a8a866dc746e447abf8ca22b02eae6ea\"},\"breadcrumb\":{\"@id\":\"https:\/\/www.encontraitaquaquecetuba.com.br\/sobre\/secretario-estadual-de-educacao-realiza-reuniao-de-trabalho-em-itaqua\/#breadcrumb\"},\"inLanguage\":\"pt-BR\",\"potentialAction\":[{\"@type\":\"ReadAction\",\"target\":[\"https:\/\/www.encontraitaquaquecetuba.com.br\/sobre\/secretario-estadual-de-educacao-realiza-reuniao-de-trabalho-em-itaqua\/\"]}]},{\"@type\":\"BreadcrumbList\",\"@id\":\"https:\/\/www.encontraitaquaquecetuba.com.br\/sobre\/secretario-estadual-de-educacao-realiza-reuniao-de-trabalho-em-itaqua\/#breadcrumb\",\"itemListElement\":[{\"@type\":\"ListItem\",\"position\":1,\"name\":\"In\u00edcio\",\"item\":\"https:\/\/www.encontraitaquaquecetuba.com.br\/sobre\/\"},{\"@type\":\"ListItem\",\"position\":2,\"name\":\"Secret\u00e1rio estadual de Educa\u00e7\u00e3o realiza reuni\u00e3o de trabalho em Itaqu\u00e1\"}]},{\"@type\":\"WebSite\",\"@id\":\"https:\/\/www.encontraitaquaquecetuba.com.br\/sobre\/#website\",\"url\":\"https:\/\/www.encontraitaquaquecetuba.com.br\/sobre\/\",\"name\":\"Encontra Itaquaquecetuba\",\"description\":\"Not\u00edcias, eventos, informa\u00e7\u00f5es e dicas na cidade de Itaquaquecetuba e regi\u00e3o\",\"potentialAction\":[{\"@type\":\"SearchAction\",\"target\":{\"@type\":\"EntryPoint\",\"urlTemplate\":\"https:\/\/www.encontraitaquaquecetuba.com.br\/sobre\/?s={search_term_string}\"},\"query-input\":\"required name=search_term_string\"}],\"inLanguage\":\"pt-BR\"},{\"@type\":\"Person\",\"@id\":\"https:\/\/www.encontraitaquaquecetuba.com.br\/sobre\/#\/schema\/person\/a8a866dc746e447abf8ca22b02eae6ea\",\"name\":\"Encontra Itaquaquecetuba\",\"image\":{\"@type\":\"ImageObject\",\"inLanguage\":\"pt-BR\",\"@id\":\"https:\/\/www.encontraitaquaquecetuba.com.br\/sobre\/#\/schema\/person\/image\/\",\"url\":\"https:\/\/secure.gravatar.com\/avatar\/f007732be0d27cbf8a336929fe922478?s=96&d=mm&r=g\",\"contentUrl\":\"https:\/\/secure.gravatar.com\/avatar\/f007732be0d27cbf8a336929fe922478?s=96&d=mm&r=g\",\"caption\":\"Encontra Itaquaquecetuba\"},\"sameAs\":[\"http:\/\/www.encontraitaquaquecetuba.com.br\"],\"url\":\"https:\/\/www.encontraitaquaquecetuba.com.br\/sobre\/author\/eitaquaquecetuba\/\"}]}<\/script>\n<!-- \/ Yoast SEO plugin. -->","yoast_head_json":{"title":"Secret\u00e1rio estadual de Educa\u00e7\u00e3o realiza reuni\u00e3o de trabalho em Itaqu\u00e1 - Encontra Itaquaquecetuba","robots":{"index":"index","follow":"follow","max-snippet":"max-snippet:-1","max-image-preview":"max-image-preview:large","max-video-preview":"max-video-preview:-1"},"canonical":"https:\/\/www.encontraitaquaquecetuba.com.br\/sobre\/secretario-estadual-de-educacao-realiza-reuniao-de-trabalho-em-itaqua\/","og_locale":"pt_BR","og_type":"article","og_title":"Secret\u00e1rio estadual de Educa\u00e7\u00e3o realiza reuni\u00e3o de trabalho em Itaqu\u00e1 - Encontra Itaquaquecetuba","og_description":"O secret\u00e1rio de Estado da Educa\u00e7\u00e3o, professor Herman Jacobus Cornelis Voorvald, esteve em Itaquaquecetuba, na manh\u00e3 de ontem, em reuni\u00e3o de trabalho envolvendo cerca de 1.100 profissionais da Educa\u00e7\u00e3o num encontro que ocorreu no Sal\u00e3o Perez, no Monte Belo. Estiveram presentes tamb\u00e9m o secret\u00e1rio-adjunto de Educa\u00e7\u00e3o, Jo\u00e3o Cardoso Palma Filho, e o subsecret\u00e1rio estadual de Articula\u00e7\u00e3o Regional, Rubens Mandetta. O encontro reuniu onze Diretorias Regionais de Ensino dos polos 4 e 7, sendo que no Polo 4 constam Itaquaquecetuba, Mogi das Cruzes, Suzano, Guarulhos Norte e Guarulhos Sul. E no Polo 7: S\u00e3o Jos\u00e9 dos Campos, Jacare\u00ed, Taubat\u00e9, Caraguatatuba, Pindamonhangaba","og_url":"https:\/\/www.encontraitaquaquecetuba.com.br\/sobre\/secretario-estadual-de-educacao-realiza-reuniao-de-trabalho-em-itaqua\/","og_site_name":"Encontra Itaquaquecetuba","article_published_time":"2012-06-20T10:30:05+00:00","article_modified_time":"2021-09-13T15:21:21+00:00","author":"Encontra Itaquaquecetuba","twitter_card":"summary_large_image","twitter_misc":{"Escrito por":"Encontra Itaquaquecetuba","Est. tempo de leitura":"2 minutos"},"schema":{"@context":"https:\/\/schema.org","@graph":[{"@type":"WebPage","@id":"https:\/\/www.encontraitaquaquecetuba.com.br\/sobre\/secretario-estadual-de-educacao-realiza-reuniao-de-trabalho-em-itaqua\/","url":"https:\/\/www.encontraitaquaquecetuba.com.br\/sobre\/secretario-estadual-de-educacao-realiza-reuniao-de-trabalho-em-itaqua\/","name":"Secret\u00e1rio estadual de Educa\u00e7\u00e3o realiza reuni\u00e3o de trabalho em Itaqu\u00e1 - Encontra Itaquaquecetuba","isPartOf":{"@id":"https:\/\/www.encontraitaquaquecetuba.com.br\/sobre\/#website"},"datePublished":"2012-06-20T10:30:05+00:00","dateModified":"2021-09-13T15:21:21+00:00","author":{"@id":"https:\/\/www.encontraitaquaquecetuba.com.br\/sobre\/#\/schema\/person\/a8a866dc746e447abf8ca22b02eae6ea"},"breadcrumb":{"@id":"https:\/\/www.encontraitaquaquecetuba.com.br\/sobre\/secretario-estadual-de-educacao-realiza-reuniao-de-trabalho-em-itaqua\/#breadcrumb"},"inLanguage":"pt-BR","potentialAction":[{"@type":"ReadAction","target":["https:\/\/www.encontraitaquaquecetuba.com.br\/sobre\/secretario-estadual-de-educacao-realiza-reuniao-de-trabalho-em-itaqua\/"]}]},{"@type":"BreadcrumbList","@id":"https:\/\/www.encontraitaquaquecetuba.com.br\/sobre\/secretario-estadual-de-educacao-realiza-reuniao-de-trabalho-em-itaqua\/#breadcrumb","itemListElement":[{"@type":"ListItem","position":1,"name":"In\u00edcio","item":"https:\/\/www.encontraitaquaquecetuba.com.br\/sobre\/"},{"@type":"ListItem","position":2,"name":"Secret\u00e1rio estadual de Educa\u00e7\u00e3o realiza reuni\u00e3o de trabalho em Itaqu\u00e1"}]},{"@type":"WebSite","@id":"https:\/\/www.encontraitaquaquecetuba.com.br\/sobre\/#website","url":"https:\/\/www.encontraitaquaquecetuba.com.br\/sobre\/","name":"Encontra Itaquaquecetuba","description":"Not\u00edcias, eventos, informa\u00e7\u00f5es e dicas na cidade de Itaquaquecetuba e regi\u00e3o","potentialAction":[{"@type":"SearchAction","target":{"@type":"EntryPoint","urlTemplate":"https:\/\/www.encontraitaquaquecetuba.com.br\/sobre\/?s={search_term_string}"},"query-input":"required name=search_term_string"}],"inLanguage":"pt-BR"},{"@type":"Person","@id":"https:\/\/www.encontraitaquaquecetuba.com.br\/sobre\/#\/schema\/person\/a8a866dc746e447abf8ca22b02eae6ea","name":"Encontra Itaquaquecetuba","image":{"@type":"ImageObject","inLanguage":"pt-BR","@id":"https:\/\/www.encontraitaquaquecetuba.com.br\/sobre\/#\/schema\/person\/image\/","url":"https:\/\/secure.gravatar.com\/avatar\/f007732be0d27cbf8a336929fe922478?s=96&d=mm&r=g","contentUrl":"https:\/\/secure.gravatar.com\/avatar\/f007732be0d27cbf8a336929fe922478?s=96&d=mm&r=g","caption":"Encontra Itaquaquecetuba"},"sameAs":["http:\/\/www.encontraitaquaquecetuba.com.br"],"url":"https:\/\/www.encontraitaquaquecetuba.com.br\/sobre\/author\/eitaquaquecetuba\/"}]}},"_links":{"self":[{"href":"https:\/\/www.encontraitaquaquecetuba.com.br\/sobre\/wp-json\/wp\/v2\/posts\/530"}],"collection":[{"href":"https:\/\/www.encontraitaquaquecetuba.com.br\/sobre\/wp-json\/wp\/v2\/posts"}],"about":[{"href":"https:\/\/www.encontraitaquaquecetuba.com.br\/sobre\/wp-json\/wp\/v2\/types\/post"}],"author":[{"embeddable":true,"href":"https:\/\/www.encontraitaquaquecetuba.com.br\/sobre\/wp-json\/wp\/v2\/users\/1"}],"replies":[{"embeddable":true,"href":"https:\/\/www.encontraitaquaquecetuba.com.br\/sobre\/wp-json\/wp\/v2\/comments?post=530"}],"version-history":[{"count":0,"href":"https:\/\/www.encontraitaquaquecetuba.com.br\/sobre\/wp-json\/wp\/v2\/posts\/530\/revisions"}],"wp:attachment":[{"href":"https:\/\/www.encontraitaquaquecetuba.com.br\/sobre\/wp-json\/wp\/v2\/media?parent=530"}],"wp:term":[{"taxonomy":"category","embeddable":true,"href":"https:\/\/www.encontraitaquaquecetuba.com.br\/sobre\/wp-json\/wp\/v2\/categories?post=530"},{"taxonomy":"post_tag","embeddable":true,"href":"https:\/\/www.encontraitaquaquecetuba.com.br\/sobre\/wp-json\/wp\/v2\/tags?post=530"}],"curies":[{"name":"wp","href":"https:\/\/api.w.org\/{rel}","templated":true}]}}