{"id":561,"date":"2012-07-02T00:01:08","date_gmt":"2012-07-02T00:01:08","guid":{"rendered":"http:\/\/www.encontraitaquaquecetuba.com.br\/noticias\/?p=561"},"modified":"2013-08-14T04:51:03","modified_gmt":"2013-08-14T04:51:03","slug":"prefeitura-e-senac-inscrevem-para-vagas-em-itaqua","status":"publish","type":"post","link":"https:\/\/www.encontraitaquaquecetuba.com.br\/sobre\/prefeitura-e-senac-inscrevem-para-vagas-em-itaqua\/","title":{"rendered":"Prefeitura e Senac inscrevem para vagas em Itaqu\u00e1"},"content":{"rendered":"<div class=\"80eb2665678f8e3864bb9a528523815b\" data-index=\"1\" style=\"float: none; margin:5px 0 5px 0; text-align:center;\">\n<!-- PUB 73 - Responsivo Horizontal -->\r\n<ins class=\"adsbygoogle\"\r\n     style=\"display:block\"\r\n     data-ad-client=\"ca-pub-7321736592693252\"\r\n     data-ad-slot=\"3087950420\"\r\n     data-ad-format=\"auto\"\r\n     data-full-width-responsive=\"true\"><\/ins>\r\n<script>\r\n     (adsbygoogle = window.adsbygoogle || []).push({});\r\n<\/script>\n<\/div>\n<p>A <a href=\"http:\/\/www.encontraitaquaquecetuba.com.br\/itaquaquecetuba\/prefeitura-itaquaquecetuba.shtml\" target=\"_blank\">prefeitura de Itaquaquecetuba<\/a> (por meio da secretaria municipal de Ind\u00fastria e Com\u00e9rcio) e o Senac\/Guarulhos informam que o prazo para as inscri\u00e7\u00f5es aos interessados em frequentar o programa &#8220;Educa\u00e7\u00e3o para o Trabalho&#8221; foi prorrogado.<\/p>\n<p>Cerca de 20 vagas ainda se encontram dispon\u00edveis, tendo em vista que alguns jovens solicitaram, mas, n\u00e3o efetivaram seus cadastros dentro do prazo estipulado. Sendo assim, as inscri\u00e7\u00f5es para as vagas remanescentes acontecem entre os dias 02 e 06 de julho.<\/p>\n<p>Segundo os respons\u00e1veis pelo programa, trata-se de uma capacita\u00e7\u00e3o que &#8220;visa a inclus\u00e3o de jovens socialmente desfavorescidos, por meio do desenvolvimento de compet\u00eancias que ampliem as possibilidades de inser\u00e7\u00e3o no mundo do trabalho, gera\u00e7\u00e3o de renda e participa\u00e7\u00e3o na sociedade&#8221;.<\/p>\n<p>Os interessados devem possuir entre 14 e 21 anos, estarem cursando a partir do 7 ano do ensino fundamental (antiga 6\u00aa. s\u00e9rie), serem matriculados ou egressos de institui\u00e7\u00f5es p\u00fablicas de ensino e\/ou programas de Educa\u00e7\u00e3o de Jovens e Adultos e possu\u00edrem interesse por quest\u00f5es relacionadas ao trabalho.<\/p>\n<p>Dentre outras habilidades, o curso busca o desenvolvimento das compet\u00eancias pessoais e proficionais dos alunos inseridos no programa, tais como: o plano de neg\u00f3cios, a atitude empreendedora, os sistemas e processos organizacionais, a participa\u00e7\u00e3o em comunidades, a pol\u00edtica e a democracia, o atendimento e o relacionamento com clientes etc.<\/p>\n<p>Al\u00e9m disso, para participar da triagem que selecionar\u00e1 os futuros alunos do curso &#8220;Educa\u00e7\u00e3o para o Trabalho&#8221; os interessados devem atender a alguns outros pr\u00e9-requisitos, tais como: ter renda bruta familiar per capita de at\u00e9 02 sal\u00e1rios m\u00ednimos, n\u00e3o estar matriculado em nenhum curso do Senac\/SP, n\u00e3o estar participando de nenhum outro processo de bolsas do Seac\/SP, n\u00e3o ter evadido ou reprovado por faltas, nos \u00faltimos 02 anos, na condi\u00e7\u00e3o de bolsista do Senac.<\/p>\n<p>O curso ser\u00e1 ministrado entre 02 de julho e 05 de dezembro de 2012 (de segunda a sexta-feira, num total de 330 horas). As turmas ser\u00e3o divididas nos per\u00edodos da manh\u00e3 e da tarde.<\/p>\n<p>As inscri\u00e7\u00f5es acontecem na secretaria municipal de Ind\u00fastria e Com\u00e9rcio (sito \u00e0 Estrada de Santa Isabel, 1100, Monte Belo), das 09:00 horas as 12:00 horas e das 14:00 horas as 17:00 horas.<\/p>\n<p>Os interessados devem comparecer munidos de c\u00f3pias do RG e do comprovante de renda do responsavel legal (sendo: holerite ou declara\u00e7\u00e3o de pr\u00f3prio punho).<\/p>\n<p>Para mais informa\u00e7\u00f5es, os telefones s\u00e3o: 4642-1116, 4642-2005, 4642-8036.<\/p>\n<p><em>Fonte: Prefeitura de Itaquaquecetuba<\/em><\/p>\n\n<div style=\"font-size: 0px; height: 0px; line-height: 0px; margin: 0; padding: 0; clear: both;\"><\/div>","protected":false},"excerpt":{"rendered":"<p>A prefeitura de Itaquaquecetuba (por meio da secretaria municipal de Ind\u00fastria e Com\u00e9rcio) e o Senac\/Guarulhos informam que o prazo para as inscri\u00e7\u00f5es aos interessados em frequentar o programa &#8220;Educa\u00e7\u00e3o para o Trabalho&#8221; foi prorrogado. Cerca de 20 vagas ainda se encontram dispon\u00edveis, tendo em vista que alguns jovens solicitaram, mas, n\u00e3o efetivaram seus cadastros dentro do prazo estipulado. Sendo assim, as inscri\u00e7\u00f5es para as vagas remanescentes acontecem entre os dias 02 e 06 de julho. Segundo os respons\u00e1veis pelo programa, trata-se de uma capacita\u00e7\u00e3o que &#8220;visa a inclus\u00e3o de jovens socialmente desfavorescidos, por meio do desenvolvimento de compet\u00eancias que <\/p>\n","protected":false},"author":1,"featured_media":0,"comment_status":"open","ping_status":"open","sticky":false,"template":"","format":"standard","meta":[],"categories":[3],"tags":[14],"yoast_head":"<!-- This site is optimized with the Yoast SEO plugin v19.6.1 - https:\/\/yoast.com\/wordpress\/plugins\/seo\/ -->\n<title>Prefeitura e Senac inscrevem para vagas em Itaqu\u00e1 - Encontra Itaquaquecetuba<\/title>\n<meta name=\"robots\" content=\"index, follow, max-snippet:-1, max-image-preview:large, max-video-preview:-1\" \/>\n<link rel=\"canonical\" href=\"https:\/\/www.encontraitaquaquecetuba.com.br\/sobre\/prefeitura-e-senac-inscrevem-para-vagas-em-itaqua\/\" \/>\n<meta property=\"og:locale\" content=\"pt_BR\" \/>\n<meta property=\"og:type\" content=\"article\" \/>\n<meta property=\"og:title\" content=\"Prefeitura e Senac inscrevem para vagas em Itaqu\u00e1 - Encontra Itaquaquecetuba\" \/>\n<meta property=\"og:description\" content=\"A prefeitura de Itaquaquecetuba (por meio da secretaria municipal de Ind\u00fastria e Com\u00e9rcio) e o Senac\/Guarulhos informam que o prazo para as inscri\u00e7\u00f5es aos interessados em frequentar o programa &#8220;Educa\u00e7\u00e3o para o Trabalho&#8221; foi prorrogado. Cerca de 20 vagas ainda se encontram dispon\u00edveis, tendo em vista que alguns jovens solicitaram, mas, n\u00e3o efetivaram seus cadastros dentro do prazo estipulado. Sendo assim, as inscri\u00e7\u00f5es para as vagas remanescentes acontecem entre os dias 02 e 06 de julho. Segundo os respons\u00e1veis pelo programa, trata-se de uma capacita\u00e7\u00e3o que &#8220;visa a inclus\u00e3o de jovens socialmente desfavorescidos, por meio do desenvolvimento de compet\u00eancias que\" \/>\n<meta property=\"og:url\" content=\"https:\/\/www.encontraitaquaquecetuba.com.br\/sobre\/prefeitura-e-senac-inscrevem-para-vagas-em-itaqua\/\" \/>\n<meta property=\"og:site_name\" content=\"Encontra Itaquaquecetuba\" \/>\n<meta property=\"article:published_time\" content=\"2012-07-02T00:01:08+00:00\" \/>\n<meta property=\"article:modified_time\" content=\"2013-08-14T04:51:03+00:00\" \/>\n<meta name=\"author\" content=\"Encontra Itaquaquecetuba\" \/>\n<meta name=\"twitter:card\" content=\"summary_large_image\" \/>\n<meta name=\"twitter:label1\" content=\"Escrito por\" \/>\n\t<meta name=\"twitter:data1\" content=\"Encontra Itaquaquecetuba\" \/>\n\t<meta name=\"twitter:label2\" content=\"Est. tempo de leitura\" \/>\n\t<meta name=\"twitter:data2\" content=\"2 minutos\" \/>\n<script type=\"application\/ld+json\" class=\"yoast-schema-graph\">{\"@context\":\"https:\/\/schema.org\",\"@graph\":[{\"@type\":\"WebPage\",\"@id\":\"https:\/\/www.encontraitaquaquecetuba.com.br\/sobre\/prefeitura-e-senac-inscrevem-para-vagas-em-itaqua\/\",\"url\":\"https:\/\/www.encontraitaquaquecetuba.com.br\/sobre\/prefeitura-e-senac-inscrevem-para-vagas-em-itaqua\/\",\"name\":\"Prefeitura e Senac inscrevem para vagas em Itaqu\u00e1 - Encontra Itaquaquecetuba\",\"isPartOf\":{\"@id\":\"https:\/\/www.encontraitaquaquecetuba.com.br\/sobre\/#website\"},\"datePublished\":\"2012-07-02T00:01:08+00:00\",\"dateModified\":\"2013-08-14T04:51:03+00:00\",\"author\":{\"@id\":\"https:\/\/www.encontraitaquaquecetuba.com.br\/sobre\/#\/schema\/person\/a8a866dc746e447abf8ca22b02eae6ea\"},\"breadcrumb\":{\"@id\":\"https:\/\/www.encontraitaquaquecetuba.com.br\/sobre\/prefeitura-e-senac-inscrevem-para-vagas-em-itaqua\/#breadcrumb\"},\"inLanguage\":\"pt-BR\",\"potentialAction\":[{\"@type\":\"ReadAction\",\"target\":[\"https:\/\/www.encontraitaquaquecetuba.com.br\/sobre\/prefeitura-e-senac-inscrevem-para-vagas-em-itaqua\/\"]}]},{\"@type\":\"BreadcrumbList\",\"@id\":\"https:\/\/www.encontraitaquaquecetuba.com.br\/sobre\/prefeitura-e-senac-inscrevem-para-vagas-em-itaqua\/#breadcrumb\",\"itemListElement\":[{\"@type\":\"ListItem\",\"position\":1,\"name\":\"In\u00edcio\",\"item\":\"https:\/\/www.encontraitaquaquecetuba.com.br\/sobre\/\"},{\"@type\":\"ListItem\",\"position\":2,\"name\":\"Prefeitura e Senac inscrevem para vagas em Itaqu\u00e1\"}]},{\"@type\":\"WebSite\",\"@id\":\"https:\/\/www.encontraitaquaquecetuba.com.br\/sobre\/#website\",\"url\":\"https:\/\/www.encontraitaquaquecetuba.com.br\/sobre\/\",\"name\":\"Encontra Itaquaquecetuba\",\"description\":\"Not\u00edcias, eventos, informa\u00e7\u00f5es e dicas na cidade de Itaquaquecetuba e regi\u00e3o\",\"potentialAction\":[{\"@type\":\"SearchAction\",\"target\":{\"@type\":\"EntryPoint\",\"urlTemplate\":\"https:\/\/www.encontraitaquaquecetuba.com.br\/sobre\/?s={search_term_string}\"},\"query-input\":\"required name=search_term_string\"}],\"inLanguage\":\"pt-BR\"},{\"@type\":\"Person\",\"@id\":\"https:\/\/www.encontraitaquaquecetuba.com.br\/sobre\/#\/schema\/person\/a8a866dc746e447abf8ca22b02eae6ea\",\"name\":\"Encontra Itaquaquecetuba\",\"image\":{\"@type\":\"ImageObject\",\"inLanguage\":\"pt-BR\",\"@id\":\"https:\/\/www.encontraitaquaquecetuba.com.br\/sobre\/#\/schema\/person\/image\/\",\"url\":\"https:\/\/secure.gravatar.com\/avatar\/f007732be0d27cbf8a336929fe922478?s=96&d=mm&r=g\",\"contentUrl\":\"https:\/\/secure.gravatar.com\/avatar\/f007732be0d27cbf8a336929fe922478?s=96&d=mm&r=g\",\"caption\":\"Encontra Itaquaquecetuba\"},\"sameAs\":[\"http:\/\/www.encontraitaquaquecetuba.com.br\"],\"url\":\"https:\/\/www.encontraitaquaquecetuba.com.br\/sobre\/author\/eitaquaquecetuba\/\"}]}<\/script>\n<!-- \/ Yoast SEO plugin. -->","yoast_head_json":{"title":"Prefeitura e Senac inscrevem para vagas em Itaqu\u00e1 - Encontra Itaquaquecetuba","robots":{"index":"index","follow":"follow","max-snippet":"max-snippet:-1","max-image-preview":"max-image-preview:large","max-video-preview":"max-video-preview:-1"},"canonical":"https:\/\/www.encontraitaquaquecetuba.com.br\/sobre\/prefeitura-e-senac-inscrevem-para-vagas-em-itaqua\/","og_locale":"pt_BR","og_type":"article","og_title":"Prefeitura e Senac inscrevem para vagas em Itaqu\u00e1 - Encontra Itaquaquecetuba","og_description":"A prefeitura de Itaquaquecetuba (por meio da secretaria municipal de Ind\u00fastria e Com\u00e9rcio) e o Senac\/Guarulhos informam que o prazo para as inscri\u00e7\u00f5es aos interessados em frequentar o programa &#8220;Educa\u00e7\u00e3o para o Trabalho&#8221; foi prorrogado. Cerca de 20 vagas ainda se encontram dispon\u00edveis, tendo em vista que alguns jovens solicitaram, mas, n\u00e3o efetivaram seus cadastros dentro do prazo estipulado. Sendo assim, as inscri\u00e7\u00f5es para as vagas remanescentes acontecem entre os dias 02 e 06 de julho. Segundo os respons\u00e1veis pelo programa, trata-se de uma capacita\u00e7\u00e3o que &#8220;visa a inclus\u00e3o de jovens socialmente desfavorescidos, por meio do desenvolvimento de compet\u00eancias que","og_url":"https:\/\/www.encontraitaquaquecetuba.com.br\/sobre\/prefeitura-e-senac-inscrevem-para-vagas-em-itaqua\/","og_site_name":"Encontra Itaquaquecetuba","article_published_time":"2012-07-02T00:01:08+00:00","article_modified_time":"2013-08-14T04:51:03+00:00","author":"Encontra Itaquaquecetuba","twitter_card":"summary_large_image","twitter_misc":{"Escrito por":"Encontra Itaquaquecetuba","Est. tempo de leitura":"2 minutos"},"schema":{"@context":"https:\/\/schema.org","@graph":[{"@type":"WebPage","@id":"https:\/\/www.encontraitaquaquecetuba.com.br\/sobre\/prefeitura-e-senac-inscrevem-para-vagas-em-itaqua\/","url":"https:\/\/www.encontraitaquaquecetuba.com.br\/sobre\/prefeitura-e-senac-inscrevem-para-vagas-em-itaqua\/","name":"Prefeitura e Senac inscrevem para vagas em Itaqu\u00e1 - Encontra Itaquaquecetuba","isPartOf":{"@id":"https:\/\/www.encontraitaquaquecetuba.com.br\/sobre\/#website"},"datePublished":"2012-07-02T00:01:08+00:00","dateModified":"2013-08-14T04:51:03+00:00","author":{"@id":"https:\/\/www.encontraitaquaquecetuba.com.br\/sobre\/#\/schema\/person\/a8a866dc746e447abf8ca22b02eae6ea"},"breadcrumb":{"@id":"https:\/\/www.encontraitaquaquecetuba.com.br\/sobre\/prefeitura-e-senac-inscrevem-para-vagas-em-itaqua\/#breadcrumb"},"inLanguage":"pt-BR","potentialAction":[{"@type":"ReadAction","target":["https:\/\/www.encontraitaquaquecetuba.com.br\/sobre\/prefeitura-e-senac-inscrevem-para-vagas-em-itaqua\/"]}]},{"@type":"BreadcrumbList","@id":"https:\/\/www.encontraitaquaquecetuba.com.br\/sobre\/prefeitura-e-senac-inscrevem-para-vagas-em-itaqua\/#breadcrumb","itemListElement":[{"@type":"ListItem","position":1,"name":"In\u00edcio","item":"https:\/\/www.encontraitaquaquecetuba.com.br\/sobre\/"},{"@type":"ListItem","position":2,"name":"Prefeitura e Senac inscrevem para vagas em Itaqu\u00e1"}]},{"@type":"WebSite","@id":"https:\/\/www.encontraitaquaquecetuba.com.br\/sobre\/#website","url":"https:\/\/www.encontraitaquaquecetuba.com.br\/sobre\/","name":"Encontra Itaquaquecetuba","description":"Not\u00edcias, eventos, informa\u00e7\u00f5es e dicas na cidade de Itaquaquecetuba e regi\u00e3o","potentialAction":[{"@type":"SearchAction","target":{"@type":"EntryPoint","urlTemplate":"https:\/\/www.encontraitaquaquecetuba.com.br\/sobre\/?s={search_term_string}"},"query-input":"required name=search_term_string"}],"inLanguage":"pt-BR"},{"@type":"Person","@id":"https:\/\/www.encontraitaquaquecetuba.com.br\/sobre\/#\/schema\/person\/a8a866dc746e447abf8ca22b02eae6ea","name":"Encontra Itaquaquecetuba","image":{"@type":"ImageObject","inLanguage":"pt-BR","@id":"https:\/\/www.encontraitaquaquecetuba.com.br\/sobre\/#\/schema\/person\/image\/","url":"https:\/\/secure.gravatar.com\/avatar\/f007732be0d27cbf8a336929fe922478?s=96&d=mm&r=g","contentUrl":"https:\/\/secure.gravatar.com\/avatar\/f007732be0d27cbf8a336929fe922478?s=96&d=mm&r=g","caption":"Encontra Itaquaquecetuba"},"sameAs":["http:\/\/www.encontraitaquaquecetuba.com.br"],"url":"https:\/\/www.encontraitaquaquecetuba.com.br\/sobre\/author\/eitaquaquecetuba\/"}]}},"_links":{"self":[{"href":"https:\/\/www.encontraitaquaquecetuba.com.br\/sobre\/wp-json\/wp\/v2\/posts\/561"}],"collection":[{"href":"https:\/\/www.encontraitaquaquecetuba.com.br\/sobre\/wp-json\/wp\/v2\/posts"}],"about":[{"href":"https:\/\/www.encontraitaquaquecetuba.com.br\/sobre\/wp-json\/wp\/v2\/types\/post"}],"author":[{"embeddable":true,"href":"https:\/\/www.encontraitaquaquecetuba.com.br\/sobre\/wp-json\/wp\/v2\/users\/1"}],"replies":[{"embeddable":true,"href":"https:\/\/www.encontraitaquaquecetuba.com.br\/sobre\/wp-json\/wp\/v2\/comments?post=561"}],"version-history":[{"count":0,"href":"https:\/\/www.encontraitaquaquecetuba.com.br\/sobre\/wp-json\/wp\/v2\/posts\/561\/revisions"}],"wp:attachment":[{"href":"https:\/\/www.encontraitaquaquecetuba.com.br\/sobre\/wp-json\/wp\/v2\/media?parent=561"}],"wp:term":[{"taxonomy":"category","embeddable":true,"href":"https:\/\/www.encontraitaquaquecetuba.com.br\/sobre\/wp-json\/wp\/v2\/categories?post=561"},{"taxonomy":"post_tag","embeddable":true,"href":"https:\/\/www.encontraitaquaquecetuba.com.br\/sobre\/wp-json\/wp\/v2\/tags?post=561"}],"curies":[{"name":"wp","href":"https:\/\/api.w.org\/{rel}","templated":true}]}}