{"id":567,"date":"2012-07-04T00:09:49","date_gmt":"2012-07-04T00:09:49","guid":{"rendered":"http:\/\/www.encontraitaquaquecetuba.com.br\/noticias\/?p=567"},"modified":"2013-08-14T04:51:04","modified_gmt":"2013-08-14T04:51:04","slug":"jardim-miray-ganha-nova-creche-e-unidade-saude-da-familia-em-itaqua","status":"publish","type":"post","link":"https:\/\/www.encontraitaquaquecetuba.com.br\/sobre\/jardim-miray-ganha-nova-creche-e-unidade-saude-da-familia-em-itaqua\/","title":{"rendered":"Jardim Miray ganha nova creche e Unidade Sa\u00fade da Fam\u00edlia em Itaqu\u00e1"},"content":{"rendered":"<div class=\"80eb2665678f8e3864bb9a528523815b\" data-index=\"1\" style=\"float: none; margin:5px 0 5px 0; text-align:center;\">\n<!-- PUB 73 - Responsivo Horizontal -->\r\n<ins class=\"adsbygoogle\"\r\n     style=\"display:block\"\r\n     data-ad-client=\"ca-pub-7321736592693252\"\r\n     data-ad-slot=\"3087950420\"\r\n     data-ad-format=\"auto\"\r\n     data-full-width-responsive=\"true\"><\/ins>\r\n<script>\r\n     (adsbygoogle = window.adsbygoogle || []).push({});\r\n<\/script>\n<\/div>\n<p>O Jardim Miray, em Itaquaquecetuba, ganhou no \u00faltimo s\u00e1bado (dia 30), a creche municipal &#8220;Rosalia Neira Barreiro&#8221; e a Unidade Sa\u00fade da Fam\u00edlia (USF) &#8220;Yeh Wann Sheng&#8221;. Sendo assim, o munic\u00edpio passa a contar com seis Unidades Sa\u00fade da Fam\u00edlia e 13 creches municipais. &#8220;H\u00e1 algum tempo que as m\u00e3es da comunidade j\u00e1 reivindicavam por uma creche.<\/p>\n<p>Agora elas passam a ter mais seguran\u00e7a, deixando suas crian\u00e7as aqui em tempo integral&#8221;, informa a secret\u00e1ria municipal de Educa\u00e7\u00e3o, professora, Vera Garcia. Estavam presentes na inaugura\u00e7\u00e3o, entre outras autoridades, o prefeito Armando Tavares Filho, o Armando da Farm\u00e1cia, e a secret\u00e1ria municipal de Sa\u00fade, Jackeline de Moraes Ghizzi.<\/p>\n<p>A Creche Municipal &#8220;Rosalia Neira Barreiro&#8221; dever\u00e1 atender 150 alunos, &#8220;o que representa o atendimento \u00e0 demanda local&#8221;, afirma a secret\u00e1ria. A institui\u00e7\u00e3o funcionar\u00e1 em per\u00edodo integral das 7h \u00e0s 17h, de segunda \u00e0 sexta-feira, atendendo o Infantil I (de 0 a 1 ano), Infantil II (1 a 2 anos), Infantil III (2 a 3 anos) e Infantil IV (3 a 4 anos). &#8220;Como estamos em recesso, as atividades na nova creche devem come\u00e7ar no dia 26 de julho&#8221;, avisa Vera. A diretora do local ser\u00e1 Marley Faria Rocha. Al\u00e9m de 13 creches municipais, a cidade conta com 18 creches comunit\u00e1rias.<\/p>\n<p>A nova creche e a USF ficam \u00e0 Rua Maring\u00e1, no Jardim Miray.<br \/>\nA Unidade Sa\u00fade da Fam\u00edlia (USF) &#8220;Yeh Wann Sheng&#8221; vai contar com a atua\u00e7\u00e3o de tr\u00eas equipes formadas por m\u00e9dico, enfermeira, auxiliares de Enfermagem, agente comunit\u00e1rio de Sa\u00fade e dentista. &#8220;Cada equipe vai atuar em uma \u00e1rea diferente do Jardim Miray&#8221;, afirma a coordenadora da Estrat\u00e9gia Sa\u00fade da Fam\u00edlia, Pryscila Laera Delgado.<\/p>\n<p>A secret\u00e1ria municipal de Sa\u00fade, Jackeline, lembra que o principal diferencial entre a Unidade B\u00e1sica de Sa\u00fade (UBS) e a Unidade Sa\u00fade da Fam\u00edlia (USF) \u00e9 o atendimento domiciliar. &#8220;Na nova USF do Miray as fam\u00edlias ser\u00e3o cadastradas e posteriormente receber\u00e3o atendimento domiciliar&#8221;, informa ela. Segundo previs\u00e3o da secret\u00e1ria, cada equipe deve atender entre 1000 e 1500 fam\u00edlias, j\u00e1 a unidade num todo entre 10 mil e 15 mil pessoas.<\/p>\n<p>E n\u00e3o perdendo de vista a meta do prefeito Armando em melhorar cada vez mais o atendimento na Educa\u00e7\u00e3o e Sa\u00fade, atendendo mais e melhor a comunidade, na quarta (dia 4) e quinta-feira (dia 5), ser\u00e3o inauguradas respectivamente as creches comunit\u00e1rias &#8220;Jos\u00e9 C\u00e2ndido Agostinho Neto&#8221;, na Avenida Duque de Caxias, 460, Tip\u00f3ia; e &#8220;Miguel Alves Pereira&#8221;, \u00e0 Avenida Itaquaquecetuba, 655, no Monte Belo. E ainda est\u00e3o previstos para este m\u00eas a inaugura\u00e7\u00e3o do Pronto-Socorro e tamb\u00e9m de uma Unidade B\u00e1sica de Sa\u00fade (UBS) no Jardim Paineira, em breve.<\/p>\n<p><em>Fonte: Prefeitura de Itaquaquecetuba<\/em><\/p>\n<p>&nbsp;<\/p>\n\n<div style=\"font-size: 0px; height: 0px; line-height: 0px; margin: 0; padding: 0; clear: both;\"><\/div>","protected":false},"excerpt":{"rendered":"<p>O Jardim Miray, em Itaquaquecetuba, ganhou no \u00faltimo s\u00e1bado (dia 30), a creche municipal &#8220;Rosalia Neira Barreiro&#8221; e a Unidade Sa\u00fade da Fam\u00edlia (USF) &#8220;Yeh Wann Sheng&#8221;. Sendo assim, o munic\u00edpio passa a contar com seis Unidades Sa\u00fade da Fam\u00edlia e 13 creches municipais. &#8220;H\u00e1 algum tempo que as m\u00e3es da comunidade j\u00e1 reivindicavam por uma creche. Agora elas passam a ter mais seguran\u00e7a, deixando suas crian\u00e7as aqui em tempo integral&#8221;, informa a secret\u00e1ria municipal de Educa\u00e7\u00e3o, professora, Vera Garcia. Estavam presentes na inaugura\u00e7\u00e3o, entre outras autoridades, o prefeito Armando Tavares Filho, o Armando da Farm\u00e1cia, e a secret\u00e1ria municipal <\/p>\n","protected":false},"author":1,"featured_media":0,"comment_status":"open","ping_status":"open","sticky":false,"template":"","format":"standard","meta":[],"categories":[8],"tags":[14],"yoast_head":"<!-- This site is optimized with the Yoast SEO plugin v19.6.1 - https:\/\/yoast.com\/wordpress\/plugins\/seo\/ -->\n<title>Jardim Miray ganha nova creche e Unidade Sa\u00fade da Fam\u00edlia em Itaqu\u00e1 - Encontra Itaquaquecetuba<\/title>\n<meta name=\"robots\" content=\"index, follow, max-snippet:-1, max-image-preview:large, max-video-preview:-1\" \/>\n<link rel=\"canonical\" href=\"https:\/\/www.encontraitaquaquecetuba.com.br\/sobre\/jardim-miray-ganha-nova-creche-e-unidade-saude-da-familia-em-itaqua\/\" \/>\n<meta property=\"og:locale\" content=\"pt_BR\" \/>\n<meta property=\"og:type\" content=\"article\" \/>\n<meta property=\"og:title\" content=\"Jardim Miray ganha nova creche e Unidade Sa\u00fade da Fam\u00edlia em Itaqu\u00e1 - Encontra Itaquaquecetuba\" \/>\n<meta property=\"og:description\" content=\"O Jardim Miray, em Itaquaquecetuba, ganhou no \u00faltimo s\u00e1bado (dia 30), a creche municipal &#8220;Rosalia Neira Barreiro&#8221; e a Unidade Sa\u00fade da Fam\u00edlia (USF) &#8220;Yeh Wann Sheng&#8221;. Sendo assim, o munic\u00edpio passa a contar com seis Unidades Sa\u00fade da Fam\u00edlia e 13 creches municipais. &#8220;H\u00e1 algum tempo que as m\u00e3es da comunidade j\u00e1 reivindicavam por uma creche. Agora elas passam a ter mais seguran\u00e7a, deixando suas crian\u00e7as aqui em tempo integral&#8221;, informa a secret\u00e1ria municipal de Educa\u00e7\u00e3o, professora, Vera Garcia. Estavam presentes na inaugura\u00e7\u00e3o, entre outras autoridades, o prefeito Armando Tavares Filho, o Armando da Farm\u00e1cia, e a secret\u00e1ria municipal\" \/>\n<meta property=\"og:url\" content=\"https:\/\/www.encontraitaquaquecetuba.com.br\/sobre\/jardim-miray-ganha-nova-creche-e-unidade-saude-da-familia-em-itaqua\/\" \/>\n<meta property=\"og:site_name\" content=\"Encontra Itaquaquecetuba\" \/>\n<meta property=\"article:published_time\" content=\"2012-07-04T00:09:49+00:00\" \/>\n<meta property=\"article:modified_time\" content=\"2013-08-14T04:51:04+00:00\" \/>\n<meta name=\"author\" content=\"Encontra Itaquaquecetuba\" \/>\n<meta name=\"twitter:card\" content=\"summary_large_image\" \/>\n<meta name=\"twitter:label1\" content=\"Escrito por\" \/>\n\t<meta name=\"twitter:data1\" content=\"Encontra Itaquaquecetuba\" \/>\n\t<meta name=\"twitter:label2\" content=\"Est. tempo de leitura\" \/>\n\t<meta name=\"twitter:data2\" content=\"2 minutos\" \/>\n<script type=\"application\/ld+json\" class=\"yoast-schema-graph\">{\"@context\":\"https:\/\/schema.org\",\"@graph\":[{\"@type\":\"WebPage\",\"@id\":\"https:\/\/www.encontraitaquaquecetuba.com.br\/sobre\/jardim-miray-ganha-nova-creche-e-unidade-saude-da-familia-em-itaqua\/\",\"url\":\"https:\/\/www.encontraitaquaquecetuba.com.br\/sobre\/jardim-miray-ganha-nova-creche-e-unidade-saude-da-familia-em-itaqua\/\",\"name\":\"Jardim Miray ganha nova creche e Unidade Sa\u00fade da Fam\u00edlia em Itaqu\u00e1 - Encontra Itaquaquecetuba\",\"isPartOf\":{\"@id\":\"https:\/\/www.encontraitaquaquecetuba.com.br\/sobre\/#website\"},\"datePublished\":\"2012-07-04T00:09:49+00:00\",\"dateModified\":\"2013-08-14T04:51:04+00:00\",\"author\":{\"@id\":\"https:\/\/www.encontraitaquaquecetuba.com.br\/sobre\/#\/schema\/person\/a8a866dc746e447abf8ca22b02eae6ea\"},\"breadcrumb\":{\"@id\":\"https:\/\/www.encontraitaquaquecetuba.com.br\/sobre\/jardim-miray-ganha-nova-creche-e-unidade-saude-da-familia-em-itaqua\/#breadcrumb\"},\"inLanguage\":\"pt-BR\",\"potentialAction\":[{\"@type\":\"ReadAction\",\"target\":[\"https:\/\/www.encontraitaquaquecetuba.com.br\/sobre\/jardim-miray-ganha-nova-creche-e-unidade-saude-da-familia-em-itaqua\/\"]}]},{\"@type\":\"BreadcrumbList\",\"@id\":\"https:\/\/www.encontraitaquaquecetuba.com.br\/sobre\/jardim-miray-ganha-nova-creche-e-unidade-saude-da-familia-em-itaqua\/#breadcrumb\",\"itemListElement\":[{\"@type\":\"ListItem\",\"position\":1,\"name\":\"In\u00edcio\",\"item\":\"https:\/\/www.encontraitaquaquecetuba.com.br\/sobre\/\"},{\"@type\":\"ListItem\",\"position\":2,\"name\":\"Jardim Miray ganha nova creche e Unidade Sa\u00fade da Fam\u00edlia em Itaqu\u00e1\"}]},{\"@type\":\"WebSite\",\"@id\":\"https:\/\/www.encontraitaquaquecetuba.com.br\/sobre\/#website\",\"url\":\"https:\/\/www.encontraitaquaquecetuba.com.br\/sobre\/\",\"name\":\"Encontra Itaquaquecetuba\",\"description\":\"Not\u00edcias, eventos, informa\u00e7\u00f5es e dicas na cidade de Itaquaquecetuba e regi\u00e3o\",\"potentialAction\":[{\"@type\":\"SearchAction\",\"target\":{\"@type\":\"EntryPoint\",\"urlTemplate\":\"https:\/\/www.encontraitaquaquecetuba.com.br\/sobre\/?s={search_term_string}\"},\"query-input\":\"required name=search_term_string\"}],\"inLanguage\":\"pt-BR\"},{\"@type\":\"Person\",\"@id\":\"https:\/\/www.encontraitaquaquecetuba.com.br\/sobre\/#\/schema\/person\/a8a866dc746e447abf8ca22b02eae6ea\",\"name\":\"Encontra Itaquaquecetuba\",\"image\":{\"@type\":\"ImageObject\",\"inLanguage\":\"pt-BR\",\"@id\":\"https:\/\/www.encontraitaquaquecetuba.com.br\/sobre\/#\/schema\/person\/image\/\",\"url\":\"https:\/\/secure.gravatar.com\/avatar\/f007732be0d27cbf8a336929fe922478?s=96&d=mm&r=g\",\"contentUrl\":\"https:\/\/secure.gravatar.com\/avatar\/f007732be0d27cbf8a336929fe922478?s=96&d=mm&r=g\",\"caption\":\"Encontra Itaquaquecetuba\"},\"sameAs\":[\"http:\/\/www.encontraitaquaquecetuba.com.br\"],\"url\":\"https:\/\/www.encontraitaquaquecetuba.com.br\/sobre\/author\/eitaquaquecetuba\/\"}]}<\/script>\n<!-- \/ Yoast SEO plugin. -->","yoast_head_json":{"title":"Jardim Miray ganha nova creche e Unidade Sa\u00fade da Fam\u00edlia em Itaqu\u00e1 - Encontra Itaquaquecetuba","robots":{"index":"index","follow":"follow","max-snippet":"max-snippet:-1","max-image-preview":"max-image-preview:large","max-video-preview":"max-video-preview:-1"},"canonical":"https:\/\/www.encontraitaquaquecetuba.com.br\/sobre\/jardim-miray-ganha-nova-creche-e-unidade-saude-da-familia-em-itaqua\/","og_locale":"pt_BR","og_type":"article","og_title":"Jardim Miray ganha nova creche e Unidade Sa\u00fade da Fam\u00edlia em Itaqu\u00e1 - Encontra Itaquaquecetuba","og_description":"O Jardim Miray, em Itaquaquecetuba, ganhou no \u00faltimo s\u00e1bado (dia 30), a creche municipal &#8220;Rosalia Neira Barreiro&#8221; e a Unidade Sa\u00fade da Fam\u00edlia (USF) &#8220;Yeh Wann Sheng&#8221;. Sendo assim, o munic\u00edpio passa a contar com seis Unidades Sa\u00fade da Fam\u00edlia e 13 creches municipais. &#8220;H\u00e1 algum tempo que as m\u00e3es da comunidade j\u00e1 reivindicavam por uma creche. Agora elas passam a ter mais seguran\u00e7a, deixando suas crian\u00e7as aqui em tempo integral&#8221;, informa a secret\u00e1ria municipal de Educa\u00e7\u00e3o, professora, Vera Garcia. Estavam presentes na inaugura\u00e7\u00e3o, entre outras autoridades, o prefeito Armando Tavares Filho, o Armando da Farm\u00e1cia, e a secret\u00e1ria municipal","og_url":"https:\/\/www.encontraitaquaquecetuba.com.br\/sobre\/jardim-miray-ganha-nova-creche-e-unidade-saude-da-familia-em-itaqua\/","og_site_name":"Encontra Itaquaquecetuba","article_published_time":"2012-07-04T00:09:49+00:00","article_modified_time":"2013-08-14T04:51:04+00:00","author":"Encontra Itaquaquecetuba","twitter_card":"summary_large_image","twitter_misc":{"Escrito por":"Encontra Itaquaquecetuba","Est. tempo de leitura":"2 minutos"},"schema":{"@context":"https:\/\/schema.org","@graph":[{"@type":"WebPage","@id":"https:\/\/www.encontraitaquaquecetuba.com.br\/sobre\/jardim-miray-ganha-nova-creche-e-unidade-saude-da-familia-em-itaqua\/","url":"https:\/\/www.encontraitaquaquecetuba.com.br\/sobre\/jardim-miray-ganha-nova-creche-e-unidade-saude-da-familia-em-itaqua\/","name":"Jardim Miray ganha nova creche e Unidade Sa\u00fade da Fam\u00edlia em Itaqu\u00e1 - Encontra Itaquaquecetuba","isPartOf":{"@id":"https:\/\/www.encontraitaquaquecetuba.com.br\/sobre\/#website"},"datePublished":"2012-07-04T00:09:49+00:00","dateModified":"2013-08-14T04:51:04+00:00","author":{"@id":"https:\/\/www.encontraitaquaquecetuba.com.br\/sobre\/#\/schema\/person\/a8a866dc746e447abf8ca22b02eae6ea"},"breadcrumb":{"@id":"https:\/\/www.encontraitaquaquecetuba.com.br\/sobre\/jardim-miray-ganha-nova-creche-e-unidade-saude-da-familia-em-itaqua\/#breadcrumb"},"inLanguage":"pt-BR","potentialAction":[{"@type":"ReadAction","target":["https:\/\/www.encontraitaquaquecetuba.com.br\/sobre\/jardim-miray-ganha-nova-creche-e-unidade-saude-da-familia-em-itaqua\/"]}]},{"@type":"BreadcrumbList","@id":"https:\/\/www.encontraitaquaquecetuba.com.br\/sobre\/jardim-miray-ganha-nova-creche-e-unidade-saude-da-familia-em-itaqua\/#breadcrumb","itemListElement":[{"@type":"ListItem","position":1,"name":"In\u00edcio","item":"https:\/\/www.encontraitaquaquecetuba.com.br\/sobre\/"},{"@type":"ListItem","position":2,"name":"Jardim Miray ganha nova creche e Unidade Sa\u00fade da Fam\u00edlia em Itaqu\u00e1"}]},{"@type":"WebSite","@id":"https:\/\/www.encontraitaquaquecetuba.com.br\/sobre\/#website","url":"https:\/\/www.encontraitaquaquecetuba.com.br\/sobre\/","name":"Encontra Itaquaquecetuba","description":"Not\u00edcias, eventos, informa\u00e7\u00f5es e dicas na cidade de Itaquaquecetuba e regi\u00e3o","potentialAction":[{"@type":"SearchAction","target":{"@type":"EntryPoint","urlTemplate":"https:\/\/www.encontraitaquaquecetuba.com.br\/sobre\/?s={search_term_string}"},"query-input":"required name=search_term_string"}],"inLanguage":"pt-BR"},{"@type":"Person","@id":"https:\/\/www.encontraitaquaquecetuba.com.br\/sobre\/#\/schema\/person\/a8a866dc746e447abf8ca22b02eae6ea","name":"Encontra Itaquaquecetuba","image":{"@type":"ImageObject","inLanguage":"pt-BR","@id":"https:\/\/www.encontraitaquaquecetuba.com.br\/sobre\/#\/schema\/person\/image\/","url":"https:\/\/secure.gravatar.com\/avatar\/f007732be0d27cbf8a336929fe922478?s=96&d=mm&r=g","contentUrl":"https:\/\/secure.gravatar.com\/avatar\/f007732be0d27cbf8a336929fe922478?s=96&d=mm&r=g","caption":"Encontra Itaquaquecetuba"},"sameAs":["http:\/\/www.encontraitaquaquecetuba.com.br"],"url":"https:\/\/www.encontraitaquaquecetuba.com.br\/sobre\/author\/eitaquaquecetuba\/"}]}},"_links":{"self":[{"href":"https:\/\/www.encontraitaquaquecetuba.com.br\/sobre\/wp-json\/wp\/v2\/posts\/567"}],"collection":[{"href":"https:\/\/www.encontraitaquaquecetuba.com.br\/sobre\/wp-json\/wp\/v2\/posts"}],"about":[{"href":"https:\/\/www.encontraitaquaquecetuba.com.br\/sobre\/wp-json\/wp\/v2\/types\/post"}],"author":[{"embeddable":true,"href":"https:\/\/www.encontraitaquaquecetuba.com.br\/sobre\/wp-json\/wp\/v2\/users\/1"}],"replies":[{"embeddable":true,"href":"https:\/\/www.encontraitaquaquecetuba.com.br\/sobre\/wp-json\/wp\/v2\/comments?post=567"}],"version-history":[{"count":0,"href":"https:\/\/www.encontraitaquaquecetuba.com.br\/sobre\/wp-json\/wp\/v2\/posts\/567\/revisions"}],"wp:attachment":[{"href":"https:\/\/www.encontraitaquaquecetuba.com.br\/sobre\/wp-json\/wp\/v2\/media?parent=567"}],"wp:term":[{"taxonomy":"category","embeddable":true,"href":"https:\/\/www.encontraitaquaquecetuba.com.br\/sobre\/wp-json\/wp\/v2\/categories?post=567"},{"taxonomy":"post_tag","embeddable":true,"href":"https:\/\/www.encontraitaquaquecetuba.com.br\/sobre\/wp-json\/wp\/v2\/tags?post=567"}],"curies":[{"name":"wp","href":"https:\/\/api.w.org\/{rel}","templated":true}]}}