{"id":601,"date":"2012-07-12T17:54:56","date_gmt":"2012-07-12T17:54:56","guid":{"rendered":"http:\/\/www.encontraitaquaquecetuba.com.br\/noticias\/?p=601"},"modified":"2013-08-14T04:51:04","modified_gmt":"2013-08-14T04:51:04","slug":"festival-de-musica-sertaneja-em-itaqua-recebe-inscricoes-ate-dia-18","status":"publish","type":"post","link":"https:\/\/www.encontraitaquaquecetuba.com.br\/sobre\/festival-de-musica-sertaneja-em-itaqua-recebe-inscricoes-ate-dia-18\/","title":{"rendered":"Festival de M\u00fasica Sertaneja em Itaqu\u00e1 recebe inscri\u00e7\u00f5es at\u00e9 dia 18"},"content":{"rendered":"<div class=\"80eb2665678f8e3864bb9a528523815b\" data-index=\"1\" style=\"float: none; margin:5px 0 5px 0; text-align:center;\">\n<!-- PUB 73 - Responsivo Horizontal -->\r\n<ins class=\"adsbygoogle\"\r\n     style=\"display:block\"\r\n     data-ad-client=\"ca-pub-7321736592693252\"\r\n     data-ad-slot=\"3087950420\"\r\n     data-ad-format=\"auto\"\r\n     data-full-width-responsive=\"true\"><\/ins>\r\n<script>\r\n     (adsbygoogle = window.adsbygoogle || []).push({});\r\n<\/script>\n<\/div>\n<p>Quem gosta de interpretar ou compor no melhor estilo sertanejo n\u00e3o deve perder o XVII Festival de M\u00fasica Sertaneja em Itaquaquecetuba que est\u00e1 com inscri\u00e7\u00f5es abertas s\u00f3 at\u00e9 o dia 18 de julho (quarta-feira).<\/p>\n<p>As inscri\u00e7\u00f5es s\u00e3o gratuitas e podem se inscrever cantores solo, duplas e trios com acompanhamento musical opcional.<\/p>\n<p>O tradicional festival vai ocorrer no dia 22 de julho, \u00e0s 14 horas, no<a href=\"http:\/\/www.encontraitaquaquecetuba.com.br\/itaquaquecetuba\/parque-ecologico-itaquaquecetuba.shtml\" target=\"_blank\"> Parque Ecol\u00f3gico Municipal<\/a>, e cada concorrente poder\u00e1 inscrever apenas uma composi\u00e7\u00e3o que dever\u00e1 ser in\u00e9dita e original. A premia\u00e7\u00e3o ser\u00e1 em dinheiro e trof\u00e9us, sendo que o 1\u00ba colocado vai ganhar R$ 1.750,00; 2\u00ba, R$ 1.500,00; e 3\u00ba, R$ 1.250,00. O melhor int\u00e9rprete tamb\u00e9m ganhar\u00e1 trof\u00e9u. &#8220;A iniciativa \u00e9 um importante resgate da cultura sertaneja e todos os divulgadores dessa cultura est\u00e3o convidados a participar do festival&#8221;, convida o secret\u00e1rio municipal de Cultura e Turismo, Jandir Jorge Souto.<\/p>\n<p>Conjunto, m\u00fasica, letra e interpreta\u00e7\u00e3o ser\u00e3o os itens julgados pela comiss\u00e3o, onde cada membro ficar\u00e1 respons\u00e1vel pela avalia\u00e7\u00e3o de cada um deles. Um dos objetivos do evento \u00e9 o &#8220;resgate da m\u00fasica raiz no sentido da valoriza\u00e7\u00e3o da Cultura e das tradi\u00e7\u00f5es do campo, por meio de manifesta\u00e7\u00f5es art\u00edstico-culturais, e o congra\u00e7amento entre cantores e compositores desse segmento musical&#8221;. Como ocorre todo ano, a Secretaria Municipal de Cultura e Turismo (SMCT) espera que o concurso continue sendo prestigiado pelos divulgadores da m\u00fasica sertaneja na regi\u00e3o que podem se inscrever junto \u00e0 sede da secretaria at\u00e9 o dia 18 de julho.<\/p>\n<p>O XVII Festival de M\u00fasica Sertaneja em Itaquaquecetuba \u00e9 uma realiza\u00e7\u00e3o da SMCT e conta com o apoio da Prefeitura e <a href=\"http:\/\/www.encontraitaquaquecetuba.com.br\/itaquaquecetuba\/camara-municipal-de-itaquaquecetuba.shtml\" target=\"_blank\">C\u00e2mara Municipal de Itaquaquecetuba<\/a>.<\/p>\n<p>O grande festival de m\u00fasica sertaneja vai reunir int\u00e9rpretes e compositores de toda a regi\u00e3o e ser\u00e1 apresentado no domingo (dia 22), a partir das 14 horas, na Escola Municipal &#8220;Vereador Augusto dos Santos&#8221;, que fica na Rua Cabr\u00e1lia Paulista, 100, Parque Ecol\u00f3gico Municipal, Esta\u00e7\u00e3o. O evento ter\u00e1 entrada franca. O regulamento do festival consta no site itaquaquecetuba.sp.gov.br As inscri\u00e7\u00f5es gratuitas devem ser feitas nas instala\u00e7\u00f5es da Secretaria de Cultura \u00e0 Estrada Santa Isabel, 761, Vila Gepina, Itaquaquecetuba, telefone 4754-2111.<\/p>\n<p><em>Fonte: Prefeitura Municipal de Itaquaquecetuba<\/em><\/p>\n\n<div style=\"font-size: 0px; height: 0px; line-height: 0px; margin: 0; padding: 0; clear: both;\"><\/div>","protected":false},"excerpt":{"rendered":"<p>Quem gosta de interpretar ou compor no melhor estilo sertanejo n\u00e3o deve perder o XVII Festival de M\u00fasica Sertaneja em Itaquaquecetuba que est\u00e1 com inscri\u00e7\u00f5es abertas s\u00f3 at\u00e9 o dia 18 de julho (quarta-feira). As inscri\u00e7\u00f5es s\u00e3o gratuitas e podem se inscrever cantores solo, duplas e trios com acompanhamento musical opcional. O tradicional festival vai ocorrer no dia 22 de julho, \u00e0s 14 horas, no Parque Ecol\u00f3gico Municipal, e cada concorrente poder\u00e1 inscrever apenas uma composi\u00e7\u00e3o que dever\u00e1 ser in\u00e9dita e original. A premia\u00e7\u00e3o ser\u00e1 em dinheiro e trof\u00e9us, sendo que o 1\u00ba colocado vai ganhar R$ 1.750,00; 2\u00ba, R$ <\/p>\n","protected":false},"author":1,"featured_media":0,"comment_status":"open","ping_status":"open","sticky":false,"template":"","format":"standard","meta":[],"categories":[9],"tags":[14],"yoast_head":"<!-- This site is optimized with the Yoast SEO plugin v19.6.1 - https:\/\/yoast.com\/wordpress\/plugins\/seo\/ -->\n<title>Festival de M\u00fasica Sertaneja em Itaqu\u00e1 recebe inscri\u00e7\u00f5es at\u00e9 dia 18 - Encontra Itaquaquecetuba<\/title>\n<meta name=\"robots\" content=\"index, follow, max-snippet:-1, max-image-preview:large, max-video-preview:-1\" \/>\n<link rel=\"canonical\" href=\"https:\/\/www.encontraitaquaquecetuba.com.br\/sobre\/festival-de-musica-sertaneja-em-itaqua-recebe-inscricoes-ate-dia-18\/\" \/>\n<meta property=\"og:locale\" content=\"pt_BR\" \/>\n<meta property=\"og:type\" content=\"article\" \/>\n<meta property=\"og:title\" content=\"Festival de M\u00fasica Sertaneja em Itaqu\u00e1 recebe inscri\u00e7\u00f5es at\u00e9 dia 18 - Encontra Itaquaquecetuba\" \/>\n<meta property=\"og:description\" content=\"Quem gosta de interpretar ou compor no melhor estilo sertanejo n\u00e3o deve perder o XVII Festival de M\u00fasica Sertaneja em Itaquaquecetuba que est\u00e1 com inscri\u00e7\u00f5es abertas s\u00f3 at\u00e9 o dia 18 de julho (quarta-feira). As inscri\u00e7\u00f5es s\u00e3o gratuitas e podem se inscrever cantores solo, duplas e trios com acompanhamento musical opcional. O tradicional festival vai ocorrer no dia 22 de julho, \u00e0s 14 horas, no Parque Ecol\u00f3gico Municipal, e cada concorrente poder\u00e1 inscrever apenas uma composi\u00e7\u00e3o que dever\u00e1 ser in\u00e9dita e original. A premia\u00e7\u00e3o ser\u00e1 em dinheiro e trof\u00e9us, sendo que o 1\u00ba colocado vai ganhar R$ 1.750,00; 2\u00ba, R$\" \/>\n<meta property=\"og:url\" content=\"https:\/\/www.encontraitaquaquecetuba.com.br\/sobre\/festival-de-musica-sertaneja-em-itaqua-recebe-inscricoes-ate-dia-18\/\" \/>\n<meta property=\"og:site_name\" content=\"Encontra Itaquaquecetuba\" \/>\n<meta property=\"article:published_time\" content=\"2012-07-12T17:54:56+00:00\" \/>\n<meta property=\"article:modified_time\" content=\"2013-08-14T04:51:04+00:00\" \/>\n<meta name=\"author\" content=\"Encontra Itaquaquecetuba\" \/>\n<meta name=\"twitter:card\" content=\"summary_large_image\" \/>\n<meta name=\"twitter:label1\" content=\"Escrito por\" \/>\n\t<meta name=\"twitter:data1\" content=\"Encontra Itaquaquecetuba\" \/>\n\t<meta name=\"twitter:label2\" content=\"Est. tempo de leitura\" \/>\n\t<meta name=\"twitter:data2\" content=\"2 minutos\" \/>\n<script type=\"application\/ld+json\" class=\"yoast-schema-graph\">{\"@context\":\"https:\/\/schema.org\",\"@graph\":[{\"@type\":\"WebPage\",\"@id\":\"https:\/\/www.encontraitaquaquecetuba.com.br\/sobre\/festival-de-musica-sertaneja-em-itaqua-recebe-inscricoes-ate-dia-18\/\",\"url\":\"https:\/\/www.encontraitaquaquecetuba.com.br\/sobre\/festival-de-musica-sertaneja-em-itaqua-recebe-inscricoes-ate-dia-18\/\",\"name\":\"Festival de M\u00fasica Sertaneja em Itaqu\u00e1 recebe inscri\u00e7\u00f5es at\u00e9 dia 18 - Encontra Itaquaquecetuba\",\"isPartOf\":{\"@id\":\"https:\/\/www.encontraitaquaquecetuba.com.br\/sobre\/#website\"},\"datePublished\":\"2012-07-12T17:54:56+00:00\",\"dateModified\":\"2013-08-14T04:51:04+00:00\",\"author\":{\"@id\":\"https:\/\/www.encontraitaquaquecetuba.com.br\/sobre\/#\/schema\/person\/a8a866dc746e447abf8ca22b02eae6ea\"},\"breadcrumb\":{\"@id\":\"https:\/\/www.encontraitaquaquecetuba.com.br\/sobre\/festival-de-musica-sertaneja-em-itaqua-recebe-inscricoes-ate-dia-18\/#breadcrumb\"},\"inLanguage\":\"pt-BR\",\"potentialAction\":[{\"@type\":\"ReadAction\",\"target\":[\"https:\/\/www.encontraitaquaquecetuba.com.br\/sobre\/festival-de-musica-sertaneja-em-itaqua-recebe-inscricoes-ate-dia-18\/\"]}]},{\"@type\":\"BreadcrumbList\",\"@id\":\"https:\/\/www.encontraitaquaquecetuba.com.br\/sobre\/festival-de-musica-sertaneja-em-itaqua-recebe-inscricoes-ate-dia-18\/#breadcrumb\",\"itemListElement\":[{\"@type\":\"ListItem\",\"position\":1,\"name\":\"In\u00edcio\",\"item\":\"https:\/\/www.encontraitaquaquecetuba.com.br\/sobre\/\"},{\"@type\":\"ListItem\",\"position\":2,\"name\":\"Festival de M\u00fasica Sertaneja em Itaqu\u00e1 recebe inscri\u00e7\u00f5es at\u00e9 dia 18\"}]},{\"@type\":\"WebSite\",\"@id\":\"https:\/\/www.encontraitaquaquecetuba.com.br\/sobre\/#website\",\"url\":\"https:\/\/www.encontraitaquaquecetuba.com.br\/sobre\/\",\"name\":\"Encontra Itaquaquecetuba\",\"description\":\"Not\u00edcias, eventos, informa\u00e7\u00f5es e dicas na cidade de Itaquaquecetuba e regi\u00e3o\",\"potentialAction\":[{\"@type\":\"SearchAction\",\"target\":{\"@type\":\"EntryPoint\",\"urlTemplate\":\"https:\/\/www.encontraitaquaquecetuba.com.br\/sobre\/?s={search_term_string}\"},\"query-input\":\"required name=search_term_string\"}],\"inLanguage\":\"pt-BR\"},{\"@type\":\"Person\",\"@id\":\"https:\/\/www.encontraitaquaquecetuba.com.br\/sobre\/#\/schema\/person\/a8a866dc746e447abf8ca22b02eae6ea\",\"name\":\"Encontra Itaquaquecetuba\",\"image\":{\"@type\":\"ImageObject\",\"inLanguage\":\"pt-BR\",\"@id\":\"https:\/\/www.encontraitaquaquecetuba.com.br\/sobre\/#\/schema\/person\/image\/\",\"url\":\"https:\/\/secure.gravatar.com\/avatar\/f007732be0d27cbf8a336929fe922478?s=96&d=mm&r=g\",\"contentUrl\":\"https:\/\/secure.gravatar.com\/avatar\/f007732be0d27cbf8a336929fe922478?s=96&d=mm&r=g\",\"caption\":\"Encontra Itaquaquecetuba\"},\"sameAs\":[\"http:\/\/www.encontraitaquaquecetuba.com.br\"],\"url\":\"https:\/\/www.encontraitaquaquecetuba.com.br\/sobre\/author\/eitaquaquecetuba\/\"}]}<\/script>\n<!-- \/ Yoast SEO plugin. -->","yoast_head_json":{"title":"Festival de M\u00fasica Sertaneja em Itaqu\u00e1 recebe inscri\u00e7\u00f5es at\u00e9 dia 18 - Encontra Itaquaquecetuba","robots":{"index":"index","follow":"follow","max-snippet":"max-snippet:-1","max-image-preview":"max-image-preview:large","max-video-preview":"max-video-preview:-1"},"canonical":"https:\/\/www.encontraitaquaquecetuba.com.br\/sobre\/festival-de-musica-sertaneja-em-itaqua-recebe-inscricoes-ate-dia-18\/","og_locale":"pt_BR","og_type":"article","og_title":"Festival de M\u00fasica Sertaneja em Itaqu\u00e1 recebe inscri\u00e7\u00f5es at\u00e9 dia 18 - Encontra Itaquaquecetuba","og_description":"Quem gosta de interpretar ou compor no melhor estilo sertanejo n\u00e3o deve perder o XVII Festival de M\u00fasica Sertaneja em Itaquaquecetuba que est\u00e1 com inscri\u00e7\u00f5es abertas s\u00f3 at\u00e9 o dia 18 de julho (quarta-feira). As inscri\u00e7\u00f5es s\u00e3o gratuitas e podem se inscrever cantores solo, duplas e trios com acompanhamento musical opcional. O tradicional festival vai ocorrer no dia 22 de julho, \u00e0s 14 horas, no Parque Ecol\u00f3gico Municipal, e cada concorrente poder\u00e1 inscrever apenas uma composi\u00e7\u00e3o que dever\u00e1 ser in\u00e9dita e original. A premia\u00e7\u00e3o ser\u00e1 em dinheiro e trof\u00e9us, sendo que o 1\u00ba colocado vai ganhar R$ 1.750,00; 2\u00ba, R$","og_url":"https:\/\/www.encontraitaquaquecetuba.com.br\/sobre\/festival-de-musica-sertaneja-em-itaqua-recebe-inscricoes-ate-dia-18\/","og_site_name":"Encontra Itaquaquecetuba","article_published_time":"2012-07-12T17:54:56+00:00","article_modified_time":"2013-08-14T04:51:04+00:00","author":"Encontra Itaquaquecetuba","twitter_card":"summary_large_image","twitter_misc":{"Escrito por":"Encontra Itaquaquecetuba","Est. tempo de leitura":"2 minutos"},"schema":{"@context":"https:\/\/schema.org","@graph":[{"@type":"WebPage","@id":"https:\/\/www.encontraitaquaquecetuba.com.br\/sobre\/festival-de-musica-sertaneja-em-itaqua-recebe-inscricoes-ate-dia-18\/","url":"https:\/\/www.encontraitaquaquecetuba.com.br\/sobre\/festival-de-musica-sertaneja-em-itaqua-recebe-inscricoes-ate-dia-18\/","name":"Festival de M\u00fasica Sertaneja em Itaqu\u00e1 recebe inscri\u00e7\u00f5es at\u00e9 dia 18 - Encontra Itaquaquecetuba","isPartOf":{"@id":"https:\/\/www.encontraitaquaquecetuba.com.br\/sobre\/#website"},"datePublished":"2012-07-12T17:54:56+00:00","dateModified":"2013-08-14T04:51:04+00:00","author":{"@id":"https:\/\/www.encontraitaquaquecetuba.com.br\/sobre\/#\/schema\/person\/a8a866dc746e447abf8ca22b02eae6ea"},"breadcrumb":{"@id":"https:\/\/www.encontraitaquaquecetuba.com.br\/sobre\/festival-de-musica-sertaneja-em-itaqua-recebe-inscricoes-ate-dia-18\/#breadcrumb"},"inLanguage":"pt-BR","potentialAction":[{"@type":"ReadAction","target":["https:\/\/www.encontraitaquaquecetuba.com.br\/sobre\/festival-de-musica-sertaneja-em-itaqua-recebe-inscricoes-ate-dia-18\/"]}]},{"@type":"BreadcrumbList","@id":"https:\/\/www.encontraitaquaquecetuba.com.br\/sobre\/festival-de-musica-sertaneja-em-itaqua-recebe-inscricoes-ate-dia-18\/#breadcrumb","itemListElement":[{"@type":"ListItem","position":1,"name":"In\u00edcio","item":"https:\/\/www.encontraitaquaquecetuba.com.br\/sobre\/"},{"@type":"ListItem","position":2,"name":"Festival de M\u00fasica Sertaneja em Itaqu\u00e1 recebe inscri\u00e7\u00f5es at\u00e9 dia 18"}]},{"@type":"WebSite","@id":"https:\/\/www.encontraitaquaquecetuba.com.br\/sobre\/#website","url":"https:\/\/www.encontraitaquaquecetuba.com.br\/sobre\/","name":"Encontra Itaquaquecetuba","description":"Not\u00edcias, eventos, informa\u00e7\u00f5es e dicas na cidade de Itaquaquecetuba e regi\u00e3o","potentialAction":[{"@type":"SearchAction","target":{"@type":"EntryPoint","urlTemplate":"https:\/\/www.encontraitaquaquecetuba.com.br\/sobre\/?s={search_term_string}"},"query-input":"required name=search_term_string"}],"inLanguage":"pt-BR"},{"@type":"Person","@id":"https:\/\/www.encontraitaquaquecetuba.com.br\/sobre\/#\/schema\/person\/a8a866dc746e447abf8ca22b02eae6ea","name":"Encontra Itaquaquecetuba","image":{"@type":"ImageObject","inLanguage":"pt-BR","@id":"https:\/\/www.encontraitaquaquecetuba.com.br\/sobre\/#\/schema\/person\/image\/","url":"https:\/\/secure.gravatar.com\/avatar\/f007732be0d27cbf8a336929fe922478?s=96&d=mm&r=g","contentUrl":"https:\/\/secure.gravatar.com\/avatar\/f007732be0d27cbf8a336929fe922478?s=96&d=mm&r=g","caption":"Encontra Itaquaquecetuba"},"sameAs":["http:\/\/www.encontraitaquaquecetuba.com.br"],"url":"https:\/\/www.encontraitaquaquecetuba.com.br\/sobre\/author\/eitaquaquecetuba\/"}]}},"_links":{"self":[{"href":"https:\/\/www.encontraitaquaquecetuba.com.br\/sobre\/wp-json\/wp\/v2\/posts\/601"}],"collection":[{"href":"https:\/\/www.encontraitaquaquecetuba.com.br\/sobre\/wp-json\/wp\/v2\/posts"}],"about":[{"href":"https:\/\/www.encontraitaquaquecetuba.com.br\/sobre\/wp-json\/wp\/v2\/types\/post"}],"author":[{"embeddable":true,"href":"https:\/\/www.encontraitaquaquecetuba.com.br\/sobre\/wp-json\/wp\/v2\/users\/1"}],"replies":[{"embeddable":true,"href":"https:\/\/www.encontraitaquaquecetuba.com.br\/sobre\/wp-json\/wp\/v2\/comments?post=601"}],"version-history":[{"count":0,"href":"https:\/\/www.encontraitaquaquecetuba.com.br\/sobre\/wp-json\/wp\/v2\/posts\/601\/revisions"}],"wp:attachment":[{"href":"https:\/\/www.encontraitaquaquecetuba.com.br\/sobre\/wp-json\/wp\/v2\/media?parent=601"}],"wp:term":[{"taxonomy":"category","embeddable":true,"href":"https:\/\/www.encontraitaquaquecetuba.com.br\/sobre\/wp-json\/wp\/v2\/categories?post=601"},{"taxonomy":"post_tag","embeddable":true,"href":"https:\/\/www.encontraitaquaquecetuba.com.br\/sobre\/wp-json\/wp\/v2\/tags?post=601"}],"curies":[{"name":"wp","href":"https:\/\/api.w.org\/{rel}","templated":true}]}}