{"id":617,"date":"2012-07-17T16:12:38","date_gmt":"2012-07-17T16:12:38","guid":{"rendered":"http:\/\/www.encontraitaquaquecetuba.com.br\/noticias\/?p=617"},"modified":"2021-09-13T15:21:21","modified_gmt":"2021-09-13T15:21:21","slug":"confira-os-eventos-do-museu-nas-ferias-em-itaqua","status":"publish","type":"post","link":"https:\/\/www.encontraitaquaquecetuba.com.br\/sobre\/confira-os-eventos-do-museu-nas-ferias-em-itaqua\/","title":{"rendered":"Confira os eventos do Museu nas f\u00e9rias em Itaqu\u00e1"},"content":{"rendered":"<div class=\"80eb2665678f8e3864bb9a528523815b\" data-index=\"1\" style=\"float: none; margin:5px 0 5px 0; text-align:center;\">\n<!-- PUB 73 - Responsivo Horizontal -->\r\n<ins class=\"adsbygoogle\"\r\n     style=\"display:block\"\r\n     data-ad-client=\"ca-pub-7321736592693252\"\r\n     data-ad-slot=\"3087950420\"\r\n     data-ad-format=\"auto\"\r\n     data-full-width-responsive=\"true\"><\/ins>\r\n<script>\r\n     (adsbygoogle = window.adsbygoogle || []).push({});\r\n<\/script>\n<\/div>\n<p align=\"left\">Para a garotada que est\u00e1 de f\u00e9rias ou mesmo o p\u00fablico mais velho que gosta de conferir as atividades culturais da cidade, vale a pena visitar o Museu Municipal de Itaquaquecetuba que, at\u00e9 o dia 22 deste m\u00eas, est\u00e1 realizando duas exposi\u00e7\u00f5es: &#8220;Aprendizes da Arte&#8221; e &#8220;Artesanato Navarro&#8221;. A primeira trata-se de uma mostra de telas variados produzidas pelos alunos do Curso de Desenho e Pintura da Secretaria Municipal de Cultura e Turismo (SMCT), ministrado pelo professor Gil Sabino. J\u00e1 a de artesanato traz esculturas em terracota (argila), produzidas pelo artes\u00e3o Marcelo Navarro e pintadas por sua esposa, Carmen Navarro.<\/p>\n<p align=\"left\">A exposi\u00e7\u00e3o &#8220;Artesanato Navarro&#8221; retrata personagens do folclore brasileiro, personalidades da pol\u00edtica, do futebol, culturas diversas, cenas do cotidiano, entre outras. &#8220;As pe\u00e7as s\u00e3o produzidas com riqueza e perfei\u00e7\u00e3o de detalhes&#8221;, afirma a coordenadora do museu, Rosangela Sousa. Marcelo Navarro \u00e9 escultor, astr\u00f4nomo, escritor e ex-agente cultural do Lions Clube de Po\u00e1. Residente no Brasil desde 1970, por haver realizado a escultura do busto do jogador de futebol Pel\u00e9, no Chile, e vir ao Brasil para tratar da autoriza\u00e7\u00e3o de Pel\u00e9 para sua comercializa\u00e7\u00e3o.<\/p>\n<p align=\"left\">Em 1973, a convite do vice-prefeito de Itaquaquecetuba, Rodrigo Nazareth, Navarro transferiu-se para o munic\u00edpio, abrindo uma pequena ind\u00fastria (Artesanato Navarro), fabricante de estatuetas e bibel\u00f4s, entre outras pe\u00e7as, sendo uma das primeiras empresas da cidade. &#8220;Apesar da idade avan\u00e7ada, o casal Navarro demonstra uma alegria imensa de viver e diariamente os dois produzem esculturas em baixa escala e as comercializam aos domingos na Pra\u00e7a da Rep\u00fablica, em S\u00e3o Paulo&#8221;, conta Rosangela.<\/p>\n<p align=\"left\">Lembrando que, ap\u00f3s o dia 22 de julho, quando terminam as duas exposi\u00e7\u00f5es, o museu vai apresentar uma exposi\u00e7\u00e3o tem\u00e1tica sobre o Nordeste, que deve acontecer a partir do dia 24 de julho at\u00e9 o dia 28 de agosto. E para conferir as duas exposi\u00e7\u00f5es, o Museu Municipal de Itaquaquecetuba funciona de ter\u00e7a \u00e0 sexta-feira, das 8h \u00e0s 17h; s\u00e1bados, domingos e feriados, das 10h \u00e0s 17h; e fica na Pra\u00e7a Padre Jo\u00e3o \u00c1lvares, 49, Centro, telefone 4642-5076. E o museu tamb\u00e9m est\u00e1 dispon\u00edvel para visitas orientadas com pr\u00e9vio agendamento.<\/p>\n<p align=\"left\"><em>Fonte: Prefeitura de Municipal de Itaquaquecetuba<\/em><\/p>\n\n<div style=\"font-size: 0px; height: 0px; line-height: 0px; margin: 0; padding: 0; clear: both;\"><\/div>","protected":false},"excerpt":{"rendered":"<p>Para a garotada que est\u00e1 de f\u00e9rias ou mesmo o p\u00fablico mais velho que gosta de conferir as atividades culturais da cidade, vale a pena visitar o Museu Municipal de Itaquaquecetuba que, at\u00e9 o dia 22 deste m\u00eas, est\u00e1 realizando duas exposi\u00e7\u00f5es: &#8220;Aprendizes da Arte&#8221; e &#8220;Artesanato Navarro&#8221;. A primeira trata-se de uma mostra de telas variados produzidas pelos alunos do Curso de Desenho e Pintura da Secretaria Municipal de Cultura e Turismo (SMCT), ministrado pelo professor Gil Sabino. J\u00e1 a de artesanato traz esculturas em terracota (argila), produzidas pelo artes\u00e3o Marcelo Navarro e pintadas por sua esposa, Carmen Navarro. <\/p>\n","protected":false},"author":1,"featured_media":0,"comment_status":"open","ping_status":"open","sticky":false,"template":"","format":"standard","meta":[],"categories":[6],"tags":[14],"yoast_head":"<!-- This site is optimized with the Yoast SEO plugin v19.6.1 - https:\/\/yoast.com\/wordpress\/plugins\/seo\/ -->\n<title>Confira os eventos do Museu nas f\u00e9rias em Itaqu\u00e1 - Encontra Itaquaquecetuba<\/title>\n<meta name=\"robots\" content=\"index, follow, max-snippet:-1, max-image-preview:large, max-video-preview:-1\" \/>\n<link rel=\"canonical\" href=\"https:\/\/www.encontraitaquaquecetuba.com.br\/sobre\/confira-os-eventos-do-museu-nas-ferias-em-itaqua\/\" \/>\n<meta property=\"og:locale\" content=\"pt_BR\" \/>\n<meta property=\"og:type\" content=\"article\" \/>\n<meta property=\"og:title\" content=\"Confira os eventos do Museu nas f\u00e9rias em Itaqu\u00e1 - Encontra Itaquaquecetuba\" \/>\n<meta property=\"og:description\" content=\"Para a garotada que est\u00e1 de f\u00e9rias ou mesmo o p\u00fablico mais velho que gosta de conferir as atividades culturais da cidade, vale a pena visitar o Museu Municipal de Itaquaquecetuba que, at\u00e9 o dia 22 deste m\u00eas, est\u00e1 realizando duas exposi\u00e7\u00f5es: &#8220;Aprendizes da Arte&#8221; e &#8220;Artesanato Navarro&#8221;. A primeira trata-se de uma mostra de telas variados produzidas pelos alunos do Curso de Desenho e Pintura da Secretaria Municipal de Cultura e Turismo (SMCT), ministrado pelo professor Gil Sabino. J\u00e1 a de artesanato traz esculturas em terracota (argila), produzidas pelo artes\u00e3o Marcelo Navarro e pintadas por sua esposa, Carmen Navarro.\" \/>\n<meta property=\"og:url\" content=\"https:\/\/www.encontraitaquaquecetuba.com.br\/sobre\/confira-os-eventos-do-museu-nas-ferias-em-itaqua\/\" \/>\n<meta property=\"og:site_name\" content=\"Encontra Itaquaquecetuba\" \/>\n<meta property=\"article:published_time\" content=\"2012-07-17T16:12:38+00:00\" \/>\n<meta property=\"article:modified_time\" content=\"2021-09-13T15:21:21+00:00\" \/>\n<meta name=\"author\" content=\"Encontra Itaquaquecetuba\" \/>\n<meta name=\"twitter:card\" content=\"summary_large_image\" \/>\n<meta name=\"twitter:label1\" content=\"Escrito por\" \/>\n\t<meta name=\"twitter:data1\" content=\"Encontra Itaquaquecetuba\" \/>\n\t<meta name=\"twitter:label2\" content=\"Est. tempo de leitura\" \/>\n\t<meta name=\"twitter:data2\" content=\"2 minutos\" \/>\n<script type=\"application\/ld+json\" class=\"yoast-schema-graph\">{\"@context\":\"https:\/\/schema.org\",\"@graph\":[{\"@type\":\"WebPage\",\"@id\":\"https:\/\/www.encontraitaquaquecetuba.com.br\/sobre\/confira-os-eventos-do-museu-nas-ferias-em-itaqua\/\",\"url\":\"https:\/\/www.encontraitaquaquecetuba.com.br\/sobre\/confira-os-eventos-do-museu-nas-ferias-em-itaqua\/\",\"name\":\"Confira os eventos do Museu nas f\u00e9rias em Itaqu\u00e1 - Encontra Itaquaquecetuba\",\"isPartOf\":{\"@id\":\"https:\/\/www.encontraitaquaquecetuba.com.br\/sobre\/#website\"},\"datePublished\":\"2012-07-17T16:12:38+00:00\",\"dateModified\":\"2021-09-13T15:21:21+00:00\",\"author\":{\"@id\":\"https:\/\/www.encontraitaquaquecetuba.com.br\/sobre\/#\/schema\/person\/a8a866dc746e447abf8ca22b02eae6ea\"},\"breadcrumb\":{\"@id\":\"https:\/\/www.encontraitaquaquecetuba.com.br\/sobre\/confira-os-eventos-do-museu-nas-ferias-em-itaqua\/#breadcrumb\"},\"inLanguage\":\"pt-BR\",\"potentialAction\":[{\"@type\":\"ReadAction\",\"target\":[\"https:\/\/www.encontraitaquaquecetuba.com.br\/sobre\/confira-os-eventos-do-museu-nas-ferias-em-itaqua\/\"]}]},{\"@type\":\"BreadcrumbList\",\"@id\":\"https:\/\/www.encontraitaquaquecetuba.com.br\/sobre\/confira-os-eventos-do-museu-nas-ferias-em-itaqua\/#breadcrumb\",\"itemListElement\":[{\"@type\":\"ListItem\",\"position\":1,\"name\":\"In\u00edcio\",\"item\":\"https:\/\/www.encontraitaquaquecetuba.com.br\/sobre\/\"},{\"@type\":\"ListItem\",\"position\":2,\"name\":\"Confira os eventos do Museu nas f\u00e9rias em Itaqu\u00e1\"}]},{\"@type\":\"WebSite\",\"@id\":\"https:\/\/www.encontraitaquaquecetuba.com.br\/sobre\/#website\",\"url\":\"https:\/\/www.encontraitaquaquecetuba.com.br\/sobre\/\",\"name\":\"Encontra Itaquaquecetuba\",\"description\":\"Not\u00edcias, eventos, informa\u00e7\u00f5es e dicas na cidade de Itaquaquecetuba e regi\u00e3o\",\"potentialAction\":[{\"@type\":\"SearchAction\",\"target\":{\"@type\":\"EntryPoint\",\"urlTemplate\":\"https:\/\/www.encontraitaquaquecetuba.com.br\/sobre\/?s={search_term_string}\"},\"query-input\":\"required name=search_term_string\"}],\"inLanguage\":\"pt-BR\"},{\"@type\":\"Person\",\"@id\":\"https:\/\/www.encontraitaquaquecetuba.com.br\/sobre\/#\/schema\/person\/a8a866dc746e447abf8ca22b02eae6ea\",\"name\":\"Encontra Itaquaquecetuba\",\"image\":{\"@type\":\"ImageObject\",\"inLanguage\":\"pt-BR\",\"@id\":\"https:\/\/www.encontraitaquaquecetuba.com.br\/sobre\/#\/schema\/person\/image\/\",\"url\":\"https:\/\/secure.gravatar.com\/avatar\/f007732be0d27cbf8a336929fe922478?s=96&d=mm&r=g\",\"contentUrl\":\"https:\/\/secure.gravatar.com\/avatar\/f007732be0d27cbf8a336929fe922478?s=96&d=mm&r=g\",\"caption\":\"Encontra Itaquaquecetuba\"},\"sameAs\":[\"http:\/\/www.encontraitaquaquecetuba.com.br\"],\"url\":\"https:\/\/www.encontraitaquaquecetuba.com.br\/sobre\/author\/eitaquaquecetuba\/\"}]}<\/script>\n<!-- \/ Yoast SEO plugin. -->","yoast_head_json":{"title":"Confira os eventos do Museu nas f\u00e9rias em Itaqu\u00e1 - Encontra Itaquaquecetuba","robots":{"index":"index","follow":"follow","max-snippet":"max-snippet:-1","max-image-preview":"max-image-preview:large","max-video-preview":"max-video-preview:-1"},"canonical":"https:\/\/www.encontraitaquaquecetuba.com.br\/sobre\/confira-os-eventos-do-museu-nas-ferias-em-itaqua\/","og_locale":"pt_BR","og_type":"article","og_title":"Confira os eventos do Museu nas f\u00e9rias em Itaqu\u00e1 - Encontra Itaquaquecetuba","og_description":"Para a garotada que est\u00e1 de f\u00e9rias ou mesmo o p\u00fablico mais velho que gosta de conferir as atividades culturais da cidade, vale a pena visitar o Museu Municipal de Itaquaquecetuba que, at\u00e9 o dia 22 deste m\u00eas, est\u00e1 realizando duas exposi\u00e7\u00f5es: &#8220;Aprendizes da Arte&#8221; e &#8220;Artesanato Navarro&#8221;. A primeira trata-se de uma mostra de telas variados produzidas pelos alunos do Curso de Desenho e Pintura da Secretaria Municipal de Cultura e Turismo (SMCT), ministrado pelo professor Gil Sabino. J\u00e1 a de artesanato traz esculturas em terracota (argila), produzidas pelo artes\u00e3o Marcelo Navarro e pintadas por sua esposa, Carmen Navarro.","og_url":"https:\/\/www.encontraitaquaquecetuba.com.br\/sobre\/confira-os-eventos-do-museu-nas-ferias-em-itaqua\/","og_site_name":"Encontra Itaquaquecetuba","article_published_time":"2012-07-17T16:12:38+00:00","article_modified_time":"2021-09-13T15:21:21+00:00","author":"Encontra Itaquaquecetuba","twitter_card":"summary_large_image","twitter_misc":{"Escrito por":"Encontra Itaquaquecetuba","Est. tempo de leitura":"2 minutos"},"schema":{"@context":"https:\/\/schema.org","@graph":[{"@type":"WebPage","@id":"https:\/\/www.encontraitaquaquecetuba.com.br\/sobre\/confira-os-eventos-do-museu-nas-ferias-em-itaqua\/","url":"https:\/\/www.encontraitaquaquecetuba.com.br\/sobre\/confira-os-eventos-do-museu-nas-ferias-em-itaqua\/","name":"Confira os eventos do Museu nas f\u00e9rias em Itaqu\u00e1 - Encontra Itaquaquecetuba","isPartOf":{"@id":"https:\/\/www.encontraitaquaquecetuba.com.br\/sobre\/#website"},"datePublished":"2012-07-17T16:12:38+00:00","dateModified":"2021-09-13T15:21:21+00:00","author":{"@id":"https:\/\/www.encontraitaquaquecetuba.com.br\/sobre\/#\/schema\/person\/a8a866dc746e447abf8ca22b02eae6ea"},"breadcrumb":{"@id":"https:\/\/www.encontraitaquaquecetuba.com.br\/sobre\/confira-os-eventos-do-museu-nas-ferias-em-itaqua\/#breadcrumb"},"inLanguage":"pt-BR","potentialAction":[{"@type":"ReadAction","target":["https:\/\/www.encontraitaquaquecetuba.com.br\/sobre\/confira-os-eventos-do-museu-nas-ferias-em-itaqua\/"]}]},{"@type":"BreadcrumbList","@id":"https:\/\/www.encontraitaquaquecetuba.com.br\/sobre\/confira-os-eventos-do-museu-nas-ferias-em-itaqua\/#breadcrumb","itemListElement":[{"@type":"ListItem","position":1,"name":"In\u00edcio","item":"https:\/\/www.encontraitaquaquecetuba.com.br\/sobre\/"},{"@type":"ListItem","position":2,"name":"Confira os eventos do Museu nas f\u00e9rias em Itaqu\u00e1"}]},{"@type":"WebSite","@id":"https:\/\/www.encontraitaquaquecetuba.com.br\/sobre\/#website","url":"https:\/\/www.encontraitaquaquecetuba.com.br\/sobre\/","name":"Encontra Itaquaquecetuba","description":"Not\u00edcias, eventos, informa\u00e7\u00f5es e dicas na cidade de Itaquaquecetuba e regi\u00e3o","potentialAction":[{"@type":"SearchAction","target":{"@type":"EntryPoint","urlTemplate":"https:\/\/www.encontraitaquaquecetuba.com.br\/sobre\/?s={search_term_string}"},"query-input":"required name=search_term_string"}],"inLanguage":"pt-BR"},{"@type":"Person","@id":"https:\/\/www.encontraitaquaquecetuba.com.br\/sobre\/#\/schema\/person\/a8a866dc746e447abf8ca22b02eae6ea","name":"Encontra Itaquaquecetuba","image":{"@type":"ImageObject","inLanguage":"pt-BR","@id":"https:\/\/www.encontraitaquaquecetuba.com.br\/sobre\/#\/schema\/person\/image\/","url":"https:\/\/secure.gravatar.com\/avatar\/f007732be0d27cbf8a336929fe922478?s=96&d=mm&r=g","contentUrl":"https:\/\/secure.gravatar.com\/avatar\/f007732be0d27cbf8a336929fe922478?s=96&d=mm&r=g","caption":"Encontra Itaquaquecetuba"},"sameAs":["http:\/\/www.encontraitaquaquecetuba.com.br"],"url":"https:\/\/www.encontraitaquaquecetuba.com.br\/sobre\/author\/eitaquaquecetuba\/"}]}},"_links":{"self":[{"href":"https:\/\/www.encontraitaquaquecetuba.com.br\/sobre\/wp-json\/wp\/v2\/posts\/617"}],"collection":[{"href":"https:\/\/www.encontraitaquaquecetuba.com.br\/sobre\/wp-json\/wp\/v2\/posts"}],"about":[{"href":"https:\/\/www.encontraitaquaquecetuba.com.br\/sobre\/wp-json\/wp\/v2\/types\/post"}],"author":[{"embeddable":true,"href":"https:\/\/www.encontraitaquaquecetuba.com.br\/sobre\/wp-json\/wp\/v2\/users\/1"}],"replies":[{"embeddable":true,"href":"https:\/\/www.encontraitaquaquecetuba.com.br\/sobre\/wp-json\/wp\/v2\/comments?post=617"}],"version-history":[{"count":0,"href":"https:\/\/www.encontraitaquaquecetuba.com.br\/sobre\/wp-json\/wp\/v2\/posts\/617\/revisions"}],"wp:attachment":[{"href":"https:\/\/www.encontraitaquaquecetuba.com.br\/sobre\/wp-json\/wp\/v2\/media?parent=617"}],"wp:term":[{"taxonomy":"category","embeddable":true,"href":"https:\/\/www.encontraitaquaquecetuba.com.br\/sobre\/wp-json\/wp\/v2\/categories?post=617"},{"taxonomy":"post_tag","embeddable":true,"href":"https:\/\/www.encontraitaquaquecetuba.com.br\/sobre\/wp-json\/wp\/v2\/tags?post=617"}],"curies":[{"name":"wp","href":"https:\/\/api.w.org\/{rel}","templated":true}]}}